{"id":32892,"date":"2020-05-13T10:00:14","date_gmt":"2020-05-13T13:00:14","guid":{"rendered":"https:\/\/www.travel3.com.br\/?p=32892"},"modified":"2020-05-09T19:55:08","modified_gmt":"2020-05-09T22:55:08","slug":"o-coronavirus","status":"publish","type":"post","link":"https:\/\/www.travel3.com.br\/site\/acontece-no-turismo\/o-coronavirus\/","title":{"rendered":"O Coronav\u00edrus e o futuro da  Avia\u00e7\u00e3o Civil"},"content":{"rendered":"\n<div class=\"wp-block-image\"><figure class=\"aligncenter\"><img loading=\"lazy\" decoding=\"async\" width=\"1024\" height=\"680\" src=\"https:\/\/www.travel3.com.br\/site\/wp-content\/uploads\/2020\/05\/black-and-white-4218650_1920-1024x680.jpg\" alt=\"Avi\u00e3o preto e branco\" class=\"wp-image-33016\" srcset=\"https:\/\/www.travel3.com.br\/site\/wp-content\/uploads\/2020\/05\/black-and-white-4218650_1920-1024x680.jpg 1024w, https:\/\/www.travel3.com.br\/site\/wp-content\/uploads\/2020\/05\/black-and-white-4218650_1920-300x199.jpg 300w, https:\/\/www.travel3.com.br\/site\/wp-content\/uploads\/2020\/05\/black-and-white-4218650_1920-768x510.jpg 768w, https:\/\/www.travel3.com.br\/site\/wp-content\/uploads\/2020\/05\/black-and-white-4218650_1920-750x498.jpg 750w, https:\/\/www.travel3.com.br\/site\/wp-content\/uploads\/2020\/05\/black-and-white-4218650_1920-1140x757.jpg 1140w, https:\/\/www.travel3.com.br\/site\/wp-content\/uploads\/2020\/05\/black-and-white-4218650_1920.jpg 1920w\" sizes=\"auto, (max-width: 1024px) 100vw, 1024px\" \/><figcaption>(Foto: Divulga\u00e7\u00e3o)<\/figcaption><\/figure><\/div>\n\n\n\n<h3 class=\"wp-block-heading\" style=\"text-align:center\">No ar param as d\u00favidas de como as companhias a\u00e9reas recome\u00e7ar\u00e3o suas opera\u00e7\u00f5es<\/h3>\n\n\n\n<p>Caro leitor, nem voc\u00ea, eu, ou ningu\u00e9m neste planeta, jamais imaginou que, um dia, todas as companhias a\u00e9reas iriam parar de voar. Neste realidade disruptiva na qual o Coronav\u00edrus nos colocou, a Avia\u00e7\u00e3o Civil est\u00e1 literalmente no ch\u00e3o e o mesmo acontece com os seus balan\u00e7os financeiros. A \u00fanica coisa que sobrevoa as nossas cabe\u00e7as, hoje, \u00e9 a pergunta: <\/p>\n\n\n\n<h2 class=\"wp-block-heading\">Como as companhias a\u00e9reas far\u00e3o para reiniciar seus neg\u00f3cios? <\/h2>\n\n\n\n<p>Os especialistas do setor tamb\u00e9m n\u00e3o param de pensar em quando e de que maneira se dar\u00e1 o in\u00edcio das opera\u00e7\u00f5es a\u00e9reas. A verdade \u00e9 que n\u00e3o h\u00e1 uma resposta \u00fanica para esta pergunta, pois existe um sem n\u00famero de vari\u00e1veis, como sempre acontece quando tratamos de temas relacionados ao Coronav\u00edrus.<\/p>\n\n\n\n<p>Para come\u00e7ar cada governo de cada pa\u00eds do mundo est\u00e1 numa fase diferente da Pandemia. Ainda assim, quando os espa\u00e7os a\u00e9reos internacionais forem reabertos, certamente haver\u00e1 uma s\u00e9rie de novas regulamenta\u00e7\u00f5es mundiais. Ser\u00e1 uma tarefa herc\u00falea colocar todas as companhias do mundo e seus respectivos governos sob uma mesma cartilha. O que temos visto mundo afora s\u00e3o governos seguindo diferentes modelos de combate ao v\u00edrus. Se eles n\u00e3o s\u00e3o similares, ou seja, se cada pa\u00eds acredita em um modelo diferente, outra d\u00favida \u00e9:<\/p>\n\n\n\n<h2 class=\"wp-block-heading\">Como chegar a uma \u00fanica regulamenta\u00e7\u00e3o para as companhias a\u00e9reas de distintos pa\u00edses?<\/h2>\n\n\n\n<p>Digamos, por\u00e9m, que finalmente se chegou a um consenso. Uma das novas regulamenta\u00e7\u00f5es pode ditar, por exemplo que enquanto n\u00e3o houver uma vacina para o Coronav\u00edrus, os avi\u00f5es n\u00e3o poder\u00e3o voar com a capacidade m\u00e1xima de passageiros. Ser\u00e1 preciso criar um espa\u00e7o de seguran\u00e7a, uma dist\u00e2ncia entre cada pessoa, dentro dos voos. Talvez, nesse caso, as companhias a\u00e9reas decidam n\u00e3o ocupar suas poltronas do meio. Neste caso, o voo continuar\u00e1 a ser vi\u00e1vel para as empresas a\u00e9reas? E se n\u00e3o for, as tarifas ficar\u00e3o mais caras?<\/p>\n\n\n\n<h2 class=\"wp-block-heading\">O Coronav\u00edrus e a retomada dos voos<\/h2>\n\n\n\n<p>Quando o assunto \u00e9 a retomada da avia\u00e7\u00e3o civil mundial, p\u00f3s-pandemia do Coronav\u00edrus, as previs\u00f5es mostram que o pontap\u00e9 inicial se dar\u00e1 com o rein\u00edcio das rotas dom\u00e9sticas. Desta maneira, pa\u00edses como os Estados Unidos, a China e at\u00e9 mesmo o Canad\u00e1 e o Brasil, por exemplo, pa\u00edses que t\u00eam um grande mercado interno come\u00e7ar\u00e3o a se estruturar. Enquanto isso, as companhias a\u00e9reas europeias v\u00e3o demorar mais para iniciar uma recupera\u00e7\u00e3o financeiras, afinal, seus mercados dom\u00e9sticos s\u00e3o relativamente pequenos e elas precisar\u00e3o que as fronteiras internacionais estejam abertas, para come\u00e7ar efetivamente a sair do preju\u00edzo. <\/p>\n\n\n\n<p>Um outro fator, bem espec\u00edfico, \u00e9 o mec\u00e2nico, leigamente falando. Quando uma aeronave fica parada por um tempo, antes de come\u00e7ar a operar novamente ela precisa fazer, digamos, um check-up e passar por um protocolo de procedimentos internacionais para poder receber um certificado autorizando-a a voar. O mesmo acontece com a tripula\u00e7\u00e3o das companhias. Na pr\u00e1tica, quando as restri\u00e7\u00f5es de isolamento social a avia\u00e7\u00e3o civil praticamente precisar\u00e1 come\u00e7ar do zero. N\u00e3o podemos esquecer dos aeroportos que passar\u00e3o a ter novos regulamentos. Um bom exemplo \u00e9 a nova regra j\u00e1 em vigor, nos Estados Unidos, que aumentou o limite de l\u00edquidos levados na bagagem de m\u00e3o. A partir de agora cada pessoa pode embarcar com cerca de 350 ml de desinfetantes l\u00edquidos. Outra d\u00favida importante ser\u00e1:<\/p>\n\n\n\n<h2 class=\"wp-block-heading\">Como saber se o passageiro ao seu lado \u00e9 ou n\u00e3o portador do Coronav\u00edrus? <\/h2>\n\n\n\n<p>Os governos em todo o mundo j\u00e1 pensam em iniciar, talvez em junho, a retomada da economia em seus respectivos pa\u00edses. Para isso, o mais importante \u00e9 que a curva de infec\u00e7\u00f5es comece a mostrar claramente uma queda consistente. Ao mesmo tempo, a ind\u00fastria da avia\u00e7\u00e3o civil tem se reunido para debater como ser\u00e3o os novos <a href=\"https:\/\/www.travel3.com.br\/ir-e-vir\/ar\/iata-e-contraria\/\" target=\"_blank\" rel=\"noreferrer noopener\" aria-label=\"procedimentos de seguran\u00e7a nos aeroportos e a bordo dos voos (opens in a new tab)\">procedimentos de seguran\u00e7a nos aeroportos e a bordo dos voos<\/a>. Como algumas pessoas infectadas pelo Coronav\u00edrus n\u00e3o apresentam qualquer sintoma, mas ainda assim, s\u00e3o capazes de contaminar outras pessoas, uma das grandes d\u00favidas ser\u00e1: antes de embarcar os passageiros precisar\u00e3o fazer um exame para comprovar o seu estado de sa\u00fade? <\/p>\n\n\n\n<h2 class=\"wp-block-heading\">E\na responsabilidade da aplica\u00e7\u00e3o deste exame ser\u00e1 dos aeroportos ou das\ncompanhias a\u00e9reas?<\/h2>\n\n\n\n<p>A Emirates foi a primeira companhia a\u00e9rea a tomar a iniciativa de fazer um exame de sangue com cada um dos seus passageiros, antes dos procedimentos de embarque. Ela adquiriu a tecnologia para administrar testes com resultados bem r\u00e1pidos, realizados no Aeroporto Internacional de Dubai. Basta uma simples picada no dedo e o resultado fica pronto em cerca de 10 minutos.<\/p>\n\n\n\n<p>A ideia da companhia dos Emirados \u00c1rabes \u00e9 expandir os exames de sangue para verificar a infec\u00e7\u00e3o por Coronav\u00edrus nos voos para os pa\u00edses que exigem que os viajantes sejam rastreados e apresentem um quadro cl\u00ednico no desembarque. Talvez este seja um procedimento que possa ser adotado por outras companhias, quando o espa\u00e7o a\u00e9reo internacional for liberado. O uso de m\u00e1scaras certamente ser\u00e1 mandat\u00f3rio, em todas elas.<\/p>\n","protected":false},"excerpt":{"rendered":"<p>No ar param as d\u00favidas de como as companhias a\u00e9reas recome\u00e7ar\u00e3o suas opera\u00e7\u00f5es Caro leitor, nem voc\u00ea, eu, ou ningu\u00e9m neste planeta, jamais imaginou que, um dia, todas as companhias a\u00e9reas iriam parar de voar. Neste realidade disruptiva na qual o Coronav\u00edrus nos colocou, a Avia\u00e7\u00e3o Civil est\u00e1 literalmente no ch\u00e3o e o mesmo acontece [&hellip;]<\/p>\n","protected":false},"author":4,"featured_media":33016,"comment_status":"open","ping_status":"open","sticky":false,"template":"","format":"standard","meta":{"footnotes":""},"categories":[969,309,884,226,8,3],"tags":[1465,254,4008,3490],"class_list":["post-32892","post","type-post","status-publish","format-standard","has-post-thumbnail","hentry","category-acontece-no-turismo","category-ar","category-comece-a-viajar","category-destaque","category-ir-e-vir","category-negocios","tag-aviacao-civil","tag-companhia-aerea","tag-coronavirus","tag-iata"],"yoast_head":"<!-- This site is optimized with the Yoast SEO plugin v26.2 - https:\/\/yoast.com\/wordpress\/plugins\/seo\/ -->\n<title>O Coronav\u00edrus e o futuro da Avia\u00e7\u00e3o Civil - Travel3<\/title>\n<meta name=\"description\" content=\"O Coronav\u00edrus contaminou economicamente a Avia\u00e7\u00e3o Civil; no ar param as d\u00favidas de como as companhias a\u00e9reas recome\u00e7ar\u00e3o suas opera\u00e7\u00f5es\" \/>\n<meta name=\"robots\" content=\"index, follow, max-snippet:-1, max-image-preview:large, max-video-preview:-1\" \/>\n<link rel=\"canonical\" href=\"https:\/\/www.travel3.com.br\/site\/acontece-no-turismo\/o-coronavirus\/\" \/>\n<meta property=\"og:locale\" content=\"pt_BR\" \/>\n<meta property=\"og:type\" content=\"article\" \/>\n<meta property=\"og:title\" content=\"O Coronav\u00edrus e o futuro da Avia\u00e7\u00e3o Civil - Travel3\" \/>\n<meta property=\"og:description\" content=\"O Coronav\u00edrus contaminou economicamente a Avia\u00e7\u00e3o Civil; no ar param as d\u00favidas de como as companhias a\u00e9reas recome\u00e7ar\u00e3o suas opera\u00e7\u00f5es\" \/>\n<meta property=\"og:url\" content=\"https:\/\/www.travel3.com.br\/site\/acontece-no-turismo\/o-coronavirus\/\" \/>\n<meta property=\"og:site_name\" content=\"Travel3\" \/>\n<meta property=\"article:publisher\" content=\"https:\/\/www.facebook.com\/travel3media\/\" \/>\n<meta property=\"article:published_time\" content=\"2020-05-13T13:00:14+00:00\" \/>\n<meta property=\"og:image\" content=\"https:\/\/www.travel3.com.br\/site\/wp-content\/uploads\/2020\/05\/black-and-white-4218650_1920.jpg\" \/>\n\t<meta property=\"og:image:width\" content=\"1920\" \/>\n\t<meta property=\"og:image:height\" content=\"1275\" \/>\n\t<meta property=\"og:image:type\" content=\"image\/jpeg\" \/>\n<meta name=\"author\" content=\"Claudia Tonaco\" \/>\n<meta name=\"twitter:card\" content=\"summary_large_image\" \/>\n<meta name=\"twitter:label1\" content=\"Escrito por\" \/>\n\t<meta name=\"twitter:data1\" content=\"Claudia Tonaco\" \/>\n\t<meta name=\"twitter:label2\" content=\"Est. tempo de leitura\" \/>\n\t<meta name=\"twitter:data2\" content=\"5 minutos\" \/>\n<script type=\"application\/ld+json\" class=\"yoast-schema-graph\">{\"@context\":\"https:\/\/schema.org\",\"@graph\":[{\"@type\":\"Article\",\"@id\":\"https:\/\/www.travel3.com.br\/site\/acontece-no-turismo\/o-coronavirus\/#article\",\"isPartOf\":{\"@id\":\"https:\/\/www.travel3.com.br\/site\/acontece-no-turismo\/o-coronavirus\/\"},\"author\":{\"name\":\"Claudia Tonaco\",\"@id\":\"https:\/\/www.travel3.com.br\/site\/#\/schema\/person\/ad24a6ccba88dcd54877f3d2fb76c605\"},\"headline\":\"O Coronav\u00edrus e o futuro da Avia\u00e7\u00e3o Civil\",\"datePublished\":\"2020-05-13T13:00:14+00:00\",\"mainEntityOfPage\":{\"@id\":\"https:\/\/www.travel3.com.br\/site\/acontece-no-turismo\/o-coronavirus\/\"},\"wordCount\":922,\"commentCount\":0,\"publisher\":{\"@id\":\"https:\/\/www.travel3.com.br\/site\/#organization\"},\"image\":{\"@id\":\"https:\/\/www.travel3.com.br\/site\/acontece-no-turismo\/o-coronavirus\/#primaryimage\"},\"thumbnailUrl\":\"https:\/\/www.travel3.com.br\/site\/wp-content\/uploads\/2020\/05\/black-and-white-4218650_1920.jpg\",\"keywords\":[\"avia\u00e7\u00e3o civil\",\"companhia a\u00e9rea\",\"Coronav\u00edrus\",\"IATA\"],\"articleSection\":[\"Acontece no Turismo\",\"Ar\",\"Comece a Viajar\",\"Destaque\",\"Ir e Vir\",\"Neg\u00f3cios\"],\"inLanguage\":\"pt-BR\",\"potentialAction\":[{\"@type\":\"CommentAction\",\"name\":\"Comment\",\"target\":[\"https:\/\/www.travel3.com.br\/site\/acontece-no-turismo\/o-coronavirus\/#respond\"]}]},{\"@type\":\"WebPage\",\"@id\":\"https:\/\/www.travel3.com.br\/site\/acontece-no-turismo\/o-coronavirus\/\",\"url\":\"https:\/\/www.travel3.com.br\/site\/acontece-no-turismo\/o-coronavirus\/\",\"name\":\"O Coronav\u00edrus e o futuro da Avia\u00e7\u00e3o Civil - Travel3\",\"isPartOf\":{\"@id\":\"https:\/\/www.travel3.com.br\/site\/#website\"},\"primaryImageOfPage\":{\"@id\":\"https:\/\/www.travel3.com.br\/site\/acontece-no-turismo\/o-coronavirus\/#primaryimage\"},\"image\":{\"@id\":\"https:\/\/www.travel3.com.br\/site\/acontece-no-turismo\/o-coronavirus\/#primaryimage\"},\"thumbnailUrl\":\"https:\/\/www.travel3.com.br\/site\/wp-content\/uploads\/2020\/05\/black-and-white-4218650_1920.jpg\",\"datePublished\":\"2020-05-13T13:00:14+00:00\",\"description\":\"O Coronav\u00edrus contaminou economicamente a Avia\u00e7\u00e3o Civil; no ar param as d\u00favidas de como as companhias a\u00e9reas recome\u00e7ar\u00e3o suas opera\u00e7\u00f5es\",\"breadcrumb\":{\"@id\":\"https:\/\/www.travel3.com.br\/site\/acontece-no-turismo\/o-coronavirus\/#breadcrumb\"},\"inLanguage\":\"pt-BR\",\"potentialAction\":[{\"@type\":\"ReadAction\",\"target\":[\"https:\/\/www.travel3.com.br\/site\/acontece-no-turismo\/o-coronavirus\/\"]}]},{\"@type\":\"ImageObject\",\"inLanguage\":\"pt-BR\",\"@id\":\"https:\/\/www.travel3.com.br\/site\/acontece-no-turismo\/o-coronavirus\/#primaryimage\",\"url\":\"https:\/\/www.travel3.com.br\/site\/wp-content\/uploads\/2020\/05\/black-and-white-4218650_1920.jpg\",\"contentUrl\":\"https:\/\/www.travel3.com.br\/site\/wp-content\/uploads\/2020\/05\/black-and-white-4218650_1920.jpg\",\"width\":1920,\"height\":1275,\"caption\":\"(Foto: Divulga\u00e7\u00e3o)\"},{\"@type\":\"BreadcrumbList\",\"@id\":\"https:\/\/www.travel3.com.br\/site\/acontece-no-turismo\/o-coronavirus\/#breadcrumb\",\"itemListElement\":[{\"@type\":\"ListItem\",\"position\":1,\"name\":\"In\u00edcio\",\"item\":\"https:\/\/www.travel3.com.br\/site\/\"},{\"@type\":\"ListItem\",\"position\":2,\"name\":\"O Coronav\u00edrus e o futuro da Avia\u00e7\u00e3o Civil\"}]},{\"@type\":\"WebSite\",\"@id\":\"https:\/\/www.travel3.com.br\/site\/#website\",\"url\":\"https:\/\/www.travel3.com.br\/site\/\",\"name\":\"Travel3\",\"description\":\"Lazer + Neg&oacute;cios + Aventura\",\"publisher\":{\"@id\":\"https:\/\/www.travel3.com.br\/site\/#organization\"},\"potentialAction\":[{\"@type\":\"SearchAction\",\"target\":{\"@type\":\"EntryPoint\",\"urlTemplate\":\"https:\/\/www.travel3.com.br\/site\/?s={search_term_string}\"},\"query-input\":{\"@type\":\"PropertyValueSpecification\",\"valueRequired\":true,\"valueName\":\"search_term_string\"}}],\"inLanguage\":\"pt-BR\"},{\"@type\":\"Organization\",\"@id\":\"https:\/\/www.travel3.com.br\/site\/#organization\",\"name\":\"Travel3\",\"url\":\"https:\/\/www.travel3.com.br\/site\/\",\"logo\":{\"@type\":\"ImageObject\",\"inLanguage\":\"pt-BR\",\"@id\":\"https:\/\/www.travel3.com.br\/site\/#\/schema\/logo\/image\/\",\"url\":\"https:\/\/www.travel3.com.br\/site\/wp-content\/uploads\/2020\/01\/logo-travel3-2020.png\",\"contentUrl\":\"https:\/\/www.travel3.com.br\/site\/wp-content\/uploads\/2020\/01\/logo-travel3-2020.png\",\"width\":232,\"height\":79,\"caption\":\"Travel3\"},\"image\":{\"@id\":\"https:\/\/www.travel3.com.br\/site\/#\/schema\/logo\/image\/\"},\"sameAs\":[\"https:\/\/www.facebook.com\/travel3media\/\",\"https:\/\/www.instagram.com\/revistatravel3\/\",\"https:\/\/www.youtube.com\/channel\/UCno7J4paGBR3VbZQzvoJ9Eg\"]},{\"@type\":\"Person\",\"@id\":\"https:\/\/www.travel3.com.br\/site\/#\/schema\/person\/ad24a6ccba88dcd54877f3d2fb76c605\",\"name\":\"Claudia Tonaco\",\"image\":{\"@type\":\"ImageObject\",\"inLanguage\":\"pt-BR\",\"@id\":\"https:\/\/www.travel3.com.br\/site\/#\/schema\/person\/image\/\",\"url\":\"https:\/\/secure.gravatar.com\/avatar\/7c64bb31135bb8c28f49658a042f8b8a?s=96&d=mm&r=g\",\"contentUrl\":\"https:\/\/secure.gravatar.com\/avatar\/7c64bb31135bb8c28f49658a042f8b8a?s=96&d=mm&r=g\",\"caption\":\"Claudia Tonaco\"},\"sameAs\":[\"http:\/\/www.travel3.com.br\"],\"url\":\"https:\/\/www.travel3.com.br\/site\/author\/tonaco\/\"}]}<\/script>\n<!-- \/ Yoast SEO plugin. -->","yoast_head_json":{"title":"O Coronav\u00edrus e o futuro da Avia\u00e7\u00e3o Civil - Travel3","description":"O Coronav\u00edrus contaminou economicamente a Avia\u00e7\u00e3o Civil; no ar param as d\u00favidas de como as companhias a\u00e9reas recome\u00e7ar\u00e3o suas opera\u00e7\u00f5es","robots":{"index":"index","follow":"follow","max-snippet":"max-snippet:-1","max-image-preview":"max-image-preview:large","max-video-preview":"max-video-preview:-1"},"canonical":"https:\/\/www.travel3.com.br\/site\/acontece-no-turismo\/o-coronavirus\/","og_locale":"pt_BR","og_type":"article","og_title":"O Coronav\u00edrus e o futuro da Avia\u00e7\u00e3o Civil - Travel3","og_description":"O Coronav\u00edrus contaminou economicamente a Avia\u00e7\u00e3o Civil; no ar param as d\u00favidas de como as companhias a\u00e9reas recome\u00e7ar\u00e3o suas opera\u00e7\u00f5es","og_url":"https:\/\/www.travel3.com.br\/site\/acontece-no-turismo\/o-coronavirus\/","og_site_name":"Travel3","article_publisher":"https:\/\/www.facebook.com\/travel3media\/","article_published_time":"2020-05-13T13:00:14+00:00","og_image":[{"width":1920,"height":1275,"url":"https:\/\/www.travel3.com.br\/site\/wp-content\/uploads\/2020\/05\/black-and-white-4218650_1920.jpg","type":"image\/jpeg"}],"author":"Claudia Tonaco","twitter_card":"summary_large_image","twitter_misc":{"Escrito por":"Claudia Tonaco","Est. tempo de leitura":"5 minutos"},"schema":{"@context":"https:\/\/schema.org","@graph":[{"@type":"Article","@id":"https:\/\/www.travel3.com.br\/site\/acontece-no-turismo\/o-coronavirus\/#article","isPartOf":{"@id":"https:\/\/www.travel3.com.br\/site\/acontece-no-turismo\/o-coronavirus\/"},"author":{"name":"Claudia Tonaco","@id":"https:\/\/www.travel3.com.br\/site\/#\/schema\/person\/ad24a6ccba88dcd54877f3d2fb76c605"},"headline":"O Coronav\u00edrus e o futuro da Avia\u00e7\u00e3o Civil","datePublished":"2020-05-13T13:00:14+00:00","mainEntityOfPage":{"@id":"https:\/\/www.travel3.com.br\/site\/acontece-no-turismo\/o-coronavirus\/"},"wordCount":922,"commentCount":0,"publisher":{"@id":"https:\/\/www.travel3.com.br\/site\/#organization"},"image":{"@id":"https:\/\/www.travel3.com.br\/site\/acontece-no-turismo\/o-coronavirus\/#primaryimage"},"thumbnailUrl":"https:\/\/www.travel3.com.br\/site\/wp-content\/uploads\/2020\/05\/black-and-white-4218650_1920.jpg","keywords":["avia\u00e7\u00e3o civil","companhia a\u00e9rea","Coronav\u00edrus","IATA"],"articleSection":["Acontece no Turismo","Ar","Comece a Viajar","Destaque","Ir e Vir","Neg\u00f3cios"],"inLanguage":"pt-BR","potentialAction":[{"@type":"CommentAction","name":"Comment","target":["https:\/\/www.travel3.com.br\/site\/acontece-no-turismo\/o-coronavirus\/#respond"]}]},{"@type":"WebPage","@id":"https:\/\/www.travel3.com.br\/site\/acontece-no-turismo\/o-coronavirus\/","url":"https:\/\/www.travel3.com.br\/site\/acontece-no-turismo\/o-coronavirus\/","name":"O Coronav\u00edrus e o futuro da Avia\u00e7\u00e3o Civil - Travel3","isPartOf":{"@id":"https:\/\/www.travel3.com.br\/site\/#website"},"primaryImageOfPage":{"@id":"https:\/\/www.travel3.com.br\/site\/acontece-no-turismo\/o-coronavirus\/#primaryimage"},"image":{"@id":"https:\/\/www.travel3.com.br\/site\/acontece-no-turismo\/o-coronavirus\/#primaryimage"},"thumbnailUrl":"https:\/\/www.travel3.com.br\/site\/wp-content\/uploads\/2020\/05\/black-and-white-4218650_1920.jpg","datePublished":"2020-05-13T13:00:14+00:00","description":"O Coronav\u00edrus contaminou economicamente a Avia\u00e7\u00e3o Civil; no ar param as d\u00favidas de como as companhias a\u00e9reas recome\u00e7ar\u00e3o suas opera\u00e7\u00f5es","breadcrumb":{"@id":"https:\/\/www.travel3.com.br\/site\/acontece-no-turismo\/o-coronavirus\/#breadcrumb"},"inLanguage":"pt-BR","potentialAction":[{"@type":"ReadAction","target":["https:\/\/www.travel3.com.br\/site\/acontece-no-turismo\/o-coronavirus\/"]}]},{"@type":"ImageObject","inLanguage":"pt-BR","@id":"https:\/\/www.travel3.com.br\/site\/acontece-no-turismo\/o-coronavirus\/#primaryimage","url":"https:\/\/www.travel3.com.br\/site\/wp-content\/uploads\/2020\/05\/black-and-white-4218650_1920.jpg","contentUrl":"https:\/\/www.travel3.com.br\/site\/wp-content\/uploads\/2020\/05\/black-and-white-4218650_1920.jpg","width":1920,"height":1275,"caption":"(Foto: Divulga\u00e7\u00e3o)"},{"@type":"BreadcrumbList","@id":"https:\/\/www.travel3.com.br\/site\/acontece-no-turismo\/o-coronavirus\/#breadcrumb","itemListElement":[{"@type":"ListItem","position":1,"name":"In\u00edcio","item":"https:\/\/www.travel3.com.br\/site\/"},{"@type":"ListItem","position":2,"name":"O Coronav\u00edrus e o futuro da Avia\u00e7\u00e3o Civil"}]},{"@type":"WebSite","@id":"https:\/\/www.travel3.com.br\/site\/#website","url":"https:\/\/www.travel3.com.br\/site\/","name":"Travel3","description":"Lazer + Neg&oacute;cios + Aventura","publisher":{"@id":"https:\/\/www.travel3.com.br\/site\/#organization"},"potentialAction":[{"@type":"SearchAction","target":{"@type":"EntryPoint","urlTemplate":"https:\/\/www.travel3.com.br\/site\/?s={search_term_string}"},"query-input":{"@type":"PropertyValueSpecification","valueRequired":true,"valueName":"search_term_string"}}],"inLanguage":"pt-BR"},{"@type":"Organization","@id":"https:\/\/www.travel3.com.br\/site\/#organization","name":"Travel3","url":"https:\/\/www.travel3.com.br\/site\/","logo":{"@type":"ImageObject","inLanguage":"pt-BR","@id":"https:\/\/www.travel3.com.br\/site\/#\/schema\/logo\/image\/","url":"https:\/\/www.travel3.com.br\/site\/wp-content\/uploads\/2020\/01\/logo-travel3-2020.png","contentUrl":"https:\/\/www.travel3.com.br\/site\/wp-content\/uploads\/2020\/01\/logo-travel3-2020.png","width":232,"height":79,"caption":"Travel3"},"image":{"@id":"https:\/\/www.travel3.com.br\/site\/#\/schema\/logo\/image\/"},"sameAs":["https:\/\/www.facebook.com\/travel3media\/","https:\/\/www.instagram.com\/revistatravel3\/","https:\/\/www.youtube.com\/channel\/UCno7J4paGBR3VbZQzvoJ9Eg"]},{"@type":"Person","@id":"https:\/\/www.travel3.com.br\/site\/#\/schema\/person\/ad24a6ccba88dcd54877f3d2fb76c605","name":"Claudia Tonaco","image":{"@type":"ImageObject","inLanguage":"pt-BR","@id":"https:\/\/www.travel3.com.br\/site\/#\/schema\/person\/image\/","url":"https:\/\/secure.gravatar.com\/avatar\/7c64bb31135bb8c28f49658a042f8b8a?s=96&d=mm&r=g","contentUrl":"https:\/\/secure.gravatar.com\/avatar\/7c64bb31135bb8c28f49658a042f8b8a?s=96&d=mm&r=g","caption":"Claudia Tonaco"},"sameAs":["http:\/\/www.travel3.com.br"],"url":"https:\/\/www.travel3.com.br\/site\/author\/tonaco\/"}]}},"_links":{"self":[{"href":"https:\/\/www.travel3.com.br\/site\/wp-json\/wp\/v2\/posts\/32892","targetHints":{"allow":["GET"]}}],"collection":[{"href":"https:\/\/www.travel3.com.br\/site\/wp-json\/wp\/v2\/posts"}],"about":[{"href":"https:\/\/www.travel3.com.br\/site\/wp-json\/wp\/v2\/types\/post"}],"author":[{"embeddable":true,"href":"https:\/\/www.travel3.com.br\/site\/wp-json\/wp\/v2\/users\/4"}],"replies":[{"embeddable":true,"href":"https:\/\/www.travel3.com.br\/site\/wp-json\/wp\/v2\/comments?post=32892"}],"version-history":[{"count":7,"href":"https:\/\/www.travel3.com.br\/site\/wp-json\/wp\/v2\/posts\/32892\/revisions"}],"predecessor-version":[{"id":33187,"href":"https:\/\/www.travel3.com.br\/site\/wp-json\/wp\/v2\/posts\/32892\/revisions\/33187"}],"wp:featuredmedia":[{"embeddable":true,"href":"https:\/\/www.travel3.com.br\/site\/wp-json\/wp\/v2\/media\/33016"}],"wp:attachment":[{"href":"https:\/\/www.travel3.com.br\/site\/wp-json\/wp\/v2\/media?parent=32892"}],"wp:term":[{"taxonomy":"category","embeddable":true,"href":"https:\/\/www.travel3.com.br\/site\/wp-json\/wp\/v2\/categories?post=32892"},{"taxonomy":"post_tag","embeddable":true,"href":"https:\/\/www.travel3.com.br\/site\/wp-json\/wp\/v2\/tags?post=32892"}],"curies":[{"name":"wp","href":"https:\/\/api.w.org\/{rel}","templated":true}]}}