{"id":3271,"date":"2016-12-07T18:10:57","date_gmt":"2016-12-07T18:10:57","guid":{"rendered":"http:\/\/www.travel3.com.br\/site\/ir-e-vir\/ar\/vert\/"},"modified":"2017-09-12T18:15:49","modified_gmt":"2017-09-12T18:15:49","slug":"vert","status":"publish","type":"post","link":"https:\/\/www.travel3.com.br\/site\/sem-categoria\/vert\/","title":{"rendered":"VERT"},"content":{"rendered":"<p><span style=\"color: #40acad; font-family: -apple-system, system-ui, 'Segoe UI', Roboto, Oxygen-Sans, Ubuntu, Cantarell, 'Helvetica Neue', sans-serif; font-size: 12px; font-weight: bold;\"><\/p>\n<p style=\"text-align: justify;\">Vert Hot\u00e9is inaugura Ramada Aeroporto de Viracopos<\/p>\n<p style=\"text-align: justify;\">\u00a0\u00a0\u00a0\u00a0\u00a0\u00a0\u00a0\u00a0\u00a0\u00a0\u00a0\u00a0\u00a0\u00a0\u00a0 A Vert Hot\u00e9is inaugurou hoje, dia 07 de dezembro, o oitavo empreendimento da Rede neste ano, o Ramada Hotel Aeroporto de Viracopos. O evento contou com a presen\u00e7a da CEO, \u00c9rica Drumond; do diretor de Marketing e Vendas da Vert Hot\u00e9is, Bruno Guimar\u00e3es; do vice-prefeito de Campinas, Henrique Magalh\u00e3es Teixeira; do diretor de Opera\u00e7\u00f5es da Bresco Incorporadora, Carlos Sisti; do diretor de Marketing tamb\u00e9m da Bresco, Maur\u00edcio Geoffroy; do gerente de Neg\u00f3cios Imobili\u00e1rios da Aeroportos Brasil Viracopos \u2013ABV, C\u00e9sar Worms Gomes, al\u00e9m de convidados, parceiros e imprensa.<\/p>\n<p style=\"text-align: justify;\">\u00a0\u00a0\u00a0\u00a0\u00a0\u00a0\u00a0\u00a0\u00a0\u00a0\u00a0\u00a0\u00a0\u00a0\u00a0 O gerente geral do empreendimento, Vin\u00edcius Rodrigues, deu as boas-vindas a todos os convidados e fez quest\u00e3o de agradecer a diretoria da Vert pela oportunidade de administrar o Ramada Aeroporto de Viracopos, um empreendimento estrat\u00e9gico para a regi\u00e3o. \u201cEstamos de portas abertas para receber voc\u00eas, seus eventos e proporcion\u00e1-los uma melhor experi\u00eancia em hospedagem, nos padr\u00f5es da Vert Hot\u00e9is e da marca Ramada, focada no prazer em servir\u201d, disse.<\/p>\n<p style=\"text-align: justify;\">\u00a0\u00a0\u00a0\u00a0\u00a0\u00a0\u00a0\u00a0\u00a0\u00a0\u00a0\u00a0\u00a0\u00a0\u00a0 O vice-prefeito de campinas, Henrique Magalh\u00e3es Teixeira, destacou a import\u00e2ncia da chegada de novas empresas e empreendimentos para o desenvolvimento de Campinas. \u201cA regi\u00e3o de Campinas tem muito significado para o pa\u00eds, \u00e9 considerada um dos entroncamentos rodovi\u00e1rios, ferrovi\u00e1rios e agora aerovi\u00e1rios mais importantes, por isso nada melhor do que contar com a chegada de grandes empresas que possam contribuir ainda mais para o nosso desenvolvimento econ\u00f4mico\u201d, destacou.<\/p>\n<p style=\"text-align: justify;\">\u00a0\u00a0\u00a0\u00a0\u00a0\u00a0\u00a0\u00a0\u00a0\u00a0\u00a0\u00a0\u00a0\u00a0\u00a0 O evento tamb\u00e9m foi marcado pela palestra ministrada pelo gerente de Neg\u00f3cios Imobili\u00e1rios da Aeroportos Brasil Viracopos \u2013 ABV, C\u00e9sar Worms Gomes que apresentou as perspectivas do Aeroporto para os pr\u00f3ximos anos, deixando claro o crescimento do seu entorno e da cidade de campinas. \u201cEstamos falando do sexto maior aeroporto do Brasil, que recebe cerca de 10,3 milh\u00f5es de passageiros por ano e que \u00e9 um dos principais distribuidores de voos da Am\u00e9rica Latina nos pr\u00f3ximos 30 anos, al\u00e9m de ser o primeiro aeroporto de carga do Brasil com um plano de expans\u00e3o e proje\u00e7\u00e3o significativo at\u00e9 2042\u201d.<\/p>\n<p style=\"text-align: justify;\">\u00a0\u00a0\u00a0\u00a0\u00a0\u00a0\u00a0\u00a0\u00a0\u00a0\u00a0\u00a0\u00a0\u00a0\u00a0 \u00c9rica Drumond, CEO da Vert Hot\u00e9is, fez quest\u00e3o de destacar que a inaugura\u00e7\u00e3o deste novo empreendimento, contribui e fortalece o desenvolvimento da regi\u00e3o que devido a amplia\u00e7\u00e3o do Aeroporto ter\u00e1 suas atividades econ\u00f4micas cada vez mais diversificadas, atraindo novos investimentos e empresas para a cidade, potencializando assim seu desenvolvimento. \u201cA Vert \u00e9 uma empresa que entende que a uni\u00e3o de todos os setores, para potencializar o desenvolvimento das regi\u00f5es onde est\u00e1 inserida, \u00e9 extremamente importante e estrat\u00e9gica\u201d, disse.<\/p>\n<p style=\"text-align: justify;\">\u00a0<\/p>\n<p style=\"text-align: justify;\">Ramada Hotel Aeroporto de Viracopos<\/p>\n<p style=\"text-align: justify;\">\u00a0\u00a0\u00a0\u00a0\u00a0\u00a0\u00a0\u00a0\u00a0\u00a0\u00a0\u00a0\u00a0\u00a0\u00a0 Mais que um hotel econ\u00f4mico, o Ramada Aeroporto de Viracopos tem como foco a hotelaria essencial, com um ambiente despojado, espa\u00e7os integrados que primam pela boa e harmoniosa conviv\u00eancia, al\u00e9m de uma localiza\u00e7\u00e3o estrat\u00e9gica. O empreendimento, localizado no Parque Corporativo Bresco, promete surpreender e conquistar os h\u00f3spedes com os seus diferenciais.<\/p>\n<p style=\"text-align: justify;\">\u00a0\u00a0\u00a0\u00a0\u00a0\u00a0\u00a0\u00a0\u00a0\u00a0\u00a0\u00a0\u00a0\u00a0\u00a0 Com a chancela de uma marca mundialmente conhecida com destaque nos principais aeroportos do mundo, o Ramada Hotel Aeroporto de Viracopos possui 200 apartamentos, de 22m2, com um conceito inovador, diferenciado e com os detalhes de um hotel de categoria internacional. A economia est\u00e1 apenas no tamanho dos quartos, pois os mesmos possuem uma ilumina\u00e7\u00e3o adequada, uma cama king size para uma boa noite de sono, um chuveiro com alta press\u00e3o para um banho revigorante, al\u00e9m de uma internet de alta velocidade e um caf\u00e9 da manh\u00e3 de dar \u00e1gua na boca. Tudo no padr\u00e3o da hotelaria essencial &#8211; que significa oferecer o que \u00e9 necess\u00e1rio ao h\u00f3spede com a melhor qualidade. O quarto ainda possui cofre, televisor de\u00a040\u00a0polegadas, uma bancada de trabalho com cadeira e t\u00e1bua e ferro de passar roupa &#8211; caracter\u00edstica da marca Ramada.<\/p>\n<p style=\"text-align: justify;\">\u00a0\u00a0\u00a0\u00a0\u00a0\u00a0\u00a0\u00a0\u00a0\u00a0\u00a0\u00a0\u00a0\u00a0\u00a0 O tamanho do banheiro tamb\u00e9m surpreende. H\u00e1 uma bancada para organiza\u00e7\u00e3o de objetos pessoais, espelho de aumento, secador compacto e amenities como sabonete e shampoo da marca Ramada. O h\u00f3spede tamb\u00e9m \u00e9 convidado a contribuir com a hotelaria essencial direcionando a troca de toalhas e utilizando a lixeira de coleta seletiva; o prop\u00f3sito \u00e9 estimular os clientes a uma experi\u00eancia participativa e ambiental com foco na sustentabilidade.<\/p>\n<p style=\"text-align: justify;\">O Ramada Hotel Viracopos Campinas tamb\u00e9m contribui para o desenvolvimento econ\u00f4mico local, com a gera\u00e7\u00e3o de aproximadamente 40 empregos e, em especial, para o plano de desenvolvimento do Aeroporto Internacional de Viracopos, que inaugurou o seu novo terminal e que pretende ampliar os voos com os principais destinos nacionais e internacionais. Al\u00e9m disso, o hotel tem fun\u00e7\u00e3o extremamente estrat\u00e9gica para o Parque Corporativo por atender as demandas dos clientes e empresas em opera\u00e7\u00e3o no local e regi\u00e3o e, tamb\u00e9m, das empresas que ir\u00e3o se instalar com o desenvolvimento do Parque.<\/p>\n<p style=\"text-align: justify;\">O empreendimento visa \u00e0 praticidade para atender aos h\u00f3spedes e, com este objetivo, oferece servi\u00e7os integrados no lobby, como o restaurante que come\u00e7a a funcionar a partir das 6 horas da manh\u00e3, com o caf\u00e9 da manh\u00e3, almo\u00e7o e jantar at\u00e9 \u00e0s 23 horas. A autonomia tamb\u00e9m chega ao frigobar que pode ser abastecido de acordo com o desejo do cliente, para isso no lobby existe uma loja de conveni\u00eancia com diferentes produtos. O Ramada Hotel Aeroporto de Viracopos tamb\u00e9m oferece aos h\u00f3spedes duas \u00e1guas como cortesia no frigobar, o que j\u00e1 \u00e9 padr\u00e3o da marca Ramada no Brasil.<\/p>\n<p style=\"text-align: justify;\">\u00a0\u00a0\u00a0\u00a0\u00a0\u00a0\u00a0\u00a0\u00a0\u00a0\u00a0\u00a0\u00a0\u00a0\u00a0 A conectividade no lobby e no restaurante tamb\u00e9m permite ao h\u00f3spede trabalhar e ter suas refei\u00e7\u00f5es em quaisquer hor\u00e1rio, pois esses ambientes funcionam 24 horas, ou seja, sem limita\u00e7\u00e3o de hor\u00e1rio.\u00a0\u00a0\u00a0\u00a0\u00a0\u00a0\u00a0\u00a0\u00a0\u00a0<\/p>\n<p style=\"text-align: justify;\">Quanto a realiza\u00e7\u00e3o de eventos, o hotel oferece um espa\u00e7o de eventos com capacidade para at\u00e9 120 pessoas. S\u00e3o quatro salas modul\u00e1veis, com capacidade para 30 pessoas cada, todas equipadas com televisores de LCD e internet de alta velocidade.<\/p>\n<p style=\"text-align: justify;\">\u00a0\u00a0\u00a0\u00a0\u00a0\u00a0\u00a0\u00a0\u00a0\u00a0\u00a0\u00a0\u00a0\u00a0\u00a0 O hotel ainda oferece ao h\u00f3spede estacionamento com capacidade para at\u00e9 140 carros e academia como cortesias. Em breve, ser\u00e1 oferecido aos h\u00f3spedes o servi\u00e7o de transfer para o Aeroporto de Viracopos. E, para garantir esses servi\u00e7os com qualidade todos os colaboradores passaram por um intenso treinamento com foco na excel\u00eancia dos servi\u00e7os e no prazer em servir.<\/p>\n<p style=\"text-align: justify;\">Sustentabilidade<\/p>\n<p style=\"text-align: justify;\">\u00a0\u00a0\u00a0\u00a0\u00a0\u00a0\u00a0\u00a0\u00a0\u00a0\u00a0\u00a0\u00a0\u00a0\u00a0 As pr\u00e1ticas sustent\u00e1veis no Ramada Hotel Aeroporto de Viracopos merecem destaque, pois desde a constru\u00e7\u00e3o se prima pelos padr\u00f5es sustent\u00e1veis. O empreendimento foi constru\u00eddo dentro do padr\u00e3o internacional de constru\u00e7\u00e3o civil chamado LEED que orienta e atesta o comprometimento de uma edifica\u00e7\u00e3o com os\u00a0princ\u00edpios da sustentabilidade para a constru\u00e7\u00e3o civil\u00a0&#8211; antes, durante e depois de suas obras.\u00a0Emitido em mais de 130 pa\u00edses do mundo, o selo \u00e9 considerado, hoje, a principal certifica\u00e7\u00e3o de constru\u00e7\u00e3o sustent\u00e1vel para os empreendimentos do Brasil. S\u00e3o avaliados requisitos de sustentabilidade e funcionalidade tais como: \u00e1gua de reuso, energia com placa solares e intera\u00e7\u00e3o com o meio ambiente.<\/p>\n<p style=\"text-align: justify;\">\u00a0\u00a0\u00a0\u00a0\u00a0\u00a0\u00a0\u00a0\u00a0\u00a0\u00a0\u00a0\u00a0\u00a0\u00a0 Durante a montagem do hotel foi apresentado, por exemplo, o projeto de separa\u00e7\u00e3o das embalagens, ou seja, das caixas das TVs, dos pl\u00e1sticos dos colch\u00f5es, entre outros. Hoje, o empreendimento tamb\u00e9m j\u00e1 conta com um dep\u00f3sito que armazena lixeiras para a separa\u00e7\u00e3o do lixo.<\/p>\n<p style=\"text-align: justify;\">Qualidade de vida e bem estar<\/p>\n<p style=\"text-align: justify;\">O Ramada Hotel Aeroporto de Viracopos est\u00e1 inserido em um condom\u00ednio que possui uma trilha ecol\u00f3gica, onde o h\u00f3spede pode desfrutar do contato com a natureza e de um visual surpreendente, indo al\u00e9m, por exemplo, da utiliza\u00e7\u00e3o da academia. A expectativa \u00e9 de que futuramente os h\u00f3spedes tamb\u00e9m tenham \u00e0 sua disposi\u00e7\u00e3o bicicletas.<\/p>\n<p style=\"text-align: justify;\">Pet Friendy<\/p>\n<p style=\"text-align: justify;\">E que tal viajar e poder levar consigo seu pet? Essa \u00e9 tamb\u00e9m \u00e9 uma novidade anunciada pela Vert Hot\u00e9is no Ramada Hotel Aeroporto de Viracopos. Para hospedagem s\u00e3o recebidos cachorros de pequeno a m\u00e9dio porte, ou at\u00e9 15 kg. Para realizar o check in \u00e9 necess\u00e1rio apresentar a Carteira de Vacina\u00e7\u00e3o atualizada e \u00e9 cobrada uma taxa de hospedagem no valor de R$50,00.<\/p>\n<p style=\"text-align: justify;\">\u201cA inser\u00e7\u00e3o dos animais de estima\u00e7\u00e3o na programa\u00e7\u00e3o familiar \u00e9 uma realidade cada vez mais presente, pois \u00e9 crescente o n\u00famero de pessoas que consideram os animais de estima\u00e7\u00e3o como parte integrante da fam\u00edlia. Com isso, \u00e9 normal que queiram lev\u00e1-los em suas viagens. Essa aceita\u00e7\u00e3o tornou-se um fator de grande relev\u00e2ncia na decis\u00e3o dos locais a serem frequentados por aqueles que t\u00eam animais de estima\u00e7\u00e3o. Seguindo essa tend\u00eancia, que \u00e9 mundial, hot\u00e9is, bares, restaurantes, shoppings, lojas\u00a0e at\u00e9 sal\u00f5es de beleza t\u00eam utilizado essa novidade como estrat\u00e9gia de diferencia\u00e7\u00e3o\u201d, diz o gerente geral do empreendimento, Vin\u00edcius Rodrigues.<\/p>\n<p style=\"text-align: justify;\">\u00a0<\/p>\n<p style=\"text-align: justify;\">Principais Dist\u00e2ncias<\/p>\n<p style=\"text-align: justify;\">Aeroporto de Viracopos&#8230;&#8230;&#8230;&#8230;&#8230;&#8230;&#8230;&#8230;&#8230;&#8230;&#8230;&#8230; 3Km<\/p>\n<p style=\"text-align: justify;\">Campinas&#8230;&#8230;&#8230;&#8230;&#8230;&#8230;&#8230;&#8230;&#8230;&#8230;&#8230;&#8230;&#8230;&#8230;&#8230;&#8230;&#8230;&#8230;&#8230; 19Km<\/p>\n<p style=\"text-align: justify;\">Rodovi\u00e1ria de Campinas&#8230;&#8230;&#8230;&#8230;&#8230;&#8230;&#8230;&#8230;&#8230;&#8230;&#8230;..22Km<\/p>\n<p style=\"text-align: justify;\">S\u00e3o Paulo&#8230;&#8230;&#8230;&#8230;&#8230;&#8230;&#8230;&#8230;&#8230;&#8230;&#8230;&#8230;&#8230;&#8230;&#8230;&#8230;&#8230;&#8230;&#8230; 80Km<\/p>\n<p style=\"text-align: justify;\">\u00a0<\/p>\n<p style=\"text-align: justify;\">Servi\u00e7o<\/p>\n<p style=\"text-align: justify;\">Ramada Hotel Aeroporto de Viracopos<\/p>\n<p style=\"text-align: justify;\">Apartamento: 200 apartamentos<\/p>\n<p style=\"text-align: justify;\">Localiza\u00e7\u00e3o: Parque Corporativo Bresco \u2013 na Rodovia Santos Dumont pegue a sa\u00edda Distrito Industrial<\/p>\n<p style=\"text-align: justify;\">Tarifa Soft open de R$ 250 \u2013 incluso internet, caf\u00e9 da manh\u00e3 e estacionamento. Al\u00e9m de tarifa fracionada<\/p>\n<p style=\"text-align: justify;\">Lazer: Academia e Parque Linear<\/p>\n<p style=\"text-align: justify;\">Endere\u00e7o: Sergio Fernandes Borges Soares,\u00a0Campinas,\u00a0Sao Paulo,\u00a013054-709,\u00a0Brasil<\/p>\n<p style=\"text-align: justify;\">Reservas pelo 4005-1006 &#8211; (19) 3514-5914 ou pelo site www.verthoteis.com.br<\/p>\n<p><\/span><\/p>\n","protected":false},"excerpt":{"rendered":"<p>Vert Hot\u00e9is inaugura Ramada Aeroporto de Viracopos \u00a0\u00a0\u00a0\u00a0\u00a0\u00a0\u00a0\u00a0\u00a0\u00a0\u00a0\u00a0\u00a0\u00a0\u00a0 A Vert Hot\u00e9is inaugurou hoje, dia 07 de dezembro, o oitavo empreendimento da Rede neste ano, o Ramada Hotel Aeroporto de Viracopos. O evento contou com a presen\u00e7a da CEO, \u00c9rica Drumond; do diretor de Marketing e Vendas da Vert Hot\u00e9is, Bruno Guimar\u00e3es; do vice-prefeito de Campinas, [&hellip;]<\/p>\n","protected":false},"author":1,"featured_media":0,"comment_status":"open","ping_status":"open","sticky":false,"template":"","format":"standard","meta":{"footnotes":""},"categories":[],"tags":[],"class_list":["post-3271","post","type-post","status-publish","format-standard","hentry"],"yoast_head":"<!-- This site is optimized with the Yoast SEO plugin v26.2 - https:\/\/yoast.com\/wordpress\/plugins\/seo\/ -->\n<title>VERT - Travel3<\/title>\n<meta name=\"description\" content=\"A TRAVEL3 \u00e9 um portal de conte\u00fado voltado para o turismo, encontre destinos, viagens, hospedagem, passagens, guias, not\u00edcias sobre o mercado do turismo, dicas de viagem, v\u00eddeos e podcast.\" \/>\n<meta name=\"robots\" content=\"index, follow, max-snippet:-1, max-image-preview:large, max-video-preview:-1\" \/>\n<link rel=\"canonical\" href=\"https:\/\/www.travel3.com.br\/site\/sem-categoria\/vert\/\" \/>\n<meta property=\"og:locale\" content=\"pt_BR\" \/>\n<meta property=\"og:type\" content=\"article\" \/>\n<meta property=\"og:title\" content=\"VERT - Travel3\" \/>\n<meta property=\"og:description\" content=\"A TRAVEL3 \u00e9 um portal de conte\u00fado voltado para o turismo, encontre destinos, viagens, hospedagem, passagens, guias, not\u00edcias sobre o mercado do turismo, dicas de viagem, v\u00eddeos e podcast.\" \/>\n<meta property=\"og:url\" content=\"https:\/\/www.travel3.com.br\/site\/sem-categoria\/vert\/\" \/>\n<meta property=\"og:site_name\" content=\"Travel3\" \/>\n<meta property=\"article:publisher\" content=\"https:\/\/www.facebook.com\/travel3media\/\" \/>\n<meta property=\"article:published_time\" content=\"2016-12-07T18:10:57+00:00\" \/>\n<meta property=\"article:modified_time\" content=\"2017-09-12T18:15:49+00:00\" \/>\n<meta name=\"author\" content=\"admin\" \/>\n<meta name=\"twitter:card\" content=\"summary_large_image\" \/>\n<meta name=\"twitter:label1\" content=\"Escrito por\" \/>\n\t<meta name=\"twitter:data1\" content=\"admin\" \/>\n\t<meta name=\"twitter:label2\" content=\"Est. tempo de leitura\" \/>\n\t<meta name=\"twitter:data2\" content=\"8 minutos\" \/>\n<script type=\"application\/ld+json\" class=\"yoast-schema-graph\">{\"@context\":\"https:\/\/schema.org\",\"@graph\":[{\"@type\":\"Article\",\"@id\":\"https:\/\/www.travel3.com.br\/site\/sem-categoria\/vert\/#article\",\"isPartOf\":{\"@id\":\"https:\/\/www.travel3.com.br\/site\/sem-categoria\/vert\/\"},\"author\":{\"name\":\"admin\",\"@id\":\"https:\/\/www.travel3.com.br\/site\/#\/schema\/person\/a69d71e41a024999b6ab82369ac0bd1e\"},\"headline\":\"VERT\",\"datePublished\":\"2016-12-07T18:10:57+00:00\",\"dateModified\":\"2017-09-12T18:15:49+00:00\",\"mainEntityOfPage\":{\"@id\":\"https:\/\/www.travel3.com.br\/site\/sem-categoria\/vert\/\"},\"wordCount\":1573,\"commentCount\":0,\"publisher\":{\"@id\":\"https:\/\/www.travel3.com.br\/site\/#organization\"},\"inLanguage\":\"pt-BR\",\"potentialAction\":[{\"@type\":\"CommentAction\",\"name\":\"Comment\",\"target\":[\"https:\/\/www.travel3.com.br\/site\/sem-categoria\/vert\/#respond\"]}]},{\"@type\":\"WebPage\",\"@id\":\"https:\/\/www.travel3.com.br\/site\/sem-categoria\/vert\/\",\"url\":\"https:\/\/www.travel3.com.br\/site\/sem-categoria\/vert\/\",\"name\":\"VERT - Travel3\",\"isPartOf\":{\"@id\":\"https:\/\/www.travel3.com.br\/site\/#website\"},\"datePublished\":\"2016-12-07T18:10:57+00:00\",\"dateModified\":\"2017-09-12T18:15:49+00:00\",\"description\":\"A TRAVEL3 \u00e9 um portal de conte\u00fado voltado para o turismo, encontre destinos, viagens, hospedagem, passagens, guias, not\u00edcias sobre o mercado do turismo, dicas de viagem, v\u00eddeos e podcast.\",\"breadcrumb\":{\"@id\":\"https:\/\/www.travel3.com.br\/site\/sem-categoria\/vert\/#breadcrumb\"},\"inLanguage\":\"pt-BR\",\"potentialAction\":[{\"@type\":\"ReadAction\",\"target\":[\"https:\/\/www.travel3.com.br\/site\/sem-categoria\/vert\/\"]}]},{\"@type\":\"BreadcrumbList\",\"@id\":\"https:\/\/www.travel3.com.br\/site\/sem-categoria\/vert\/#breadcrumb\",\"itemListElement\":[{\"@type\":\"ListItem\",\"position\":1,\"name\":\"In\u00edcio\",\"item\":\"https:\/\/www.travel3.com.br\/site\/\"},{\"@type\":\"ListItem\",\"position\":2,\"name\":\"VERT\"}]},{\"@type\":\"WebSite\",\"@id\":\"https:\/\/www.travel3.com.br\/site\/#website\",\"url\":\"https:\/\/www.travel3.com.br\/site\/\",\"name\":\"Travel3\",\"description\":\"Lazer + Neg&oacute;cios + Aventura\",\"publisher\":{\"@id\":\"https:\/\/www.travel3.com.br\/site\/#organization\"},\"potentialAction\":[{\"@type\":\"SearchAction\",\"target\":{\"@type\":\"EntryPoint\",\"urlTemplate\":\"https:\/\/www.travel3.com.br\/site\/?s={search_term_string}\"},\"query-input\":{\"@type\":\"PropertyValueSpecification\",\"valueRequired\":true,\"valueName\":\"search_term_string\"}}],\"inLanguage\":\"pt-BR\"},{\"@type\":\"Organization\",\"@id\":\"https:\/\/www.travel3.com.br\/site\/#organization\",\"name\":\"Travel3\",\"url\":\"https:\/\/www.travel3.com.br\/site\/\",\"logo\":{\"@type\":\"ImageObject\",\"inLanguage\":\"pt-BR\",\"@id\":\"https:\/\/www.travel3.com.br\/site\/#\/schema\/logo\/image\/\",\"url\":\"https:\/\/www.travel3.com.br\/site\/wp-content\/uploads\/2020\/01\/logo-travel3-2020.png\",\"contentUrl\":\"https:\/\/www.travel3.com.br\/site\/wp-content\/uploads\/2020\/01\/logo-travel3-2020.png\",\"width\":232,\"height\":79,\"caption\":\"Travel3\"},\"image\":{\"@id\":\"https:\/\/www.travel3.com.br\/site\/#\/schema\/logo\/image\/\"},\"sameAs\":[\"https:\/\/www.facebook.com\/travel3media\/\",\"https:\/\/www.instagram.com\/revistatravel3\/\",\"https:\/\/www.youtube.com\/channel\/UCno7J4paGBR3VbZQzvoJ9Eg\"]},{\"@type\":\"Person\",\"@id\":\"https:\/\/www.travel3.com.br\/site\/#\/schema\/person\/a69d71e41a024999b6ab82369ac0bd1e\",\"name\":\"admin\",\"image\":{\"@type\":\"ImageObject\",\"inLanguage\":\"pt-BR\",\"@id\":\"https:\/\/www.travel3.com.br\/site\/#\/schema\/person\/image\/\",\"url\":\"https:\/\/secure.gravatar.com\/avatar\/732a67adfd764da2a47ba10ce731c4c0?s=96&d=mm&r=g\",\"contentUrl\":\"https:\/\/secure.gravatar.com\/avatar\/732a67adfd764da2a47ba10ce731c4c0?s=96&d=mm&r=g\",\"caption\":\"admin\"},\"url\":\"https:\/\/www.travel3.com.br\/site\/author\/admin\/\"}]}<\/script>\n<!-- \/ Yoast SEO plugin. -->","yoast_head_json":{"title":"VERT - Travel3","description":"A TRAVEL3 \u00e9 um portal de conte\u00fado voltado para o turismo, encontre destinos, viagens, hospedagem, passagens, guias, not\u00edcias sobre o mercado do turismo, dicas de viagem, v\u00eddeos e podcast.","robots":{"index":"index","follow":"follow","max-snippet":"max-snippet:-1","max-image-preview":"max-image-preview:large","max-video-preview":"max-video-preview:-1"},"canonical":"https:\/\/www.travel3.com.br\/site\/sem-categoria\/vert\/","og_locale":"pt_BR","og_type":"article","og_title":"VERT - Travel3","og_description":"A TRAVEL3 \u00e9 um portal de conte\u00fado voltado para o turismo, encontre destinos, viagens, hospedagem, passagens, guias, not\u00edcias sobre o mercado do turismo, dicas de viagem, v\u00eddeos e podcast.","og_url":"https:\/\/www.travel3.com.br\/site\/sem-categoria\/vert\/","og_site_name":"Travel3","article_publisher":"https:\/\/www.facebook.com\/travel3media\/","article_published_time":"2016-12-07T18:10:57+00:00","article_modified_time":"2017-09-12T18:15:49+00:00","author":"admin","twitter_card":"summary_large_image","twitter_misc":{"Escrito por":"admin","Est. tempo de leitura":"8 minutos"},"schema":{"@context":"https:\/\/schema.org","@graph":[{"@type":"Article","@id":"https:\/\/www.travel3.com.br\/site\/sem-categoria\/vert\/#article","isPartOf":{"@id":"https:\/\/www.travel3.com.br\/site\/sem-categoria\/vert\/"},"author":{"name":"admin","@id":"https:\/\/www.travel3.com.br\/site\/#\/schema\/person\/a69d71e41a024999b6ab82369ac0bd1e"},"headline":"VERT","datePublished":"2016-12-07T18:10:57+00:00","dateModified":"2017-09-12T18:15:49+00:00","mainEntityOfPage":{"@id":"https:\/\/www.travel3.com.br\/site\/sem-categoria\/vert\/"},"wordCount":1573,"commentCount":0,"publisher":{"@id":"https:\/\/www.travel3.com.br\/site\/#organization"},"inLanguage":"pt-BR","potentialAction":[{"@type":"CommentAction","name":"Comment","target":["https:\/\/www.travel3.com.br\/site\/sem-categoria\/vert\/#respond"]}]},{"@type":"WebPage","@id":"https:\/\/www.travel3.com.br\/site\/sem-categoria\/vert\/","url":"https:\/\/www.travel3.com.br\/site\/sem-categoria\/vert\/","name":"VERT - Travel3","isPartOf":{"@id":"https:\/\/www.travel3.com.br\/site\/#website"},"datePublished":"2016-12-07T18:10:57+00:00","dateModified":"2017-09-12T18:15:49+00:00","description":"A TRAVEL3 \u00e9 um portal de conte\u00fado voltado para o turismo, encontre destinos, viagens, hospedagem, passagens, guias, not\u00edcias sobre o mercado do turismo, dicas de viagem, v\u00eddeos e podcast.","breadcrumb":{"@id":"https:\/\/www.travel3.com.br\/site\/sem-categoria\/vert\/#breadcrumb"},"inLanguage":"pt-BR","potentialAction":[{"@type":"ReadAction","target":["https:\/\/www.travel3.com.br\/site\/sem-categoria\/vert\/"]}]},{"@type":"BreadcrumbList","@id":"https:\/\/www.travel3.com.br\/site\/sem-categoria\/vert\/#breadcrumb","itemListElement":[{"@type":"ListItem","position":1,"name":"In\u00edcio","item":"https:\/\/www.travel3.com.br\/site\/"},{"@type":"ListItem","position":2,"name":"VERT"}]},{"@type":"WebSite","@id":"https:\/\/www.travel3.com.br\/site\/#website","url":"https:\/\/www.travel3.com.br\/site\/","name":"Travel3","description":"Lazer + Neg&oacute;cios + Aventura","publisher":{"@id":"https:\/\/www.travel3.com.br\/site\/#organization"},"potentialAction":[{"@type":"SearchAction","target":{"@type":"EntryPoint","urlTemplate":"https:\/\/www.travel3.com.br\/site\/?s={search_term_string}"},"query-input":{"@type":"PropertyValueSpecification","valueRequired":true,"valueName":"search_term_string"}}],"inLanguage":"pt-BR"},{"@type":"Organization","@id":"https:\/\/www.travel3.com.br\/site\/#organization","name":"Travel3","url":"https:\/\/www.travel3.com.br\/site\/","logo":{"@type":"ImageObject","inLanguage":"pt-BR","@id":"https:\/\/www.travel3.com.br\/site\/#\/schema\/logo\/image\/","url":"https:\/\/www.travel3.com.br\/site\/wp-content\/uploads\/2020\/01\/logo-travel3-2020.png","contentUrl":"https:\/\/www.travel3.com.br\/site\/wp-content\/uploads\/2020\/01\/logo-travel3-2020.png","width":232,"height":79,"caption":"Travel3"},"image":{"@id":"https:\/\/www.travel3.com.br\/site\/#\/schema\/logo\/image\/"},"sameAs":["https:\/\/www.facebook.com\/travel3media\/","https:\/\/www.instagram.com\/revistatravel3\/","https:\/\/www.youtube.com\/channel\/UCno7J4paGBR3VbZQzvoJ9Eg"]},{"@type":"Person","@id":"https:\/\/www.travel3.com.br\/site\/#\/schema\/person\/a69d71e41a024999b6ab82369ac0bd1e","name":"admin","image":{"@type":"ImageObject","inLanguage":"pt-BR","@id":"https:\/\/www.travel3.com.br\/site\/#\/schema\/person\/image\/","url":"https:\/\/secure.gravatar.com\/avatar\/732a67adfd764da2a47ba10ce731c4c0?s=96&d=mm&r=g","contentUrl":"https:\/\/secure.gravatar.com\/avatar\/732a67adfd764da2a47ba10ce731c4c0?s=96&d=mm&r=g","caption":"admin"},"url":"https:\/\/www.travel3.com.br\/site\/author\/admin\/"}]}},"_links":{"self":[{"href":"https:\/\/www.travel3.com.br\/site\/wp-json\/wp\/v2\/posts\/3271","targetHints":{"allow":["GET"]}}],"collection":[{"href":"https:\/\/www.travel3.com.br\/site\/wp-json\/wp\/v2\/posts"}],"about":[{"href":"https:\/\/www.travel3.com.br\/site\/wp-json\/wp\/v2\/types\/post"}],"author":[{"embeddable":true,"href":"https:\/\/www.travel3.com.br\/site\/wp-json\/wp\/v2\/users\/1"}],"replies":[{"embeddable":true,"href":"https:\/\/www.travel3.com.br\/site\/wp-json\/wp\/v2\/comments?post=3271"}],"version-history":[{"count":1,"href":"https:\/\/www.travel3.com.br\/site\/wp-json\/wp\/v2\/posts\/3271\/revisions"}],"predecessor-version":[{"id":4069,"href":"https:\/\/www.travel3.com.br\/site\/wp-json\/wp\/v2\/posts\/3271\/revisions\/4069"}],"wp:attachment":[{"href":"https:\/\/www.travel3.com.br\/site\/wp-json\/wp\/v2\/media?parent=3271"}],"wp:term":[{"taxonomy":"category","embeddable":true,"href":"https:\/\/www.travel3.com.br\/site\/wp-json\/wp\/v2\/categories?post=3271"},{"taxonomy":"post_tag","embeddable":true,"href":"https:\/\/www.travel3.com.br\/site\/wp-json\/wp\/v2\/tags?post=3271"}],"curies":[{"name":"wp","href":"https:\/\/api.w.org\/{rel}","templated":true}]}}