{"id":32629,"date":"2020-04-09T05:00:09","date_gmt":"2020-04-09T08:00:09","guid":{"rendered":"https:\/\/www.travel3.com.br\/?p=32629"},"modified":"2020-04-08T19:26:59","modified_gmt":"2020-04-08T22:26:59","slug":"ceo-da-vail-resorts","status":"publish","type":"post","link":"https:\/\/www.travel3.com.br\/site\/acontece-no-turismo\/ceo-da-vail-resorts\/","title":{"rendered":"CEO da Vail Resorts anuncia doa\u00e7\u00f5es para combater Covid-19"},"content":{"rendered":"\n<h3 class=\"wp-block-heading\" style=\"text-align:center\">Rob Katz destinou um total de US$ 2,5 milh\u00f5es aos funcion\u00e1rios e \u00e0s cidades onde a empresa atua<\/h3>\n\n\n\n<p>O <a rel=\"noreferrer noopener\" aria-label=\"Covid-19 (opens in a new tab)\" href=\"https:\/\/www.travel3.com.br\/destaque\/em-tempos-de-coronavirus-consulte-seu-medico-e-seu-agente-de-viagens\/\" target=\"_blank\">Covid-19<\/a> tem sido um problema para a economia como um todo, e atinge de forma especialmente significativa o setor do turismo. Por isso, Rob Katz, CEO da <a rel=\"noreferrer noopener\" aria-label=\"Vail Resorts (opens in a new tab)\" href=\"http:\/\/www.vailresorts.com\/Corp\/index.aspx\" target=\"_blank\">Vail Resorts<\/a>, junto a sua esposa, Elana Amsterdam, anunciou que destinar\u00e1 US$ 2,5 milh\u00f5es em doa\u00e7\u00f5es para combater o impacto da pandemia.<\/p>\n\n\n\n<p>O valor ser\u00e1 distribu\u00eddo entre subs\u00eddios de emerg\u00eancia e um fundo de assist\u00eancia aos funcion\u00e1rios. Al\u00e9m de beneficiar os contratados diretos pela empresa, as doa\u00e7\u00f5es tamb\u00e9m chegar\u00e3o a diversas organiza\u00e7\u00f5es locais de cidades onde a Vail Resorts atua.<\/p>\n\n\n\n<blockquote class=\"wp-block-quote is-layout-flow wp-block-quote-is-layout-flow\"><p>N\u00e3o me lembro de outro momento em minha vida que causou tantas perturba\u00e7\u00f5es em nossas vidas &#8211; em nosso trabalho, em nossa sa\u00fade e em nossas comunidades. Durante esse per\u00edodo incrivelmente desafiador, duas de nossas prioridades absolutas foram e continuar\u00e3o sendo a sa\u00fade e o bem-estar de nossos funcion\u00e1rios e comunidades das montanhas.<\/p><p>O que torna nossos resorts t\u00e3o especiais \u00e9 onde eles est\u00e3o localizados e as pessoas apaixonadas que vivem l\u00e1. \u00c0 medida que navegamos nessa situa\u00e7\u00e3o, \u00e9 essencial que continuemos a apoiar nossos funcion\u00e1rios e a vitalidade de nossas comunidades, fornecendo parceria quando for mais necess\u00e1rio. <\/p><cite>Rob Katz &#8211; CEO da Vail Resorts<\/cite><\/blockquote>\n\n\n\n<p>Com 37 resorts de montanha espalhados pelo mundo, a Vail Resorts mant\u00e9m a organiza\u00e7\u00e3o <em>EpicPromise Employee Foundation.<\/em> Por meio dela, Rob Katz destinar\u00e1 US$ 1 milh\u00e3o \u00e0 cria\u00e7\u00e3o de um novo fundo. Os recursos ser\u00e3o usados na assist\u00eancia aos impactados pela Covid-19, inclusive com atendimentos m\u00e9dicos.<\/p>\n\n\n\n<blockquote class=\"wp-block-quote is-layout-flow wp-block-quote-is-layout-flow\"><p>O mercado comunit\u00e1rio est\u00e1 experimentando uma demanda crescente por alimentos. Rob Katz e Elana Amsterdam apareceram mais uma vez sendo l\u00edderes. Com essa contribui\u00e7\u00e3o, somos capazes de continuar a fornecer alimentos saud\u00e1veis \u200b\u200bde uma maneira segura para nossas fam\u00edlias locais. <\/p><cite>Susie Davis &#8211; Diretora de Impacto Comunit\u00e1rio da Eagle Valley Community Foundation<\/cite><\/blockquote>\n\n\n\n<h2 class=\"wp-block-heading\">Doa\u00e7\u00f5es chegar\u00e3o a diferentes comunidades<\/h2>\n\n\n\n<p>Desde 2016, Rob e Elana distribuem doa\u00e7\u00f5es por meio do <em>Katz Amsterdam Charitable Trust.&nbsp;<\/em>O fundo, criado para apoiar comunidades montanhosas, foi idealizado principalmente para o acompanhamento de doen\u00e7as mentais.<\/p>\n\n\n\n<p>Mas, em meio ao Coronav\u00edrus, o fundo ser\u00e1 respons\u00e1vel por atender e destinar doa\u00e7\u00f5es \u00e0s comunidades de montanha. Ser\u00e3o contempladas localidades como Colorado + Utah + Calif\u00f3rnia + Col\u00fambia Brit\u00e2nica + Vermont + Wyoming + Washington. Al\u00e9m dos estados, ser\u00e3o tamb\u00e9m beneficiadas diversas organiza\u00e7\u00f5es filantr\u00f3picas.<\/p>\n\n\n\n<blockquote class=\"wp-block-quote is-layout-flow wp-block-quote-is-layout-flow\"><p>A Covid-19 impactou bastante nossa pequena cidade montanhosa. A <em>Whistler Community Services Society <\/em>agradece muito essa doa\u00e7\u00e3o da <em>Katz Amsterdam Charitable Trust<\/em>. Nosso modelo de financiamento \u00e9 uma empresa social, que normalmente financia 75% de nossos servi\u00e7os sociais. Fomos for\u00e7ados a fechar essas lojas em conformidade com o governo federal e nossos especialistas m\u00e9dicos.<\/p><p>Contribui\u00e7\u00f5es como essa ajudam a garantir que possamos acompanhar a demanda por nossos servi\u00e7os essenciais do <em>Foodbank <\/em>e nossos Servi\u00e7os de Extens\u00e3o, que esperamos aumentar nos pr\u00f3ximos meses.<\/p><cite>Lori Pyne &#8211; Diretora Executiva Interina da Whistler Community Services Society<\/cite><\/blockquote>\n","protected":false},"excerpt":{"rendered":"<p>Rob Katz destinou um total de US$ 2,5 milh\u00f5es aos funcion\u00e1rios e \u00e0s cidades onde a empresa atua O Covid-19 tem sido um problema para a economia como um todo, e atinge de forma especialmente significativa o setor do turismo. Por isso, Rob Katz, CEO da Vail Resorts, junto a sua esposa, Elana Amsterdam, anunciou [&hellip;]<\/p>\n","protected":false},"author":5,"featured_media":32645,"comment_status":"open","ping_status":"open","sticky":false,"template":"","format":"standard","meta":{"footnotes":""},"categories":[969,226],"tags":[4008,4061],"class_list":["post-32629","post","type-post","status-publish","format-standard","has-post-thumbnail","hentry","category-acontece-no-turismo","category-destaque","tag-coronavirus","tag-vail"],"yoast_head":"<!-- This site is optimized with the Yoast SEO plugin v26.2 - https:\/\/yoast.com\/wordpress\/plugins\/seo\/ -->\n<title>CEO da Vail Resorts anuncia doa\u00e7\u00f5es para combater Covid-19 - Travel3<\/title>\n<meta name=\"description\" content=\"CEO da Vail Resorts anuncia doa\u00e7\u00f5es para combater Covid-19; Rob Katz direcionar\u00e1 um total de US$ 2,5 milh\u00f5es a funcion\u00e1rios e a cidades onde a empresa atua\" \/>\n<meta name=\"robots\" content=\"index, follow, max-snippet:-1, max-image-preview:large, max-video-preview:-1\" \/>\n<link rel=\"canonical\" href=\"https:\/\/www.travel3.com.br\/site\/acontece-no-turismo\/ceo-da-vail-resorts\/\" \/>\n<meta property=\"og:locale\" content=\"pt_BR\" \/>\n<meta property=\"og:type\" content=\"article\" \/>\n<meta property=\"og:title\" content=\"CEO da Vail Resorts anuncia doa\u00e7\u00f5es para combater Covid-19 - Travel3\" \/>\n<meta property=\"og:description\" content=\"CEO da Vail Resorts anuncia doa\u00e7\u00f5es para combater Covid-19; Rob Katz direcionar\u00e1 um total de US$ 2,5 milh\u00f5es a funcion\u00e1rios e a cidades onde a empresa atua\" \/>\n<meta property=\"og:url\" content=\"https:\/\/www.travel3.com.br\/site\/acontece-no-turismo\/ceo-da-vail-resorts\/\" \/>\n<meta property=\"og:site_name\" content=\"Travel3\" \/>\n<meta property=\"article:publisher\" content=\"https:\/\/www.facebook.com\/travel3media\/\" \/>\n<meta property=\"article:published_time\" content=\"2020-04-09T08:00:09+00:00\" \/>\n<meta property=\"og:image\" content=\"https:\/\/www.travel3.com.br\/site\/wp-content\/uploads\/2020\/04\/vail-1710857_1920.jpg\" \/>\n\t<meta property=\"og:image:width\" content=\"1920\" \/>\n\t<meta property=\"og:image:height\" content=\"1312\" \/>\n\t<meta property=\"og:image:type\" content=\"image\/jpeg\" \/>\n<meta name=\"author\" content=\"Reda\u00e7\u00e3o Travel3\" \/>\n<meta name=\"twitter:card\" content=\"summary_large_image\" \/>\n<meta name=\"twitter:label1\" content=\"Escrito por\" \/>\n\t<meta name=\"twitter:data1\" content=\"Reda\u00e7\u00e3o Travel3\" \/>\n\t<meta name=\"twitter:label2\" content=\"Est. tempo de leitura\" \/>\n\t<meta name=\"twitter:data2\" content=\"3 minutos\" \/>\n<script type=\"application\/ld+json\" class=\"yoast-schema-graph\">{\"@context\":\"https:\/\/schema.org\",\"@graph\":[{\"@type\":\"Article\",\"@id\":\"https:\/\/www.travel3.com.br\/site\/acontece-no-turismo\/ceo-da-vail-resorts\/#article\",\"isPartOf\":{\"@id\":\"https:\/\/www.travel3.com.br\/site\/acontece-no-turismo\/ceo-da-vail-resorts\/\"},\"author\":{\"name\":\"Reda\u00e7\u00e3o Travel3\",\"@id\":\"https:\/\/www.travel3.com.br\/site\/#\/schema\/person\/89251b0320bc67697de92249f97f3fdb\"},\"headline\":\"CEO da Vail Resorts anuncia doa\u00e7\u00f5es para combater Covid-19\",\"datePublished\":\"2020-04-09T08:00:09+00:00\",\"mainEntityOfPage\":{\"@id\":\"https:\/\/www.travel3.com.br\/site\/acontece-no-turismo\/ceo-da-vail-resorts\/\"},\"wordCount\":540,\"commentCount\":0,\"publisher\":{\"@id\":\"https:\/\/www.travel3.com.br\/site\/#organization\"},\"image\":{\"@id\":\"https:\/\/www.travel3.com.br\/site\/acontece-no-turismo\/ceo-da-vail-resorts\/#primaryimage\"},\"thumbnailUrl\":\"https:\/\/www.travel3.com.br\/site\/wp-content\/uploads\/2020\/04\/vail-1710857_1920.jpg\",\"keywords\":[\"Coronav\u00edrus\",\"Vail\"],\"articleSection\":[\"Acontece no Turismo\",\"Destaque\"],\"inLanguage\":\"pt-BR\",\"potentialAction\":[{\"@type\":\"CommentAction\",\"name\":\"Comment\",\"target\":[\"https:\/\/www.travel3.com.br\/site\/acontece-no-turismo\/ceo-da-vail-resorts\/#respond\"]}]},{\"@type\":\"WebPage\",\"@id\":\"https:\/\/www.travel3.com.br\/site\/acontece-no-turismo\/ceo-da-vail-resorts\/\",\"url\":\"https:\/\/www.travel3.com.br\/site\/acontece-no-turismo\/ceo-da-vail-resorts\/\",\"name\":\"CEO da Vail Resorts anuncia doa\u00e7\u00f5es para combater Covid-19 - Travel3\",\"isPartOf\":{\"@id\":\"https:\/\/www.travel3.com.br\/site\/#website\"},\"primaryImageOfPage\":{\"@id\":\"https:\/\/www.travel3.com.br\/site\/acontece-no-turismo\/ceo-da-vail-resorts\/#primaryimage\"},\"image\":{\"@id\":\"https:\/\/www.travel3.com.br\/site\/acontece-no-turismo\/ceo-da-vail-resorts\/#primaryimage\"},\"thumbnailUrl\":\"https:\/\/www.travel3.com.br\/site\/wp-content\/uploads\/2020\/04\/vail-1710857_1920.jpg\",\"datePublished\":\"2020-04-09T08:00:09+00:00\",\"description\":\"CEO da Vail Resorts anuncia doa\u00e7\u00f5es para combater Covid-19; Rob Katz direcionar\u00e1 um total de US$ 2,5 milh\u00f5es a funcion\u00e1rios e a cidades onde a empresa atua\",\"breadcrumb\":{\"@id\":\"https:\/\/www.travel3.com.br\/site\/acontece-no-turismo\/ceo-da-vail-resorts\/#breadcrumb\"},\"inLanguage\":\"pt-BR\",\"potentialAction\":[{\"@type\":\"ReadAction\",\"target\":[\"https:\/\/www.travel3.com.br\/site\/acontece-no-turismo\/ceo-da-vail-resorts\/\"]}]},{\"@type\":\"ImageObject\",\"inLanguage\":\"pt-BR\",\"@id\":\"https:\/\/www.travel3.com.br\/site\/acontece-no-turismo\/ceo-da-vail-resorts\/#primaryimage\",\"url\":\"https:\/\/www.travel3.com.br\/site\/wp-content\/uploads\/2020\/04\/vail-1710857_1920.jpg\",\"contentUrl\":\"https:\/\/www.travel3.com.br\/site\/wp-content\/uploads\/2020\/04\/vail-1710857_1920.jpg\",\"width\":1920,\"height\":1312,\"caption\":\"Vail, Colorado (Foto: Divulga\u00e7\u00e3o)\"},{\"@type\":\"BreadcrumbList\",\"@id\":\"https:\/\/www.travel3.com.br\/site\/acontece-no-turismo\/ceo-da-vail-resorts\/#breadcrumb\",\"itemListElement\":[{\"@type\":\"ListItem\",\"position\":1,\"name\":\"In\u00edcio\",\"item\":\"https:\/\/www.travel3.com.br\/site\/\"},{\"@type\":\"ListItem\",\"position\":2,\"name\":\"CEO da Vail Resorts anuncia doa\u00e7\u00f5es para combater Covid-19\"}]},{\"@type\":\"WebSite\",\"@id\":\"https:\/\/www.travel3.com.br\/site\/#website\",\"url\":\"https:\/\/www.travel3.com.br\/site\/\",\"name\":\"Travel3\",\"description\":\"Lazer + Neg&oacute;cios + Aventura\",\"publisher\":{\"@id\":\"https:\/\/www.travel3.com.br\/site\/#organization\"},\"potentialAction\":[{\"@type\":\"SearchAction\",\"target\":{\"@type\":\"EntryPoint\",\"urlTemplate\":\"https:\/\/www.travel3.com.br\/site\/?s={search_term_string}\"},\"query-input\":{\"@type\":\"PropertyValueSpecification\",\"valueRequired\":true,\"valueName\":\"search_term_string\"}}],\"inLanguage\":\"pt-BR\"},{\"@type\":\"Organization\",\"@id\":\"https:\/\/www.travel3.com.br\/site\/#organization\",\"name\":\"Travel3\",\"url\":\"https:\/\/www.travel3.com.br\/site\/\",\"logo\":{\"@type\":\"ImageObject\",\"inLanguage\":\"pt-BR\",\"@id\":\"https:\/\/www.travel3.com.br\/site\/#\/schema\/logo\/image\/\",\"url\":\"https:\/\/www.travel3.com.br\/site\/wp-content\/uploads\/2020\/01\/logo-travel3-2020.png\",\"contentUrl\":\"https:\/\/www.travel3.com.br\/site\/wp-content\/uploads\/2020\/01\/logo-travel3-2020.png\",\"width\":232,\"height\":79,\"caption\":\"Travel3\"},\"image\":{\"@id\":\"https:\/\/www.travel3.com.br\/site\/#\/schema\/logo\/image\/\"},\"sameAs\":[\"https:\/\/www.facebook.com\/travel3media\/\",\"https:\/\/www.instagram.com\/revistatravel3\/\",\"https:\/\/www.youtube.com\/channel\/UCno7J4paGBR3VbZQzvoJ9Eg\"]},{\"@type\":\"Person\",\"@id\":\"https:\/\/www.travel3.com.br\/site\/#\/schema\/person\/89251b0320bc67697de92249f97f3fdb\",\"name\":\"Reda\u00e7\u00e3o Travel3\",\"image\":{\"@type\":\"ImageObject\",\"inLanguage\":\"pt-BR\",\"@id\":\"https:\/\/www.travel3.com.br\/site\/#\/schema\/person\/image\/\",\"url\":\"https:\/\/secure.gravatar.com\/avatar\/85a5ec2ad99b1932f671ebf50c117db6?s=96&d=mm&r=g\",\"contentUrl\":\"https:\/\/secure.gravatar.com\/avatar\/85a5ec2ad99b1932f671ebf50c117db6?s=96&d=mm&r=g\",\"caption\":\"Reda\u00e7\u00e3o Travel3\"},\"sameAs\":[\"http:\/\/www.travel3.com.br\/\"],\"url\":\"https:\/\/www.travel3.com.br\/site\/author\/redacao\/\"}]}<\/script>\n<!-- \/ Yoast SEO plugin. -->","yoast_head_json":{"title":"CEO da Vail Resorts anuncia doa\u00e7\u00f5es para combater Covid-19 - Travel3","description":"CEO da Vail Resorts anuncia doa\u00e7\u00f5es para combater Covid-19; Rob Katz direcionar\u00e1 um total de US$ 2,5 milh\u00f5es a funcion\u00e1rios e a cidades onde a empresa atua","robots":{"index":"index","follow":"follow","max-snippet":"max-snippet:-1","max-image-preview":"max-image-preview:large","max-video-preview":"max-video-preview:-1"},"canonical":"https:\/\/www.travel3.com.br\/site\/acontece-no-turismo\/ceo-da-vail-resorts\/","og_locale":"pt_BR","og_type":"article","og_title":"CEO da Vail Resorts anuncia doa\u00e7\u00f5es para combater Covid-19 - Travel3","og_description":"CEO da Vail Resorts anuncia doa\u00e7\u00f5es para combater Covid-19; Rob Katz direcionar\u00e1 um total de US$ 2,5 milh\u00f5es a funcion\u00e1rios e a cidades onde a empresa atua","og_url":"https:\/\/www.travel3.com.br\/site\/acontece-no-turismo\/ceo-da-vail-resorts\/","og_site_name":"Travel3","article_publisher":"https:\/\/www.facebook.com\/travel3media\/","article_published_time":"2020-04-09T08:00:09+00:00","og_image":[{"width":1920,"height":1312,"url":"https:\/\/www.travel3.com.br\/site\/wp-content\/uploads\/2020\/04\/vail-1710857_1920.jpg","type":"image\/jpeg"}],"author":"Reda\u00e7\u00e3o Travel3","twitter_card":"summary_large_image","twitter_misc":{"Escrito por":"Reda\u00e7\u00e3o Travel3","Est. tempo de leitura":"3 minutos"},"schema":{"@context":"https:\/\/schema.org","@graph":[{"@type":"Article","@id":"https:\/\/www.travel3.com.br\/site\/acontece-no-turismo\/ceo-da-vail-resorts\/#article","isPartOf":{"@id":"https:\/\/www.travel3.com.br\/site\/acontece-no-turismo\/ceo-da-vail-resorts\/"},"author":{"name":"Reda\u00e7\u00e3o Travel3","@id":"https:\/\/www.travel3.com.br\/site\/#\/schema\/person\/89251b0320bc67697de92249f97f3fdb"},"headline":"CEO da Vail Resorts anuncia doa\u00e7\u00f5es para combater Covid-19","datePublished":"2020-04-09T08:00:09+00:00","mainEntityOfPage":{"@id":"https:\/\/www.travel3.com.br\/site\/acontece-no-turismo\/ceo-da-vail-resorts\/"},"wordCount":540,"commentCount":0,"publisher":{"@id":"https:\/\/www.travel3.com.br\/site\/#organization"},"image":{"@id":"https:\/\/www.travel3.com.br\/site\/acontece-no-turismo\/ceo-da-vail-resorts\/#primaryimage"},"thumbnailUrl":"https:\/\/www.travel3.com.br\/site\/wp-content\/uploads\/2020\/04\/vail-1710857_1920.jpg","keywords":["Coronav\u00edrus","Vail"],"articleSection":["Acontece no Turismo","Destaque"],"inLanguage":"pt-BR","potentialAction":[{"@type":"CommentAction","name":"Comment","target":["https:\/\/www.travel3.com.br\/site\/acontece-no-turismo\/ceo-da-vail-resorts\/#respond"]}]},{"@type":"WebPage","@id":"https:\/\/www.travel3.com.br\/site\/acontece-no-turismo\/ceo-da-vail-resorts\/","url":"https:\/\/www.travel3.com.br\/site\/acontece-no-turismo\/ceo-da-vail-resorts\/","name":"CEO da Vail Resorts anuncia doa\u00e7\u00f5es para combater Covid-19 - Travel3","isPartOf":{"@id":"https:\/\/www.travel3.com.br\/site\/#website"},"primaryImageOfPage":{"@id":"https:\/\/www.travel3.com.br\/site\/acontece-no-turismo\/ceo-da-vail-resorts\/#primaryimage"},"image":{"@id":"https:\/\/www.travel3.com.br\/site\/acontece-no-turismo\/ceo-da-vail-resorts\/#primaryimage"},"thumbnailUrl":"https:\/\/www.travel3.com.br\/site\/wp-content\/uploads\/2020\/04\/vail-1710857_1920.jpg","datePublished":"2020-04-09T08:00:09+00:00","description":"CEO da Vail Resorts anuncia doa\u00e7\u00f5es para combater Covid-19; Rob Katz direcionar\u00e1 um total de US$ 2,5 milh\u00f5es a funcion\u00e1rios e a cidades onde a empresa atua","breadcrumb":{"@id":"https:\/\/www.travel3.com.br\/site\/acontece-no-turismo\/ceo-da-vail-resorts\/#breadcrumb"},"inLanguage":"pt-BR","potentialAction":[{"@type":"ReadAction","target":["https:\/\/www.travel3.com.br\/site\/acontece-no-turismo\/ceo-da-vail-resorts\/"]}]},{"@type":"ImageObject","inLanguage":"pt-BR","@id":"https:\/\/www.travel3.com.br\/site\/acontece-no-turismo\/ceo-da-vail-resorts\/#primaryimage","url":"https:\/\/www.travel3.com.br\/site\/wp-content\/uploads\/2020\/04\/vail-1710857_1920.jpg","contentUrl":"https:\/\/www.travel3.com.br\/site\/wp-content\/uploads\/2020\/04\/vail-1710857_1920.jpg","width":1920,"height":1312,"caption":"Vail, Colorado (Foto: Divulga\u00e7\u00e3o)"},{"@type":"BreadcrumbList","@id":"https:\/\/www.travel3.com.br\/site\/acontece-no-turismo\/ceo-da-vail-resorts\/#breadcrumb","itemListElement":[{"@type":"ListItem","position":1,"name":"In\u00edcio","item":"https:\/\/www.travel3.com.br\/site\/"},{"@type":"ListItem","position":2,"name":"CEO da Vail Resorts anuncia doa\u00e7\u00f5es para combater Covid-19"}]},{"@type":"WebSite","@id":"https:\/\/www.travel3.com.br\/site\/#website","url":"https:\/\/www.travel3.com.br\/site\/","name":"Travel3","description":"Lazer + Neg&oacute;cios + Aventura","publisher":{"@id":"https:\/\/www.travel3.com.br\/site\/#organization"},"potentialAction":[{"@type":"SearchAction","target":{"@type":"EntryPoint","urlTemplate":"https:\/\/www.travel3.com.br\/site\/?s={search_term_string}"},"query-input":{"@type":"PropertyValueSpecification","valueRequired":true,"valueName":"search_term_string"}}],"inLanguage":"pt-BR"},{"@type":"Organization","@id":"https:\/\/www.travel3.com.br\/site\/#organization","name":"Travel3","url":"https:\/\/www.travel3.com.br\/site\/","logo":{"@type":"ImageObject","inLanguage":"pt-BR","@id":"https:\/\/www.travel3.com.br\/site\/#\/schema\/logo\/image\/","url":"https:\/\/www.travel3.com.br\/site\/wp-content\/uploads\/2020\/01\/logo-travel3-2020.png","contentUrl":"https:\/\/www.travel3.com.br\/site\/wp-content\/uploads\/2020\/01\/logo-travel3-2020.png","width":232,"height":79,"caption":"Travel3"},"image":{"@id":"https:\/\/www.travel3.com.br\/site\/#\/schema\/logo\/image\/"},"sameAs":["https:\/\/www.facebook.com\/travel3media\/","https:\/\/www.instagram.com\/revistatravel3\/","https:\/\/www.youtube.com\/channel\/UCno7J4paGBR3VbZQzvoJ9Eg"]},{"@type":"Person","@id":"https:\/\/www.travel3.com.br\/site\/#\/schema\/person\/89251b0320bc67697de92249f97f3fdb","name":"Reda\u00e7\u00e3o Travel3","image":{"@type":"ImageObject","inLanguage":"pt-BR","@id":"https:\/\/www.travel3.com.br\/site\/#\/schema\/person\/image\/","url":"https:\/\/secure.gravatar.com\/avatar\/85a5ec2ad99b1932f671ebf50c117db6?s=96&d=mm&r=g","contentUrl":"https:\/\/secure.gravatar.com\/avatar\/85a5ec2ad99b1932f671ebf50c117db6?s=96&d=mm&r=g","caption":"Reda\u00e7\u00e3o Travel3"},"sameAs":["http:\/\/www.travel3.com.br\/"],"url":"https:\/\/www.travel3.com.br\/site\/author\/redacao\/"}]}},"_links":{"self":[{"href":"https:\/\/www.travel3.com.br\/site\/wp-json\/wp\/v2\/posts\/32629","targetHints":{"allow":["GET"]}}],"collection":[{"href":"https:\/\/www.travel3.com.br\/site\/wp-json\/wp\/v2\/posts"}],"about":[{"href":"https:\/\/www.travel3.com.br\/site\/wp-json\/wp\/v2\/types\/post"}],"author":[{"embeddable":true,"href":"https:\/\/www.travel3.com.br\/site\/wp-json\/wp\/v2\/users\/5"}],"replies":[{"embeddable":true,"href":"https:\/\/www.travel3.com.br\/site\/wp-json\/wp\/v2\/comments?post=32629"}],"version-history":[{"count":3,"href":"https:\/\/www.travel3.com.br\/site\/wp-json\/wp\/v2\/posts\/32629\/revisions"}],"predecessor-version":[{"id":32646,"href":"https:\/\/www.travel3.com.br\/site\/wp-json\/wp\/v2\/posts\/32629\/revisions\/32646"}],"wp:featuredmedia":[{"embeddable":true,"href":"https:\/\/www.travel3.com.br\/site\/wp-json\/wp\/v2\/media\/32645"}],"wp:attachment":[{"href":"https:\/\/www.travel3.com.br\/site\/wp-json\/wp\/v2\/media?parent=32629"}],"wp:term":[{"taxonomy":"category","embeddable":true,"href":"https:\/\/www.travel3.com.br\/site\/wp-json\/wp\/v2\/categories?post=32629"},{"taxonomy":"post_tag","embeddable":true,"href":"https:\/\/www.travel3.com.br\/site\/wp-json\/wp\/v2\/tags?post=32629"}],"curies":[{"name":"wp","href":"https:\/\/api.w.org\/{rel}","templated":true}]}}