{"id":3261,"date":"2017-08-28T10:49:23","date_gmt":"2017-08-28T10:49:23","guid":{"rendered":"http:\/\/www.travel3.com.br\/site\/ir-e-vir\/ar\/universal-anuncia-astros-de-harry-potter-para-o-evento-mundial\/"},"modified":"2017-09-12T18:15:34","modified_gmt":"2017-09-12T18:15:34","slug":"universal-anuncia-astros-de-harry-potter-para-o-evento-mundial","status":"publish","type":"post","link":"https:\/\/www.travel3.com.br\/site\/sem-categoria\/universal-anuncia-astros-de-harry-potter-para-o-evento-mundial\/","title":{"rendered":"UNIVERSAL ANUNCIA ASTROS DE HARRY POTTER PARA O EVENTO MUNDIAL"},"content":{"rendered":"<p><span style=\"color: #40acad; font-family: -apple-system, system-ui, 'Segoe UI', Roboto, Oxygen-Sans, Ubuntu, Cantarell, 'Helvetica Neue', sans-serif; font-size: 12px; font-weight: bold;\"><\/p>\n<p style=\"text-align:justify\"><a class=\"fancybox-media\" href=\"..\/_uploads\/_noticia\/2016-12\/a-celebration-of-harry-potter-2017-lr161208-132729.jpg\" rel=\"portfolio\"><img decoding=\"async\" alt=\"\" src=\"..\/_uploads\/_noticia\/2016-12\/a-celebration-of-harry-potter-2017-lr161208-132729.jpg\" \/><\/a><\/p>\n<p style=\"text-align:justify\">O Universal Orlando e a Warner Bros. Consumer Products revelaram detalhes sobre o quarto evento anual \u201cA Celebration of Harry Potter\u201d \u2013 com dura\u00e7\u00e3o de tr\u00eas dias repletos de experi\u00eancias emocionantes e que acontecer\u00e3o de 27 a 29 de janeiro de 2017.<\/p>\n<p style=\"text-align:justify\">Pela primeira vez na hist\u00f3ria do evento, Warwick Davis (que interpretou o Professor Flitwick e Griphook) ir\u00e1 participar desse encontro m\u00e1gico, junto com seu companheiro dos filmes Harry Potter, o astro Matthew Lewis (que interpretou Neville Longbottom). Mais astros ser\u00e3o anunciados em uma data posterior.<\/p>\n<p style=\"text-align:justify\">O time criativo que tamb\u00e9m dever\u00e1 comparecer inclui Nick Dudman, maquiador de efeitos especiais dos filmes da s\u00e9rie Harry Potter, Pierre Bohanna, designer de adere\u00e7os em todos os filmes da s\u00e9rie, Paul Harris, o singular core\u00f3grafo do Combate com Varinhas, Mary GrandPr\u00e9, famosa ilustradora dos livros de Harry Potter, e os designers Eduardo Lima e Miraphora Mina, da MinaLima, que criaram o estilo gr\u00e1fico visual dos filmes Harry Potter e tamb\u00e9m de Fantastic Beasts and Where to Find Them (\u201cAnimais Fant\u00e1sticos e Onde Habitam\u201d).<\/p>\n<p style=\"text-align:justify\">O evento dar\u00e1 aos convidados a oportunidade de celebrar o Mundo M\u00e1gico de J.K. Rowling com uma variedade de experi\u00eancias \u00fanicas, e de presenciar a maior Harry Potter Expo da hist\u00f3ria do evento, que trar\u00e1 ainda mais parceiros e exibi\u00e7\u00f5es imersivas do que nas \u00faltimas edi\u00e7\u00f5es.<\/p>\n<p style=\"text-align:justify\"><strong>Saiba mais = <a href=\"http:\/\/www.universalorlando.com\/celebration\">www.universalorlando.com\/celebration<\/a><\/strong><\/p>\n<p><\/span><\/p>\n","protected":false},"excerpt":{"rendered":"<p>Celebra\u00e7\u00e3o trar\u00e1 a maior exposi\u00e7\u00e3o de atores que interpretaram personagens da saga, al\u00e9m de pain\u00e9is e demonstra\u00e7\u00f5es do time criativo<\/p>\n","protected":false},"author":1,"featured_media":0,"comment_status":"open","ping_status":"open","sticky":false,"template":"","format":"standard","meta":{"footnotes":""},"categories":[],"tags":[],"class_list":["post-3261","post","type-post","status-publish","format-standard","hentry"],"yoast_head":"<!-- This site is optimized with the Yoast SEO plugin v26.2 - https:\/\/yoast.com\/wordpress\/plugins\/seo\/ -->\n<title>UNIVERSAL ANUNCIA ASTROS DE HARRY POTTER PARA O EVENTO MUNDIAL - Travel3<\/title>\n<meta name=\"description\" content=\"A TRAVEL3 \u00e9 um portal de conte\u00fado voltado para o turismo, encontre destinos, viagens, hospedagem, passagens, guias, not\u00edcias sobre o mercado do turismo, dicas de viagem, v\u00eddeos e podcast.\" \/>\n<meta name=\"robots\" content=\"index, follow, max-snippet:-1, max-image-preview:large, max-video-preview:-1\" \/>\n<link rel=\"canonical\" href=\"https:\/\/www.travel3.com.br\/site\/sem-categoria\/universal-anuncia-astros-de-harry-potter-para-o-evento-mundial\/\" \/>\n<meta property=\"og:locale\" content=\"pt_BR\" \/>\n<meta property=\"og:type\" content=\"article\" \/>\n<meta property=\"og:title\" content=\"UNIVERSAL ANUNCIA ASTROS DE HARRY POTTER PARA O EVENTO MUNDIAL - Travel3\" \/>\n<meta property=\"og:description\" content=\"A TRAVEL3 \u00e9 um portal de conte\u00fado voltado para o turismo, encontre destinos, viagens, hospedagem, passagens, guias, not\u00edcias sobre o mercado do turismo, dicas de viagem, v\u00eddeos e podcast.\" \/>\n<meta property=\"og:url\" content=\"https:\/\/www.travel3.com.br\/site\/sem-categoria\/universal-anuncia-astros-de-harry-potter-para-o-evento-mundial\/\" \/>\n<meta property=\"og:site_name\" content=\"Travel3\" \/>\n<meta property=\"article:publisher\" content=\"https:\/\/www.facebook.com\/travel3media\/\" \/>\n<meta property=\"article:published_time\" content=\"2017-08-28T10:49:23+00:00\" \/>\n<meta property=\"article:modified_time\" content=\"2017-09-12T18:15:34+00:00\" \/>\n<meta name=\"author\" content=\"admin\" \/>\n<meta name=\"twitter:card\" content=\"summary_large_image\" \/>\n<meta name=\"twitter:label1\" content=\"Escrito por\" \/>\n\t<meta name=\"twitter:data1\" content=\"admin\" \/>\n\t<meta name=\"twitter:label2\" content=\"Est. tempo de leitura\" \/>\n\t<meta name=\"twitter:data2\" content=\"1 minuto\" \/>\n<script type=\"application\/ld+json\" class=\"yoast-schema-graph\">{\"@context\":\"https:\/\/schema.org\",\"@graph\":[{\"@type\":\"Article\",\"@id\":\"https:\/\/www.travel3.com.br\/site\/sem-categoria\/universal-anuncia-astros-de-harry-potter-para-o-evento-mundial\/#article\",\"isPartOf\":{\"@id\":\"https:\/\/www.travel3.com.br\/site\/sem-categoria\/universal-anuncia-astros-de-harry-potter-para-o-evento-mundial\/\"},\"author\":{\"name\":\"admin\",\"@id\":\"https:\/\/www.travel3.com.br\/site\/#\/schema\/person\/a69d71e41a024999b6ab82369ac0bd1e\"},\"headline\":\"UNIVERSAL ANUNCIA ASTROS DE HARRY POTTER PARA O EVENTO MUNDIAL\",\"datePublished\":\"2017-08-28T10:49:23+00:00\",\"dateModified\":\"2017-09-12T18:15:34+00:00\",\"mainEntityOfPage\":{\"@id\":\"https:\/\/www.travel3.com.br\/site\/sem-categoria\/universal-anuncia-astros-de-harry-potter-para-o-evento-mundial\/\"},\"wordCount\":250,\"commentCount\":0,\"publisher\":{\"@id\":\"https:\/\/www.travel3.com.br\/site\/#organization\"},\"inLanguage\":\"pt-BR\",\"potentialAction\":[{\"@type\":\"CommentAction\",\"name\":\"Comment\",\"target\":[\"https:\/\/www.travel3.com.br\/site\/sem-categoria\/universal-anuncia-astros-de-harry-potter-para-o-evento-mundial\/#respond\"]}]},{\"@type\":\"WebPage\",\"@id\":\"https:\/\/www.travel3.com.br\/site\/sem-categoria\/universal-anuncia-astros-de-harry-potter-para-o-evento-mundial\/\",\"url\":\"https:\/\/www.travel3.com.br\/site\/sem-categoria\/universal-anuncia-astros-de-harry-potter-para-o-evento-mundial\/\",\"name\":\"UNIVERSAL ANUNCIA ASTROS DE HARRY POTTER PARA O EVENTO MUNDIAL - Travel3\",\"isPartOf\":{\"@id\":\"https:\/\/www.travel3.com.br\/site\/#website\"},\"datePublished\":\"2017-08-28T10:49:23+00:00\",\"dateModified\":\"2017-09-12T18:15:34+00:00\",\"description\":\"A TRAVEL3 \u00e9 um portal de conte\u00fado voltado para o turismo, encontre destinos, viagens, hospedagem, passagens, guias, not\u00edcias sobre o mercado do turismo, dicas de viagem, v\u00eddeos e podcast.\",\"breadcrumb\":{\"@id\":\"https:\/\/www.travel3.com.br\/site\/sem-categoria\/universal-anuncia-astros-de-harry-potter-para-o-evento-mundial\/#breadcrumb\"},\"inLanguage\":\"pt-BR\",\"potentialAction\":[{\"@type\":\"ReadAction\",\"target\":[\"https:\/\/www.travel3.com.br\/site\/sem-categoria\/universal-anuncia-astros-de-harry-potter-para-o-evento-mundial\/\"]}]},{\"@type\":\"BreadcrumbList\",\"@id\":\"https:\/\/www.travel3.com.br\/site\/sem-categoria\/universal-anuncia-astros-de-harry-potter-para-o-evento-mundial\/#breadcrumb\",\"itemListElement\":[{\"@type\":\"ListItem\",\"position\":1,\"name\":\"In\u00edcio\",\"item\":\"https:\/\/www.travel3.com.br\/site\/\"},{\"@type\":\"ListItem\",\"position\":2,\"name\":\"UNIVERSAL ANUNCIA ASTROS DE HARRY POTTER PARA O EVENTO MUNDIAL\"}]},{\"@type\":\"WebSite\",\"@id\":\"https:\/\/www.travel3.com.br\/site\/#website\",\"url\":\"https:\/\/www.travel3.com.br\/site\/\",\"name\":\"Travel3\",\"description\":\"Lazer + Neg&oacute;cios + Aventura\",\"publisher\":{\"@id\":\"https:\/\/www.travel3.com.br\/site\/#organization\"},\"potentialAction\":[{\"@type\":\"SearchAction\",\"target\":{\"@type\":\"EntryPoint\",\"urlTemplate\":\"https:\/\/www.travel3.com.br\/site\/?s={search_term_string}\"},\"query-input\":{\"@type\":\"PropertyValueSpecification\",\"valueRequired\":true,\"valueName\":\"search_term_string\"}}],\"inLanguage\":\"pt-BR\"},{\"@type\":\"Organization\",\"@id\":\"https:\/\/www.travel3.com.br\/site\/#organization\",\"name\":\"Travel3\",\"url\":\"https:\/\/www.travel3.com.br\/site\/\",\"logo\":{\"@type\":\"ImageObject\",\"inLanguage\":\"pt-BR\",\"@id\":\"https:\/\/www.travel3.com.br\/site\/#\/schema\/logo\/image\/\",\"url\":\"https:\/\/www.travel3.com.br\/site\/wp-content\/uploads\/2020\/01\/logo-travel3-2020.png\",\"contentUrl\":\"https:\/\/www.travel3.com.br\/site\/wp-content\/uploads\/2020\/01\/logo-travel3-2020.png\",\"width\":232,\"height\":79,\"caption\":\"Travel3\"},\"image\":{\"@id\":\"https:\/\/www.travel3.com.br\/site\/#\/schema\/logo\/image\/\"},\"sameAs\":[\"https:\/\/www.facebook.com\/travel3media\/\",\"https:\/\/www.instagram.com\/revistatravel3\/\",\"https:\/\/www.youtube.com\/channel\/UCno7J4paGBR3VbZQzvoJ9Eg\"]},{\"@type\":\"Person\",\"@id\":\"https:\/\/www.travel3.com.br\/site\/#\/schema\/person\/a69d71e41a024999b6ab82369ac0bd1e\",\"name\":\"admin\",\"image\":{\"@type\":\"ImageObject\",\"inLanguage\":\"pt-BR\",\"@id\":\"https:\/\/www.travel3.com.br\/site\/#\/schema\/person\/image\/\",\"url\":\"https:\/\/secure.gravatar.com\/avatar\/732a67adfd764da2a47ba10ce731c4c0?s=96&d=mm&r=g\",\"contentUrl\":\"https:\/\/secure.gravatar.com\/avatar\/732a67adfd764da2a47ba10ce731c4c0?s=96&d=mm&r=g\",\"caption\":\"admin\"},\"url\":\"https:\/\/www.travel3.com.br\/site\/author\/admin\/\"}]}<\/script>\n<!-- \/ Yoast SEO plugin. -->","yoast_head_json":{"title":"UNIVERSAL ANUNCIA ASTROS DE HARRY POTTER PARA O EVENTO MUNDIAL - Travel3","description":"A TRAVEL3 \u00e9 um portal de conte\u00fado voltado para o turismo, encontre destinos, viagens, hospedagem, passagens, guias, not\u00edcias sobre o mercado do turismo, dicas de viagem, v\u00eddeos e podcast.","robots":{"index":"index","follow":"follow","max-snippet":"max-snippet:-1","max-image-preview":"max-image-preview:large","max-video-preview":"max-video-preview:-1"},"canonical":"https:\/\/www.travel3.com.br\/site\/sem-categoria\/universal-anuncia-astros-de-harry-potter-para-o-evento-mundial\/","og_locale":"pt_BR","og_type":"article","og_title":"UNIVERSAL ANUNCIA ASTROS DE HARRY POTTER PARA O EVENTO MUNDIAL - Travel3","og_description":"A TRAVEL3 \u00e9 um portal de conte\u00fado voltado para o turismo, encontre destinos, viagens, hospedagem, passagens, guias, not\u00edcias sobre o mercado do turismo, dicas de viagem, v\u00eddeos e podcast.","og_url":"https:\/\/www.travel3.com.br\/site\/sem-categoria\/universal-anuncia-astros-de-harry-potter-para-o-evento-mundial\/","og_site_name":"Travel3","article_publisher":"https:\/\/www.facebook.com\/travel3media\/","article_published_time":"2017-08-28T10:49:23+00:00","article_modified_time":"2017-09-12T18:15:34+00:00","author":"admin","twitter_card":"summary_large_image","twitter_misc":{"Escrito por":"admin","Est. tempo de leitura":"1 minuto"},"schema":{"@context":"https:\/\/schema.org","@graph":[{"@type":"Article","@id":"https:\/\/www.travel3.com.br\/site\/sem-categoria\/universal-anuncia-astros-de-harry-potter-para-o-evento-mundial\/#article","isPartOf":{"@id":"https:\/\/www.travel3.com.br\/site\/sem-categoria\/universal-anuncia-astros-de-harry-potter-para-o-evento-mundial\/"},"author":{"name":"admin","@id":"https:\/\/www.travel3.com.br\/site\/#\/schema\/person\/a69d71e41a024999b6ab82369ac0bd1e"},"headline":"UNIVERSAL ANUNCIA ASTROS DE HARRY POTTER PARA O EVENTO MUNDIAL","datePublished":"2017-08-28T10:49:23+00:00","dateModified":"2017-09-12T18:15:34+00:00","mainEntityOfPage":{"@id":"https:\/\/www.travel3.com.br\/site\/sem-categoria\/universal-anuncia-astros-de-harry-potter-para-o-evento-mundial\/"},"wordCount":250,"commentCount":0,"publisher":{"@id":"https:\/\/www.travel3.com.br\/site\/#organization"},"inLanguage":"pt-BR","potentialAction":[{"@type":"CommentAction","name":"Comment","target":["https:\/\/www.travel3.com.br\/site\/sem-categoria\/universal-anuncia-astros-de-harry-potter-para-o-evento-mundial\/#respond"]}]},{"@type":"WebPage","@id":"https:\/\/www.travel3.com.br\/site\/sem-categoria\/universal-anuncia-astros-de-harry-potter-para-o-evento-mundial\/","url":"https:\/\/www.travel3.com.br\/site\/sem-categoria\/universal-anuncia-astros-de-harry-potter-para-o-evento-mundial\/","name":"UNIVERSAL ANUNCIA ASTROS DE HARRY POTTER PARA O EVENTO MUNDIAL - Travel3","isPartOf":{"@id":"https:\/\/www.travel3.com.br\/site\/#website"},"datePublished":"2017-08-28T10:49:23+00:00","dateModified":"2017-09-12T18:15:34+00:00","description":"A TRAVEL3 \u00e9 um portal de conte\u00fado voltado para o turismo, encontre destinos, viagens, hospedagem, passagens, guias, not\u00edcias sobre o mercado do turismo, dicas de viagem, v\u00eddeos e podcast.","breadcrumb":{"@id":"https:\/\/www.travel3.com.br\/site\/sem-categoria\/universal-anuncia-astros-de-harry-potter-para-o-evento-mundial\/#breadcrumb"},"inLanguage":"pt-BR","potentialAction":[{"@type":"ReadAction","target":["https:\/\/www.travel3.com.br\/site\/sem-categoria\/universal-anuncia-astros-de-harry-potter-para-o-evento-mundial\/"]}]},{"@type":"BreadcrumbList","@id":"https:\/\/www.travel3.com.br\/site\/sem-categoria\/universal-anuncia-astros-de-harry-potter-para-o-evento-mundial\/#breadcrumb","itemListElement":[{"@type":"ListItem","position":1,"name":"In\u00edcio","item":"https:\/\/www.travel3.com.br\/site\/"},{"@type":"ListItem","position":2,"name":"UNIVERSAL ANUNCIA ASTROS DE HARRY POTTER PARA O EVENTO MUNDIAL"}]},{"@type":"WebSite","@id":"https:\/\/www.travel3.com.br\/site\/#website","url":"https:\/\/www.travel3.com.br\/site\/","name":"Travel3","description":"Lazer + Neg&oacute;cios + Aventura","publisher":{"@id":"https:\/\/www.travel3.com.br\/site\/#organization"},"potentialAction":[{"@type":"SearchAction","target":{"@type":"EntryPoint","urlTemplate":"https:\/\/www.travel3.com.br\/site\/?s={search_term_string}"},"query-input":{"@type":"PropertyValueSpecification","valueRequired":true,"valueName":"search_term_string"}}],"inLanguage":"pt-BR"},{"@type":"Organization","@id":"https:\/\/www.travel3.com.br\/site\/#organization","name":"Travel3","url":"https:\/\/www.travel3.com.br\/site\/","logo":{"@type":"ImageObject","inLanguage":"pt-BR","@id":"https:\/\/www.travel3.com.br\/site\/#\/schema\/logo\/image\/","url":"https:\/\/www.travel3.com.br\/site\/wp-content\/uploads\/2020\/01\/logo-travel3-2020.png","contentUrl":"https:\/\/www.travel3.com.br\/site\/wp-content\/uploads\/2020\/01\/logo-travel3-2020.png","width":232,"height":79,"caption":"Travel3"},"image":{"@id":"https:\/\/www.travel3.com.br\/site\/#\/schema\/logo\/image\/"},"sameAs":["https:\/\/www.facebook.com\/travel3media\/","https:\/\/www.instagram.com\/revistatravel3\/","https:\/\/www.youtube.com\/channel\/UCno7J4paGBR3VbZQzvoJ9Eg"]},{"@type":"Person","@id":"https:\/\/www.travel3.com.br\/site\/#\/schema\/person\/a69d71e41a024999b6ab82369ac0bd1e","name":"admin","image":{"@type":"ImageObject","inLanguage":"pt-BR","@id":"https:\/\/www.travel3.com.br\/site\/#\/schema\/person\/image\/","url":"https:\/\/secure.gravatar.com\/avatar\/732a67adfd764da2a47ba10ce731c4c0?s=96&d=mm&r=g","contentUrl":"https:\/\/secure.gravatar.com\/avatar\/732a67adfd764da2a47ba10ce731c4c0?s=96&d=mm&r=g","caption":"admin"},"url":"https:\/\/www.travel3.com.br\/site\/author\/admin\/"}]}},"_links":{"self":[{"href":"https:\/\/www.travel3.com.br\/site\/wp-json\/wp\/v2\/posts\/3261","targetHints":{"allow":["GET"]}}],"collection":[{"href":"https:\/\/www.travel3.com.br\/site\/wp-json\/wp\/v2\/posts"}],"about":[{"href":"https:\/\/www.travel3.com.br\/site\/wp-json\/wp\/v2\/types\/post"}],"author":[{"embeddable":true,"href":"https:\/\/www.travel3.com.br\/site\/wp-json\/wp\/v2\/users\/1"}],"replies":[{"embeddable":true,"href":"https:\/\/www.travel3.com.br\/site\/wp-json\/wp\/v2\/comments?post=3261"}],"version-history":[{"count":1,"href":"https:\/\/www.travel3.com.br\/site\/wp-json\/wp\/v2\/posts\/3261\/revisions"}],"predecessor-version":[{"id":4059,"href":"https:\/\/www.travel3.com.br\/site\/wp-json\/wp\/v2\/posts\/3261\/revisions\/4059"}],"wp:attachment":[{"href":"https:\/\/www.travel3.com.br\/site\/wp-json\/wp\/v2\/media?parent=3261"}],"wp:term":[{"taxonomy":"category","embeddable":true,"href":"https:\/\/www.travel3.com.br\/site\/wp-json\/wp\/v2\/categories?post=3261"},{"taxonomy":"post_tag","embeddable":true,"href":"https:\/\/www.travel3.com.br\/site\/wp-json\/wp\/v2\/tags?post=3261"}],"curies":[{"name":"wp","href":"https:\/\/api.w.org\/{rel}","templated":true}]}}