{"id":3245,"date":"2016-12-13T08:25:43","date_gmt":"2016-12-13T08:25:43","guid":{"rendered":"http:\/\/www.travel3.com.br\/site\/ir-e-vir\/ar\/atlantica-hotels-encerra-encontro-de-vendas-e-negocios-em-bh\/"},"modified":"2017-09-12T18:15:11","modified_gmt":"2017-09-12T18:15:11","slug":"atlantica-hotels-encerra-encontro-de-vendas-e-negocios-em-bh","status":"publish","type":"post","link":"https:\/\/www.travel3.com.br\/site\/sem-categoria\/atlantica-hotels-encerra-encontro-de-vendas-e-negocios-em-bh\/","title":{"rendered":"ATLANTICA HOTELS ENCERRA ENCONTRO DE VENDAS E NEG\u00d3CIOS EM BH"},"content":{"rendered":"<p><span style=\"color: #40acad; font-family: -apple-system, system-ui, 'Segoe UI', Roboto, Oxygen-Sans, Ubuntu, Cantarell, 'Helvetica Neue', sans-serif; font-size: 12px; font-weight: bold;\"><\/p>\n<p style=\"text-align:justify\"><a class=\"fancybox-media\" href=\"..\/_uploads\/_noticia\/2016-12\/encontro-de-vendas.png\" rel=\"portfolio\"><img decoding=\"async\" alt=\"\" src=\"..\/_uploads\/_noticia\/2016-12\/encontro-de-vendas.png\" \/><\/a><\/p>\n<p style=\"text-align:justify\">No \u00faltimo dia do 11\u00ba Encontro de Vendas, Neg\u00f3cios e Expo Business da Atlantica Hotels, realizado em Belo Horizonte at\u00e9 o final da semana, os profissionais da companhia tiveram uma agenda intensa, al\u00e9m da tradicional pose em conjunto de todos os participantes.<\/p>\n<p style=\"text-align:justify\">Pela manh\u00e3, em Inhotim, sede de um dos mais importantes acervos de arte contempor\u00e2nea do Brasil, a equipe assistiu ao painel dos vice-presidentes da Atlantica, com a participa\u00e7\u00e3o de Ricardo Bluvol, de Desenvolvimento, Din\u00e1urea Cheffins, de RH, e Christer Holtze, COO, com aintermedia\u00e7\u00e3o de Annie Morrissey, de Vendas e Marketing.<\/p>\n<p style=\"text-align:justify\">Na sequ\u00eancia, Marcos Vileski, diretor de Neg\u00f3cios Estrat\u00e9gicos, convocou Reifer de Souza, diretor da Alatur JTB; Luis Ferrinho, fundador e CEO da Omnibees; Phelipe Farah, diretor da Hotel Solutions HRS para a Am\u00e9rica Latina e; Luz Giovanna, coordenadora de compras da Usiminas, para um painel mediado por L\u00facio Oliveira, coach e CEO da Capacitar Educa\u00e7\u00e3o Corporativa. Foram \u00a0debatidos temas como distribui\u00e7\u00e3o, cen\u00e1rio pol\u00edtico-econ\u00f4mico,\u00a0sharing economy, tecnologia e novas gera\u00e7\u00f5es de consumidores.<\/p>\n<p style=\"text-align:justify\">O jantar\u00a0Future Award, realizado no Radisson Blu, teve a indica\u00e7\u00e3o dos 18 vencedores da campanha Atitude, programa de Vendas da Atlantica de 2016, cujos pilares eram Inovar, Cooperar e Superar.\u00a0<\/p>\n<p style=\"text-align:justify\">Para o 3\u00ba Trimestre, compreendendo os meses de agosto, setembro e outubro, Talita Cardoso, gerente de Vendas do escrit\u00f3rio comercial da Atlantica, alcan\u00e7ou o 1\u00ba lugar ao acumular R$ 8,6 milh\u00f5es, superando a meta em 17%.<\/p>\n<p style=\"text-align:justify\"><a class=\"fancybox-media\" href=\"..\/_uploads\/_noticia\/2016-12\/talita-cardoso.png\" rel=\"portfolio\"><img decoding=\"async\" alt=\"\" src=\"..\/_uploads\/_noticia\/2016-12\/talita-cardoso.png\" \/><\/a> <strong>Talita com o seu certificado, ao lado de Anney Morrissey, <\/strong><span style=\"background-color:rgb(255, 255, 255); color:rgb(0, 0, 0)\"><strong>Eduardo Gachido,\u00a0 e Michele Tavares, diretores da \u00e1rea Comercial <\/strong>(Fotos\/Divulga\u00e7\u00e3o\/Celso Freitas Filho)<\/span><\/p>\n<p style=\"text-align:justify\">A pr\u00f3pria Talita Cardoso recebeu o pr\u00eamio anual ao atingir R$ 27 milh\u00f5es, tamb\u00e9m com meta 17% maior do que o estipulado.<\/p>\n<p style=\"text-align:justify\">Entre as Chefias, a grande vencedora foi Ludimilla Roumillac, gerente regional de Vendas do Centro-Oeste, que atingiu R$ 10 milh\u00f5es em receitas, o que significa \u00edndice 25% superior \u00e0 meta inicial.<\/p>\n<p>\u00a0<\/p>\n<p>\n\u00a0<\/p>\n<p>\u00a0<\/p>\n<p>\u00a0<\/p>\n<p><\/span><\/p>\n","protected":false},"excerpt":{"rendered":"<p>Mais premia\u00e7\u00f5es  &#8211; inclusive com vencedores do ano  &#8211; completaram a reuni\u00e3o que foi a 11\u00aa. edi\u00e7\u00e3o de Vendas, Neg\u00f3cios e Expo Business<\/p>\n","protected":false},"author":1,"featured_media":0,"comment_status":"open","ping_status":"open","sticky":false,"template":"","format":"standard","meta":{"footnotes":""},"categories":[],"tags":[],"class_list":["post-3245","post","type-post","status-publish","format-standard","hentry"],"yoast_head":"<!-- This site is optimized with the Yoast SEO plugin v26.2 - https:\/\/yoast.com\/wordpress\/plugins\/seo\/ -->\n<title>ATLANTICA HOTELS ENCERRA ENCONTRO DE VENDAS E NEG\u00d3CIOS EM BH - Travel3<\/title>\n<meta name=\"description\" content=\"A TRAVEL3 \u00e9 um portal de conte\u00fado voltado para o turismo, encontre destinos, viagens, hospedagem, passagens, guias, not\u00edcias sobre o mercado do turismo, dicas de viagem, v\u00eddeos e podcast.\" \/>\n<meta name=\"robots\" content=\"index, follow, max-snippet:-1, max-image-preview:large, max-video-preview:-1\" \/>\n<link rel=\"canonical\" href=\"https:\/\/www.travel3.com.br\/site\/sem-categoria\/atlantica-hotels-encerra-encontro-de-vendas-e-negocios-em-bh\/\" \/>\n<meta property=\"og:locale\" content=\"pt_BR\" \/>\n<meta property=\"og:type\" content=\"article\" \/>\n<meta property=\"og:title\" content=\"ATLANTICA HOTELS ENCERRA ENCONTRO DE VENDAS E NEG\u00d3CIOS EM BH - Travel3\" \/>\n<meta property=\"og:description\" content=\"A TRAVEL3 \u00e9 um portal de conte\u00fado voltado para o turismo, encontre destinos, viagens, hospedagem, passagens, guias, not\u00edcias sobre o mercado do turismo, dicas de viagem, v\u00eddeos e podcast.\" \/>\n<meta property=\"og:url\" content=\"https:\/\/www.travel3.com.br\/site\/sem-categoria\/atlantica-hotels-encerra-encontro-de-vendas-e-negocios-em-bh\/\" \/>\n<meta property=\"og:site_name\" content=\"Travel3\" \/>\n<meta property=\"article:publisher\" content=\"https:\/\/www.facebook.com\/travel3media\/\" \/>\n<meta property=\"article:published_time\" content=\"2016-12-13T08:25:43+00:00\" \/>\n<meta property=\"article:modified_time\" content=\"2017-09-12T18:15:11+00:00\" \/>\n<meta name=\"author\" content=\"admin\" \/>\n<meta name=\"twitter:card\" content=\"summary_large_image\" \/>\n<meta name=\"twitter:label1\" content=\"Escrito por\" \/>\n\t<meta name=\"twitter:data1\" content=\"admin\" \/>\n\t<meta name=\"twitter:label2\" content=\"Est. tempo de leitura\" \/>\n\t<meta name=\"twitter:data2\" content=\"2 minutos\" \/>\n<script type=\"application\/ld+json\" class=\"yoast-schema-graph\">{\"@context\":\"https:\/\/schema.org\",\"@graph\":[{\"@type\":\"Article\",\"@id\":\"https:\/\/www.travel3.com.br\/site\/sem-categoria\/atlantica-hotels-encerra-encontro-de-vendas-e-negocios-em-bh\/#article\",\"isPartOf\":{\"@id\":\"https:\/\/www.travel3.com.br\/site\/sem-categoria\/atlantica-hotels-encerra-encontro-de-vendas-e-negocios-em-bh\/\"},\"author\":{\"name\":\"admin\",\"@id\":\"https:\/\/www.travel3.com.br\/site\/#\/schema\/person\/a69d71e41a024999b6ab82369ac0bd1e\"},\"headline\":\"ATLANTICA HOTELS ENCERRA ENCONTRO DE VENDAS E NEG\u00d3CIOS EM BH\",\"datePublished\":\"2016-12-13T08:25:43+00:00\",\"dateModified\":\"2017-09-12T18:15:11+00:00\",\"mainEntityOfPage\":{\"@id\":\"https:\/\/www.travel3.com.br\/site\/sem-categoria\/atlantica-hotels-encerra-encontro-de-vendas-e-negocios-em-bh\/\"},\"wordCount\":333,\"commentCount\":0,\"publisher\":{\"@id\":\"https:\/\/www.travel3.com.br\/site\/#organization\"},\"inLanguage\":\"pt-BR\",\"potentialAction\":[{\"@type\":\"CommentAction\",\"name\":\"Comment\",\"target\":[\"https:\/\/www.travel3.com.br\/site\/sem-categoria\/atlantica-hotels-encerra-encontro-de-vendas-e-negocios-em-bh\/#respond\"]}]},{\"@type\":\"WebPage\",\"@id\":\"https:\/\/www.travel3.com.br\/site\/sem-categoria\/atlantica-hotels-encerra-encontro-de-vendas-e-negocios-em-bh\/\",\"url\":\"https:\/\/www.travel3.com.br\/site\/sem-categoria\/atlantica-hotels-encerra-encontro-de-vendas-e-negocios-em-bh\/\",\"name\":\"ATLANTICA HOTELS ENCERRA ENCONTRO DE VENDAS E NEG\u00d3CIOS EM BH - Travel3\",\"isPartOf\":{\"@id\":\"https:\/\/www.travel3.com.br\/site\/#website\"},\"datePublished\":\"2016-12-13T08:25:43+00:00\",\"dateModified\":\"2017-09-12T18:15:11+00:00\",\"description\":\"A TRAVEL3 \u00e9 um portal de conte\u00fado voltado para o turismo, encontre destinos, viagens, hospedagem, passagens, guias, not\u00edcias sobre o mercado do turismo, dicas de viagem, v\u00eddeos e podcast.\",\"breadcrumb\":{\"@id\":\"https:\/\/www.travel3.com.br\/site\/sem-categoria\/atlantica-hotels-encerra-encontro-de-vendas-e-negocios-em-bh\/#breadcrumb\"},\"inLanguage\":\"pt-BR\",\"potentialAction\":[{\"@type\":\"ReadAction\",\"target\":[\"https:\/\/www.travel3.com.br\/site\/sem-categoria\/atlantica-hotels-encerra-encontro-de-vendas-e-negocios-em-bh\/\"]}]},{\"@type\":\"BreadcrumbList\",\"@id\":\"https:\/\/www.travel3.com.br\/site\/sem-categoria\/atlantica-hotels-encerra-encontro-de-vendas-e-negocios-em-bh\/#breadcrumb\",\"itemListElement\":[{\"@type\":\"ListItem\",\"position\":1,\"name\":\"In\u00edcio\",\"item\":\"https:\/\/www.travel3.com.br\/site\/\"},{\"@type\":\"ListItem\",\"position\":2,\"name\":\"ATLANTICA HOTELS ENCERRA ENCONTRO DE VENDAS E NEG\u00d3CIOS EM BH\"}]},{\"@type\":\"WebSite\",\"@id\":\"https:\/\/www.travel3.com.br\/site\/#website\",\"url\":\"https:\/\/www.travel3.com.br\/site\/\",\"name\":\"Travel3\",\"description\":\"Lazer + Neg&oacute;cios + Aventura\",\"publisher\":{\"@id\":\"https:\/\/www.travel3.com.br\/site\/#organization\"},\"potentialAction\":[{\"@type\":\"SearchAction\",\"target\":{\"@type\":\"EntryPoint\",\"urlTemplate\":\"https:\/\/www.travel3.com.br\/site\/?s={search_term_string}\"},\"query-input\":{\"@type\":\"PropertyValueSpecification\",\"valueRequired\":true,\"valueName\":\"search_term_string\"}}],\"inLanguage\":\"pt-BR\"},{\"@type\":\"Organization\",\"@id\":\"https:\/\/www.travel3.com.br\/site\/#organization\",\"name\":\"Travel3\",\"url\":\"https:\/\/www.travel3.com.br\/site\/\",\"logo\":{\"@type\":\"ImageObject\",\"inLanguage\":\"pt-BR\",\"@id\":\"https:\/\/www.travel3.com.br\/site\/#\/schema\/logo\/image\/\",\"url\":\"https:\/\/www.travel3.com.br\/site\/wp-content\/uploads\/2020\/01\/logo-travel3-2020.png\",\"contentUrl\":\"https:\/\/www.travel3.com.br\/site\/wp-content\/uploads\/2020\/01\/logo-travel3-2020.png\",\"width\":232,\"height\":79,\"caption\":\"Travel3\"},\"image\":{\"@id\":\"https:\/\/www.travel3.com.br\/site\/#\/schema\/logo\/image\/\"},\"sameAs\":[\"https:\/\/www.facebook.com\/travel3media\/\",\"https:\/\/www.instagram.com\/revistatravel3\/\",\"https:\/\/www.youtube.com\/channel\/UCno7J4paGBR3VbZQzvoJ9Eg\"]},{\"@type\":\"Person\",\"@id\":\"https:\/\/www.travel3.com.br\/site\/#\/schema\/person\/a69d71e41a024999b6ab82369ac0bd1e\",\"name\":\"admin\",\"image\":{\"@type\":\"ImageObject\",\"inLanguage\":\"pt-BR\",\"@id\":\"https:\/\/www.travel3.com.br\/site\/#\/schema\/person\/image\/\",\"url\":\"https:\/\/secure.gravatar.com\/avatar\/732a67adfd764da2a47ba10ce731c4c0?s=96&d=mm&r=g\",\"contentUrl\":\"https:\/\/secure.gravatar.com\/avatar\/732a67adfd764da2a47ba10ce731c4c0?s=96&d=mm&r=g\",\"caption\":\"admin\"},\"url\":\"https:\/\/www.travel3.com.br\/site\/author\/admin\/\"}]}<\/script>\n<!-- \/ Yoast SEO plugin. -->","yoast_head_json":{"title":"ATLANTICA HOTELS ENCERRA ENCONTRO DE VENDAS E NEG\u00d3CIOS EM BH - Travel3","description":"A TRAVEL3 \u00e9 um portal de conte\u00fado voltado para o turismo, encontre destinos, viagens, hospedagem, passagens, guias, not\u00edcias sobre o mercado do turismo, dicas de viagem, v\u00eddeos e podcast.","robots":{"index":"index","follow":"follow","max-snippet":"max-snippet:-1","max-image-preview":"max-image-preview:large","max-video-preview":"max-video-preview:-1"},"canonical":"https:\/\/www.travel3.com.br\/site\/sem-categoria\/atlantica-hotels-encerra-encontro-de-vendas-e-negocios-em-bh\/","og_locale":"pt_BR","og_type":"article","og_title":"ATLANTICA HOTELS ENCERRA ENCONTRO DE VENDAS E NEG\u00d3CIOS EM BH - Travel3","og_description":"A TRAVEL3 \u00e9 um portal de conte\u00fado voltado para o turismo, encontre destinos, viagens, hospedagem, passagens, guias, not\u00edcias sobre o mercado do turismo, dicas de viagem, v\u00eddeos e podcast.","og_url":"https:\/\/www.travel3.com.br\/site\/sem-categoria\/atlantica-hotels-encerra-encontro-de-vendas-e-negocios-em-bh\/","og_site_name":"Travel3","article_publisher":"https:\/\/www.facebook.com\/travel3media\/","article_published_time":"2016-12-13T08:25:43+00:00","article_modified_time":"2017-09-12T18:15:11+00:00","author":"admin","twitter_card":"summary_large_image","twitter_misc":{"Escrito por":"admin","Est. tempo de leitura":"2 minutos"},"schema":{"@context":"https:\/\/schema.org","@graph":[{"@type":"Article","@id":"https:\/\/www.travel3.com.br\/site\/sem-categoria\/atlantica-hotels-encerra-encontro-de-vendas-e-negocios-em-bh\/#article","isPartOf":{"@id":"https:\/\/www.travel3.com.br\/site\/sem-categoria\/atlantica-hotels-encerra-encontro-de-vendas-e-negocios-em-bh\/"},"author":{"name":"admin","@id":"https:\/\/www.travel3.com.br\/site\/#\/schema\/person\/a69d71e41a024999b6ab82369ac0bd1e"},"headline":"ATLANTICA HOTELS ENCERRA ENCONTRO DE VENDAS E NEG\u00d3CIOS EM BH","datePublished":"2016-12-13T08:25:43+00:00","dateModified":"2017-09-12T18:15:11+00:00","mainEntityOfPage":{"@id":"https:\/\/www.travel3.com.br\/site\/sem-categoria\/atlantica-hotels-encerra-encontro-de-vendas-e-negocios-em-bh\/"},"wordCount":333,"commentCount":0,"publisher":{"@id":"https:\/\/www.travel3.com.br\/site\/#organization"},"inLanguage":"pt-BR","potentialAction":[{"@type":"CommentAction","name":"Comment","target":["https:\/\/www.travel3.com.br\/site\/sem-categoria\/atlantica-hotels-encerra-encontro-de-vendas-e-negocios-em-bh\/#respond"]}]},{"@type":"WebPage","@id":"https:\/\/www.travel3.com.br\/site\/sem-categoria\/atlantica-hotels-encerra-encontro-de-vendas-e-negocios-em-bh\/","url":"https:\/\/www.travel3.com.br\/site\/sem-categoria\/atlantica-hotels-encerra-encontro-de-vendas-e-negocios-em-bh\/","name":"ATLANTICA HOTELS ENCERRA ENCONTRO DE VENDAS E NEG\u00d3CIOS EM BH - Travel3","isPartOf":{"@id":"https:\/\/www.travel3.com.br\/site\/#website"},"datePublished":"2016-12-13T08:25:43+00:00","dateModified":"2017-09-12T18:15:11+00:00","description":"A TRAVEL3 \u00e9 um portal de conte\u00fado voltado para o turismo, encontre destinos, viagens, hospedagem, passagens, guias, not\u00edcias sobre o mercado do turismo, dicas de viagem, v\u00eddeos e podcast.","breadcrumb":{"@id":"https:\/\/www.travel3.com.br\/site\/sem-categoria\/atlantica-hotels-encerra-encontro-de-vendas-e-negocios-em-bh\/#breadcrumb"},"inLanguage":"pt-BR","potentialAction":[{"@type":"ReadAction","target":["https:\/\/www.travel3.com.br\/site\/sem-categoria\/atlantica-hotels-encerra-encontro-de-vendas-e-negocios-em-bh\/"]}]},{"@type":"BreadcrumbList","@id":"https:\/\/www.travel3.com.br\/site\/sem-categoria\/atlantica-hotels-encerra-encontro-de-vendas-e-negocios-em-bh\/#breadcrumb","itemListElement":[{"@type":"ListItem","position":1,"name":"In\u00edcio","item":"https:\/\/www.travel3.com.br\/site\/"},{"@type":"ListItem","position":2,"name":"ATLANTICA HOTELS ENCERRA ENCONTRO DE VENDAS E NEG\u00d3CIOS EM BH"}]},{"@type":"WebSite","@id":"https:\/\/www.travel3.com.br\/site\/#website","url":"https:\/\/www.travel3.com.br\/site\/","name":"Travel3","description":"Lazer + Neg&oacute;cios + Aventura","publisher":{"@id":"https:\/\/www.travel3.com.br\/site\/#organization"},"potentialAction":[{"@type":"SearchAction","target":{"@type":"EntryPoint","urlTemplate":"https:\/\/www.travel3.com.br\/site\/?s={search_term_string}"},"query-input":{"@type":"PropertyValueSpecification","valueRequired":true,"valueName":"search_term_string"}}],"inLanguage":"pt-BR"},{"@type":"Organization","@id":"https:\/\/www.travel3.com.br\/site\/#organization","name":"Travel3","url":"https:\/\/www.travel3.com.br\/site\/","logo":{"@type":"ImageObject","inLanguage":"pt-BR","@id":"https:\/\/www.travel3.com.br\/site\/#\/schema\/logo\/image\/","url":"https:\/\/www.travel3.com.br\/site\/wp-content\/uploads\/2020\/01\/logo-travel3-2020.png","contentUrl":"https:\/\/www.travel3.com.br\/site\/wp-content\/uploads\/2020\/01\/logo-travel3-2020.png","width":232,"height":79,"caption":"Travel3"},"image":{"@id":"https:\/\/www.travel3.com.br\/site\/#\/schema\/logo\/image\/"},"sameAs":["https:\/\/www.facebook.com\/travel3media\/","https:\/\/www.instagram.com\/revistatravel3\/","https:\/\/www.youtube.com\/channel\/UCno7J4paGBR3VbZQzvoJ9Eg"]},{"@type":"Person","@id":"https:\/\/www.travel3.com.br\/site\/#\/schema\/person\/a69d71e41a024999b6ab82369ac0bd1e","name":"admin","image":{"@type":"ImageObject","inLanguage":"pt-BR","@id":"https:\/\/www.travel3.com.br\/site\/#\/schema\/person\/image\/","url":"https:\/\/secure.gravatar.com\/avatar\/732a67adfd764da2a47ba10ce731c4c0?s=96&d=mm&r=g","contentUrl":"https:\/\/secure.gravatar.com\/avatar\/732a67adfd764da2a47ba10ce731c4c0?s=96&d=mm&r=g","caption":"admin"},"url":"https:\/\/www.travel3.com.br\/site\/author\/admin\/"}]}},"_links":{"self":[{"href":"https:\/\/www.travel3.com.br\/site\/wp-json\/wp\/v2\/posts\/3245","targetHints":{"allow":["GET"]}}],"collection":[{"href":"https:\/\/www.travel3.com.br\/site\/wp-json\/wp\/v2\/posts"}],"about":[{"href":"https:\/\/www.travel3.com.br\/site\/wp-json\/wp\/v2\/types\/post"}],"author":[{"embeddable":true,"href":"https:\/\/www.travel3.com.br\/site\/wp-json\/wp\/v2\/users\/1"}],"replies":[{"embeddable":true,"href":"https:\/\/www.travel3.com.br\/site\/wp-json\/wp\/v2\/comments?post=3245"}],"version-history":[{"count":1,"href":"https:\/\/www.travel3.com.br\/site\/wp-json\/wp\/v2\/posts\/3245\/revisions"}],"predecessor-version":[{"id":4042,"href":"https:\/\/www.travel3.com.br\/site\/wp-json\/wp\/v2\/posts\/3245\/revisions\/4042"}],"wp:attachment":[{"href":"https:\/\/www.travel3.com.br\/site\/wp-json\/wp\/v2\/media?parent=3245"}],"wp:term":[{"taxonomy":"category","embeddable":true,"href":"https:\/\/www.travel3.com.br\/site\/wp-json\/wp\/v2\/categories?post=3245"},{"taxonomy":"post_tag","embeddable":true,"href":"https:\/\/www.travel3.com.br\/site\/wp-json\/wp\/v2\/tags?post=3245"}],"curies":[{"name":"wp","href":"https:\/\/api.w.org\/{rel}","templated":true}]}}