{"id":3230,"date":"2017-09-05T18:52:28","date_gmt":"2017-09-05T18:52:28","guid":{"rendered":"http:\/\/www.travel3.com.br\/site\/ir-e-vir\/ar\/abav-sp-avalia-viagens-de-natal-ano-novo-e-ferias\/"},"modified":"2017-09-12T18:14:50","modified_gmt":"2017-09-12T18:14:50","slug":"abav-sp-avalia-viagens-de-natal-ano-novo-e-ferias","status":"publish","type":"post","link":"https:\/\/www.travel3.com.br\/site\/sem-categoria\/abav-sp-avalia-viagens-de-natal-ano-novo-e-ferias\/","title":{"rendered":"ABAV SP AVALIA VIAGENS DE NATAL, ANO NOVO E F\u00c9RIAS"},"content":{"rendered":"<p><span style=\"color: #40acad; font-family: -apple-system, system-ui, 'Segoe UI', Roboto, Oxygen-Sans, Ubuntu, Cantarell, 'Helvetica Neue', sans-serif; font-size: 12px; font-weight: bold;\"><\/p>\n<p style=\"text-align:justify\"><a class=\"fancybox-media\" href=\"..\/_uploads\/_noticia\/2016-12\/imagem-release-822000.jpg\" rel=\"portfolio\"><img decoding=\"async\" alt=\"\" src=\"..\/_uploads\/_noticia\/2016-12\/imagem-release-822000.jpg\" \/><\/a><\/p>\n<p style=\"text-align:justify\"><strong>Marcos Balsam\u00e3o presidente da ABAV SP (Foto: Divulga\u00e7\u00e3o)\u00a0<\/strong><\/p>\n<p style=\"text-align:justify\">O presidente da Abav-SP, Marcos Balsam\u00e3o, analisa o cen\u00e1rio da temporada ver\u00e3o 2016\/17 do mercado de viagens e turismo. Os dados s\u00e3o apurados a partir do Estado de S\u00e3o Paulo. Historicamente, 60% da procura neste per\u00edodo se concentrava em viagens internacionais. Hoje, verifica-se uma invers\u00e3o: 60% da procura s\u00e3o para as viagens dom\u00e9sticas.\u00a0<\/p>\n<p style=\"text-align:justify\">Abaixo, Marcos Balsam\u00e3o responde a perguntas relacionadas ao tema, com base na sua condi\u00e7\u00e3o de dirigente setorial e de empres\u00e1rio experiente no setor de agenciamento de viagens.\u00a0<\/p>\n<p style=\"text-align:justify\"><strong>1 &#8211; Que destinos internacionais se mostram como os mais convidativos?\u00a0<\/strong><\/p>\n<p style=\"text-align:justify\">Marcos Balsam\u00e3o: Entre os destinos internacionais mais procurados para f\u00e9rias, Natal e R\u00e9veillon, est\u00e3o: EUA (Orlando e Miami), Caribe (Punta Cana, Cancun, Cura\u00e7au em destaque), Am\u00e9rica do Sul (Argentina, Santiago do Chile e Punta del Este), Europa (Lisboa, Madrid, Paris e Londres &#8211; devido \u00e0 redu\u00e7\u00e3o do pre\u00e7o com a sa\u00edda do Reino Unido da CEE) e outros continentes (\u00c1sia e \u00c1frica). Tradicionalmente, 60% da procura neste per\u00edodo eram para viagens internacionais. Atualmente, h\u00e1 uma invers\u00e3o. Ou seja: 60% da procura s\u00e3o para as viagens dom\u00e9sticas.<\/p>\n<p style=\"text-align:justify\"><strong>2 &#8211; \u00a0E dentre os nacionais, quais s\u00e3o os mais procurados?\u00a0<\/strong><\/p>\n<p style=\"text-align:justify\">MB &#8211; Capitais do Nordeste, Rio de Janeiro (Cruzeiros no R\u00e9veillon), Gramado (Natal Luz), Cambori\u00fa e Resorts no interior do Estado de S\u00e3o Paulo. Cabe aqui destacar o fato da crise estimular viagens de curta dura\u00e7\u00e3o &#8211; o que favorece o mercado receptivo no Estado de S\u00e3o Paulo, tamb\u00e9m o maior mercado emissivo do Brasil. Ou seja: o Estado de S\u00e3o Paulo concentra mais de 50% da movimenta\u00e7\u00e3o nacional de viagens e turismo.<\/p>\n<p style=\"text-align:justify\"><strong>3 &#8211; Com base na movimenta\u00e7\u00e3o de 2016, quais as perspectivas para 2017?\u00a0<\/strong><\/p>\n<p style=\"text-align:justify\">MB &#8211; O que se sabe, de maneira categ\u00f3rica, \u00e9 que o brasileiro incluiu \u2018viajar\u2019 na sua cesta de consumo e passou a valorizar a viagem de f\u00e9rias como item de primeira necessidade (ainda que mais curta e de menor custo). Independentemente da idade ou classe social, a tend\u00eancia \u00e9 aumentar a procura pelos servi\u00e7os de consultoria profissional, capazes de agregar valor \u00e0 escolha de destinos, rotas, roteiros, meios de transporte, de hospedagem, contrata\u00e7\u00e3o de servi\u00e7os receptivos e acess\u00f3rios.\u00a0<\/p>\n<p style=\"text-align:justify\">Cabe acrescentar sinais nitidamente positivos emitidos por players de not\u00f3ria import\u00e2ncia para a ind\u00fastria tur\u00edstica:<\/p>\n<p style=\"text-align:justify\">a \u2013 A Gol ter\u00e1 5 mil voos extras neste ver\u00e3o. E outras a\u00e9reas devem oferecer mais assentos j\u00e1 em dezembro. O conjunto dos sinais induzem \u00e0 cren\u00e7a de que 2017 ser\u00e1 melhor do que 2016. Registrou, tamb\u00e9m, aumento de 30% nas vendas de cruzeiros mar\u00edtimos.\u00a0<\/p>\n<p style=\"text-align:justify\">b \u2013 A maior operadora de turismo no Brasil confirmou recorde de mais de R$ 500 milh\u00f5es em vendas em um \u00fanico m\u00eas (outubro pr\u00f3ximo passado), obtendo lucro de R$ 142,3 milh\u00f5es publicado no balan\u00e7o do 3\u00ba trimestre\/16.<\/p>\n<p style=\"text-align:justify\">c \u2013 A American Airlines anunciou refor\u00e7o de voos do Rio de Janeiro para a alta temporada.<\/p>\n<p style=\"text-align:justify\">d \u2013 Em termos percentuais, trabalhamos com a expectativa de aumento de demanda entre 5% a 6%.<\/p>\n<p style=\"text-align:justify\">e \u2013 Segundo o presidente da Embratur, Vinicius Lummertz, prev\u00ea-se tamb\u00e9m aumento no fluxo de visitantes estrangeiros ao pa\u00eds na pr\u00f3xima temporada: 11%.\u00a0<\/p>\n<p style=\"text-align:justify\"><strong>4 &#8211; Qual o papel do novo agenciamento de viagens nesse contexto?\u00a0<\/strong><\/p>\n<p style=\"text-align:justify\">MB: Cada vez mais, as ag\u00eancias de viagens participam de treinamentos e motivam suas equipes a frequentarem os cursos de atualiza\u00e7\u00e3o ofertados gratuitamente pela entidade, em sistema de EaD. Por exemplo, nas \u00e1reas \u201cloca\u00e7\u00e3o de ve\u00edculos\u201d e \u201cvenda de seguro viagem\u201d. Isso porque, cabe ao novo agente de viagens prover o consumidor de informa\u00e7\u00f5es que garantam economia, redu\u00e7\u00e3o de risco e com atendimento sob medida ao perfil de cada viajante ou estilo de viagem.\u00a0<\/p>\n<p><\/span><\/p>\n","protected":false},"excerpt":{"rendered":"<p>O presidente da Abav-SP, Marcos Balsam\u00e3o, analisa o cen\u00e1rio que abrange a temporada ver\u00e3o 2016\/17 do mercado de viagens e turismo<\/p>\n","protected":false},"author":1,"featured_media":0,"comment_status":"open","ping_status":"open","sticky":false,"template":"","format":"standard","meta":{"footnotes":""},"categories":[],"tags":[],"class_list":["post-3230","post","type-post","status-publish","format-standard","hentry"],"yoast_head":"<!-- This site is optimized with the Yoast SEO plugin v26.2 - https:\/\/yoast.com\/wordpress\/plugins\/seo\/ -->\n<title>ABAV SP AVALIA VIAGENS DE NATAL, ANO NOVO E F\u00c9RIAS - Travel3<\/title>\n<meta name=\"description\" content=\"A TRAVEL3 \u00e9 um portal de conte\u00fado voltado para o turismo, encontre destinos, viagens, hospedagem, passagens, guias, not\u00edcias sobre o mercado do turismo, dicas de viagem, v\u00eddeos e podcast.\" \/>\n<meta name=\"robots\" content=\"index, follow, max-snippet:-1, max-image-preview:large, max-video-preview:-1\" \/>\n<link rel=\"canonical\" href=\"https:\/\/www.travel3.com.br\/site\/sem-categoria\/abav-sp-avalia-viagens-de-natal-ano-novo-e-ferias\/\" \/>\n<meta property=\"og:locale\" content=\"pt_BR\" \/>\n<meta property=\"og:type\" content=\"article\" \/>\n<meta property=\"og:title\" content=\"ABAV SP AVALIA VIAGENS DE NATAL, ANO NOVO E F\u00c9RIAS - Travel3\" \/>\n<meta property=\"og:description\" content=\"A TRAVEL3 \u00e9 um portal de conte\u00fado voltado para o turismo, encontre destinos, viagens, hospedagem, passagens, guias, not\u00edcias sobre o mercado do turismo, dicas de viagem, v\u00eddeos e podcast.\" \/>\n<meta property=\"og:url\" content=\"https:\/\/www.travel3.com.br\/site\/sem-categoria\/abav-sp-avalia-viagens-de-natal-ano-novo-e-ferias\/\" \/>\n<meta property=\"og:site_name\" content=\"Travel3\" \/>\n<meta property=\"article:publisher\" content=\"https:\/\/www.facebook.com\/travel3media\/\" \/>\n<meta property=\"article:published_time\" content=\"2017-09-05T18:52:28+00:00\" \/>\n<meta property=\"article:modified_time\" content=\"2017-09-12T18:14:50+00:00\" \/>\n<meta name=\"author\" content=\"admin\" \/>\n<meta name=\"twitter:card\" content=\"summary_large_image\" \/>\n<meta name=\"twitter:label1\" content=\"Escrito por\" \/>\n\t<meta name=\"twitter:data1\" content=\"admin\" \/>\n\t<meta name=\"twitter:label2\" content=\"Est. tempo de leitura\" \/>\n\t<meta name=\"twitter:data2\" content=\"3 minutos\" \/>\n<script type=\"application\/ld+json\" class=\"yoast-schema-graph\">{\"@context\":\"https:\/\/schema.org\",\"@graph\":[{\"@type\":\"Article\",\"@id\":\"https:\/\/www.travel3.com.br\/site\/sem-categoria\/abav-sp-avalia-viagens-de-natal-ano-novo-e-ferias\/#article\",\"isPartOf\":{\"@id\":\"https:\/\/www.travel3.com.br\/site\/sem-categoria\/abav-sp-avalia-viagens-de-natal-ano-novo-e-ferias\/\"},\"author\":{\"name\":\"admin\",\"@id\":\"https:\/\/www.travel3.com.br\/site\/#\/schema\/person\/a69d71e41a024999b6ab82369ac0bd1e\"},\"headline\":\"ABAV SP AVALIA VIAGENS DE NATAL, ANO NOVO E F\u00c9RIAS\",\"datePublished\":\"2017-09-05T18:52:28+00:00\",\"dateModified\":\"2017-09-12T18:14:50+00:00\",\"mainEntityOfPage\":{\"@id\":\"https:\/\/www.travel3.com.br\/site\/sem-categoria\/abav-sp-avalia-viagens-de-natal-ano-novo-e-ferias\/\"},\"wordCount\":650,\"commentCount\":0,\"publisher\":{\"@id\":\"https:\/\/www.travel3.com.br\/site\/#organization\"},\"inLanguage\":\"pt-BR\",\"potentialAction\":[{\"@type\":\"CommentAction\",\"name\":\"Comment\",\"target\":[\"https:\/\/www.travel3.com.br\/site\/sem-categoria\/abav-sp-avalia-viagens-de-natal-ano-novo-e-ferias\/#respond\"]}]},{\"@type\":\"WebPage\",\"@id\":\"https:\/\/www.travel3.com.br\/site\/sem-categoria\/abav-sp-avalia-viagens-de-natal-ano-novo-e-ferias\/\",\"url\":\"https:\/\/www.travel3.com.br\/site\/sem-categoria\/abav-sp-avalia-viagens-de-natal-ano-novo-e-ferias\/\",\"name\":\"ABAV SP AVALIA VIAGENS DE NATAL, ANO NOVO E F\u00c9RIAS - Travel3\",\"isPartOf\":{\"@id\":\"https:\/\/www.travel3.com.br\/site\/#website\"},\"datePublished\":\"2017-09-05T18:52:28+00:00\",\"dateModified\":\"2017-09-12T18:14:50+00:00\",\"description\":\"A TRAVEL3 \u00e9 um portal de conte\u00fado voltado para o turismo, encontre destinos, viagens, hospedagem, passagens, guias, not\u00edcias sobre o mercado do turismo, dicas de viagem, v\u00eddeos e podcast.\",\"breadcrumb\":{\"@id\":\"https:\/\/www.travel3.com.br\/site\/sem-categoria\/abav-sp-avalia-viagens-de-natal-ano-novo-e-ferias\/#breadcrumb\"},\"inLanguage\":\"pt-BR\",\"potentialAction\":[{\"@type\":\"ReadAction\",\"target\":[\"https:\/\/www.travel3.com.br\/site\/sem-categoria\/abav-sp-avalia-viagens-de-natal-ano-novo-e-ferias\/\"]}]},{\"@type\":\"BreadcrumbList\",\"@id\":\"https:\/\/www.travel3.com.br\/site\/sem-categoria\/abav-sp-avalia-viagens-de-natal-ano-novo-e-ferias\/#breadcrumb\",\"itemListElement\":[{\"@type\":\"ListItem\",\"position\":1,\"name\":\"In\u00edcio\",\"item\":\"https:\/\/www.travel3.com.br\/site\/\"},{\"@type\":\"ListItem\",\"position\":2,\"name\":\"ABAV SP AVALIA VIAGENS DE NATAL, ANO NOVO E F\u00c9RIAS\"}]},{\"@type\":\"WebSite\",\"@id\":\"https:\/\/www.travel3.com.br\/site\/#website\",\"url\":\"https:\/\/www.travel3.com.br\/site\/\",\"name\":\"Travel3\",\"description\":\"Lazer + Neg&oacute;cios + Aventura\",\"publisher\":{\"@id\":\"https:\/\/www.travel3.com.br\/site\/#organization\"},\"potentialAction\":[{\"@type\":\"SearchAction\",\"target\":{\"@type\":\"EntryPoint\",\"urlTemplate\":\"https:\/\/www.travel3.com.br\/site\/?s={search_term_string}\"},\"query-input\":{\"@type\":\"PropertyValueSpecification\",\"valueRequired\":true,\"valueName\":\"search_term_string\"}}],\"inLanguage\":\"pt-BR\"},{\"@type\":\"Organization\",\"@id\":\"https:\/\/www.travel3.com.br\/site\/#organization\",\"name\":\"Travel3\",\"url\":\"https:\/\/www.travel3.com.br\/site\/\",\"logo\":{\"@type\":\"ImageObject\",\"inLanguage\":\"pt-BR\",\"@id\":\"https:\/\/www.travel3.com.br\/site\/#\/schema\/logo\/image\/\",\"url\":\"https:\/\/www.travel3.com.br\/site\/wp-content\/uploads\/2020\/01\/logo-travel3-2020.png\",\"contentUrl\":\"https:\/\/www.travel3.com.br\/site\/wp-content\/uploads\/2020\/01\/logo-travel3-2020.png\",\"width\":232,\"height\":79,\"caption\":\"Travel3\"},\"image\":{\"@id\":\"https:\/\/www.travel3.com.br\/site\/#\/schema\/logo\/image\/\"},\"sameAs\":[\"https:\/\/www.facebook.com\/travel3media\/\",\"https:\/\/www.instagram.com\/revistatravel3\/\",\"https:\/\/www.youtube.com\/channel\/UCno7J4paGBR3VbZQzvoJ9Eg\"]},{\"@type\":\"Person\",\"@id\":\"https:\/\/www.travel3.com.br\/site\/#\/schema\/person\/a69d71e41a024999b6ab82369ac0bd1e\",\"name\":\"admin\",\"image\":{\"@type\":\"ImageObject\",\"inLanguage\":\"pt-BR\",\"@id\":\"https:\/\/www.travel3.com.br\/site\/#\/schema\/person\/image\/\",\"url\":\"https:\/\/secure.gravatar.com\/avatar\/732a67adfd764da2a47ba10ce731c4c0?s=96&d=mm&r=g\",\"contentUrl\":\"https:\/\/secure.gravatar.com\/avatar\/732a67adfd764da2a47ba10ce731c4c0?s=96&d=mm&r=g\",\"caption\":\"admin\"},\"url\":\"https:\/\/www.travel3.com.br\/site\/author\/admin\/\"}]}<\/script>\n<!-- \/ Yoast SEO plugin. -->","yoast_head_json":{"title":"ABAV SP AVALIA VIAGENS DE NATAL, ANO NOVO E F\u00c9RIAS - Travel3","description":"A TRAVEL3 \u00e9 um portal de conte\u00fado voltado para o turismo, encontre destinos, viagens, hospedagem, passagens, guias, not\u00edcias sobre o mercado do turismo, dicas de viagem, v\u00eddeos e podcast.","robots":{"index":"index","follow":"follow","max-snippet":"max-snippet:-1","max-image-preview":"max-image-preview:large","max-video-preview":"max-video-preview:-1"},"canonical":"https:\/\/www.travel3.com.br\/site\/sem-categoria\/abav-sp-avalia-viagens-de-natal-ano-novo-e-ferias\/","og_locale":"pt_BR","og_type":"article","og_title":"ABAV SP AVALIA VIAGENS DE NATAL, ANO NOVO E F\u00c9RIAS - Travel3","og_description":"A TRAVEL3 \u00e9 um portal de conte\u00fado voltado para o turismo, encontre destinos, viagens, hospedagem, passagens, guias, not\u00edcias sobre o mercado do turismo, dicas de viagem, v\u00eddeos e podcast.","og_url":"https:\/\/www.travel3.com.br\/site\/sem-categoria\/abav-sp-avalia-viagens-de-natal-ano-novo-e-ferias\/","og_site_name":"Travel3","article_publisher":"https:\/\/www.facebook.com\/travel3media\/","article_published_time":"2017-09-05T18:52:28+00:00","article_modified_time":"2017-09-12T18:14:50+00:00","author":"admin","twitter_card":"summary_large_image","twitter_misc":{"Escrito por":"admin","Est. tempo de leitura":"3 minutos"},"schema":{"@context":"https:\/\/schema.org","@graph":[{"@type":"Article","@id":"https:\/\/www.travel3.com.br\/site\/sem-categoria\/abav-sp-avalia-viagens-de-natal-ano-novo-e-ferias\/#article","isPartOf":{"@id":"https:\/\/www.travel3.com.br\/site\/sem-categoria\/abav-sp-avalia-viagens-de-natal-ano-novo-e-ferias\/"},"author":{"name":"admin","@id":"https:\/\/www.travel3.com.br\/site\/#\/schema\/person\/a69d71e41a024999b6ab82369ac0bd1e"},"headline":"ABAV SP AVALIA VIAGENS DE NATAL, ANO NOVO E F\u00c9RIAS","datePublished":"2017-09-05T18:52:28+00:00","dateModified":"2017-09-12T18:14:50+00:00","mainEntityOfPage":{"@id":"https:\/\/www.travel3.com.br\/site\/sem-categoria\/abav-sp-avalia-viagens-de-natal-ano-novo-e-ferias\/"},"wordCount":650,"commentCount":0,"publisher":{"@id":"https:\/\/www.travel3.com.br\/site\/#organization"},"inLanguage":"pt-BR","potentialAction":[{"@type":"CommentAction","name":"Comment","target":["https:\/\/www.travel3.com.br\/site\/sem-categoria\/abav-sp-avalia-viagens-de-natal-ano-novo-e-ferias\/#respond"]}]},{"@type":"WebPage","@id":"https:\/\/www.travel3.com.br\/site\/sem-categoria\/abav-sp-avalia-viagens-de-natal-ano-novo-e-ferias\/","url":"https:\/\/www.travel3.com.br\/site\/sem-categoria\/abav-sp-avalia-viagens-de-natal-ano-novo-e-ferias\/","name":"ABAV SP AVALIA VIAGENS DE NATAL, ANO NOVO E F\u00c9RIAS - Travel3","isPartOf":{"@id":"https:\/\/www.travel3.com.br\/site\/#website"},"datePublished":"2017-09-05T18:52:28+00:00","dateModified":"2017-09-12T18:14:50+00:00","description":"A TRAVEL3 \u00e9 um portal de conte\u00fado voltado para o turismo, encontre destinos, viagens, hospedagem, passagens, guias, not\u00edcias sobre o mercado do turismo, dicas de viagem, v\u00eddeos e podcast.","breadcrumb":{"@id":"https:\/\/www.travel3.com.br\/site\/sem-categoria\/abav-sp-avalia-viagens-de-natal-ano-novo-e-ferias\/#breadcrumb"},"inLanguage":"pt-BR","potentialAction":[{"@type":"ReadAction","target":["https:\/\/www.travel3.com.br\/site\/sem-categoria\/abav-sp-avalia-viagens-de-natal-ano-novo-e-ferias\/"]}]},{"@type":"BreadcrumbList","@id":"https:\/\/www.travel3.com.br\/site\/sem-categoria\/abav-sp-avalia-viagens-de-natal-ano-novo-e-ferias\/#breadcrumb","itemListElement":[{"@type":"ListItem","position":1,"name":"In\u00edcio","item":"https:\/\/www.travel3.com.br\/site\/"},{"@type":"ListItem","position":2,"name":"ABAV SP AVALIA VIAGENS DE NATAL, ANO NOVO E F\u00c9RIAS"}]},{"@type":"WebSite","@id":"https:\/\/www.travel3.com.br\/site\/#website","url":"https:\/\/www.travel3.com.br\/site\/","name":"Travel3","description":"Lazer + Neg&oacute;cios + Aventura","publisher":{"@id":"https:\/\/www.travel3.com.br\/site\/#organization"},"potentialAction":[{"@type":"SearchAction","target":{"@type":"EntryPoint","urlTemplate":"https:\/\/www.travel3.com.br\/site\/?s={search_term_string}"},"query-input":{"@type":"PropertyValueSpecification","valueRequired":true,"valueName":"search_term_string"}}],"inLanguage":"pt-BR"},{"@type":"Organization","@id":"https:\/\/www.travel3.com.br\/site\/#organization","name":"Travel3","url":"https:\/\/www.travel3.com.br\/site\/","logo":{"@type":"ImageObject","inLanguage":"pt-BR","@id":"https:\/\/www.travel3.com.br\/site\/#\/schema\/logo\/image\/","url":"https:\/\/www.travel3.com.br\/site\/wp-content\/uploads\/2020\/01\/logo-travel3-2020.png","contentUrl":"https:\/\/www.travel3.com.br\/site\/wp-content\/uploads\/2020\/01\/logo-travel3-2020.png","width":232,"height":79,"caption":"Travel3"},"image":{"@id":"https:\/\/www.travel3.com.br\/site\/#\/schema\/logo\/image\/"},"sameAs":["https:\/\/www.facebook.com\/travel3media\/","https:\/\/www.instagram.com\/revistatravel3\/","https:\/\/www.youtube.com\/channel\/UCno7J4paGBR3VbZQzvoJ9Eg"]},{"@type":"Person","@id":"https:\/\/www.travel3.com.br\/site\/#\/schema\/person\/a69d71e41a024999b6ab82369ac0bd1e","name":"admin","image":{"@type":"ImageObject","inLanguage":"pt-BR","@id":"https:\/\/www.travel3.com.br\/site\/#\/schema\/person\/image\/","url":"https:\/\/secure.gravatar.com\/avatar\/732a67adfd764da2a47ba10ce731c4c0?s=96&d=mm&r=g","contentUrl":"https:\/\/secure.gravatar.com\/avatar\/732a67adfd764da2a47ba10ce731c4c0?s=96&d=mm&r=g","caption":"admin"},"url":"https:\/\/www.travel3.com.br\/site\/author\/admin\/"}]}},"_links":{"self":[{"href":"https:\/\/www.travel3.com.br\/site\/wp-json\/wp\/v2\/posts\/3230","targetHints":{"allow":["GET"]}}],"collection":[{"href":"https:\/\/www.travel3.com.br\/site\/wp-json\/wp\/v2\/posts"}],"about":[{"href":"https:\/\/www.travel3.com.br\/site\/wp-json\/wp\/v2\/types\/post"}],"author":[{"embeddable":true,"href":"https:\/\/www.travel3.com.br\/site\/wp-json\/wp\/v2\/users\/1"}],"replies":[{"embeddable":true,"href":"https:\/\/www.travel3.com.br\/site\/wp-json\/wp\/v2\/comments?post=3230"}],"version-history":[{"count":1,"href":"https:\/\/www.travel3.com.br\/site\/wp-json\/wp\/v2\/posts\/3230\/revisions"}],"predecessor-version":[{"id":4027,"href":"https:\/\/www.travel3.com.br\/site\/wp-json\/wp\/v2\/posts\/3230\/revisions\/4027"}],"wp:attachment":[{"href":"https:\/\/www.travel3.com.br\/site\/wp-json\/wp\/v2\/media?parent=3230"}],"wp:term":[{"taxonomy":"category","embeddable":true,"href":"https:\/\/www.travel3.com.br\/site\/wp-json\/wp\/v2\/categories?post=3230"},{"taxonomy":"post_tag","embeddable":true,"href":"https:\/\/www.travel3.com.br\/site\/wp-json\/wp\/v2\/tags?post=3230"}],"curies":[{"name":"wp","href":"https:\/\/api.w.org\/{rel}","templated":true}]}}