{"id":32219,"date":"2020-04-08T19:17:38","date_gmt":"2020-04-08T22:17:38","guid":{"rendered":"https:\/\/www.travel3.com.br\/?p=32219"},"modified":"2020-04-10T11:49:43","modified_gmt":"2020-04-10T14:49:43","slug":"iata-pede-maior-ajuda-para-enfrentar-consequencias-do-covid-19","status":"publish","type":"post","link":"https:\/\/www.travel3.com.br\/site\/ir-e-vir\/iata-pede-maior-ajuda-para-enfrentar-consequencias-do-covid-19\/","title":{"rendered":"IATA pede maior ajuda para enfrentar consequ\u00eancias da Covid-19"},"content":{"rendered":"\n<h3 class=\"wp-block-heading\" style=\"text-align:center\">Associa\u00e7\u00e3o agradeceu medidas j\u00e1 adotadas, mas pediu que mais governos ajam<\/h3>\n\n\n\n<p>A Associa\u00e7\u00e3o Internacional de Transporte A\u00e9reo = IATA pede a ajuda de governos de todo o mundo para enfrentar a crise gerada pela <a rel=\"noreferrer noopener\" aria-label=\"Covid-19 (opens in a new tab)\" href=\"https:\/\/www.travel3.com.br\/sem-categoria\/coronavirus-informacao-com-qualidade-na-bandnews-fm-bh-e-travel3\/\" target=\"_blank\">Covid-19<\/a>. A pandemia reduziu drasticamente a receita das companhias a\u00e9reas, que enfrentam o r\u00e1pido decl\u00ednio das reservas de caixa.<\/p>\n\n\n\n<p>Ao mesmo tempo, a entidade agradeceu os governos que, como <a rel=\"noreferrer noopener\" aria-label=\"brasileiro (opens in a new tab)\" href=\"https:\/\/www.travel3.com.br\/destaque\/iata-elogia-acoes-do-governo-em-apoio-as-empresas-aereas\/\" target=\"_blank\">brasileiro<\/a>, j\u00e1 adotaram medidas para aliviar o impacto sentido pelo setor.<\/p>\n\n\n\n<blockquote class=\"wp-block-quote is-layout-flow wp-block-quote-is-layout-flow\"><p>As companhias a\u00e9reas est\u00e3o lutando para sobreviver em todas as regi\u00f5es do mundo. Restri\u00e7\u00f5es de viagens e queda na demanda significam que, com exce\u00e7\u00e3o do transporte de carga, quase n\u00e3o h\u00e1 transporte de passageiros. Para as companhias a\u00e9reas, isto \u00e9 o apocalipse. E h\u00e1 uma sa\u00edda pequena, que diminui cada vez mais, para os governos apoiarem financeiramente e impedir que uma crise de liquidez feche o setor.<\/p><cite>Alexandre de Juniac &#8211; Diretor Geral e CEO da IATA<\/cite><\/blockquote>\n\n\n\n<p>Em sua pesquisa mais recente, a IATA prev\u00ea que a queda na receita anual de passageiros seja de US$ 252 bilh\u00f5es. O n\u00famero leva em considera\u00e7\u00e3o um cen\u00e1rio em que as restri\u00e7\u00f5es de viagens mais profundas durem 3 meses. Em rela\u00e7\u00e3o a 2019, o valor representa uma queda de 44% na receita de passageiros.<\/p>\n\n\n\n<blockquote class=\"wp-block-quote is-layout-flow wp-block-quote-is-layout-flow\"><p>N\u00e3o parecia poss\u00edvel, mas em quest\u00e3o de dias, a crise das companhias a\u00e9reas piorou consideravelmente. Estamos 100% alinhados aos governos na ado\u00e7\u00e3o de medidas para retardar a dissemina\u00e7\u00e3o da COVID-19. Mas precisamos que eles entendam que, sem al\u00edvio urgente, muitas companhias a\u00e9reas n\u00e3o resistir\u00e3o para ajudar no processo de recupera\u00e7\u00e3o.<\/p><p>A falta de a\u00e7\u00e3o agora tornar\u00e1 a crise mais longa e dolorosa. Cerca de 2,7 milh\u00f5es de empregos em companhias a\u00e9reas correm risco. E cada um desses empregos sustenta outros 24 empregos na cadeia de valor de viagens e turismo. Alguns governos j\u00e1 est\u00e3o respondendo aos nossos apelos urgentes, mas n\u00e3o o suficiente para compensar os US$ 200 bilh\u00f5es necess\u00e1rios.<\/p><cite>Alexandre de Juniac &#8211; Diretor Geral e CEO da IATA<\/cite><\/blockquote>\n\n\n\n<h2 class=\"wp-block-heading\">IATA pede mais apoio e agradece aos governos que j\u00e1 est\u00e3o agindo<\/h2>\n\n\n\n<p>Alexandre de Juniac, Diretor Geral e CEO da IATA, agradeceu nominalmente os pa\u00edses que j\u00e1 adotaram medidas para reduzir as perdas das empresas a\u00e9reas. Brasil + Austr\u00e1lia + China + Nova Zel\u00e2ndia + Noruega + Qatar + Su\u00e9cia + Dinamarca + Hong Kong foram reconhecidos como exemplos de apoio.<\/p>\n\n\n\n<p>A atua\u00e7\u00e3o desses governos atende pedidos da IATA = suporte financeiro direto + empr\u00e9stimos, garantias de empr\u00e9stimos e apoio ao mercado de t\u00edtulos corporativos + isen\u00e7\u00e3o de impostos. <\/p>\n\n\n\n<p>E, al\u00e9m desses governos, o Banco Central Europeu e o Congresso americano devem anunciar medidas de apoio ao setor a\u00e9reo.<\/p>\n\n\n\n<blockquote class=\"wp-block-quote is-layout-flow wp-block-quote-is-layout-flow\"><p>Isso mostra que muitas na\u00e7\u00f5es de todo o globo reconhecem o papel fundamental da avia\u00e7\u00e3o no mundo moderno. Mas outras ainda precisam agir para preservar o papel deste setor. As companhias a\u00e9reas s\u00e3o pe\u00e7as fundamentais para a economia e a gera\u00e7\u00e3o de empregos. Isso pode ser visto mesmo quando as opera\u00e7\u00f5es de passageiros diminuem, pois as companhias a\u00e9reas continuam entregando cargas que mant\u00eam a economia girando e levando suprimentos de socorro para onde s\u00e3o necess\u00e1rios. A capacidade das companhias a\u00e9reas de atuarem como um catalisador da atividade econ\u00f4mica ser\u00e1 vital para reparar os danos econ\u00f4micos e sociais que a COVID-19 est\u00e1 causando agora.<\/p><cite>Alexandre de Juniac &#8211; Diretor Geral e CEO da IATA<\/cite><\/blockquote>\n\n\n\n<h3 class=\"wp-block-heading\" style=\"text-align:center\">Mais informa\u00e7\u00f5es = <a href=\"https:\/\/www.iata.org\/\">www.iata.org<\/a> <\/h3>\n","protected":false},"excerpt":{"rendered":"<p>Associa\u00e7\u00e3o agradeceu medidas j\u00e1 adotadas, mas pediu que mais governos ajam A Associa\u00e7\u00e3o Internacional de Transporte A\u00e9reo = IATA pede a ajuda de governos de todo o mundo para enfrentar a crise gerada pela Covid-19. A pandemia reduziu drasticamente a receita das companhias a\u00e9reas, que enfrentam o r\u00e1pido decl\u00ednio das reservas de caixa. Ao mesmo [&hellip;]<\/p>\n","protected":false},"author":5,"featured_media":23741,"comment_status":"open","ping_status":"open","sticky":false,"template":"","format":"standard","meta":{"footnotes":""},"categories":[309,226,8],"tags":[4056,4008,3490],"class_list":["post-32219","post","type-post","status-publish","format-standard","has-post-thumbnail","hentry","category-ar","category-destaque","category-ir-e-vir","tag-alexandre-de-juniac","tag-coronavirus","tag-iata"],"yoast_head":"<!-- This site is optimized with the Yoast SEO plugin v26.2 - https:\/\/yoast.com\/wordpress\/plugins\/seo\/ -->\n<title>IATA pede maior ajuda para enfrentar consequ\u00eancias da Covid-19 - Travel3<\/title>\n<meta name=\"description\" content=\"IATA pede maior ajuda de governos para enfrentar Covid-19; associa\u00e7\u00e3o agradeceu medidas j\u00e1 adotadas, mas pediu que mais governos ajam\" \/>\n<meta name=\"robots\" content=\"index, follow, max-snippet:-1, max-image-preview:large, max-video-preview:-1\" \/>\n<link rel=\"canonical\" href=\"https:\/\/www.travel3.com.br\/site\/ir-e-vir\/iata-pede-maior-ajuda-para-enfrentar-consequencias-do-covid-19\/\" \/>\n<meta property=\"og:locale\" content=\"pt_BR\" \/>\n<meta property=\"og:type\" content=\"article\" \/>\n<meta property=\"og:title\" content=\"IATA pede maior ajuda para enfrentar consequ\u00eancias da Covid-19 - Travel3\" \/>\n<meta property=\"og:description\" content=\"IATA pede maior ajuda de governos para enfrentar Covid-19; associa\u00e7\u00e3o agradeceu medidas j\u00e1 adotadas, mas pediu que mais governos ajam\" \/>\n<meta property=\"og:url\" content=\"https:\/\/www.travel3.com.br\/site\/ir-e-vir\/iata-pede-maior-ajuda-para-enfrentar-consequencias-do-covid-19\/\" \/>\n<meta property=\"og:site_name\" content=\"Travel3\" \/>\n<meta property=\"article:publisher\" content=\"https:\/\/www.facebook.com\/travel3media\/\" \/>\n<meta property=\"article:published_time\" content=\"2020-04-08T22:17:38+00:00\" \/>\n<meta property=\"article:modified_time\" content=\"2020-04-10T14:49:43+00:00\" \/>\n<meta property=\"og:image\" content=\"https:\/\/www.travel3.com.br\/site\/wp-content\/uploads\/2019\/06\/aircraft-1362586_1920.jpg\" \/>\n\t<meta property=\"og:image:width\" content=\"1920\" \/>\n\t<meta property=\"og:image:height\" content=\"1211\" \/>\n\t<meta property=\"og:image:type\" content=\"image\/jpeg\" \/>\n<meta name=\"author\" content=\"Reda\u00e7\u00e3o Travel3\" \/>\n<meta name=\"twitter:card\" content=\"summary_large_image\" \/>\n<meta name=\"twitter:label1\" content=\"Escrito por\" \/>\n\t<meta name=\"twitter:data1\" content=\"Reda\u00e7\u00e3o Travel3\" \/>\n\t<meta name=\"twitter:label2\" content=\"Est. tempo de leitura\" \/>\n\t<meta name=\"twitter:data2\" content=\"3 minutos\" \/>\n<script type=\"application\/ld+json\" class=\"yoast-schema-graph\">{\"@context\":\"https:\/\/schema.org\",\"@graph\":[{\"@type\":\"Article\",\"@id\":\"https:\/\/www.travel3.com.br\/site\/ir-e-vir\/iata-pede-maior-ajuda-para-enfrentar-consequencias-do-covid-19\/#article\",\"isPartOf\":{\"@id\":\"https:\/\/www.travel3.com.br\/site\/ir-e-vir\/iata-pede-maior-ajuda-para-enfrentar-consequencias-do-covid-19\/\"},\"author\":{\"name\":\"Reda\u00e7\u00e3o Travel3\",\"@id\":\"https:\/\/www.travel3.com.br\/site\/#\/schema\/person\/89251b0320bc67697de92249f97f3fdb\"},\"headline\":\"IATA pede maior ajuda para enfrentar consequ\u00eancias da Covid-19\",\"datePublished\":\"2020-04-08T22:17:38+00:00\",\"dateModified\":\"2020-04-10T14:49:43+00:00\",\"mainEntityOfPage\":{\"@id\":\"https:\/\/www.travel3.com.br\/site\/ir-e-vir\/iata-pede-maior-ajuda-para-enfrentar-consequencias-do-covid-19\/\"},\"wordCount\":607,\"commentCount\":0,\"publisher\":{\"@id\":\"https:\/\/www.travel3.com.br\/site\/#organization\"},\"image\":{\"@id\":\"https:\/\/www.travel3.com.br\/site\/ir-e-vir\/iata-pede-maior-ajuda-para-enfrentar-consequencias-do-covid-19\/#primaryimage\"},\"thumbnailUrl\":\"https:\/\/www.travel3.com.br\/site\/wp-content\/uploads\/2019\/06\/aircraft-1362586_1920.jpg\",\"keywords\":[\"Alexandre de Juniac\",\"Coronav\u00edrus\",\"IATA\"],\"articleSection\":[\"Ar\",\"Destaque\",\"Ir e Vir\"],\"inLanguage\":\"pt-BR\",\"potentialAction\":[{\"@type\":\"CommentAction\",\"name\":\"Comment\",\"target\":[\"https:\/\/www.travel3.com.br\/site\/ir-e-vir\/iata-pede-maior-ajuda-para-enfrentar-consequencias-do-covid-19\/#respond\"]}]},{\"@type\":\"WebPage\",\"@id\":\"https:\/\/www.travel3.com.br\/site\/ir-e-vir\/iata-pede-maior-ajuda-para-enfrentar-consequencias-do-covid-19\/\",\"url\":\"https:\/\/www.travel3.com.br\/site\/ir-e-vir\/iata-pede-maior-ajuda-para-enfrentar-consequencias-do-covid-19\/\",\"name\":\"IATA pede maior ajuda para enfrentar consequ\u00eancias da Covid-19 - Travel3\",\"isPartOf\":{\"@id\":\"https:\/\/www.travel3.com.br\/site\/#website\"},\"primaryImageOfPage\":{\"@id\":\"https:\/\/www.travel3.com.br\/site\/ir-e-vir\/iata-pede-maior-ajuda-para-enfrentar-consequencias-do-covid-19\/#primaryimage\"},\"image\":{\"@id\":\"https:\/\/www.travel3.com.br\/site\/ir-e-vir\/iata-pede-maior-ajuda-para-enfrentar-consequencias-do-covid-19\/#primaryimage\"},\"thumbnailUrl\":\"https:\/\/www.travel3.com.br\/site\/wp-content\/uploads\/2019\/06\/aircraft-1362586_1920.jpg\",\"datePublished\":\"2020-04-08T22:17:38+00:00\",\"dateModified\":\"2020-04-10T14:49:43+00:00\",\"description\":\"IATA pede maior ajuda de governos para enfrentar Covid-19; associa\u00e7\u00e3o agradeceu medidas j\u00e1 adotadas, mas pediu que mais governos ajam\",\"breadcrumb\":{\"@id\":\"https:\/\/www.travel3.com.br\/site\/ir-e-vir\/iata-pede-maior-ajuda-para-enfrentar-consequencias-do-covid-19\/#breadcrumb\"},\"inLanguage\":\"pt-BR\",\"potentialAction\":[{\"@type\":\"ReadAction\",\"target\":[\"https:\/\/www.travel3.com.br\/site\/ir-e-vir\/iata-pede-maior-ajuda-para-enfrentar-consequencias-do-covid-19\/\"]}]},{\"@type\":\"ImageObject\",\"inLanguage\":\"pt-BR\",\"@id\":\"https:\/\/www.travel3.com.br\/site\/ir-e-vir\/iata-pede-maior-ajuda-para-enfrentar-consequencias-do-covid-19\/#primaryimage\",\"url\":\"https:\/\/www.travel3.com.br\/site\/wp-content\/uploads\/2019\/06\/aircraft-1362586_1920.jpg\",\"contentUrl\":\"https:\/\/www.travel3.com.br\/site\/wp-content\/uploads\/2019\/06\/aircraft-1362586_1920.jpg\",\"width\":1920,\"height\":1211,\"caption\":\"avi\u00e3o\"},{\"@type\":\"BreadcrumbList\",\"@id\":\"https:\/\/www.travel3.com.br\/site\/ir-e-vir\/iata-pede-maior-ajuda-para-enfrentar-consequencias-do-covid-19\/#breadcrumb\",\"itemListElement\":[{\"@type\":\"ListItem\",\"position\":1,\"name\":\"In\u00edcio\",\"item\":\"https:\/\/www.travel3.com.br\/site\/\"},{\"@type\":\"ListItem\",\"position\":2,\"name\":\"IATA pede maior ajuda para enfrentar consequ\u00eancias da Covid-19\"}]},{\"@type\":\"WebSite\",\"@id\":\"https:\/\/www.travel3.com.br\/site\/#website\",\"url\":\"https:\/\/www.travel3.com.br\/site\/\",\"name\":\"Travel3\",\"description\":\"Lazer + Neg&oacute;cios + Aventura\",\"publisher\":{\"@id\":\"https:\/\/www.travel3.com.br\/site\/#organization\"},\"potentialAction\":[{\"@type\":\"SearchAction\",\"target\":{\"@type\":\"EntryPoint\",\"urlTemplate\":\"https:\/\/www.travel3.com.br\/site\/?s={search_term_string}\"},\"query-input\":{\"@type\":\"PropertyValueSpecification\",\"valueRequired\":true,\"valueName\":\"search_term_string\"}}],\"inLanguage\":\"pt-BR\"},{\"@type\":\"Organization\",\"@id\":\"https:\/\/www.travel3.com.br\/site\/#organization\",\"name\":\"Travel3\",\"url\":\"https:\/\/www.travel3.com.br\/site\/\",\"logo\":{\"@type\":\"ImageObject\",\"inLanguage\":\"pt-BR\",\"@id\":\"https:\/\/www.travel3.com.br\/site\/#\/schema\/logo\/image\/\",\"url\":\"https:\/\/www.travel3.com.br\/site\/wp-content\/uploads\/2020\/01\/logo-travel3-2020.png\",\"contentUrl\":\"https:\/\/www.travel3.com.br\/site\/wp-content\/uploads\/2020\/01\/logo-travel3-2020.png\",\"width\":232,\"height\":79,\"caption\":\"Travel3\"},\"image\":{\"@id\":\"https:\/\/www.travel3.com.br\/site\/#\/schema\/logo\/image\/\"},\"sameAs\":[\"https:\/\/www.facebook.com\/travel3media\/\",\"https:\/\/www.instagram.com\/revistatravel3\/\",\"https:\/\/www.youtube.com\/channel\/UCno7J4paGBR3VbZQzvoJ9Eg\"]},{\"@type\":\"Person\",\"@id\":\"https:\/\/www.travel3.com.br\/site\/#\/schema\/person\/89251b0320bc67697de92249f97f3fdb\",\"name\":\"Reda\u00e7\u00e3o Travel3\",\"image\":{\"@type\":\"ImageObject\",\"inLanguage\":\"pt-BR\",\"@id\":\"https:\/\/www.travel3.com.br\/site\/#\/schema\/person\/image\/\",\"url\":\"https:\/\/secure.gravatar.com\/avatar\/85a5ec2ad99b1932f671ebf50c117db6?s=96&d=mm&r=g\",\"contentUrl\":\"https:\/\/secure.gravatar.com\/avatar\/85a5ec2ad99b1932f671ebf50c117db6?s=96&d=mm&r=g\",\"caption\":\"Reda\u00e7\u00e3o Travel3\"},\"sameAs\":[\"http:\/\/www.travel3.com.br\/\"],\"url\":\"https:\/\/www.travel3.com.br\/site\/author\/redacao\/\"}]}<\/script>\n<!-- \/ Yoast SEO plugin. -->","yoast_head_json":{"title":"IATA pede maior ajuda para enfrentar consequ\u00eancias da Covid-19 - Travel3","description":"IATA pede maior ajuda de governos para enfrentar Covid-19; associa\u00e7\u00e3o agradeceu medidas j\u00e1 adotadas, mas pediu que mais governos ajam","robots":{"index":"index","follow":"follow","max-snippet":"max-snippet:-1","max-image-preview":"max-image-preview:large","max-video-preview":"max-video-preview:-1"},"canonical":"https:\/\/www.travel3.com.br\/site\/ir-e-vir\/iata-pede-maior-ajuda-para-enfrentar-consequencias-do-covid-19\/","og_locale":"pt_BR","og_type":"article","og_title":"IATA pede maior ajuda para enfrentar consequ\u00eancias da Covid-19 - Travel3","og_description":"IATA pede maior ajuda de governos para enfrentar Covid-19; associa\u00e7\u00e3o agradeceu medidas j\u00e1 adotadas, mas pediu que mais governos ajam","og_url":"https:\/\/www.travel3.com.br\/site\/ir-e-vir\/iata-pede-maior-ajuda-para-enfrentar-consequencias-do-covid-19\/","og_site_name":"Travel3","article_publisher":"https:\/\/www.facebook.com\/travel3media\/","article_published_time":"2020-04-08T22:17:38+00:00","article_modified_time":"2020-04-10T14:49:43+00:00","og_image":[{"width":1920,"height":1211,"url":"https:\/\/www.travel3.com.br\/site\/wp-content\/uploads\/2019\/06\/aircraft-1362586_1920.jpg","type":"image\/jpeg"}],"author":"Reda\u00e7\u00e3o Travel3","twitter_card":"summary_large_image","twitter_misc":{"Escrito por":"Reda\u00e7\u00e3o Travel3","Est. tempo de leitura":"3 minutos"},"schema":{"@context":"https:\/\/schema.org","@graph":[{"@type":"Article","@id":"https:\/\/www.travel3.com.br\/site\/ir-e-vir\/iata-pede-maior-ajuda-para-enfrentar-consequencias-do-covid-19\/#article","isPartOf":{"@id":"https:\/\/www.travel3.com.br\/site\/ir-e-vir\/iata-pede-maior-ajuda-para-enfrentar-consequencias-do-covid-19\/"},"author":{"name":"Reda\u00e7\u00e3o Travel3","@id":"https:\/\/www.travel3.com.br\/site\/#\/schema\/person\/89251b0320bc67697de92249f97f3fdb"},"headline":"IATA pede maior ajuda para enfrentar consequ\u00eancias da Covid-19","datePublished":"2020-04-08T22:17:38+00:00","dateModified":"2020-04-10T14:49:43+00:00","mainEntityOfPage":{"@id":"https:\/\/www.travel3.com.br\/site\/ir-e-vir\/iata-pede-maior-ajuda-para-enfrentar-consequencias-do-covid-19\/"},"wordCount":607,"commentCount":0,"publisher":{"@id":"https:\/\/www.travel3.com.br\/site\/#organization"},"image":{"@id":"https:\/\/www.travel3.com.br\/site\/ir-e-vir\/iata-pede-maior-ajuda-para-enfrentar-consequencias-do-covid-19\/#primaryimage"},"thumbnailUrl":"https:\/\/www.travel3.com.br\/site\/wp-content\/uploads\/2019\/06\/aircraft-1362586_1920.jpg","keywords":["Alexandre de Juniac","Coronav\u00edrus","IATA"],"articleSection":["Ar","Destaque","Ir e Vir"],"inLanguage":"pt-BR","potentialAction":[{"@type":"CommentAction","name":"Comment","target":["https:\/\/www.travel3.com.br\/site\/ir-e-vir\/iata-pede-maior-ajuda-para-enfrentar-consequencias-do-covid-19\/#respond"]}]},{"@type":"WebPage","@id":"https:\/\/www.travel3.com.br\/site\/ir-e-vir\/iata-pede-maior-ajuda-para-enfrentar-consequencias-do-covid-19\/","url":"https:\/\/www.travel3.com.br\/site\/ir-e-vir\/iata-pede-maior-ajuda-para-enfrentar-consequencias-do-covid-19\/","name":"IATA pede maior ajuda para enfrentar consequ\u00eancias da Covid-19 - Travel3","isPartOf":{"@id":"https:\/\/www.travel3.com.br\/site\/#website"},"primaryImageOfPage":{"@id":"https:\/\/www.travel3.com.br\/site\/ir-e-vir\/iata-pede-maior-ajuda-para-enfrentar-consequencias-do-covid-19\/#primaryimage"},"image":{"@id":"https:\/\/www.travel3.com.br\/site\/ir-e-vir\/iata-pede-maior-ajuda-para-enfrentar-consequencias-do-covid-19\/#primaryimage"},"thumbnailUrl":"https:\/\/www.travel3.com.br\/site\/wp-content\/uploads\/2019\/06\/aircraft-1362586_1920.jpg","datePublished":"2020-04-08T22:17:38+00:00","dateModified":"2020-04-10T14:49:43+00:00","description":"IATA pede maior ajuda de governos para enfrentar Covid-19; associa\u00e7\u00e3o agradeceu medidas j\u00e1 adotadas, mas pediu que mais governos ajam","breadcrumb":{"@id":"https:\/\/www.travel3.com.br\/site\/ir-e-vir\/iata-pede-maior-ajuda-para-enfrentar-consequencias-do-covid-19\/#breadcrumb"},"inLanguage":"pt-BR","potentialAction":[{"@type":"ReadAction","target":["https:\/\/www.travel3.com.br\/site\/ir-e-vir\/iata-pede-maior-ajuda-para-enfrentar-consequencias-do-covid-19\/"]}]},{"@type":"ImageObject","inLanguage":"pt-BR","@id":"https:\/\/www.travel3.com.br\/site\/ir-e-vir\/iata-pede-maior-ajuda-para-enfrentar-consequencias-do-covid-19\/#primaryimage","url":"https:\/\/www.travel3.com.br\/site\/wp-content\/uploads\/2019\/06\/aircraft-1362586_1920.jpg","contentUrl":"https:\/\/www.travel3.com.br\/site\/wp-content\/uploads\/2019\/06\/aircraft-1362586_1920.jpg","width":1920,"height":1211,"caption":"avi\u00e3o"},{"@type":"BreadcrumbList","@id":"https:\/\/www.travel3.com.br\/site\/ir-e-vir\/iata-pede-maior-ajuda-para-enfrentar-consequencias-do-covid-19\/#breadcrumb","itemListElement":[{"@type":"ListItem","position":1,"name":"In\u00edcio","item":"https:\/\/www.travel3.com.br\/site\/"},{"@type":"ListItem","position":2,"name":"IATA pede maior ajuda para enfrentar consequ\u00eancias da Covid-19"}]},{"@type":"WebSite","@id":"https:\/\/www.travel3.com.br\/site\/#website","url":"https:\/\/www.travel3.com.br\/site\/","name":"Travel3","description":"Lazer + Neg&oacute;cios + Aventura","publisher":{"@id":"https:\/\/www.travel3.com.br\/site\/#organization"},"potentialAction":[{"@type":"SearchAction","target":{"@type":"EntryPoint","urlTemplate":"https:\/\/www.travel3.com.br\/site\/?s={search_term_string}"},"query-input":{"@type":"PropertyValueSpecification","valueRequired":true,"valueName":"search_term_string"}}],"inLanguage":"pt-BR"},{"@type":"Organization","@id":"https:\/\/www.travel3.com.br\/site\/#organization","name":"Travel3","url":"https:\/\/www.travel3.com.br\/site\/","logo":{"@type":"ImageObject","inLanguage":"pt-BR","@id":"https:\/\/www.travel3.com.br\/site\/#\/schema\/logo\/image\/","url":"https:\/\/www.travel3.com.br\/site\/wp-content\/uploads\/2020\/01\/logo-travel3-2020.png","contentUrl":"https:\/\/www.travel3.com.br\/site\/wp-content\/uploads\/2020\/01\/logo-travel3-2020.png","width":232,"height":79,"caption":"Travel3"},"image":{"@id":"https:\/\/www.travel3.com.br\/site\/#\/schema\/logo\/image\/"},"sameAs":["https:\/\/www.facebook.com\/travel3media\/","https:\/\/www.instagram.com\/revistatravel3\/","https:\/\/www.youtube.com\/channel\/UCno7J4paGBR3VbZQzvoJ9Eg"]},{"@type":"Person","@id":"https:\/\/www.travel3.com.br\/site\/#\/schema\/person\/89251b0320bc67697de92249f97f3fdb","name":"Reda\u00e7\u00e3o Travel3","image":{"@type":"ImageObject","inLanguage":"pt-BR","@id":"https:\/\/www.travel3.com.br\/site\/#\/schema\/person\/image\/","url":"https:\/\/secure.gravatar.com\/avatar\/85a5ec2ad99b1932f671ebf50c117db6?s=96&d=mm&r=g","contentUrl":"https:\/\/secure.gravatar.com\/avatar\/85a5ec2ad99b1932f671ebf50c117db6?s=96&d=mm&r=g","caption":"Reda\u00e7\u00e3o Travel3"},"sameAs":["http:\/\/www.travel3.com.br\/"],"url":"https:\/\/www.travel3.com.br\/site\/author\/redacao\/"}]}},"_links":{"self":[{"href":"https:\/\/www.travel3.com.br\/site\/wp-json\/wp\/v2\/posts\/32219","targetHints":{"allow":["GET"]}}],"collection":[{"href":"https:\/\/www.travel3.com.br\/site\/wp-json\/wp\/v2\/posts"}],"about":[{"href":"https:\/\/www.travel3.com.br\/site\/wp-json\/wp\/v2\/types\/post"}],"author":[{"embeddable":true,"href":"https:\/\/www.travel3.com.br\/site\/wp-json\/wp\/v2\/users\/5"}],"replies":[{"embeddable":true,"href":"https:\/\/www.travel3.com.br\/site\/wp-json\/wp\/v2\/comments?post=32219"}],"version-history":[{"count":6,"href":"https:\/\/www.travel3.com.br\/site\/wp-json\/wp\/v2\/posts\/32219\/revisions"}],"predecessor-version":[{"id":32670,"href":"https:\/\/www.travel3.com.br\/site\/wp-json\/wp\/v2\/posts\/32219\/revisions\/32670"}],"wp:featuredmedia":[{"embeddable":true,"href":"https:\/\/www.travel3.com.br\/site\/wp-json\/wp\/v2\/media\/23741"}],"wp:attachment":[{"href":"https:\/\/www.travel3.com.br\/site\/wp-json\/wp\/v2\/media?parent=32219"}],"wp:term":[{"taxonomy":"category","embeddable":true,"href":"https:\/\/www.travel3.com.br\/site\/wp-json\/wp\/v2\/categories?post=32219"},{"taxonomy":"post_tag","embeddable":true,"href":"https:\/\/www.travel3.com.br\/site\/wp-json\/wp\/v2\/tags?post=32219"}],"curies":[{"name":"wp","href":"https:\/\/api.w.org\/{rel}","templated":true}]}}