{"id":3212,"date":"2017-09-10T04:08:45","date_gmt":"2017-09-10T04:08:45","guid":{"rendered":"http:\/\/www.travel3.com.br\/site\/ir-e-vir\/ar\/aerolineas-argentinas-tera-deficit-de-us-450-milhoes\/"},"modified":"2017-09-12T18:14:28","modified_gmt":"2017-09-12T18:14:28","slug":"aerolineas-argentinas-tera-deficit-de-us-450-milhoes","status":"publish","type":"post","link":"https:\/\/www.travel3.com.br\/site\/sem-categoria\/aerolineas-argentinas-tera-deficit-de-us-450-milhoes\/","title":{"rendered":"AEROLINEAS ARGENTINAS TER\u00c1 DEFICIT DE US$ 450 MILH\u00d5ES"},"content":{"rendered":"<p><span style=\"color: #40acad; font-family: -apple-system, system-ui, 'Segoe UI', Roboto, Oxygen-Sans, Ubuntu, Cantarell, 'Helvetica Neue', sans-serif; font-size: 12px; font-weight: bold;\"><\/p>\n<p style=\"text-align:justify\">Quando assumiu a dire\u00e7\u00e3o da companhia, indicada pelo presidente Macri, a executiva assegurou que em tr\u00eas anos a Aerolineas Argentinas deixaria o quadro de constantes e elevados preju\u00edzos. Ao final do primeiro ano, isto n\u00e3o se confirmou, apesar de receber subs\u00eddios de quase US$ 300 milh\u00f5es, est\u00e1 fechando 2016 com um preju\u00edzo estimado em US$ 450 milh\u00f5es.<\/p>\n<p style=\"text-align:justify\"><a class=\"fancybox-media\" href=\"..\/_uploads\/_noticia\/2016-12\/aerolineasaiselaconstantini.jpg\" rel=\"portfolio\"><img decoding=\"async\" alt=\"\" src=\"..\/_uploads\/_noticia\/2016-12\/aerolineasaiselaconstantini.jpg\" \/><\/a><\/p>\n<p style=\"text-align:justify\">O d\u00e9ficit n\u00e3o \u00e9 a \u00fanica preocupa\u00e7\u00e3o. A iminente chegada ao mercdo de empresas \u2018low cost\u2019 vai aumentar a competitividade do setor e a disputa \u00a0dever\u00e1 ser intensa. \u00a0Para 2017, a Aerolineas ainda contar\u00e1 com uma ajuda estatal de US$ 168 milh\u00f5es.<\/p>\n<p style=\"text-align:justify\">N\u00e3o se fala em privatiza\u00e7\u00e3o \u2013 pelo menos at\u00e9 2019 &#8211; \u00a0mas as ultimas mudan\u00e7as de relacionamento no mercado \u2013 mudan\u00e7a do sistema de vendas e praticamente eliminando as ag\u00eancias de viagens como canal de distribui\u00e7\u00e3o \u2013 aumentam as circunst\u00e2ncias de preocupa\u00e7\u00f5es.<\/p>\n<p style=\"text-align:justify\">A Aerolineas decidiu n\u00e3o ter mais servi\u00e7o de bordo gratuito (alimenta\u00e7\u00e3o) nos voos dom\u00e9sticos com menos de duas horas \u00a0e um sistema de vendas espec\u00edfico e direto para os assentos na classe executiva. Mas foi a restri\u00e7\u00e3o de comiss\u00f5es para as ag\u00eancias que provocou as principais turbul\u00eancias e uma rea\u00e7\u00e3o em cadeia da FAEVYT, a associa\u00e7\u00e3o dos agentes que considerou a decis\u00e3o \u2018arbitr\u00e1ria e unilateral\u2019. E promete entrar com medidas judiciais contra tal.<\/p>\n<p style=\"text-align:justify\">O gerente comercial Diego Garcia confirma tamb\u00e9m que a partir de mar\u00e7o do ano que vem, o novo sistema comercial da companhia ter\u00e1 altera\u00e7\u00f5es como os servi\u00e7os 48 horas antes de cada voo. \u00a0Poder\u00e1 haver uma alt ou baixa nos arremates de passagens, passando da econ\u00f4mica para primeira<\/p>\n<p style=\"text-align:justify\"><a class=\"fancybox-media\" href=\"..\/_uploads\/_noticia\/2016-12\/aerolineasargentinasaviaonapista.jpg\" rel=\"portfolio\"><img decoding=\"async\" alt=\"\" src=\"..\/_uploads\/_noticia\/2016-12\/aerolineasargentinasaviaonapista.jpg\" \/><\/a><\/p>\n<p style=\"text-align:justify\">Enquanto isso, \u00a0nesta temporada de final de ano, a companhia \u00a0est\u00e1 aumentando sua conectividade por todo o pais, mais voos para o destino Brasil e ainda \u00a0manter 75% da pontualidade prometida.<\/p>\n<p>\u00a0<\/p>\n<p>\u00a0<\/p>\n<p><\/span><\/p>\n","protected":false},"excerpt":{"rendered":"<p>Primeiro ano de gest\u00e3o de Isela Constantini foi de constantes ajustes mas n\u00e3o fugiu dos altos n\u00fameros em vermelho<\/p>\n","protected":false},"author":1,"featured_media":0,"comment_status":"open","ping_status":"open","sticky":false,"template":"","format":"standard","meta":{"footnotes":""},"categories":[],"tags":[],"class_list":["post-3212","post","type-post","status-publish","format-standard","hentry"],"yoast_head":"<!-- This site is optimized with the Yoast SEO plugin v26.2 - https:\/\/yoast.com\/wordpress\/plugins\/seo\/ -->\n<title>AEROLINEAS ARGENTINAS TER\u00c1 DEFICIT DE US$ 450 MILH\u00d5ES - Travel3<\/title>\n<meta name=\"description\" content=\"A TRAVEL3 \u00e9 um portal de conte\u00fado voltado para o turismo, encontre destinos, viagens, hospedagem, passagens, guias, not\u00edcias sobre o mercado do turismo, dicas de viagem, v\u00eddeos e podcast.\" \/>\n<meta name=\"robots\" content=\"index, follow, max-snippet:-1, max-image-preview:large, max-video-preview:-1\" \/>\n<link rel=\"canonical\" href=\"https:\/\/www.travel3.com.br\/site\/sem-categoria\/aerolineas-argentinas-tera-deficit-de-us-450-milhoes\/\" \/>\n<meta property=\"og:locale\" content=\"pt_BR\" \/>\n<meta property=\"og:type\" content=\"article\" \/>\n<meta property=\"og:title\" content=\"AEROLINEAS ARGENTINAS TER\u00c1 DEFICIT DE US$ 450 MILH\u00d5ES - Travel3\" \/>\n<meta property=\"og:description\" content=\"A TRAVEL3 \u00e9 um portal de conte\u00fado voltado para o turismo, encontre destinos, viagens, hospedagem, passagens, guias, not\u00edcias sobre o mercado do turismo, dicas de viagem, v\u00eddeos e podcast.\" \/>\n<meta property=\"og:url\" content=\"https:\/\/www.travel3.com.br\/site\/sem-categoria\/aerolineas-argentinas-tera-deficit-de-us-450-milhoes\/\" \/>\n<meta property=\"og:site_name\" content=\"Travel3\" \/>\n<meta property=\"article:publisher\" content=\"https:\/\/www.facebook.com\/travel3media\/\" \/>\n<meta property=\"article:published_time\" content=\"2017-09-10T04:08:45+00:00\" \/>\n<meta property=\"article:modified_time\" content=\"2017-09-12T18:14:28+00:00\" \/>\n<meta name=\"author\" content=\"admin\" \/>\n<meta name=\"twitter:card\" content=\"summary_large_image\" \/>\n<meta name=\"twitter:label1\" content=\"Escrito por\" \/>\n\t<meta name=\"twitter:data1\" content=\"admin\" \/>\n\t<meta name=\"twitter:label2\" content=\"Est. tempo de leitura\" \/>\n\t<meta name=\"twitter:data2\" content=\"2 minutos\" \/>\n<script type=\"application\/ld+json\" class=\"yoast-schema-graph\">{\"@context\":\"https:\/\/schema.org\",\"@graph\":[{\"@type\":\"Article\",\"@id\":\"https:\/\/www.travel3.com.br\/site\/sem-categoria\/aerolineas-argentinas-tera-deficit-de-us-450-milhoes\/#article\",\"isPartOf\":{\"@id\":\"https:\/\/www.travel3.com.br\/site\/sem-categoria\/aerolineas-argentinas-tera-deficit-de-us-450-milhoes\/\"},\"author\":{\"name\":\"admin\",\"@id\":\"https:\/\/www.travel3.com.br\/site\/#\/schema\/person\/a69d71e41a024999b6ab82369ac0bd1e\"},\"headline\":\"AEROLINEAS ARGENTINAS TER\u00c1 DEFICIT DE US$ 450 MILH\u00d5ES\",\"datePublished\":\"2017-09-10T04:08:45+00:00\",\"dateModified\":\"2017-09-12T18:14:28+00:00\",\"mainEntityOfPage\":{\"@id\":\"https:\/\/www.travel3.com.br\/site\/sem-categoria\/aerolineas-argentinas-tera-deficit-de-us-450-milhoes\/\"},\"wordCount\":327,\"commentCount\":0,\"publisher\":{\"@id\":\"https:\/\/www.travel3.com.br\/site\/#organization\"},\"inLanguage\":\"pt-BR\",\"potentialAction\":[{\"@type\":\"CommentAction\",\"name\":\"Comment\",\"target\":[\"https:\/\/www.travel3.com.br\/site\/sem-categoria\/aerolineas-argentinas-tera-deficit-de-us-450-milhoes\/#respond\"]}]},{\"@type\":\"WebPage\",\"@id\":\"https:\/\/www.travel3.com.br\/site\/sem-categoria\/aerolineas-argentinas-tera-deficit-de-us-450-milhoes\/\",\"url\":\"https:\/\/www.travel3.com.br\/site\/sem-categoria\/aerolineas-argentinas-tera-deficit-de-us-450-milhoes\/\",\"name\":\"AEROLINEAS ARGENTINAS TER\u00c1 DEFICIT DE US$ 450 MILH\u00d5ES - Travel3\",\"isPartOf\":{\"@id\":\"https:\/\/www.travel3.com.br\/site\/#website\"},\"datePublished\":\"2017-09-10T04:08:45+00:00\",\"dateModified\":\"2017-09-12T18:14:28+00:00\",\"description\":\"A TRAVEL3 \u00e9 um portal de conte\u00fado voltado para o turismo, encontre destinos, viagens, hospedagem, passagens, guias, not\u00edcias sobre o mercado do turismo, dicas de viagem, v\u00eddeos e podcast.\",\"breadcrumb\":{\"@id\":\"https:\/\/www.travel3.com.br\/site\/sem-categoria\/aerolineas-argentinas-tera-deficit-de-us-450-milhoes\/#breadcrumb\"},\"inLanguage\":\"pt-BR\",\"potentialAction\":[{\"@type\":\"ReadAction\",\"target\":[\"https:\/\/www.travel3.com.br\/site\/sem-categoria\/aerolineas-argentinas-tera-deficit-de-us-450-milhoes\/\"]}]},{\"@type\":\"BreadcrumbList\",\"@id\":\"https:\/\/www.travel3.com.br\/site\/sem-categoria\/aerolineas-argentinas-tera-deficit-de-us-450-milhoes\/#breadcrumb\",\"itemListElement\":[{\"@type\":\"ListItem\",\"position\":1,\"name\":\"In\u00edcio\",\"item\":\"https:\/\/www.travel3.com.br\/site\/\"},{\"@type\":\"ListItem\",\"position\":2,\"name\":\"AEROLINEAS ARGENTINAS TER\u00c1 DEFICIT DE US$ 450 MILH\u00d5ES\"}]},{\"@type\":\"WebSite\",\"@id\":\"https:\/\/www.travel3.com.br\/site\/#website\",\"url\":\"https:\/\/www.travel3.com.br\/site\/\",\"name\":\"Travel3\",\"description\":\"Lazer + Neg&oacute;cios + Aventura\",\"publisher\":{\"@id\":\"https:\/\/www.travel3.com.br\/site\/#organization\"},\"potentialAction\":[{\"@type\":\"SearchAction\",\"target\":{\"@type\":\"EntryPoint\",\"urlTemplate\":\"https:\/\/www.travel3.com.br\/site\/?s={search_term_string}\"},\"query-input\":{\"@type\":\"PropertyValueSpecification\",\"valueRequired\":true,\"valueName\":\"search_term_string\"}}],\"inLanguage\":\"pt-BR\"},{\"@type\":\"Organization\",\"@id\":\"https:\/\/www.travel3.com.br\/site\/#organization\",\"name\":\"Travel3\",\"url\":\"https:\/\/www.travel3.com.br\/site\/\",\"logo\":{\"@type\":\"ImageObject\",\"inLanguage\":\"pt-BR\",\"@id\":\"https:\/\/www.travel3.com.br\/site\/#\/schema\/logo\/image\/\",\"url\":\"https:\/\/www.travel3.com.br\/site\/wp-content\/uploads\/2020\/01\/logo-travel3-2020.png\",\"contentUrl\":\"https:\/\/www.travel3.com.br\/site\/wp-content\/uploads\/2020\/01\/logo-travel3-2020.png\",\"width\":232,\"height\":79,\"caption\":\"Travel3\"},\"image\":{\"@id\":\"https:\/\/www.travel3.com.br\/site\/#\/schema\/logo\/image\/\"},\"sameAs\":[\"https:\/\/www.facebook.com\/travel3media\/\",\"https:\/\/www.instagram.com\/revistatravel3\/\",\"https:\/\/www.youtube.com\/channel\/UCno7J4paGBR3VbZQzvoJ9Eg\"]},{\"@type\":\"Person\",\"@id\":\"https:\/\/www.travel3.com.br\/site\/#\/schema\/person\/a69d71e41a024999b6ab82369ac0bd1e\",\"name\":\"admin\",\"image\":{\"@type\":\"ImageObject\",\"inLanguage\":\"pt-BR\",\"@id\":\"https:\/\/www.travel3.com.br\/site\/#\/schema\/person\/image\/\",\"url\":\"https:\/\/secure.gravatar.com\/avatar\/732a67adfd764da2a47ba10ce731c4c0?s=96&d=mm&r=g\",\"contentUrl\":\"https:\/\/secure.gravatar.com\/avatar\/732a67adfd764da2a47ba10ce731c4c0?s=96&d=mm&r=g\",\"caption\":\"admin\"},\"url\":\"https:\/\/www.travel3.com.br\/site\/author\/admin\/\"}]}<\/script>\n<!-- \/ Yoast SEO plugin. -->","yoast_head_json":{"title":"AEROLINEAS ARGENTINAS TER\u00c1 DEFICIT DE US$ 450 MILH\u00d5ES - Travel3","description":"A TRAVEL3 \u00e9 um portal de conte\u00fado voltado para o turismo, encontre destinos, viagens, hospedagem, passagens, guias, not\u00edcias sobre o mercado do turismo, dicas de viagem, v\u00eddeos e podcast.","robots":{"index":"index","follow":"follow","max-snippet":"max-snippet:-1","max-image-preview":"max-image-preview:large","max-video-preview":"max-video-preview:-1"},"canonical":"https:\/\/www.travel3.com.br\/site\/sem-categoria\/aerolineas-argentinas-tera-deficit-de-us-450-milhoes\/","og_locale":"pt_BR","og_type":"article","og_title":"AEROLINEAS ARGENTINAS TER\u00c1 DEFICIT DE US$ 450 MILH\u00d5ES - Travel3","og_description":"A TRAVEL3 \u00e9 um portal de conte\u00fado voltado para o turismo, encontre destinos, viagens, hospedagem, passagens, guias, not\u00edcias sobre o mercado do turismo, dicas de viagem, v\u00eddeos e podcast.","og_url":"https:\/\/www.travel3.com.br\/site\/sem-categoria\/aerolineas-argentinas-tera-deficit-de-us-450-milhoes\/","og_site_name":"Travel3","article_publisher":"https:\/\/www.facebook.com\/travel3media\/","article_published_time":"2017-09-10T04:08:45+00:00","article_modified_time":"2017-09-12T18:14:28+00:00","author":"admin","twitter_card":"summary_large_image","twitter_misc":{"Escrito por":"admin","Est. tempo de leitura":"2 minutos"},"schema":{"@context":"https:\/\/schema.org","@graph":[{"@type":"Article","@id":"https:\/\/www.travel3.com.br\/site\/sem-categoria\/aerolineas-argentinas-tera-deficit-de-us-450-milhoes\/#article","isPartOf":{"@id":"https:\/\/www.travel3.com.br\/site\/sem-categoria\/aerolineas-argentinas-tera-deficit-de-us-450-milhoes\/"},"author":{"name":"admin","@id":"https:\/\/www.travel3.com.br\/site\/#\/schema\/person\/a69d71e41a024999b6ab82369ac0bd1e"},"headline":"AEROLINEAS ARGENTINAS TER\u00c1 DEFICIT DE US$ 450 MILH\u00d5ES","datePublished":"2017-09-10T04:08:45+00:00","dateModified":"2017-09-12T18:14:28+00:00","mainEntityOfPage":{"@id":"https:\/\/www.travel3.com.br\/site\/sem-categoria\/aerolineas-argentinas-tera-deficit-de-us-450-milhoes\/"},"wordCount":327,"commentCount":0,"publisher":{"@id":"https:\/\/www.travel3.com.br\/site\/#organization"},"inLanguage":"pt-BR","potentialAction":[{"@type":"CommentAction","name":"Comment","target":["https:\/\/www.travel3.com.br\/site\/sem-categoria\/aerolineas-argentinas-tera-deficit-de-us-450-milhoes\/#respond"]}]},{"@type":"WebPage","@id":"https:\/\/www.travel3.com.br\/site\/sem-categoria\/aerolineas-argentinas-tera-deficit-de-us-450-milhoes\/","url":"https:\/\/www.travel3.com.br\/site\/sem-categoria\/aerolineas-argentinas-tera-deficit-de-us-450-milhoes\/","name":"AEROLINEAS ARGENTINAS TER\u00c1 DEFICIT DE US$ 450 MILH\u00d5ES - Travel3","isPartOf":{"@id":"https:\/\/www.travel3.com.br\/site\/#website"},"datePublished":"2017-09-10T04:08:45+00:00","dateModified":"2017-09-12T18:14:28+00:00","description":"A TRAVEL3 \u00e9 um portal de conte\u00fado voltado para o turismo, encontre destinos, viagens, hospedagem, passagens, guias, not\u00edcias sobre o mercado do turismo, dicas de viagem, v\u00eddeos e podcast.","breadcrumb":{"@id":"https:\/\/www.travel3.com.br\/site\/sem-categoria\/aerolineas-argentinas-tera-deficit-de-us-450-milhoes\/#breadcrumb"},"inLanguage":"pt-BR","potentialAction":[{"@type":"ReadAction","target":["https:\/\/www.travel3.com.br\/site\/sem-categoria\/aerolineas-argentinas-tera-deficit-de-us-450-milhoes\/"]}]},{"@type":"BreadcrumbList","@id":"https:\/\/www.travel3.com.br\/site\/sem-categoria\/aerolineas-argentinas-tera-deficit-de-us-450-milhoes\/#breadcrumb","itemListElement":[{"@type":"ListItem","position":1,"name":"In\u00edcio","item":"https:\/\/www.travel3.com.br\/site\/"},{"@type":"ListItem","position":2,"name":"AEROLINEAS ARGENTINAS TER\u00c1 DEFICIT DE US$ 450 MILH\u00d5ES"}]},{"@type":"WebSite","@id":"https:\/\/www.travel3.com.br\/site\/#website","url":"https:\/\/www.travel3.com.br\/site\/","name":"Travel3","description":"Lazer + Neg&oacute;cios + Aventura","publisher":{"@id":"https:\/\/www.travel3.com.br\/site\/#organization"},"potentialAction":[{"@type":"SearchAction","target":{"@type":"EntryPoint","urlTemplate":"https:\/\/www.travel3.com.br\/site\/?s={search_term_string}"},"query-input":{"@type":"PropertyValueSpecification","valueRequired":true,"valueName":"search_term_string"}}],"inLanguage":"pt-BR"},{"@type":"Organization","@id":"https:\/\/www.travel3.com.br\/site\/#organization","name":"Travel3","url":"https:\/\/www.travel3.com.br\/site\/","logo":{"@type":"ImageObject","inLanguage":"pt-BR","@id":"https:\/\/www.travel3.com.br\/site\/#\/schema\/logo\/image\/","url":"https:\/\/www.travel3.com.br\/site\/wp-content\/uploads\/2020\/01\/logo-travel3-2020.png","contentUrl":"https:\/\/www.travel3.com.br\/site\/wp-content\/uploads\/2020\/01\/logo-travel3-2020.png","width":232,"height":79,"caption":"Travel3"},"image":{"@id":"https:\/\/www.travel3.com.br\/site\/#\/schema\/logo\/image\/"},"sameAs":["https:\/\/www.facebook.com\/travel3media\/","https:\/\/www.instagram.com\/revistatravel3\/","https:\/\/www.youtube.com\/channel\/UCno7J4paGBR3VbZQzvoJ9Eg"]},{"@type":"Person","@id":"https:\/\/www.travel3.com.br\/site\/#\/schema\/person\/a69d71e41a024999b6ab82369ac0bd1e","name":"admin","image":{"@type":"ImageObject","inLanguage":"pt-BR","@id":"https:\/\/www.travel3.com.br\/site\/#\/schema\/person\/image\/","url":"https:\/\/secure.gravatar.com\/avatar\/732a67adfd764da2a47ba10ce731c4c0?s=96&d=mm&r=g","contentUrl":"https:\/\/secure.gravatar.com\/avatar\/732a67adfd764da2a47ba10ce731c4c0?s=96&d=mm&r=g","caption":"admin"},"url":"https:\/\/www.travel3.com.br\/site\/author\/admin\/"}]}},"_links":{"self":[{"href":"https:\/\/www.travel3.com.br\/site\/wp-json\/wp\/v2\/posts\/3212","targetHints":{"allow":["GET"]}}],"collection":[{"href":"https:\/\/www.travel3.com.br\/site\/wp-json\/wp\/v2\/posts"}],"about":[{"href":"https:\/\/www.travel3.com.br\/site\/wp-json\/wp\/v2\/types\/post"}],"author":[{"embeddable":true,"href":"https:\/\/www.travel3.com.br\/site\/wp-json\/wp\/v2\/users\/1"}],"replies":[{"embeddable":true,"href":"https:\/\/www.travel3.com.br\/site\/wp-json\/wp\/v2\/comments?post=3212"}],"version-history":[{"count":1,"href":"https:\/\/www.travel3.com.br\/site\/wp-json\/wp\/v2\/posts\/3212\/revisions"}],"predecessor-version":[{"id":4009,"href":"https:\/\/www.travel3.com.br\/site\/wp-json\/wp\/v2\/posts\/3212\/revisions\/4009"}],"wp:attachment":[{"href":"https:\/\/www.travel3.com.br\/site\/wp-json\/wp\/v2\/media?parent=3212"}],"wp:term":[{"taxonomy":"category","embeddable":true,"href":"https:\/\/www.travel3.com.br\/site\/wp-json\/wp\/v2\/categories?post=3212"},{"taxonomy":"post_tag","embeddable":true,"href":"https:\/\/www.travel3.com.br\/site\/wp-json\/wp\/v2\/tags?post=3212"}],"curies":[{"name":"wp","href":"https:\/\/api.w.org\/{rel}","templated":true}]}}