{"id":31923,"date":"2020-03-19T11:16:07","date_gmt":"2020-03-19T14:16:07","guid":{"rendered":"https:\/\/www.travel3.com.br\/?p=31923"},"modified":"2020-03-19T11:16:22","modified_gmt":"2020-03-19T14:16:22","slug":"cancelar-ou-adiar","status":"publish","type":"post","link":"https:\/\/www.travel3.com.br\/site\/acontece-no-turismo\/cancelar-ou-adiar\/","title":{"rendered":"Cancelar ou adiar a minha viagem? &#8211; O Turismo e o Coronav\u00edrus"},"content":{"rendered":"\n<h3 class=\"wp-block-heading\" style=\"text-align:center\">A Travel3 continua tirando as d\u00favidas dos nossos leitores e ouvintes da R\u00e1dio BandNewsFM-BHZ<\/h3>\n\n\n\n<p>Cancelar ou adiar a viagem \u00e9 a grande d\u00favida dos turistas que se viram, do dia para a noite, impedidos de realizar a viagem dos seus sonhos. A <strong>Reportagem Travel3<\/strong> continua recebendo muitas mensagens dos nossos leitores e ouvintes do programa da <a href=\"https:\/\/www.travel3.com.br\/acontece-no-turismo\/radio-bandnews-fm-coronavirus\/\">R\u00e1dio BandNews FM-BHZ<\/a>. Voc\u00ea tamb\u00e9m pode enviar sua pergunta, aqui mesmo pelo site ou pelo Instagram <a href=\"https:\/\/www.instagram.com\/revistatravel3\/\">@revistatravel3<\/a>.  <\/p>\n\n\n\n<p>\u00c9 claro que o momento n\u00e3o \u00e9 para viajar, mas sim de literalmente ficar em casa e fazer sua parte, como cidad\u00e3o respons\u00e1vel, para desacelerar a velocidade de cont\u00e1gio do Coronav\u00edrus. Ainda assim, depois que este momento \u00fanico na hist\u00f3ria contempor\u00e2nea passar, as viagens voltar\u00e3o. Elas continuar\u00e3o sendo uma atividade rica e relaxante, para quem embarca a lazer, ou importante e muitas vezes extremamente essencial para quem embarca a trabalho.<\/p>\n\n\n\n<h2 class=\"wp-block-heading\">Entre cancelar e adiar sua viagem, fique sempre com a 2\u00aa op\u00e7\u00e3o<\/h2>\n\n\n\n<p>E como o momento de viajar vai voltar, nossa sugest\u00e3o ser\u00e1 sempre para que voc\u00ea adie a sua viagem. Al\u00e9m de manter o seu sonho garantido, voc\u00ea tamb\u00e9m faz a sua parte para manter a economia do Brasil e do mundo girando. E esse \u00e9 um fator muito importante agora.<\/p>\n\n\n\n<h2 class=\"wp-block-heading\">Posso planejar uma viagem para o final do ano?<\/h2>\n\n\n\n<p>Outros viajantes que est\u00e3o planejando viagens para o final do ano escreveram perguntando se podem continuar a fazer este planejamento.<\/p>\n\n\n\n<p>E a nossa resposta \u00e9 sim! Este \u00e9 o melhor momento para planejar a sua viagem. Este tamb\u00e9m \u00e9 o melhor momento para conseguir pre\u00e7os excepcionalmente vantajosos, j\u00e1 que companhias a\u00e9reas, hot\u00e9is e outros servi\u00e7os tur\u00edsticos est\u00e3o fazendo de tudo para atrair o consumidor.<\/p>\n\n\n\n<p>Se este \u00e9 o seu caso, consulte o seu agente de viagens. N\u00f3s, da <strong>Travel3<\/strong>, fazemos quest\u00e3o de ressaltar que, quando o assunto \u00e9 <em>O Coronav\u00edrus e as Viagens<\/em>, seus 2 mais importantes consultores ser\u00e3o o seu m\u00e9dico e o seu agente de viagens. <\/p>\n\n\n\n<p>Mais do que nunca \u00e9 essencial fazer uma viagem atrav\u00e9s de uma ag\u00eancia de viagens pois ser\u00e1 o seu agente, um profissional especialista no assunto quem vai proteger voc\u00ea de contratempos que sempre podem aparecer durante um tour de f\u00e9rias ou numa viagem a neg\u00f3cios. <\/p>\n","protected":false},"excerpt":{"rendered":"<p>A Travel3 continua tirando as d\u00favidas dos nossos leitores e ouvintes da R\u00e1dio BandNewsFM-BHZ Cancelar ou adiar a viagem \u00e9 a grande d\u00favida dos turistas que se viram, do dia para a noite, impedidos de realizar a viagem dos seus sonhos. A Reportagem Travel3 continua recebendo muitas mensagens dos nossos leitores e ouvintes do programa [&hellip;]<\/p>\n","protected":false},"author":4,"featured_media":31930,"comment_status":"open","ping_status":"open","sticky":false,"template":"","format":"standard","meta":{"footnotes":""},"categories":[969,226,7],"tags":[4020,4008,520,1545],"class_list":["post-31923","post","type-post","status-publish","format-standard","has-post-thumbnail","hentry","category-acontece-no-turismo","category-destaque","category-dicas","tag-adiar-ou-cancelar-viagem","tag-coronavirus","tag-dicas","tag-dicas-de-viagem"],"yoast_head":"<!-- This site is optimized with the Yoast SEO plugin v26.2 - https:\/\/yoast.com\/wordpress\/plugins\/seo\/ -->\n<title>Cancelar ou adiar a minha viagem? - O Turismo e o Coronav\u00edrus - Travel3<\/title>\n<meta name=\"description\" content=\"Cancelar ou adiar a minha viagem? O Turismo e o Coronav\u00edrus; A Travel3 continua tirando as d\u00favidas dos nossos leitores e ouvintes da R\u00e1dio BandNewsFM-BHZ\" \/>\n<meta name=\"robots\" content=\"index, follow, max-snippet:-1, max-image-preview:large, max-video-preview:-1\" \/>\n<link rel=\"canonical\" href=\"https:\/\/www.travel3.com.br\/site\/acontece-no-turismo\/cancelar-ou-adiar\/\" \/>\n<meta property=\"og:locale\" content=\"pt_BR\" \/>\n<meta property=\"og:type\" content=\"article\" \/>\n<meta property=\"og:title\" content=\"Cancelar ou adiar a minha viagem? - O Turismo e o Coronav\u00edrus - Travel3\" \/>\n<meta property=\"og:description\" content=\"Cancelar ou adiar a minha viagem? O Turismo e o Coronav\u00edrus; A Travel3 continua tirando as d\u00favidas dos nossos leitores e ouvintes da R\u00e1dio BandNewsFM-BHZ\" \/>\n<meta property=\"og:url\" content=\"https:\/\/www.travel3.com.br\/site\/acontece-no-turismo\/cancelar-ou-adiar\/\" \/>\n<meta property=\"og:site_name\" content=\"Travel3\" \/>\n<meta property=\"article:publisher\" content=\"https:\/\/www.facebook.com\/travel3media\/\" \/>\n<meta property=\"article:published_time\" content=\"2020-03-19T14:16:07+00:00\" \/>\n<meta property=\"article:modified_time\" content=\"2020-03-19T14:16:22+00:00\" \/>\n<meta property=\"og:image\" content=\"https:\/\/www.travel3.com.br\/site\/wp-content\/uploads\/2020\/03\/bay-391071_1920.jpg\" \/>\n\t<meta property=\"og:image:width\" content=\"1920\" \/>\n\t<meta property=\"og:image:height\" content=\"1280\" \/>\n\t<meta property=\"og:image:type\" content=\"image\/jpeg\" \/>\n<meta name=\"author\" content=\"Claudia Tonaco\" \/>\n<meta name=\"twitter:card\" content=\"summary_large_image\" \/>\n<meta name=\"twitter:label1\" content=\"Escrito por\" \/>\n\t<meta name=\"twitter:data1\" content=\"Claudia Tonaco\" \/>\n\t<meta name=\"twitter:label2\" content=\"Est. tempo de leitura\" \/>\n\t<meta name=\"twitter:data2\" content=\"2 minutos\" \/>\n<script type=\"application\/ld+json\" class=\"yoast-schema-graph\">{\"@context\":\"https:\/\/schema.org\",\"@graph\":[{\"@type\":\"Article\",\"@id\":\"https:\/\/www.travel3.com.br\/site\/acontece-no-turismo\/cancelar-ou-adiar\/#article\",\"isPartOf\":{\"@id\":\"https:\/\/www.travel3.com.br\/site\/acontece-no-turismo\/cancelar-ou-adiar\/\"},\"author\":{\"name\":\"Claudia Tonaco\",\"@id\":\"https:\/\/www.travel3.com.br\/site\/#\/schema\/person\/ad24a6ccba88dcd54877f3d2fb76c605\"},\"headline\":\"Cancelar ou adiar a minha viagem? &#8211; O Turismo e o Coronav\u00edrus\",\"datePublished\":\"2020-03-19T14:16:07+00:00\",\"dateModified\":\"2020-03-19T14:16:22+00:00\",\"mainEntityOfPage\":{\"@id\":\"https:\/\/www.travel3.com.br\/site\/acontece-no-turismo\/cancelar-ou-adiar\/\"},\"wordCount\":403,\"commentCount\":0,\"publisher\":{\"@id\":\"https:\/\/www.travel3.com.br\/site\/#organization\"},\"image\":{\"@id\":\"https:\/\/www.travel3.com.br\/site\/acontece-no-turismo\/cancelar-ou-adiar\/#primaryimage\"},\"thumbnailUrl\":\"https:\/\/www.travel3.com.br\/site\/wp-content\/uploads\/2020\/03\/bay-391071_1920.jpg\",\"keywords\":[\"adiar ou cancelar viagem\",\"Coronav\u00edrus\",\"dicas\",\"dicas de viagem\"],\"articleSection\":[\"Acontece no Turismo\",\"Destaque\",\"Dicas\"],\"inLanguage\":\"pt-BR\",\"potentialAction\":[{\"@type\":\"CommentAction\",\"name\":\"Comment\",\"target\":[\"https:\/\/www.travel3.com.br\/site\/acontece-no-turismo\/cancelar-ou-adiar\/#respond\"]}]},{\"@type\":\"WebPage\",\"@id\":\"https:\/\/www.travel3.com.br\/site\/acontece-no-turismo\/cancelar-ou-adiar\/\",\"url\":\"https:\/\/www.travel3.com.br\/site\/acontece-no-turismo\/cancelar-ou-adiar\/\",\"name\":\"Cancelar ou adiar a minha viagem? - O Turismo e o Coronav\u00edrus - Travel3\",\"isPartOf\":{\"@id\":\"https:\/\/www.travel3.com.br\/site\/#website\"},\"primaryImageOfPage\":{\"@id\":\"https:\/\/www.travel3.com.br\/site\/acontece-no-turismo\/cancelar-ou-adiar\/#primaryimage\"},\"image\":{\"@id\":\"https:\/\/www.travel3.com.br\/site\/acontece-no-turismo\/cancelar-ou-adiar\/#primaryimage\"},\"thumbnailUrl\":\"https:\/\/www.travel3.com.br\/site\/wp-content\/uploads\/2020\/03\/bay-391071_1920.jpg\",\"datePublished\":\"2020-03-19T14:16:07+00:00\",\"dateModified\":\"2020-03-19T14:16:22+00:00\",\"description\":\"Cancelar ou adiar a minha viagem? O Turismo e o Coronav\u00edrus; A Travel3 continua tirando as d\u00favidas dos nossos leitores e ouvintes da R\u00e1dio BandNewsFM-BHZ\",\"breadcrumb\":{\"@id\":\"https:\/\/www.travel3.com.br\/site\/acontece-no-turismo\/cancelar-ou-adiar\/#breadcrumb\"},\"inLanguage\":\"pt-BR\",\"potentialAction\":[{\"@type\":\"ReadAction\",\"target\":[\"https:\/\/www.travel3.com.br\/site\/acontece-no-turismo\/cancelar-ou-adiar\/\"]}]},{\"@type\":\"ImageObject\",\"inLanguage\":\"pt-BR\",\"@id\":\"https:\/\/www.travel3.com.br\/site\/acontece-no-turismo\/cancelar-ou-adiar\/#primaryimage\",\"url\":\"https:\/\/www.travel3.com.br\/site\/wp-content\/uploads\/2020\/03\/bay-391071_1920.jpg\",\"contentUrl\":\"https:\/\/www.travel3.com.br\/site\/wp-content\/uploads\/2020\/03\/bay-391071_1920.jpg\",\"width\":1920,\"height\":1280,\"caption\":\"(Foto: Divulga\u00e7\u00e3o)\"},{\"@type\":\"BreadcrumbList\",\"@id\":\"https:\/\/www.travel3.com.br\/site\/acontece-no-turismo\/cancelar-ou-adiar\/#breadcrumb\",\"itemListElement\":[{\"@type\":\"ListItem\",\"position\":1,\"name\":\"In\u00edcio\",\"item\":\"https:\/\/www.travel3.com.br\/site\/\"},{\"@type\":\"ListItem\",\"position\":2,\"name\":\"Cancelar ou adiar a minha viagem? &#8211; O Turismo e o Coronav\u00edrus\"}]},{\"@type\":\"WebSite\",\"@id\":\"https:\/\/www.travel3.com.br\/site\/#website\",\"url\":\"https:\/\/www.travel3.com.br\/site\/\",\"name\":\"Travel3\",\"description\":\"Lazer + Neg&oacute;cios + Aventura\",\"publisher\":{\"@id\":\"https:\/\/www.travel3.com.br\/site\/#organization\"},\"potentialAction\":[{\"@type\":\"SearchAction\",\"target\":{\"@type\":\"EntryPoint\",\"urlTemplate\":\"https:\/\/www.travel3.com.br\/site\/?s={search_term_string}\"},\"query-input\":{\"@type\":\"PropertyValueSpecification\",\"valueRequired\":true,\"valueName\":\"search_term_string\"}}],\"inLanguage\":\"pt-BR\"},{\"@type\":\"Organization\",\"@id\":\"https:\/\/www.travel3.com.br\/site\/#organization\",\"name\":\"Travel3\",\"url\":\"https:\/\/www.travel3.com.br\/site\/\",\"logo\":{\"@type\":\"ImageObject\",\"inLanguage\":\"pt-BR\",\"@id\":\"https:\/\/www.travel3.com.br\/site\/#\/schema\/logo\/image\/\",\"url\":\"https:\/\/www.travel3.com.br\/site\/wp-content\/uploads\/2020\/01\/logo-travel3-2020.png\",\"contentUrl\":\"https:\/\/www.travel3.com.br\/site\/wp-content\/uploads\/2020\/01\/logo-travel3-2020.png\",\"width\":232,\"height\":79,\"caption\":\"Travel3\"},\"image\":{\"@id\":\"https:\/\/www.travel3.com.br\/site\/#\/schema\/logo\/image\/\"},\"sameAs\":[\"https:\/\/www.facebook.com\/travel3media\/\",\"https:\/\/www.instagram.com\/revistatravel3\/\",\"https:\/\/www.youtube.com\/channel\/UCno7J4paGBR3VbZQzvoJ9Eg\"]},{\"@type\":\"Person\",\"@id\":\"https:\/\/www.travel3.com.br\/site\/#\/schema\/person\/ad24a6ccba88dcd54877f3d2fb76c605\",\"name\":\"Claudia Tonaco\",\"image\":{\"@type\":\"ImageObject\",\"inLanguage\":\"pt-BR\",\"@id\":\"https:\/\/www.travel3.com.br\/site\/#\/schema\/person\/image\/\",\"url\":\"https:\/\/secure.gravatar.com\/avatar\/7c64bb31135bb8c28f49658a042f8b8a?s=96&d=mm&r=g\",\"contentUrl\":\"https:\/\/secure.gravatar.com\/avatar\/7c64bb31135bb8c28f49658a042f8b8a?s=96&d=mm&r=g\",\"caption\":\"Claudia Tonaco\"},\"sameAs\":[\"http:\/\/www.travel3.com.br\"],\"url\":\"https:\/\/www.travel3.com.br\/site\/author\/tonaco\/\"}]}<\/script>\n<!-- \/ Yoast SEO plugin. -->","yoast_head_json":{"title":"Cancelar ou adiar a minha viagem? - O Turismo e o Coronav\u00edrus - Travel3","description":"Cancelar ou adiar a minha viagem? O Turismo e o Coronav\u00edrus; A Travel3 continua tirando as d\u00favidas dos nossos leitores e ouvintes da R\u00e1dio BandNewsFM-BHZ","robots":{"index":"index","follow":"follow","max-snippet":"max-snippet:-1","max-image-preview":"max-image-preview:large","max-video-preview":"max-video-preview:-1"},"canonical":"https:\/\/www.travel3.com.br\/site\/acontece-no-turismo\/cancelar-ou-adiar\/","og_locale":"pt_BR","og_type":"article","og_title":"Cancelar ou adiar a minha viagem? - O Turismo e o Coronav\u00edrus - Travel3","og_description":"Cancelar ou adiar a minha viagem? O Turismo e o Coronav\u00edrus; A Travel3 continua tirando as d\u00favidas dos nossos leitores e ouvintes da R\u00e1dio BandNewsFM-BHZ","og_url":"https:\/\/www.travel3.com.br\/site\/acontece-no-turismo\/cancelar-ou-adiar\/","og_site_name":"Travel3","article_publisher":"https:\/\/www.facebook.com\/travel3media\/","article_published_time":"2020-03-19T14:16:07+00:00","article_modified_time":"2020-03-19T14:16:22+00:00","og_image":[{"width":1920,"height":1280,"url":"https:\/\/www.travel3.com.br\/site\/wp-content\/uploads\/2020\/03\/bay-391071_1920.jpg","type":"image\/jpeg"}],"author":"Claudia Tonaco","twitter_card":"summary_large_image","twitter_misc":{"Escrito por":"Claudia Tonaco","Est. tempo de leitura":"2 minutos"},"schema":{"@context":"https:\/\/schema.org","@graph":[{"@type":"Article","@id":"https:\/\/www.travel3.com.br\/site\/acontece-no-turismo\/cancelar-ou-adiar\/#article","isPartOf":{"@id":"https:\/\/www.travel3.com.br\/site\/acontece-no-turismo\/cancelar-ou-adiar\/"},"author":{"name":"Claudia Tonaco","@id":"https:\/\/www.travel3.com.br\/site\/#\/schema\/person\/ad24a6ccba88dcd54877f3d2fb76c605"},"headline":"Cancelar ou adiar a minha viagem? &#8211; O Turismo e o Coronav\u00edrus","datePublished":"2020-03-19T14:16:07+00:00","dateModified":"2020-03-19T14:16:22+00:00","mainEntityOfPage":{"@id":"https:\/\/www.travel3.com.br\/site\/acontece-no-turismo\/cancelar-ou-adiar\/"},"wordCount":403,"commentCount":0,"publisher":{"@id":"https:\/\/www.travel3.com.br\/site\/#organization"},"image":{"@id":"https:\/\/www.travel3.com.br\/site\/acontece-no-turismo\/cancelar-ou-adiar\/#primaryimage"},"thumbnailUrl":"https:\/\/www.travel3.com.br\/site\/wp-content\/uploads\/2020\/03\/bay-391071_1920.jpg","keywords":["adiar ou cancelar viagem","Coronav\u00edrus","dicas","dicas de viagem"],"articleSection":["Acontece no Turismo","Destaque","Dicas"],"inLanguage":"pt-BR","potentialAction":[{"@type":"CommentAction","name":"Comment","target":["https:\/\/www.travel3.com.br\/site\/acontece-no-turismo\/cancelar-ou-adiar\/#respond"]}]},{"@type":"WebPage","@id":"https:\/\/www.travel3.com.br\/site\/acontece-no-turismo\/cancelar-ou-adiar\/","url":"https:\/\/www.travel3.com.br\/site\/acontece-no-turismo\/cancelar-ou-adiar\/","name":"Cancelar ou adiar a minha viagem? - O Turismo e o Coronav\u00edrus - Travel3","isPartOf":{"@id":"https:\/\/www.travel3.com.br\/site\/#website"},"primaryImageOfPage":{"@id":"https:\/\/www.travel3.com.br\/site\/acontece-no-turismo\/cancelar-ou-adiar\/#primaryimage"},"image":{"@id":"https:\/\/www.travel3.com.br\/site\/acontece-no-turismo\/cancelar-ou-adiar\/#primaryimage"},"thumbnailUrl":"https:\/\/www.travel3.com.br\/site\/wp-content\/uploads\/2020\/03\/bay-391071_1920.jpg","datePublished":"2020-03-19T14:16:07+00:00","dateModified":"2020-03-19T14:16:22+00:00","description":"Cancelar ou adiar a minha viagem? O Turismo e o Coronav\u00edrus; A Travel3 continua tirando as d\u00favidas dos nossos leitores e ouvintes da R\u00e1dio BandNewsFM-BHZ","breadcrumb":{"@id":"https:\/\/www.travel3.com.br\/site\/acontece-no-turismo\/cancelar-ou-adiar\/#breadcrumb"},"inLanguage":"pt-BR","potentialAction":[{"@type":"ReadAction","target":["https:\/\/www.travel3.com.br\/site\/acontece-no-turismo\/cancelar-ou-adiar\/"]}]},{"@type":"ImageObject","inLanguage":"pt-BR","@id":"https:\/\/www.travel3.com.br\/site\/acontece-no-turismo\/cancelar-ou-adiar\/#primaryimage","url":"https:\/\/www.travel3.com.br\/site\/wp-content\/uploads\/2020\/03\/bay-391071_1920.jpg","contentUrl":"https:\/\/www.travel3.com.br\/site\/wp-content\/uploads\/2020\/03\/bay-391071_1920.jpg","width":1920,"height":1280,"caption":"(Foto: Divulga\u00e7\u00e3o)"},{"@type":"BreadcrumbList","@id":"https:\/\/www.travel3.com.br\/site\/acontece-no-turismo\/cancelar-ou-adiar\/#breadcrumb","itemListElement":[{"@type":"ListItem","position":1,"name":"In\u00edcio","item":"https:\/\/www.travel3.com.br\/site\/"},{"@type":"ListItem","position":2,"name":"Cancelar ou adiar a minha viagem? &#8211; O Turismo e o Coronav\u00edrus"}]},{"@type":"WebSite","@id":"https:\/\/www.travel3.com.br\/site\/#website","url":"https:\/\/www.travel3.com.br\/site\/","name":"Travel3","description":"Lazer + Neg&oacute;cios + Aventura","publisher":{"@id":"https:\/\/www.travel3.com.br\/site\/#organization"},"potentialAction":[{"@type":"SearchAction","target":{"@type":"EntryPoint","urlTemplate":"https:\/\/www.travel3.com.br\/site\/?s={search_term_string}"},"query-input":{"@type":"PropertyValueSpecification","valueRequired":true,"valueName":"search_term_string"}}],"inLanguage":"pt-BR"},{"@type":"Organization","@id":"https:\/\/www.travel3.com.br\/site\/#organization","name":"Travel3","url":"https:\/\/www.travel3.com.br\/site\/","logo":{"@type":"ImageObject","inLanguage":"pt-BR","@id":"https:\/\/www.travel3.com.br\/site\/#\/schema\/logo\/image\/","url":"https:\/\/www.travel3.com.br\/site\/wp-content\/uploads\/2020\/01\/logo-travel3-2020.png","contentUrl":"https:\/\/www.travel3.com.br\/site\/wp-content\/uploads\/2020\/01\/logo-travel3-2020.png","width":232,"height":79,"caption":"Travel3"},"image":{"@id":"https:\/\/www.travel3.com.br\/site\/#\/schema\/logo\/image\/"},"sameAs":["https:\/\/www.facebook.com\/travel3media\/","https:\/\/www.instagram.com\/revistatravel3\/","https:\/\/www.youtube.com\/channel\/UCno7J4paGBR3VbZQzvoJ9Eg"]},{"@type":"Person","@id":"https:\/\/www.travel3.com.br\/site\/#\/schema\/person\/ad24a6ccba88dcd54877f3d2fb76c605","name":"Claudia Tonaco","image":{"@type":"ImageObject","inLanguage":"pt-BR","@id":"https:\/\/www.travel3.com.br\/site\/#\/schema\/person\/image\/","url":"https:\/\/secure.gravatar.com\/avatar\/7c64bb31135bb8c28f49658a042f8b8a?s=96&d=mm&r=g","contentUrl":"https:\/\/secure.gravatar.com\/avatar\/7c64bb31135bb8c28f49658a042f8b8a?s=96&d=mm&r=g","caption":"Claudia Tonaco"},"sameAs":["http:\/\/www.travel3.com.br"],"url":"https:\/\/www.travel3.com.br\/site\/author\/tonaco\/"}]}},"_links":{"self":[{"href":"https:\/\/www.travel3.com.br\/site\/wp-json\/wp\/v2\/posts\/31923","targetHints":{"allow":["GET"]}}],"collection":[{"href":"https:\/\/www.travel3.com.br\/site\/wp-json\/wp\/v2\/posts"}],"about":[{"href":"https:\/\/www.travel3.com.br\/site\/wp-json\/wp\/v2\/types\/post"}],"author":[{"embeddable":true,"href":"https:\/\/www.travel3.com.br\/site\/wp-json\/wp\/v2\/users\/4"}],"replies":[{"embeddable":true,"href":"https:\/\/www.travel3.com.br\/site\/wp-json\/wp\/v2\/comments?post=31923"}],"version-history":[{"count":6,"href":"https:\/\/www.travel3.com.br\/site\/wp-json\/wp\/v2\/posts\/31923\/revisions"}],"predecessor-version":[{"id":31929,"href":"https:\/\/www.travel3.com.br\/site\/wp-json\/wp\/v2\/posts\/31923\/revisions\/31929"}],"wp:featuredmedia":[{"embeddable":true,"href":"https:\/\/www.travel3.com.br\/site\/wp-json\/wp\/v2\/media\/31930"}],"wp:attachment":[{"href":"https:\/\/www.travel3.com.br\/site\/wp-json\/wp\/v2\/media?parent=31923"}],"wp:term":[{"taxonomy":"category","embeddable":true,"href":"https:\/\/www.travel3.com.br\/site\/wp-json\/wp\/v2\/categories?post=31923"},{"taxonomy":"post_tag","embeddable":true,"href":"https:\/\/www.travel3.com.br\/site\/wp-json\/wp\/v2\/tags?post=31923"}],"curies":[{"name":"wp","href":"https:\/\/api.w.org\/{rel}","templated":true}]}}