{"id":31897,"date":"2020-03-17T16:34:30","date_gmt":"2020-03-17T19:34:30","guid":{"rendered":"https:\/\/www.travel3.com.br\/?p=31897"},"modified":"2020-03-23T18:07:25","modified_gmt":"2020-03-23T21:07:25","slug":"radio-bandnews-fm-coronavirus","status":"publish","type":"post","link":"https:\/\/www.travel3.com.br\/site\/acontece-no-turismo\/radio-bandnews-fm-coronavirus\/","title":{"rendered":"R\u00e1dio BandNewsFM &#8211; Claudia Tonaco fala sobre o Coronav\u00edrus e as viagens"},"content":{"rendered":"\n<h3 class=\"wp-block-heading\" style=\"text-align:center\">Ou\u00e7a na \u00edntegra o bate-papo com o jornalista Lucas Cattapreta <\/h3>\n\n\n\n<iframe loading=\"lazy\" width=\"100%\" height=\"300\" scrolling=\"no\" frameborder=\"no\" allow=\"autoplay\" src=\"https:\/\/w.soundcloud.com\/player\/?url=https%3A\/\/api.soundcloud.com\/tracks\/777801688&amp;color=%23ff5500&amp;auto_play=false&amp;hide_related=false&amp;show_comments=true&amp;show_user=true&amp;show_reposts=false&amp;show_teaser=true&amp;visual=true\"><\/iframe>\n\n\n\n<figure class=\"wp-block-embed-spotify wp-block-embed is-type-rich is-provider-spotify wp-embed-aspect-21-9 wp-has-aspect-ratio\"><div class=\"wp-block-embed__wrapper\">\n<iframe title=\"Spotify Embed: Quem viaja pela Rep\u00fablica Dominicana come\u00e7a visitando Santo Domingo\" style=\"border-radius: 12px\" width=\"100%\" height=\"152\" frameborder=\"0\" allowfullscreen allow=\"autoplay; clipboard-write; encrypted-media; fullscreen; picture-in-picture\" loading=\"lazy\" src=\"https:\/\/open.spotify.com\/embed\/show\/7FflzI7sDTeoHJUh1wYN4w?utm_source=oembed\"><\/iframe>\n<\/div><\/figure>\n","protected":false},"excerpt":{"rendered":"<p>Ou\u00e7a na \u00edntegra o bate-papo com o jornalista Lucas Cattapreta<\/p>\n","protected":false},"author":4,"featured_media":31896,"comment_status":"open","ping_status":"open","sticky":false,"template":"","format":"standard","meta":{"footnotes":""},"categories":[969,226,193],"tags":[583,3033,4008,2754,3343],"class_list":["post-31897","post","type-post","status-publish","format-standard","has-post-thumbnail","hentry","category-acontece-no-turismo","category-destaque","category-radio","tag-claudia-tonaco","tag-claudia-tonaco-travel3","tag-coronavirus","tag-radio-bandnews-bh","tag-viagens-com-claudia-tonaco"],"yoast_head":"<!-- This site is optimized with the Yoast SEO plugin v26.2 - https:\/\/yoast.com\/wordpress\/plugins\/seo\/ -->\n<title>R\u00e1dio BandNewsFM - Claudia Tonaco fala sobre o Coronav\u00edrus e as viagens - Travel3<\/title>\n<meta name=\"description\" content=\"R\u00e1dio BandNews FM- Claudia Tonaco fala sobre o Coronav\u00edrus e as viagens: ou\u00e7a na \u00edntegra o bate-papo com o jornalista Lucas Cattapreta\" \/>\n<meta name=\"robots\" content=\"index, follow, max-snippet:-1, max-image-preview:large, max-video-preview:-1\" \/>\n<link rel=\"canonical\" href=\"https:\/\/www.travel3.com.br\/site\/acontece-no-turismo\/radio-bandnews-fm-coronavirus\/\" \/>\n<meta property=\"og:locale\" content=\"pt_BR\" \/>\n<meta property=\"og:type\" content=\"article\" \/>\n<meta property=\"og:title\" content=\"R\u00e1dio BandNewsFM - Claudia Tonaco fala sobre o Coronav\u00edrus e as viagens - Travel3\" \/>\n<meta property=\"og:description\" content=\"R\u00e1dio BandNews FM- Claudia Tonaco fala sobre o Coronav\u00edrus e as viagens: ou\u00e7a na \u00edntegra o bate-papo com o jornalista Lucas Cattapreta\" \/>\n<meta property=\"og:url\" content=\"https:\/\/www.travel3.com.br\/site\/acontece-no-turismo\/radio-bandnews-fm-coronavirus\/\" \/>\n<meta property=\"og:site_name\" content=\"Travel3\" \/>\n<meta property=\"article:publisher\" content=\"https:\/\/www.facebook.com\/travel3media\/\" \/>\n<meta property=\"article:published_time\" content=\"2020-03-17T19:34:30+00:00\" \/>\n<meta property=\"article:modified_time\" content=\"2020-03-23T21:07:25+00:00\" \/>\n<meta property=\"og:image\" content=\"https:\/\/www.travel3.com.br\/site\/wp-content\/uploads\/2020\/03\/mask-3950473_1920.jpg\" \/>\n\t<meta property=\"og:image:width\" content=\"1920\" \/>\n\t<meta property=\"og:image:height\" content=\"1278\" \/>\n\t<meta property=\"og:image:type\" content=\"image\/jpeg\" \/>\n<meta name=\"author\" content=\"Claudia Tonaco\" \/>\n<meta name=\"twitter:card\" content=\"summary_large_image\" \/>\n<meta name=\"twitter:label1\" content=\"Escrito por\" \/>\n\t<meta name=\"twitter:data1\" content=\"Claudia Tonaco\" \/>\n<script type=\"application\/ld+json\" class=\"yoast-schema-graph\">{\"@context\":\"https:\/\/schema.org\",\"@graph\":[{\"@type\":\"Article\",\"@id\":\"https:\/\/www.travel3.com.br\/site\/acontece-no-turismo\/radio-bandnews-fm-coronavirus\/#article\",\"isPartOf\":{\"@id\":\"https:\/\/www.travel3.com.br\/site\/acontece-no-turismo\/radio-bandnews-fm-coronavirus\/\"},\"author\":{\"name\":\"Claudia Tonaco\",\"@id\":\"https:\/\/www.travel3.com.br\/site\/#\/schema\/person\/ad24a6ccba88dcd54877f3d2fb76c605\"},\"headline\":\"R\u00e1dio BandNewsFM &#8211; Claudia Tonaco fala sobre o Coronav\u00edrus e as viagens\",\"datePublished\":\"2020-03-17T19:34:30+00:00\",\"dateModified\":\"2020-03-23T21:07:25+00:00\",\"mainEntityOfPage\":{\"@id\":\"https:\/\/www.travel3.com.br\/site\/acontece-no-turismo\/radio-bandnews-fm-coronavirus\/\"},\"wordCount\":34,\"commentCount\":0,\"publisher\":{\"@id\":\"https:\/\/www.travel3.com.br\/site\/#organization\"},\"image\":{\"@id\":\"https:\/\/www.travel3.com.br\/site\/acontece-no-turismo\/radio-bandnews-fm-coronavirus\/#primaryimage\"},\"thumbnailUrl\":\"https:\/\/www.travel3.com.br\/site\/wp-content\/uploads\/2020\/03\/mask-3950473_1920.jpg\",\"keywords\":[\"Claudia Tonaco\",\"Claudia Tonaco TRAVEL3\",\"Coronav\u00edrus\",\"R\u00e1dio BandNews BH\",\"Viagens com Claudia Tonaco\"],\"articleSection\":[\"Acontece no Turismo\",\"Destaque\",\"Radio\"],\"inLanguage\":\"pt-BR\",\"potentialAction\":[{\"@type\":\"CommentAction\",\"name\":\"Comment\",\"target\":[\"https:\/\/www.travel3.com.br\/site\/acontece-no-turismo\/radio-bandnews-fm-coronavirus\/#respond\"]}]},{\"@type\":\"WebPage\",\"@id\":\"https:\/\/www.travel3.com.br\/site\/acontece-no-turismo\/radio-bandnews-fm-coronavirus\/\",\"url\":\"https:\/\/www.travel3.com.br\/site\/acontece-no-turismo\/radio-bandnews-fm-coronavirus\/\",\"name\":\"R\u00e1dio BandNewsFM - Claudia Tonaco fala sobre o Coronav\u00edrus e as viagens - Travel3\",\"isPartOf\":{\"@id\":\"https:\/\/www.travel3.com.br\/site\/#website\"},\"primaryImageOfPage\":{\"@id\":\"https:\/\/www.travel3.com.br\/site\/acontece-no-turismo\/radio-bandnews-fm-coronavirus\/#primaryimage\"},\"image\":{\"@id\":\"https:\/\/www.travel3.com.br\/site\/acontece-no-turismo\/radio-bandnews-fm-coronavirus\/#primaryimage\"},\"thumbnailUrl\":\"https:\/\/www.travel3.com.br\/site\/wp-content\/uploads\/2020\/03\/mask-3950473_1920.jpg\",\"datePublished\":\"2020-03-17T19:34:30+00:00\",\"dateModified\":\"2020-03-23T21:07:25+00:00\",\"description\":\"R\u00e1dio BandNews FM- Claudia Tonaco fala sobre o Coronav\u00edrus e as viagens: ou\u00e7a na \u00edntegra o bate-papo com o jornalista Lucas Cattapreta\",\"breadcrumb\":{\"@id\":\"https:\/\/www.travel3.com.br\/site\/acontece-no-turismo\/radio-bandnews-fm-coronavirus\/#breadcrumb\"},\"inLanguage\":\"pt-BR\",\"potentialAction\":[{\"@type\":\"ReadAction\",\"target\":[\"https:\/\/www.travel3.com.br\/site\/acontece-no-turismo\/radio-bandnews-fm-coronavirus\/\"]}]},{\"@type\":\"ImageObject\",\"inLanguage\":\"pt-BR\",\"@id\":\"https:\/\/www.travel3.com.br\/site\/acontece-no-turismo\/radio-bandnews-fm-coronavirus\/#primaryimage\",\"url\":\"https:\/\/www.travel3.com.br\/site\/wp-content\/uploads\/2020\/03\/mask-3950473_1920.jpg\",\"contentUrl\":\"https:\/\/www.travel3.com.br\/site\/wp-content\/uploads\/2020\/03\/mask-3950473_1920.jpg\",\"width\":1920,\"height\":1278,\"caption\":\"(Foto: Divulga\u00e7\u00e3o)\"},{\"@type\":\"BreadcrumbList\",\"@id\":\"https:\/\/www.travel3.com.br\/site\/acontece-no-turismo\/radio-bandnews-fm-coronavirus\/#breadcrumb\",\"itemListElement\":[{\"@type\":\"ListItem\",\"position\":1,\"name\":\"In\u00edcio\",\"item\":\"https:\/\/www.travel3.com.br\/site\/\"},{\"@type\":\"ListItem\",\"position\":2,\"name\":\"R\u00e1dio BandNewsFM &#8211; Claudia Tonaco fala sobre o Coronav\u00edrus e as viagens\"}]},{\"@type\":\"WebSite\",\"@id\":\"https:\/\/www.travel3.com.br\/site\/#website\",\"url\":\"https:\/\/www.travel3.com.br\/site\/\",\"name\":\"Travel3\",\"description\":\"Lazer + Neg&oacute;cios + Aventura\",\"publisher\":{\"@id\":\"https:\/\/www.travel3.com.br\/site\/#organization\"},\"potentialAction\":[{\"@type\":\"SearchAction\",\"target\":{\"@type\":\"EntryPoint\",\"urlTemplate\":\"https:\/\/www.travel3.com.br\/site\/?s={search_term_string}\"},\"query-input\":{\"@type\":\"PropertyValueSpecification\",\"valueRequired\":true,\"valueName\":\"search_term_string\"}}],\"inLanguage\":\"pt-BR\"},{\"@type\":\"Organization\",\"@id\":\"https:\/\/www.travel3.com.br\/site\/#organization\",\"name\":\"Travel3\",\"url\":\"https:\/\/www.travel3.com.br\/site\/\",\"logo\":{\"@type\":\"ImageObject\",\"inLanguage\":\"pt-BR\",\"@id\":\"https:\/\/www.travel3.com.br\/site\/#\/schema\/logo\/image\/\",\"url\":\"https:\/\/www.travel3.com.br\/site\/wp-content\/uploads\/2020\/01\/logo-travel3-2020.png\",\"contentUrl\":\"https:\/\/www.travel3.com.br\/site\/wp-content\/uploads\/2020\/01\/logo-travel3-2020.png\",\"width\":232,\"height\":79,\"caption\":\"Travel3\"},\"image\":{\"@id\":\"https:\/\/www.travel3.com.br\/site\/#\/schema\/logo\/image\/\"},\"sameAs\":[\"https:\/\/www.facebook.com\/travel3media\/\",\"https:\/\/www.instagram.com\/revistatravel3\/\",\"https:\/\/www.youtube.com\/channel\/UCno7J4paGBR3VbZQzvoJ9Eg\"]},{\"@type\":\"Person\",\"@id\":\"https:\/\/www.travel3.com.br\/site\/#\/schema\/person\/ad24a6ccba88dcd54877f3d2fb76c605\",\"name\":\"Claudia Tonaco\",\"image\":{\"@type\":\"ImageObject\",\"inLanguage\":\"pt-BR\",\"@id\":\"https:\/\/www.travel3.com.br\/site\/#\/schema\/person\/image\/\",\"url\":\"https:\/\/secure.gravatar.com\/avatar\/7c64bb31135bb8c28f49658a042f8b8a?s=96&d=mm&r=g\",\"contentUrl\":\"https:\/\/secure.gravatar.com\/avatar\/7c64bb31135bb8c28f49658a042f8b8a?s=96&d=mm&r=g\",\"caption\":\"Claudia Tonaco\"},\"sameAs\":[\"http:\/\/www.travel3.com.br\"],\"url\":\"https:\/\/www.travel3.com.br\/site\/author\/tonaco\/\"}]}<\/script>\n<!-- \/ Yoast SEO plugin. -->","yoast_head_json":{"title":"R\u00e1dio BandNewsFM - Claudia Tonaco fala sobre o Coronav\u00edrus e as viagens - Travel3","description":"R\u00e1dio BandNews FM- Claudia Tonaco fala sobre o Coronav\u00edrus e as viagens: ou\u00e7a na \u00edntegra o bate-papo com o jornalista Lucas Cattapreta","robots":{"index":"index","follow":"follow","max-snippet":"max-snippet:-1","max-image-preview":"max-image-preview:large","max-video-preview":"max-video-preview:-1"},"canonical":"https:\/\/www.travel3.com.br\/site\/acontece-no-turismo\/radio-bandnews-fm-coronavirus\/","og_locale":"pt_BR","og_type":"article","og_title":"R\u00e1dio BandNewsFM - Claudia Tonaco fala sobre o Coronav\u00edrus e as viagens - Travel3","og_description":"R\u00e1dio BandNews FM- Claudia Tonaco fala sobre o Coronav\u00edrus e as viagens: ou\u00e7a na \u00edntegra o bate-papo com o jornalista Lucas Cattapreta","og_url":"https:\/\/www.travel3.com.br\/site\/acontece-no-turismo\/radio-bandnews-fm-coronavirus\/","og_site_name":"Travel3","article_publisher":"https:\/\/www.facebook.com\/travel3media\/","article_published_time":"2020-03-17T19:34:30+00:00","article_modified_time":"2020-03-23T21:07:25+00:00","og_image":[{"width":1920,"height":1278,"url":"https:\/\/www.travel3.com.br\/site\/wp-content\/uploads\/2020\/03\/mask-3950473_1920.jpg","type":"image\/jpeg"}],"author":"Claudia Tonaco","twitter_card":"summary_large_image","twitter_misc":{"Escrito por":"Claudia Tonaco"},"schema":{"@context":"https:\/\/schema.org","@graph":[{"@type":"Article","@id":"https:\/\/www.travel3.com.br\/site\/acontece-no-turismo\/radio-bandnews-fm-coronavirus\/#article","isPartOf":{"@id":"https:\/\/www.travel3.com.br\/site\/acontece-no-turismo\/radio-bandnews-fm-coronavirus\/"},"author":{"name":"Claudia Tonaco","@id":"https:\/\/www.travel3.com.br\/site\/#\/schema\/person\/ad24a6ccba88dcd54877f3d2fb76c605"},"headline":"R\u00e1dio BandNewsFM &#8211; Claudia Tonaco fala sobre o Coronav\u00edrus e as viagens","datePublished":"2020-03-17T19:34:30+00:00","dateModified":"2020-03-23T21:07:25+00:00","mainEntityOfPage":{"@id":"https:\/\/www.travel3.com.br\/site\/acontece-no-turismo\/radio-bandnews-fm-coronavirus\/"},"wordCount":34,"commentCount":0,"publisher":{"@id":"https:\/\/www.travel3.com.br\/site\/#organization"},"image":{"@id":"https:\/\/www.travel3.com.br\/site\/acontece-no-turismo\/radio-bandnews-fm-coronavirus\/#primaryimage"},"thumbnailUrl":"https:\/\/www.travel3.com.br\/site\/wp-content\/uploads\/2020\/03\/mask-3950473_1920.jpg","keywords":["Claudia Tonaco","Claudia Tonaco TRAVEL3","Coronav\u00edrus","R\u00e1dio BandNews BH","Viagens com Claudia Tonaco"],"articleSection":["Acontece no Turismo","Destaque","Radio"],"inLanguage":"pt-BR","potentialAction":[{"@type":"CommentAction","name":"Comment","target":["https:\/\/www.travel3.com.br\/site\/acontece-no-turismo\/radio-bandnews-fm-coronavirus\/#respond"]}]},{"@type":"WebPage","@id":"https:\/\/www.travel3.com.br\/site\/acontece-no-turismo\/radio-bandnews-fm-coronavirus\/","url":"https:\/\/www.travel3.com.br\/site\/acontece-no-turismo\/radio-bandnews-fm-coronavirus\/","name":"R\u00e1dio BandNewsFM - Claudia Tonaco fala sobre o Coronav\u00edrus e as viagens - Travel3","isPartOf":{"@id":"https:\/\/www.travel3.com.br\/site\/#website"},"primaryImageOfPage":{"@id":"https:\/\/www.travel3.com.br\/site\/acontece-no-turismo\/radio-bandnews-fm-coronavirus\/#primaryimage"},"image":{"@id":"https:\/\/www.travel3.com.br\/site\/acontece-no-turismo\/radio-bandnews-fm-coronavirus\/#primaryimage"},"thumbnailUrl":"https:\/\/www.travel3.com.br\/site\/wp-content\/uploads\/2020\/03\/mask-3950473_1920.jpg","datePublished":"2020-03-17T19:34:30+00:00","dateModified":"2020-03-23T21:07:25+00:00","description":"R\u00e1dio BandNews FM- Claudia Tonaco fala sobre o Coronav\u00edrus e as viagens: ou\u00e7a na \u00edntegra o bate-papo com o jornalista Lucas Cattapreta","breadcrumb":{"@id":"https:\/\/www.travel3.com.br\/site\/acontece-no-turismo\/radio-bandnews-fm-coronavirus\/#breadcrumb"},"inLanguage":"pt-BR","potentialAction":[{"@type":"ReadAction","target":["https:\/\/www.travel3.com.br\/site\/acontece-no-turismo\/radio-bandnews-fm-coronavirus\/"]}]},{"@type":"ImageObject","inLanguage":"pt-BR","@id":"https:\/\/www.travel3.com.br\/site\/acontece-no-turismo\/radio-bandnews-fm-coronavirus\/#primaryimage","url":"https:\/\/www.travel3.com.br\/site\/wp-content\/uploads\/2020\/03\/mask-3950473_1920.jpg","contentUrl":"https:\/\/www.travel3.com.br\/site\/wp-content\/uploads\/2020\/03\/mask-3950473_1920.jpg","width":1920,"height":1278,"caption":"(Foto: Divulga\u00e7\u00e3o)"},{"@type":"BreadcrumbList","@id":"https:\/\/www.travel3.com.br\/site\/acontece-no-turismo\/radio-bandnews-fm-coronavirus\/#breadcrumb","itemListElement":[{"@type":"ListItem","position":1,"name":"In\u00edcio","item":"https:\/\/www.travel3.com.br\/site\/"},{"@type":"ListItem","position":2,"name":"R\u00e1dio BandNewsFM &#8211; Claudia Tonaco fala sobre o Coronav\u00edrus e as viagens"}]},{"@type":"WebSite","@id":"https:\/\/www.travel3.com.br\/site\/#website","url":"https:\/\/www.travel3.com.br\/site\/","name":"Travel3","description":"Lazer + Neg&oacute;cios + Aventura","publisher":{"@id":"https:\/\/www.travel3.com.br\/site\/#organization"},"potentialAction":[{"@type":"SearchAction","target":{"@type":"EntryPoint","urlTemplate":"https:\/\/www.travel3.com.br\/site\/?s={search_term_string}"},"query-input":{"@type":"PropertyValueSpecification","valueRequired":true,"valueName":"search_term_string"}}],"inLanguage":"pt-BR"},{"@type":"Organization","@id":"https:\/\/www.travel3.com.br\/site\/#organization","name":"Travel3","url":"https:\/\/www.travel3.com.br\/site\/","logo":{"@type":"ImageObject","inLanguage":"pt-BR","@id":"https:\/\/www.travel3.com.br\/site\/#\/schema\/logo\/image\/","url":"https:\/\/www.travel3.com.br\/site\/wp-content\/uploads\/2020\/01\/logo-travel3-2020.png","contentUrl":"https:\/\/www.travel3.com.br\/site\/wp-content\/uploads\/2020\/01\/logo-travel3-2020.png","width":232,"height":79,"caption":"Travel3"},"image":{"@id":"https:\/\/www.travel3.com.br\/site\/#\/schema\/logo\/image\/"},"sameAs":["https:\/\/www.facebook.com\/travel3media\/","https:\/\/www.instagram.com\/revistatravel3\/","https:\/\/www.youtube.com\/channel\/UCno7J4paGBR3VbZQzvoJ9Eg"]},{"@type":"Person","@id":"https:\/\/www.travel3.com.br\/site\/#\/schema\/person\/ad24a6ccba88dcd54877f3d2fb76c605","name":"Claudia Tonaco","image":{"@type":"ImageObject","inLanguage":"pt-BR","@id":"https:\/\/www.travel3.com.br\/site\/#\/schema\/person\/image\/","url":"https:\/\/secure.gravatar.com\/avatar\/7c64bb31135bb8c28f49658a042f8b8a?s=96&d=mm&r=g","contentUrl":"https:\/\/secure.gravatar.com\/avatar\/7c64bb31135bb8c28f49658a042f8b8a?s=96&d=mm&r=g","caption":"Claudia Tonaco"},"sameAs":["http:\/\/www.travel3.com.br"],"url":"https:\/\/www.travel3.com.br\/site\/author\/tonaco\/"}]}},"_links":{"self":[{"href":"https:\/\/www.travel3.com.br\/site\/wp-json\/wp\/v2\/posts\/31897","targetHints":{"allow":["GET"]}}],"collection":[{"href":"https:\/\/www.travel3.com.br\/site\/wp-json\/wp\/v2\/posts"}],"about":[{"href":"https:\/\/www.travel3.com.br\/site\/wp-json\/wp\/v2\/types\/post"}],"author":[{"embeddable":true,"href":"https:\/\/www.travel3.com.br\/site\/wp-json\/wp\/v2\/users\/4"}],"replies":[{"embeddable":true,"href":"https:\/\/www.travel3.com.br\/site\/wp-json\/wp\/v2\/comments?post=31897"}],"version-history":[{"count":5,"href":"https:\/\/www.travel3.com.br\/site\/wp-json\/wp\/v2\/posts\/31897\/revisions"}],"predecessor-version":[{"id":31973,"href":"https:\/\/www.travel3.com.br\/site\/wp-json\/wp\/v2\/posts\/31897\/revisions\/31973"}],"wp:featuredmedia":[{"embeddable":true,"href":"https:\/\/www.travel3.com.br\/site\/wp-json\/wp\/v2\/media\/31896"}],"wp:attachment":[{"href":"https:\/\/www.travel3.com.br\/site\/wp-json\/wp\/v2\/media?parent=31897"}],"wp:term":[{"taxonomy":"category","embeddable":true,"href":"https:\/\/www.travel3.com.br\/site\/wp-json\/wp\/v2\/categories?post=31897"},{"taxonomy":"post_tag","embeddable":true,"href":"https:\/\/www.travel3.com.br\/site\/wp-json\/wp\/v2\/tags?post=31897"}],"curies":[{"name":"wp","href":"https:\/\/api.w.org\/{rel}","templated":true}]}}