{"id":3189,"date":"2017-09-05T18:50:03","date_gmt":"2017-09-05T18:50:03","guid":{"rendered":"http:\/\/www.travel3.com.br\/site\/ir-e-vir\/ar\/a-reposicao-estrategica-barcelo-agora-um-grupo-hoteleiro\/"},"modified":"2017-09-12T18:13:53","modified_gmt":"2017-09-12T18:13:53","slug":"a-reposicao-estrategica-barcelo-agora-um-grupo-hoteleiro","status":"publish","type":"post","link":"https:\/\/www.travel3.com.br\/site\/sem-categoria\/a-reposicao-estrategica-barcelo-agora-um-grupo-hoteleiro\/","title":{"rendered":"A REPOSI\u00c7\u00c3O ESTRAT\u00c9GICA BARCEL\u00d3, AGORA UM GRUPO HOTELEIRO"},"content":{"rendered":"<p><span style=\"color: #40acad; font-family: -apple-system, system-ui, 'Segoe UI', Roboto, Oxygen-Sans, Ubuntu, Cantarell, 'Helvetica Neue', sans-serif; font-size: 12px; font-weight: bold;\"><\/p>\n<p style=\"text-align:justify\"><a class=\"fancybox-media\" href=\"..\/_uploads\/_noticia\/2016-12\/img-0463--2-.jpg\" rel=\"portfolio\"><img decoding=\"async\" alt=\"\" src=\"..\/_uploads\/_noticia\/2016-12\/img-0463--2-.jpg\" \/><\/a><strong>Fernando Guti\u00e9rrez, diretor comercial para a Am\u00e9rica do Sul, e Angela Martinez, diretora de vendas Brasil, no evento que anunciou estrat\u00e9gias do agora Barcel\u00f3 Hotel Group:\u00a0a aposta para o Brasil em 2017 \u00e9 crescer 2 d\u00edgitos<\/strong><\/p>\n<p style=\"text-align:justify\">Fernando Guti\u00e9rrez, diretor comercial para a Am\u00e9rica do Sul da rede hoteleira Barcel\u00f3, completou nesta quinta-feira (15 de dezembro), em S\u00e3o Paulo, o roteiro que teve passagens junto aos escrit\u00f3rios da empresa,\u00a0em capitais como Lima, Santiago, Buenos Aires e, o mais importante centro de vendas, a capital paulista. Com a din\u00e2mica presen\u00e7a e acompanhamento de Angela Martinez, a diretora de vendas Brasil, o executivo espanhol mostrou em detalhes a estrat\u00e9gia da agora multimarca\u00a0hoteleira que, como Barcel\u00f3 Hotel Group, passa a ter 4\u00a0bandeiras.<\/p>\n<p style=\"text-align:justify\"><a class=\"fancybox-media\" href=\"..\/_uploads\/_noticia\/2016-12\/img-0458--2-.jpg\" rel=\"portfolio\"><img decoding=\"async\" alt=\"\" src=\"..\/_uploads\/_noticia\/2016-12\/img-0458--2-.jpg\" \/><\/a><strong>Angela Martinez com Giovanna Borrelli Carlucci e Tassia Resende, da CVC Viagens, grande parceira do grupo hoteleiro: a operadora transportou mais de 5,6 mil passageiros para destinos caribenhos, com crescimento acima de 20%<\/strong><\/p>\n<p style=\"text-align:justify\">Esta realidade surgiu depois da aquisi\u00e7\u00e3o da cadeia Occidental Hotels. Uma Barcel\u00f3 ampliada, com 109 hot\u00e9is, mais de 33 mil leitos, e a\u00a0presen\u00e7a em mais de 20 pa\u00edses.\u00a0Consolida-se como uma das mais importantes redes em pa\u00edses como M\u00e9xico, Republica Dominicana, Costa Rica e o ingresso em novos destinos como Aruba e Col\u00f4mbia. E com o potencial de investir ainda mais no turismo de experi\u00eancias e em hot\u00e9is tem\u00e1ticos, al\u00e9m de sua tradi\u00e7\u00e3o de servi\u00e7os qualificados.<\/p>\n<p style=\"text-align:justify\">Com\u00a0as bandeiras Royal Hideaway, Barcel\u00f3 Hotels &#038; Resorts, Occidental, e Allegro, apresenta esta nova estrat\u00e9gia multimarcas com foco na internacionaliza\u00e7\u00e3o e no crescimento, al\u00e9m da padroniza\u00e7\u00e3o dos empreendimentos. Guti\u00e9rrez destacou que somente na recomposi\u00e7\u00e3o dos hot\u00e9is da Occidental (foram adquiridos 12), os\u00a0 investimentos\u00a0 feitos somaram\u00a0US$ 120 milh\u00f5es.<\/p>\n<p style=\"text-align:justify\"><a class=\"fancybox-media\" href=\"..\/_uploads\/_noticia\/2016-12\/img-0469--2-.jpg\" rel=\"portfolio\"><img decoding=\"async\" alt=\"\" src=\"..\/_uploads\/_noticia\/2016-12\/img-0469--2-.jpg\" \/><\/a><strong>Os feras do turismo marcaram presen\u00e7a: Roberto Sanches, da Orinter; Jorge Souza, da Consolid; Ana Maria Berto e Keila Caldas, da Orinter, e Marcelo Lopes, da MMTGapnet<\/strong><\/p>\n<p style=\"text-align:justify\">Para a apresenta\u00e7\u00e3o desta nova configura\u00e7\u00e3o Barcel\u00f3, foram convidadas entre as principais operadoras\u00a0 &#8211; CVC Viagens, Flytour, Trend, Sanchat Tour, New Age, MMTGapnet e Orinter. Cada uma tamb\u00e9m direcionou 3\u00a0ag\u00eancias para o seleto encontro que foi realizado em formato coquetel no Buffet Fran\u00e7a.<\/p>\n<p style=\"text-align:justify\">O Brasil ser\u00e1 destino chave na distribui\u00e7\u00e3o comercial para esta nova etapa da empresa, enquanto o M\u00e9xico, Am\u00e9rica Central (Panam\u00e1 e El Salvador), al\u00e9m do Caribe, ser\u00e3o bases para expans\u00e3o do portf\u00f3lio, com novidades como a presen\u00e7a em Aruba.<\/p>\n<p style=\"text-align:justify\"><a class=\"fancybox-media\" href=\"..\/_uploads\/_noticia\/2016-12\/dscn6757--2-.jpg\" rel=\"portfolio\"><img decoding=\"async\" alt=\"\" src=\"..\/_uploads\/_noticia\/2016-12\/dscn6757--2-.jpg\" \/><\/a><strong>Angela Martinez realiza um dos 3\u00a0sorteios para estadias nos hot\u00e9is Barcel\u00f3\u00a0e que ser\u00e3o usufru\u00eddas em 2017<\/strong><\/p>\n<p style=\"text-align:justify\">Para o mercado brasileiro as perspectivas da rede s\u00e3o positivas com o aumento da oferta, ainda mais depois de um 2<sup>o<\/sup> semestre\u00a0considerado &#8220;excelente e surpreendente&#8221;.<\/p>\n<p style=\"text-align:justify\">Completada\u00a0a escala sulamericana da apresenta\u00e7\u00e3o do Barcel\u00f3 Group, o lan\u00e7amento global ser\u00e1 durante a Fitur onde a rede vai projetar esta nova s\u00e9rie de produtos, com aten\u00e7\u00e3o especial para os hot\u00e9is procedentes da Occidental..<\/p>\n<p style=\"text-align:justify\"><a class=\"fancybox-media\" href=\"..\/_uploads\/_noticia\/2016-12\/dscn6761--2-.jpg\" rel=\"portfolio\"><img decoding=\"async\" alt=\"\" src=\"..\/_uploads\/_noticia\/2016-12\/dscn6761--2-.jpg\" \/><\/a><strong>Cristiane Silva, da Sanchat Tour, uma das premiadas da noite<\/strong><\/p>\n<p style=\"text-align:justify\"><a class=\"fancybox-media\" href=\"..\/_uploads\/_noticia\/2016-12\/2dscn6754--2-.jpg\" rel=\"portfolio\"><img decoding=\"async\" alt=\"\" src=\"..\/_uploads\/_noticia\/2016-12\/2dscn6754--2-.jpg\" \/><\/a><\/p>\n<p style=\"text-align:justify\"><strong>O diretor Fernando Guti\u00e9rrez recepcionou e fez a apresenta\u00e7\u00e3o das novas bandeiras que agora integram o portf\u00f3lio do Barcel\u00f3 Hotel Group<\/strong><\/p>\n<p style=\"text-align:justify\"><a class=\"fancybox-media\" href=\"..\/_uploads\/_noticia\/2016-12\/2dscn6752--2-.jpg\" rel=\"portfolio\"><img decoding=\"async\" alt=\"\" src=\"..\/_uploads\/_noticia\/2016-12\/2dscn6752--2-.jpg\" \/><\/a><\/p>\n<p style=\"text-align:justify\"><strong>Todos os detalhes foram apresentados na coletiva que precedeu a recep\u00e7\u00e3o e apresenta\u00e7\u00e3o\u00a0 para operadores e agentes no Buffet Fran\u00e7a, sal\u00e3o nobre de eventos na capital paulista<\/strong><\/p>\n<p style=\"text-align:justify\"><a class=\"fancybox-media\" href=\"..\/_uploads\/_noticia\/2016-12\/dscn6764.jpg\" rel=\"portfolio\"><img decoding=\"async\" alt=\"\" src=\"..\/_uploads\/_noticia\/2016-12\/dscn6764.jpg\" \/><\/a><\/p>\n<p style=\"text-align:justify\"><strong>Al\u00e9m da postagem de fotos feitas na entrada para coloca\u00e7\u00e3o no instagram com a hasthtag #Barcelobrandnew &#8211; e todos levaram suas fotos impressas &#8211; a recep\u00e7\u00e3o tamb\u00e9m foi para momentos descontraidos com o m\u00e1gico Burke.<\/strong><\/p>\n<p>\u00a0<\/p>\n<p>\u00a0<\/p>\n<p>\u00a0<\/p>\n<p><\/span><\/p>\n","protected":false},"excerpt":{"rendered":"<p>Nas apresenta\u00e7\u00f5es realizadas por todo o continente,  a vez do Brasil, um dos principais mercados emissores e com excelente desempenho<\/p>\n","protected":false},"author":1,"featured_media":0,"comment_status":"open","ping_status":"open","sticky":false,"template":"","format":"standard","meta":{"footnotes":""},"categories":[],"tags":[],"class_list":["post-3189","post","type-post","status-publish","format-standard","hentry"],"yoast_head":"<!-- This site is optimized with the Yoast SEO plugin v26.2 - https:\/\/yoast.com\/wordpress\/plugins\/seo\/ -->\n<title>A REPOSI\u00c7\u00c3O ESTRAT\u00c9GICA BARCEL\u00d3, AGORA UM GRUPO HOTELEIRO - Travel3<\/title>\n<meta name=\"description\" content=\"A TRAVEL3 \u00e9 um portal de conte\u00fado voltado para o turismo, encontre destinos, viagens, hospedagem, passagens, guias, not\u00edcias sobre o mercado do turismo, dicas de viagem, v\u00eddeos e podcast.\" \/>\n<meta name=\"robots\" content=\"index, follow, max-snippet:-1, max-image-preview:large, max-video-preview:-1\" \/>\n<link rel=\"canonical\" href=\"https:\/\/www.travel3.com.br\/site\/sem-categoria\/a-reposicao-estrategica-barcelo-agora-um-grupo-hoteleiro\/\" \/>\n<meta property=\"og:locale\" content=\"pt_BR\" \/>\n<meta property=\"og:type\" content=\"article\" \/>\n<meta property=\"og:title\" content=\"A REPOSI\u00c7\u00c3O ESTRAT\u00c9GICA BARCEL\u00d3, AGORA UM GRUPO HOTELEIRO - Travel3\" \/>\n<meta property=\"og:description\" content=\"A TRAVEL3 \u00e9 um portal de conte\u00fado voltado para o turismo, encontre destinos, viagens, hospedagem, passagens, guias, not\u00edcias sobre o mercado do turismo, dicas de viagem, v\u00eddeos e podcast.\" \/>\n<meta property=\"og:url\" content=\"https:\/\/www.travel3.com.br\/site\/sem-categoria\/a-reposicao-estrategica-barcelo-agora-um-grupo-hoteleiro\/\" \/>\n<meta property=\"og:site_name\" content=\"Travel3\" \/>\n<meta property=\"article:publisher\" content=\"https:\/\/www.facebook.com\/travel3media\/\" \/>\n<meta property=\"article:published_time\" content=\"2017-09-05T18:50:03+00:00\" \/>\n<meta property=\"article:modified_time\" content=\"2017-09-12T18:13:53+00:00\" \/>\n<meta name=\"author\" content=\"admin\" \/>\n<meta name=\"twitter:card\" content=\"summary_large_image\" \/>\n<meta name=\"twitter:label1\" content=\"Escrito por\" \/>\n\t<meta name=\"twitter:data1\" content=\"admin\" \/>\n\t<meta name=\"twitter:label2\" content=\"Est. tempo de leitura\" \/>\n\t<meta name=\"twitter:data2\" content=\"3 minutos\" \/>\n<script type=\"application\/ld+json\" class=\"yoast-schema-graph\">{\"@context\":\"https:\/\/schema.org\",\"@graph\":[{\"@type\":\"Article\",\"@id\":\"https:\/\/www.travel3.com.br\/site\/sem-categoria\/a-reposicao-estrategica-barcelo-agora-um-grupo-hoteleiro\/#article\",\"isPartOf\":{\"@id\":\"https:\/\/www.travel3.com.br\/site\/sem-categoria\/a-reposicao-estrategica-barcelo-agora-um-grupo-hoteleiro\/\"},\"author\":{\"name\":\"admin\",\"@id\":\"https:\/\/www.travel3.com.br\/site\/#\/schema\/person\/a69d71e41a024999b6ab82369ac0bd1e\"},\"headline\":\"A REPOSI\u00c7\u00c3O ESTRAT\u00c9GICA BARCEL\u00d3, AGORA UM GRUPO HOTELEIRO\",\"datePublished\":\"2017-09-05T18:50:03+00:00\",\"dateModified\":\"2017-09-12T18:13:53+00:00\",\"mainEntityOfPage\":{\"@id\":\"https:\/\/www.travel3.com.br\/site\/sem-categoria\/a-reposicao-estrategica-barcelo-agora-um-grupo-hoteleiro\/\"},\"wordCount\":624,\"commentCount\":0,\"publisher\":{\"@id\":\"https:\/\/www.travel3.com.br\/site\/#organization\"},\"inLanguage\":\"pt-BR\",\"potentialAction\":[{\"@type\":\"CommentAction\",\"name\":\"Comment\",\"target\":[\"https:\/\/www.travel3.com.br\/site\/sem-categoria\/a-reposicao-estrategica-barcelo-agora-um-grupo-hoteleiro\/#respond\"]}]},{\"@type\":\"WebPage\",\"@id\":\"https:\/\/www.travel3.com.br\/site\/sem-categoria\/a-reposicao-estrategica-barcelo-agora-um-grupo-hoteleiro\/\",\"url\":\"https:\/\/www.travel3.com.br\/site\/sem-categoria\/a-reposicao-estrategica-barcelo-agora-um-grupo-hoteleiro\/\",\"name\":\"A REPOSI\u00c7\u00c3O ESTRAT\u00c9GICA BARCEL\u00d3, AGORA UM GRUPO HOTELEIRO - Travel3\",\"isPartOf\":{\"@id\":\"https:\/\/www.travel3.com.br\/site\/#website\"},\"datePublished\":\"2017-09-05T18:50:03+00:00\",\"dateModified\":\"2017-09-12T18:13:53+00:00\",\"description\":\"A TRAVEL3 \u00e9 um portal de conte\u00fado voltado para o turismo, encontre destinos, viagens, hospedagem, passagens, guias, not\u00edcias sobre o mercado do turismo, dicas de viagem, v\u00eddeos e podcast.\",\"breadcrumb\":{\"@id\":\"https:\/\/www.travel3.com.br\/site\/sem-categoria\/a-reposicao-estrategica-barcelo-agora-um-grupo-hoteleiro\/#breadcrumb\"},\"inLanguage\":\"pt-BR\",\"potentialAction\":[{\"@type\":\"ReadAction\",\"target\":[\"https:\/\/www.travel3.com.br\/site\/sem-categoria\/a-reposicao-estrategica-barcelo-agora-um-grupo-hoteleiro\/\"]}]},{\"@type\":\"BreadcrumbList\",\"@id\":\"https:\/\/www.travel3.com.br\/site\/sem-categoria\/a-reposicao-estrategica-barcelo-agora-um-grupo-hoteleiro\/#breadcrumb\",\"itemListElement\":[{\"@type\":\"ListItem\",\"position\":1,\"name\":\"In\u00edcio\",\"item\":\"https:\/\/www.travel3.com.br\/site\/\"},{\"@type\":\"ListItem\",\"position\":2,\"name\":\"A REPOSI\u00c7\u00c3O ESTRAT\u00c9GICA BARCEL\u00d3, AGORA UM GRUPO HOTELEIRO\"}]},{\"@type\":\"WebSite\",\"@id\":\"https:\/\/www.travel3.com.br\/site\/#website\",\"url\":\"https:\/\/www.travel3.com.br\/site\/\",\"name\":\"Travel3\",\"description\":\"Lazer + Neg&oacute;cios + Aventura\",\"publisher\":{\"@id\":\"https:\/\/www.travel3.com.br\/site\/#organization\"},\"potentialAction\":[{\"@type\":\"SearchAction\",\"target\":{\"@type\":\"EntryPoint\",\"urlTemplate\":\"https:\/\/www.travel3.com.br\/site\/?s={search_term_string}\"},\"query-input\":{\"@type\":\"PropertyValueSpecification\",\"valueRequired\":true,\"valueName\":\"search_term_string\"}}],\"inLanguage\":\"pt-BR\"},{\"@type\":\"Organization\",\"@id\":\"https:\/\/www.travel3.com.br\/site\/#organization\",\"name\":\"Travel3\",\"url\":\"https:\/\/www.travel3.com.br\/site\/\",\"logo\":{\"@type\":\"ImageObject\",\"inLanguage\":\"pt-BR\",\"@id\":\"https:\/\/www.travel3.com.br\/site\/#\/schema\/logo\/image\/\",\"url\":\"https:\/\/www.travel3.com.br\/site\/wp-content\/uploads\/2020\/01\/logo-travel3-2020.png\",\"contentUrl\":\"https:\/\/www.travel3.com.br\/site\/wp-content\/uploads\/2020\/01\/logo-travel3-2020.png\",\"width\":232,\"height\":79,\"caption\":\"Travel3\"},\"image\":{\"@id\":\"https:\/\/www.travel3.com.br\/site\/#\/schema\/logo\/image\/\"},\"sameAs\":[\"https:\/\/www.facebook.com\/travel3media\/\",\"https:\/\/www.instagram.com\/revistatravel3\/\",\"https:\/\/www.youtube.com\/channel\/UCno7J4paGBR3VbZQzvoJ9Eg\"]},{\"@type\":\"Person\",\"@id\":\"https:\/\/www.travel3.com.br\/site\/#\/schema\/person\/a69d71e41a024999b6ab82369ac0bd1e\",\"name\":\"admin\",\"image\":{\"@type\":\"ImageObject\",\"inLanguage\":\"pt-BR\",\"@id\":\"https:\/\/www.travel3.com.br\/site\/#\/schema\/person\/image\/\",\"url\":\"https:\/\/secure.gravatar.com\/avatar\/732a67adfd764da2a47ba10ce731c4c0?s=96&d=mm&r=g\",\"contentUrl\":\"https:\/\/secure.gravatar.com\/avatar\/732a67adfd764da2a47ba10ce731c4c0?s=96&d=mm&r=g\",\"caption\":\"admin\"},\"url\":\"https:\/\/www.travel3.com.br\/site\/author\/admin\/\"}]}<\/script>\n<!-- \/ Yoast SEO plugin. -->","yoast_head_json":{"title":"A REPOSI\u00c7\u00c3O ESTRAT\u00c9GICA BARCEL\u00d3, AGORA UM GRUPO HOTELEIRO - Travel3","description":"A TRAVEL3 \u00e9 um portal de conte\u00fado voltado para o turismo, encontre destinos, viagens, hospedagem, passagens, guias, not\u00edcias sobre o mercado do turismo, dicas de viagem, v\u00eddeos e podcast.","robots":{"index":"index","follow":"follow","max-snippet":"max-snippet:-1","max-image-preview":"max-image-preview:large","max-video-preview":"max-video-preview:-1"},"canonical":"https:\/\/www.travel3.com.br\/site\/sem-categoria\/a-reposicao-estrategica-barcelo-agora-um-grupo-hoteleiro\/","og_locale":"pt_BR","og_type":"article","og_title":"A REPOSI\u00c7\u00c3O ESTRAT\u00c9GICA BARCEL\u00d3, AGORA UM GRUPO HOTELEIRO - Travel3","og_description":"A TRAVEL3 \u00e9 um portal de conte\u00fado voltado para o turismo, encontre destinos, viagens, hospedagem, passagens, guias, not\u00edcias sobre o mercado do turismo, dicas de viagem, v\u00eddeos e podcast.","og_url":"https:\/\/www.travel3.com.br\/site\/sem-categoria\/a-reposicao-estrategica-barcelo-agora-um-grupo-hoteleiro\/","og_site_name":"Travel3","article_publisher":"https:\/\/www.facebook.com\/travel3media\/","article_published_time":"2017-09-05T18:50:03+00:00","article_modified_time":"2017-09-12T18:13:53+00:00","author":"admin","twitter_card":"summary_large_image","twitter_misc":{"Escrito por":"admin","Est. tempo de leitura":"3 minutos"},"schema":{"@context":"https:\/\/schema.org","@graph":[{"@type":"Article","@id":"https:\/\/www.travel3.com.br\/site\/sem-categoria\/a-reposicao-estrategica-barcelo-agora-um-grupo-hoteleiro\/#article","isPartOf":{"@id":"https:\/\/www.travel3.com.br\/site\/sem-categoria\/a-reposicao-estrategica-barcelo-agora-um-grupo-hoteleiro\/"},"author":{"name":"admin","@id":"https:\/\/www.travel3.com.br\/site\/#\/schema\/person\/a69d71e41a024999b6ab82369ac0bd1e"},"headline":"A REPOSI\u00c7\u00c3O ESTRAT\u00c9GICA BARCEL\u00d3, AGORA UM GRUPO HOTELEIRO","datePublished":"2017-09-05T18:50:03+00:00","dateModified":"2017-09-12T18:13:53+00:00","mainEntityOfPage":{"@id":"https:\/\/www.travel3.com.br\/site\/sem-categoria\/a-reposicao-estrategica-barcelo-agora-um-grupo-hoteleiro\/"},"wordCount":624,"commentCount":0,"publisher":{"@id":"https:\/\/www.travel3.com.br\/site\/#organization"},"inLanguage":"pt-BR","potentialAction":[{"@type":"CommentAction","name":"Comment","target":["https:\/\/www.travel3.com.br\/site\/sem-categoria\/a-reposicao-estrategica-barcelo-agora-um-grupo-hoteleiro\/#respond"]}]},{"@type":"WebPage","@id":"https:\/\/www.travel3.com.br\/site\/sem-categoria\/a-reposicao-estrategica-barcelo-agora-um-grupo-hoteleiro\/","url":"https:\/\/www.travel3.com.br\/site\/sem-categoria\/a-reposicao-estrategica-barcelo-agora-um-grupo-hoteleiro\/","name":"A REPOSI\u00c7\u00c3O ESTRAT\u00c9GICA BARCEL\u00d3, AGORA UM GRUPO HOTELEIRO - Travel3","isPartOf":{"@id":"https:\/\/www.travel3.com.br\/site\/#website"},"datePublished":"2017-09-05T18:50:03+00:00","dateModified":"2017-09-12T18:13:53+00:00","description":"A TRAVEL3 \u00e9 um portal de conte\u00fado voltado para o turismo, encontre destinos, viagens, hospedagem, passagens, guias, not\u00edcias sobre o mercado do turismo, dicas de viagem, v\u00eddeos e podcast.","breadcrumb":{"@id":"https:\/\/www.travel3.com.br\/site\/sem-categoria\/a-reposicao-estrategica-barcelo-agora-um-grupo-hoteleiro\/#breadcrumb"},"inLanguage":"pt-BR","potentialAction":[{"@type":"ReadAction","target":["https:\/\/www.travel3.com.br\/site\/sem-categoria\/a-reposicao-estrategica-barcelo-agora-um-grupo-hoteleiro\/"]}]},{"@type":"BreadcrumbList","@id":"https:\/\/www.travel3.com.br\/site\/sem-categoria\/a-reposicao-estrategica-barcelo-agora-um-grupo-hoteleiro\/#breadcrumb","itemListElement":[{"@type":"ListItem","position":1,"name":"In\u00edcio","item":"https:\/\/www.travel3.com.br\/site\/"},{"@type":"ListItem","position":2,"name":"A REPOSI\u00c7\u00c3O ESTRAT\u00c9GICA BARCEL\u00d3, AGORA UM GRUPO HOTELEIRO"}]},{"@type":"WebSite","@id":"https:\/\/www.travel3.com.br\/site\/#website","url":"https:\/\/www.travel3.com.br\/site\/","name":"Travel3","description":"Lazer + Neg&oacute;cios + Aventura","publisher":{"@id":"https:\/\/www.travel3.com.br\/site\/#organization"},"potentialAction":[{"@type":"SearchAction","target":{"@type":"EntryPoint","urlTemplate":"https:\/\/www.travel3.com.br\/site\/?s={search_term_string}"},"query-input":{"@type":"PropertyValueSpecification","valueRequired":true,"valueName":"search_term_string"}}],"inLanguage":"pt-BR"},{"@type":"Organization","@id":"https:\/\/www.travel3.com.br\/site\/#organization","name":"Travel3","url":"https:\/\/www.travel3.com.br\/site\/","logo":{"@type":"ImageObject","inLanguage":"pt-BR","@id":"https:\/\/www.travel3.com.br\/site\/#\/schema\/logo\/image\/","url":"https:\/\/www.travel3.com.br\/site\/wp-content\/uploads\/2020\/01\/logo-travel3-2020.png","contentUrl":"https:\/\/www.travel3.com.br\/site\/wp-content\/uploads\/2020\/01\/logo-travel3-2020.png","width":232,"height":79,"caption":"Travel3"},"image":{"@id":"https:\/\/www.travel3.com.br\/site\/#\/schema\/logo\/image\/"},"sameAs":["https:\/\/www.facebook.com\/travel3media\/","https:\/\/www.instagram.com\/revistatravel3\/","https:\/\/www.youtube.com\/channel\/UCno7J4paGBR3VbZQzvoJ9Eg"]},{"@type":"Person","@id":"https:\/\/www.travel3.com.br\/site\/#\/schema\/person\/a69d71e41a024999b6ab82369ac0bd1e","name":"admin","image":{"@type":"ImageObject","inLanguage":"pt-BR","@id":"https:\/\/www.travel3.com.br\/site\/#\/schema\/person\/image\/","url":"https:\/\/secure.gravatar.com\/avatar\/732a67adfd764da2a47ba10ce731c4c0?s=96&d=mm&r=g","contentUrl":"https:\/\/secure.gravatar.com\/avatar\/732a67adfd764da2a47ba10ce731c4c0?s=96&d=mm&r=g","caption":"admin"},"url":"https:\/\/www.travel3.com.br\/site\/author\/admin\/"}]}},"_links":{"self":[{"href":"https:\/\/www.travel3.com.br\/site\/wp-json\/wp\/v2\/posts\/3189","targetHints":{"allow":["GET"]}}],"collection":[{"href":"https:\/\/www.travel3.com.br\/site\/wp-json\/wp\/v2\/posts"}],"about":[{"href":"https:\/\/www.travel3.com.br\/site\/wp-json\/wp\/v2\/types\/post"}],"author":[{"embeddable":true,"href":"https:\/\/www.travel3.com.br\/site\/wp-json\/wp\/v2\/users\/1"}],"replies":[{"embeddable":true,"href":"https:\/\/www.travel3.com.br\/site\/wp-json\/wp\/v2\/comments?post=3189"}],"version-history":[{"count":1,"href":"https:\/\/www.travel3.com.br\/site\/wp-json\/wp\/v2\/posts\/3189\/revisions"}],"predecessor-version":[{"id":3986,"href":"https:\/\/www.travel3.com.br\/site\/wp-json\/wp\/v2\/posts\/3189\/revisions\/3986"}],"wp:attachment":[{"href":"https:\/\/www.travel3.com.br\/site\/wp-json\/wp\/v2\/media?parent=3189"}],"wp:term":[{"taxonomy":"category","embeddable":true,"href":"https:\/\/www.travel3.com.br\/site\/wp-json\/wp\/v2\/categories?post=3189"},{"taxonomy":"post_tag","embeddable":true,"href":"https:\/\/www.travel3.com.br\/site\/wp-json\/wp\/v2\/tags?post=3189"}],"curies":[{"name":"wp","href":"https:\/\/api.w.org\/{rel}","templated":true}]}}