{"id":3187,"date":"2017-08-25T03:05:50","date_gmt":"2017-08-25T03:05:50","guid":{"rendered":"http:\/\/www.travel3.com.br\/site\/ir-e-vir\/ar\/homenagem-a-marta-rossi-cidada-emerita-de-gramado\/"},"modified":"2017-09-12T18:13:50","modified_gmt":"2017-09-12T18:13:50","slug":"homenagem-a-marta-rossi-cidada-emerita-de-gramado","status":"publish","type":"post","link":"https:\/\/www.travel3.com.br\/site\/sem-categoria\/homenagem-a-marta-rossi-cidada-emerita-de-gramado\/","title":{"rendered":"HOMENAGEM A MARTA ROSSI, CIDAD\u00c3 EM\u00c9RITA DE GRAMADO"},"content":{"rendered":"<p><span style=\"color: #40acad; font-family: -apple-system, system-ui, 'Segoe UI', Roboto, Oxygen-Sans, Ubuntu, Cantarell, 'Helvetica Neue', sans-serif; font-size: 12px; font-weight: bold;\"><\/p>\n<p style=\"text-align:justify\"><strong>GRAMADO<\/strong> &#8211; A for\u00e7a do turismo de Gramado representa o melhor significado do esfor\u00e7o conjunto e tamb\u00e9m da dedica\u00e7\u00e3o exemplar de pessoas que s\u00e3o apaixonadas pela cidade e por aquilo que procuram realizar. Com todos os m\u00e9ritos, na noite desta quinta (15), Gramado rendeu homenagens a uma destas personalidades que recebem a condi\u00e7\u00e3o de ilustre.<\/p>\n<p style=\"text-align:justify\"><a class=\"fancybox-media\" href=\"..\/_uploads\/_noticia\/2016-12\/mesa-da-camara--2-.jpg\" rel=\"portfolio\"><img decoding=\"async\" alt=\"\" src=\"..\/_uploads\/_noticia\/2016-12\/mesa-da-camara--2-.jpg\" \/><\/a><\/p>\n<p style=\"text-align:justify\">Marta Rossi recebeu o titulo de \u2018Cidad\u00e3 Em\u00e9rita\u2019. Na solenidade realizada na C\u00e2mara de Vereadores do munic\u00edpio, a cerim\u00f4nia foi das mais prestigiadas, com a homenageada recebendo aprova\u00e7\u00e3o de forma un\u00e2nime por parte dos edis na proposta apresentada pelo vereador Celso Fioreze.<\/p>\n<p style=\"text-align:justify\"><a class=\"fancybox-media\" href=\"..\/_uploads\/_noticia\/2016-12\/vereadores-gramadenses-e-prefeito-nestor-tissot-entregam-a-placa-a-marcus-rossi--2-.jpg\" rel=\"portfolio\"><img decoding=\"async\" alt=\"\" src=\"..\/_uploads\/_noticia\/2016-12\/vereadores-gramadenses-e-prefeito-nestor-tissot-entregam-a-placa-a-marcus-rossi--2-.jpg\" \/><\/a><\/p>\n<p style=\"text-align:justify\"><strong>Vereadores de Gramado e o prefeito Nestor Tissot, na entrega do titulo que foi recebido pelo filho e s\u00f3cio Marcus Vin\u00edcius Rossi.<\/strong><\/p>\n<p style=\"text-align:justify\"><a class=\"fancybox-media\" href=\"..\/_uploads\/_noticia\/2016-12\/marcus-rossi-recebeu-o-titulo-em-nome-de-marta-rossi--2-.jpg\" rel=\"portfolio\"><img decoding=\"async\" alt=\"\" src=\"..\/_uploads\/_noticia\/2016-12\/marcus-rossi-recebeu-o-titulo-em-nome-de-marta-rossi--2-.jpg\" \/><\/a><\/p>\n<p style=\"text-align:justify\">\u201cInfelizmente por compromissos pessoais, Marta n\u00e3o pode estar aqui conosco para receber esta honraria. Com certeza descrever Marta \u00e9 uma tarefa muito dif\u00edcil para mim, pois al\u00e9m de citar seus m\u00e9ritos profissionais, preciso falar da pessoa que me deu a vida e tem me direcionado h\u00e1 29 anos. Cabe a mim, como filho, apenas agradecer em nome de toda a fam\u00edlia e de nossa empresa, pois quem diria que aquela mulher nascida no Morro Agudo com todas as dificuldades que a vida lhe imp\u00f4s, iria se tornar a Marta Rossi que todos admiramos\u201d, destacou Marcus.<\/p>\n<p>&#8220;Com grande emo\u00e7\u00e3o, agrade\u00e7o aos integrantes da C\u00e2mara de Vereadores, em especial ao vereador Celso Fioreze, pela indica\u00e7\u00e3o de meu nome para receber o t\u00edtulo de Cidad\u00e3 Em\u00e9rita de Gramado. Todos os aplausos nos enchem de alegria, mas o reconhecimento da comunidade onde vivemos, tem um valor inestim\u00e1vel, porque chancela o trabalho que realizamos at\u00e9 aqui\u201d, \u00a0foi a mensagem encaminhada por Marta.<\/p>\n<p>\u201cConsciente de que ningu\u00e9m constr\u00f3i nada sozinho, pe\u00e7o licen\u00e7a aos senhores, para dividir esta honraria com meus pais que me ensinaram o verdadeiro valor do trabalho e o senso de justi\u00e7a. Com minha eterna amiga \u00e9 s\u00f3cia Silvia Zorzanello que me ensinou a amar Gramado incondicionalmente e com todos aqueles gramadense an\u00f4nimos que lutam incansavelmente para transformar nossa cidade em modelo e refer\u00eancia nacional\u201d, completou a empres\u00e1ria.<\/p>\n<p>O vereador Celso Fioreze, ressaltou a import\u00e2ncia do trabalho desenvolvido por \u00a0Marta em favor de Gramado e do Turismo nacional. \u201cEla \u00e9 reconhecida por todo o Brasil por sua excel\u00eancia e pelo que j\u00e1 fez, e faz, pelo Turismo nacional. Muitas vezes recebe distin\u00e7\u00e3o em diversos lugares e n\u00f3s, em sua cidade, temos agora a oportunidade de fazer este merecido reconhecimento\u201d.<\/p>\n<p style=\"text-align:justify\"><a class=\"fancybox-media\" href=\"..\/_uploads\/_noticia\/2016-12\/martarossiexecutiva.jpg\" rel=\"portfolio\"><img decoding=\"async\" alt=\"\" src=\"..\/_uploads\/_noticia\/2016-12\/martarossiexecutiva.jpg\" \/><\/a><\/p>\n<p>Marta Maria Rossi, nasceu em Gramado em 1956. Filha de um casal de empreendedores, sempre foi estimulada a buscar o melhor das oportunidades. Aos 17 anos, come\u00e7ou a trabalhar na Prefeitura de Gramado, junto \u00e0 Secretaria de Educa\u00e7\u00e3o e Cultura, desenvolvendo projetos que integravam os diferentes grupos culturais da cidade \u2013 de adolescentes a artes\u00e3os.<\/p>\n<p>Empreendedora e determinada, entre 1977 e 1979, juntamente com tr\u00eas colegas da faculdade de Comunica\u00e7\u00e3o, criou e executou house organs em empresas e entidades do Vale dos Sinos, no Rio Grande do Sul. Em 1979, assumiu o Departamento de Rela\u00e7\u00f5es P\u00fablicas da Ind\u00fastria de Cal\u00e7ados Ortop\u00e9 e tamb\u00e9m a ger\u00eancia do Jornal de Gramado, trabalhando na implanta\u00e7\u00e3o deste importante ve\u00edculo de comunica\u00e7\u00e3o. Em 1980, ao assumir a ger\u00eancia de Rela\u00e7\u00f5es P\u00fablicas do Hotel Serra Azul, implantou um projeto de lazer, inexistente na \u00e9poca na Serra Ga\u00facha mudando o conceito do hotel em rela\u00e7\u00e3o ao cliente e implantando um dos primeiros cart\u00f5es de cr\u00e9dito na hotelaria. Com a fideliza\u00e7\u00e3o dos clientes o hotel come\u00e7ou a investir em turismo de neg\u00f3cios.<\/p>\n<p>Assumiu a Ger\u00eancia de Marketing do Hotel Serrano, em 1983, estruturando a \u00e1rea de lazer, de comercializa\u00e7\u00e3o e de neg\u00f3cios. A atua\u00e7\u00e3o foi direta no lan\u00e7amento de diferentes Pacotes Tur\u00edsticos para promo\u00e7\u00e3o da baixa temporada. O trabalho resultou no fomento do turismo de neg\u00f3cios. Neste cargo, Marta Rossi atuou na cria\u00e7\u00e3o do primeiro Centro de Conven\u00e7\u00f5es do Estado do Rio Grande do Sul, junto ao Hotel Serrano.<\/p>\n<p style=\"text-align:justify\"><a class=\"fancybox-media\" href=\"..\/_uploads\/_noticia\/2016-12\/marta-rossi--2-.jpg\" rel=\"portfolio\"><img decoding=\"async\" alt=\"\" src=\"..\/_uploads\/_noticia\/2016-12\/marta-rossi--2-.jpg\" \/><\/a><\/p>\n<p>Em 1988 enquanto o Centro de Conven\u00e7\u00f5es do Serrano estava em fase de conclus\u00e3o, ao lado de Silvia Zorzanello, ent\u00e3o gerente geral do hotel, observou uma oportunidade de mercado que despontava pensando em um projeto estrat\u00e9gico. Desta forma, a sociedade foi concretizada e, em 01 de abril de 1988, nascia a empresa Marta Rossi e Silvia Zorzanello Feiras e Empreendimentos, atendendo uma necessidade constatada: a inexist\u00eancia de uma empresa organizadora de eventos na cidade.<\/p>\n<p>Vision\u00e1rias, Marta e Silvia criaram e organizaram em Gramado um pequeno sal\u00e3o de turismo para operadoras e agentes de viagens.Utilisaram \u00a0a grife Gramado e foram aglutinando pequenas, m\u00e9dias e grandes empresas do setor tur\u00edstico em torno do Festival. O evento, que inicialmente nasceu com o prop\u00f3sito de apresentar o produto tur\u00edstico ga\u00facho para o Brasil, transformou-se em um dos maiores eventos de neg\u00f3cios do turismo da Am\u00e9rica Latina. \u00a0O Festival alcan\u00e7ou o Brasil, o Mercosul, a Am\u00e9rica Central e do Norte e expandiu seus horizontes em dire\u00e7\u00e3o \u00e0 Europa e Oriente M\u00e9dio. O Festuris hoje \u00e9 \u00a0um dos que mais gera resultados e neg\u00f3cios para o trade tur\u00edstico.<\/p>\n<p style=\"text-align:justify\">A empresa criou outros dois projetos pr\u00f3prios: o Chocofest e o Acorde Musical e atua em congressos, semin\u00e1rios, feiras empresariais, lan\u00e7amentos de produtos e inaugura\u00e7\u00f5es. Com 28 anos \u00e9 hoje exemplo de empreendedorismo, sendo reconhecida nacional e internacionalmente. Uma de suas marcas \u00e9 investir em sua equipe de profissionais. \u00a0<br \/>\n\u00a0<\/p>\n<p>\u00a0<\/p>\n<p>\u00a0<\/p>\n<p>\u00a0<\/p>\n<p>\u00a0<\/p>\n<p>\u00a0<\/p>\n<p>\u00a0<\/p>\n<p><\/span><\/p>\n","protected":false},"excerpt":{"rendered":"<p>C\u00e2mara Municipal presta justo reconhecimento  para uma das estrelas de maior brilho na constela\u00e7\u00e3o da cidade<\/p>\n","protected":false},"author":1,"featured_media":0,"comment_status":"open","ping_status":"open","sticky":false,"template":"","format":"standard","meta":{"footnotes":""},"categories":[],"tags":[],"class_list":["post-3187","post","type-post","status-publish","format-standard","hentry"],"yoast_head":"<!-- This site is optimized with the Yoast SEO plugin v26.2 - https:\/\/yoast.com\/wordpress\/plugins\/seo\/ -->\n<title>HOMENAGEM A MARTA ROSSI, CIDAD\u00c3 EM\u00c9RITA DE GRAMADO - Travel3<\/title>\n<meta name=\"description\" content=\"A TRAVEL3 \u00e9 um portal de conte\u00fado voltado para o turismo, encontre destinos, viagens, hospedagem, passagens, guias, not\u00edcias sobre o mercado do turismo, dicas de viagem, v\u00eddeos e podcast.\" \/>\n<meta name=\"robots\" content=\"index, follow, max-snippet:-1, max-image-preview:large, max-video-preview:-1\" \/>\n<link rel=\"canonical\" href=\"https:\/\/www.travel3.com.br\/site\/sem-categoria\/homenagem-a-marta-rossi-cidada-emerita-de-gramado\/\" \/>\n<meta property=\"og:locale\" content=\"pt_BR\" \/>\n<meta property=\"og:type\" content=\"article\" \/>\n<meta property=\"og:title\" content=\"HOMENAGEM A MARTA ROSSI, CIDAD\u00c3 EM\u00c9RITA DE GRAMADO - Travel3\" \/>\n<meta property=\"og:description\" content=\"A TRAVEL3 \u00e9 um portal de conte\u00fado voltado para o turismo, encontre destinos, viagens, hospedagem, passagens, guias, not\u00edcias sobre o mercado do turismo, dicas de viagem, v\u00eddeos e podcast.\" \/>\n<meta property=\"og:url\" content=\"https:\/\/www.travel3.com.br\/site\/sem-categoria\/homenagem-a-marta-rossi-cidada-emerita-de-gramado\/\" \/>\n<meta property=\"og:site_name\" content=\"Travel3\" \/>\n<meta property=\"article:publisher\" content=\"https:\/\/www.facebook.com\/travel3media\/\" \/>\n<meta property=\"article:published_time\" content=\"2017-08-25T03:05:50+00:00\" \/>\n<meta property=\"article:modified_time\" content=\"2017-09-12T18:13:50+00:00\" \/>\n<meta name=\"author\" content=\"admin\" \/>\n<meta name=\"twitter:card\" content=\"summary_large_image\" \/>\n<meta name=\"twitter:label1\" content=\"Escrito por\" \/>\n\t<meta name=\"twitter:data1\" content=\"admin\" \/>\n\t<meta name=\"twitter:label2\" content=\"Est. tempo de leitura\" \/>\n\t<meta name=\"twitter:data2\" content=\"5 minutos\" \/>\n<script type=\"application\/ld+json\" class=\"yoast-schema-graph\">{\"@context\":\"https:\/\/schema.org\",\"@graph\":[{\"@type\":\"Article\",\"@id\":\"https:\/\/www.travel3.com.br\/site\/sem-categoria\/homenagem-a-marta-rossi-cidada-emerita-de-gramado\/#article\",\"isPartOf\":{\"@id\":\"https:\/\/www.travel3.com.br\/site\/sem-categoria\/homenagem-a-marta-rossi-cidada-emerita-de-gramado\/\"},\"author\":{\"name\":\"admin\",\"@id\":\"https:\/\/www.travel3.com.br\/site\/#\/schema\/person\/a69d71e41a024999b6ab82369ac0bd1e\"},\"headline\":\"HOMENAGEM A MARTA ROSSI, CIDAD\u00c3 EM\u00c9RITA DE GRAMADO\",\"datePublished\":\"2017-08-25T03:05:50+00:00\",\"dateModified\":\"2017-09-12T18:13:50+00:00\",\"mainEntityOfPage\":{\"@id\":\"https:\/\/www.travel3.com.br\/site\/sem-categoria\/homenagem-a-marta-rossi-cidada-emerita-de-gramado\/\"},\"wordCount\":963,\"commentCount\":0,\"publisher\":{\"@id\":\"https:\/\/www.travel3.com.br\/site\/#organization\"},\"inLanguage\":\"pt-BR\",\"potentialAction\":[{\"@type\":\"CommentAction\",\"name\":\"Comment\",\"target\":[\"https:\/\/www.travel3.com.br\/site\/sem-categoria\/homenagem-a-marta-rossi-cidada-emerita-de-gramado\/#respond\"]}]},{\"@type\":\"WebPage\",\"@id\":\"https:\/\/www.travel3.com.br\/site\/sem-categoria\/homenagem-a-marta-rossi-cidada-emerita-de-gramado\/\",\"url\":\"https:\/\/www.travel3.com.br\/site\/sem-categoria\/homenagem-a-marta-rossi-cidada-emerita-de-gramado\/\",\"name\":\"HOMENAGEM A MARTA ROSSI, CIDAD\u00c3 EM\u00c9RITA DE GRAMADO - Travel3\",\"isPartOf\":{\"@id\":\"https:\/\/www.travel3.com.br\/site\/#website\"},\"datePublished\":\"2017-08-25T03:05:50+00:00\",\"dateModified\":\"2017-09-12T18:13:50+00:00\",\"description\":\"A TRAVEL3 \u00e9 um portal de conte\u00fado voltado para o turismo, encontre destinos, viagens, hospedagem, passagens, guias, not\u00edcias sobre o mercado do turismo, dicas de viagem, v\u00eddeos e podcast.\",\"breadcrumb\":{\"@id\":\"https:\/\/www.travel3.com.br\/site\/sem-categoria\/homenagem-a-marta-rossi-cidada-emerita-de-gramado\/#breadcrumb\"},\"inLanguage\":\"pt-BR\",\"potentialAction\":[{\"@type\":\"ReadAction\",\"target\":[\"https:\/\/www.travel3.com.br\/site\/sem-categoria\/homenagem-a-marta-rossi-cidada-emerita-de-gramado\/\"]}]},{\"@type\":\"BreadcrumbList\",\"@id\":\"https:\/\/www.travel3.com.br\/site\/sem-categoria\/homenagem-a-marta-rossi-cidada-emerita-de-gramado\/#breadcrumb\",\"itemListElement\":[{\"@type\":\"ListItem\",\"position\":1,\"name\":\"In\u00edcio\",\"item\":\"https:\/\/www.travel3.com.br\/site\/\"},{\"@type\":\"ListItem\",\"position\":2,\"name\":\"HOMENAGEM A MARTA ROSSI, CIDAD\u00c3 EM\u00c9RITA DE GRAMADO\"}]},{\"@type\":\"WebSite\",\"@id\":\"https:\/\/www.travel3.com.br\/site\/#website\",\"url\":\"https:\/\/www.travel3.com.br\/site\/\",\"name\":\"Travel3\",\"description\":\"Lazer + Neg&oacute;cios + Aventura\",\"publisher\":{\"@id\":\"https:\/\/www.travel3.com.br\/site\/#organization\"},\"potentialAction\":[{\"@type\":\"SearchAction\",\"target\":{\"@type\":\"EntryPoint\",\"urlTemplate\":\"https:\/\/www.travel3.com.br\/site\/?s={search_term_string}\"},\"query-input\":{\"@type\":\"PropertyValueSpecification\",\"valueRequired\":true,\"valueName\":\"search_term_string\"}}],\"inLanguage\":\"pt-BR\"},{\"@type\":\"Organization\",\"@id\":\"https:\/\/www.travel3.com.br\/site\/#organization\",\"name\":\"Travel3\",\"url\":\"https:\/\/www.travel3.com.br\/site\/\",\"logo\":{\"@type\":\"ImageObject\",\"inLanguage\":\"pt-BR\",\"@id\":\"https:\/\/www.travel3.com.br\/site\/#\/schema\/logo\/image\/\",\"url\":\"https:\/\/www.travel3.com.br\/site\/wp-content\/uploads\/2020\/01\/logo-travel3-2020.png\",\"contentUrl\":\"https:\/\/www.travel3.com.br\/site\/wp-content\/uploads\/2020\/01\/logo-travel3-2020.png\",\"width\":232,\"height\":79,\"caption\":\"Travel3\"},\"image\":{\"@id\":\"https:\/\/www.travel3.com.br\/site\/#\/schema\/logo\/image\/\"},\"sameAs\":[\"https:\/\/www.facebook.com\/travel3media\/\",\"https:\/\/www.instagram.com\/revistatravel3\/\",\"https:\/\/www.youtube.com\/channel\/UCno7J4paGBR3VbZQzvoJ9Eg\"]},{\"@type\":\"Person\",\"@id\":\"https:\/\/www.travel3.com.br\/site\/#\/schema\/person\/a69d71e41a024999b6ab82369ac0bd1e\",\"name\":\"admin\",\"image\":{\"@type\":\"ImageObject\",\"inLanguage\":\"pt-BR\",\"@id\":\"https:\/\/www.travel3.com.br\/site\/#\/schema\/person\/image\/\",\"url\":\"https:\/\/secure.gravatar.com\/avatar\/732a67adfd764da2a47ba10ce731c4c0?s=96&d=mm&r=g\",\"contentUrl\":\"https:\/\/secure.gravatar.com\/avatar\/732a67adfd764da2a47ba10ce731c4c0?s=96&d=mm&r=g\",\"caption\":\"admin\"},\"url\":\"https:\/\/www.travel3.com.br\/site\/author\/admin\/\"}]}<\/script>\n<!-- \/ Yoast SEO plugin. -->","yoast_head_json":{"title":"HOMENAGEM A MARTA ROSSI, CIDAD\u00c3 EM\u00c9RITA DE GRAMADO - Travel3","description":"A TRAVEL3 \u00e9 um portal de conte\u00fado voltado para o turismo, encontre destinos, viagens, hospedagem, passagens, guias, not\u00edcias sobre o mercado do turismo, dicas de viagem, v\u00eddeos e podcast.","robots":{"index":"index","follow":"follow","max-snippet":"max-snippet:-1","max-image-preview":"max-image-preview:large","max-video-preview":"max-video-preview:-1"},"canonical":"https:\/\/www.travel3.com.br\/site\/sem-categoria\/homenagem-a-marta-rossi-cidada-emerita-de-gramado\/","og_locale":"pt_BR","og_type":"article","og_title":"HOMENAGEM A MARTA ROSSI, CIDAD\u00c3 EM\u00c9RITA DE GRAMADO - Travel3","og_description":"A TRAVEL3 \u00e9 um portal de conte\u00fado voltado para o turismo, encontre destinos, viagens, hospedagem, passagens, guias, not\u00edcias sobre o mercado do turismo, dicas de viagem, v\u00eddeos e podcast.","og_url":"https:\/\/www.travel3.com.br\/site\/sem-categoria\/homenagem-a-marta-rossi-cidada-emerita-de-gramado\/","og_site_name":"Travel3","article_publisher":"https:\/\/www.facebook.com\/travel3media\/","article_published_time":"2017-08-25T03:05:50+00:00","article_modified_time":"2017-09-12T18:13:50+00:00","author":"admin","twitter_card":"summary_large_image","twitter_misc":{"Escrito por":"admin","Est. tempo de leitura":"5 minutos"},"schema":{"@context":"https:\/\/schema.org","@graph":[{"@type":"Article","@id":"https:\/\/www.travel3.com.br\/site\/sem-categoria\/homenagem-a-marta-rossi-cidada-emerita-de-gramado\/#article","isPartOf":{"@id":"https:\/\/www.travel3.com.br\/site\/sem-categoria\/homenagem-a-marta-rossi-cidada-emerita-de-gramado\/"},"author":{"name":"admin","@id":"https:\/\/www.travel3.com.br\/site\/#\/schema\/person\/a69d71e41a024999b6ab82369ac0bd1e"},"headline":"HOMENAGEM A MARTA ROSSI, CIDAD\u00c3 EM\u00c9RITA DE GRAMADO","datePublished":"2017-08-25T03:05:50+00:00","dateModified":"2017-09-12T18:13:50+00:00","mainEntityOfPage":{"@id":"https:\/\/www.travel3.com.br\/site\/sem-categoria\/homenagem-a-marta-rossi-cidada-emerita-de-gramado\/"},"wordCount":963,"commentCount":0,"publisher":{"@id":"https:\/\/www.travel3.com.br\/site\/#organization"},"inLanguage":"pt-BR","potentialAction":[{"@type":"CommentAction","name":"Comment","target":["https:\/\/www.travel3.com.br\/site\/sem-categoria\/homenagem-a-marta-rossi-cidada-emerita-de-gramado\/#respond"]}]},{"@type":"WebPage","@id":"https:\/\/www.travel3.com.br\/site\/sem-categoria\/homenagem-a-marta-rossi-cidada-emerita-de-gramado\/","url":"https:\/\/www.travel3.com.br\/site\/sem-categoria\/homenagem-a-marta-rossi-cidada-emerita-de-gramado\/","name":"HOMENAGEM A MARTA ROSSI, CIDAD\u00c3 EM\u00c9RITA DE GRAMADO - Travel3","isPartOf":{"@id":"https:\/\/www.travel3.com.br\/site\/#website"},"datePublished":"2017-08-25T03:05:50+00:00","dateModified":"2017-09-12T18:13:50+00:00","description":"A TRAVEL3 \u00e9 um portal de conte\u00fado voltado para o turismo, encontre destinos, viagens, hospedagem, passagens, guias, not\u00edcias sobre o mercado do turismo, dicas de viagem, v\u00eddeos e podcast.","breadcrumb":{"@id":"https:\/\/www.travel3.com.br\/site\/sem-categoria\/homenagem-a-marta-rossi-cidada-emerita-de-gramado\/#breadcrumb"},"inLanguage":"pt-BR","potentialAction":[{"@type":"ReadAction","target":["https:\/\/www.travel3.com.br\/site\/sem-categoria\/homenagem-a-marta-rossi-cidada-emerita-de-gramado\/"]}]},{"@type":"BreadcrumbList","@id":"https:\/\/www.travel3.com.br\/site\/sem-categoria\/homenagem-a-marta-rossi-cidada-emerita-de-gramado\/#breadcrumb","itemListElement":[{"@type":"ListItem","position":1,"name":"In\u00edcio","item":"https:\/\/www.travel3.com.br\/site\/"},{"@type":"ListItem","position":2,"name":"HOMENAGEM A MARTA ROSSI, CIDAD\u00c3 EM\u00c9RITA DE GRAMADO"}]},{"@type":"WebSite","@id":"https:\/\/www.travel3.com.br\/site\/#website","url":"https:\/\/www.travel3.com.br\/site\/","name":"Travel3","description":"Lazer + Neg&oacute;cios + Aventura","publisher":{"@id":"https:\/\/www.travel3.com.br\/site\/#organization"},"potentialAction":[{"@type":"SearchAction","target":{"@type":"EntryPoint","urlTemplate":"https:\/\/www.travel3.com.br\/site\/?s={search_term_string}"},"query-input":{"@type":"PropertyValueSpecification","valueRequired":true,"valueName":"search_term_string"}}],"inLanguage":"pt-BR"},{"@type":"Organization","@id":"https:\/\/www.travel3.com.br\/site\/#organization","name":"Travel3","url":"https:\/\/www.travel3.com.br\/site\/","logo":{"@type":"ImageObject","inLanguage":"pt-BR","@id":"https:\/\/www.travel3.com.br\/site\/#\/schema\/logo\/image\/","url":"https:\/\/www.travel3.com.br\/site\/wp-content\/uploads\/2020\/01\/logo-travel3-2020.png","contentUrl":"https:\/\/www.travel3.com.br\/site\/wp-content\/uploads\/2020\/01\/logo-travel3-2020.png","width":232,"height":79,"caption":"Travel3"},"image":{"@id":"https:\/\/www.travel3.com.br\/site\/#\/schema\/logo\/image\/"},"sameAs":["https:\/\/www.facebook.com\/travel3media\/","https:\/\/www.instagram.com\/revistatravel3\/","https:\/\/www.youtube.com\/channel\/UCno7J4paGBR3VbZQzvoJ9Eg"]},{"@type":"Person","@id":"https:\/\/www.travel3.com.br\/site\/#\/schema\/person\/a69d71e41a024999b6ab82369ac0bd1e","name":"admin","image":{"@type":"ImageObject","inLanguage":"pt-BR","@id":"https:\/\/www.travel3.com.br\/site\/#\/schema\/person\/image\/","url":"https:\/\/secure.gravatar.com\/avatar\/732a67adfd764da2a47ba10ce731c4c0?s=96&d=mm&r=g","contentUrl":"https:\/\/secure.gravatar.com\/avatar\/732a67adfd764da2a47ba10ce731c4c0?s=96&d=mm&r=g","caption":"admin"},"url":"https:\/\/www.travel3.com.br\/site\/author\/admin\/"}]}},"_links":{"self":[{"href":"https:\/\/www.travel3.com.br\/site\/wp-json\/wp\/v2\/posts\/3187","targetHints":{"allow":["GET"]}}],"collection":[{"href":"https:\/\/www.travel3.com.br\/site\/wp-json\/wp\/v2\/posts"}],"about":[{"href":"https:\/\/www.travel3.com.br\/site\/wp-json\/wp\/v2\/types\/post"}],"author":[{"embeddable":true,"href":"https:\/\/www.travel3.com.br\/site\/wp-json\/wp\/v2\/users\/1"}],"replies":[{"embeddable":true,"href":"https:\/\/www.travel3.com.br\/site\/wp-json\/wp\/v2\/comments?post=3187"}],"version-history":[{"count":1,"href":"https:\/\/www.travel3.com.br\/site\/wp-json\/wp\/v2\/posts\/3187\/revisions"}],"predecessor-version":[{"id":3984,"href":"https:\/\/www.travel3.com.br\/site\/wp-json\/wp\/v2\/posts\/3187\/revisions\/3984"}],"wp:attachment":[{"href":"https:\/\/www.travel3.com.br\/site\/wp-json\/wp\/v2\/media?parent=3187"}],"wp:term":[{"taxonomy":"category","embeddable":true,"href":"https:\/\/www.travel3.com.br\/site\/wp-json\/wp\/v2\/categories?post=3187"},{"taxonomy":"post_tag","embeddable":true,"href":"https:\/\/www.travel3.com.br\/site\/wp-json\/wp\/v2\/tags?post=3187"}],"curies":[{"name":"wp","href":"https:\/\/api.w.org\/{rel}","templated":true}]}}