{"id":3159,"date":"2017-07-31T12:35:55","date_gmt":"2017-07-31T12:35:55","guid":{"rendered":"http:\/\/www.travel3.com.br\/site\/ir-e-vir\/ar\/grupo-lufthansa-tem-uma-poderosa-vice-presidente-de-vendas\/"},"modified":"2017-09-12T18:13:11","modified_gmt":"2017-09-12T18:13:11","slug":"grupo-lufthansa-tem-uma-poderosa-vice-presidente-de-vendas","status":"publish","type":"post","link":"https:\/\/www.travel3.com.br\/site\/sem-categoria\/grupo-lufthansa-tem-uma-poderosa-vice-presidente-de-vendas\/","title":{"rendered":"GRUPO LUFTHANSA TEM UMA PODEROSA VICE-PRESIDENTE DE VENDAS"},"content":{"rendered":"<p><span style=\"color: #40acad; font-family: -apple-system, system-ui, 'Segoe UI', Roboto, Oxygen-Sans, Ubuntu, Cantarell, 'Helvetica Neue', sans-serif; font-size: 12px; font-weight: bold;\"><\/p>\n<p style=\"text-align:justify\">Heike Birlenbach \u00e9 a executiva que foi indicada pela dire\u00e7\u00e3o do grupo Lufthansa como vice-presidente para vendas das companhias a\u00e9reas e diretora executiva comercial de Frankfurt. Ela vai substituir Jens Bischof, que passa a partir de janeiro \u00a0para o cargo de diretor executivo da SunExpress\u00a0\u2013 empresa conjunta da Lufthansa e da\u00a0Turkish Airlines\u00a0\u2013 a partir de 2017.<\/p>\n<p style=\"text-align:justify\">Com a nova fun\u00e7\u00e3o, Heike Birlenbachser\u00e1, 50, ser\u00e1 \u00a0a \u00a0respons\u00e1vel pelas vendas mundiais de todas as companhias a\u00e9reas do grupo\u00a0\u2013\u00a0Lufthansa,\u00a0Swiss,\u00a0Austrian Airlines\u00a0-, \u00a0e tamb\u00e9m dando apoio \u00e0s vendas da\u00a0Eurowings\u00a0e da\u00a0Brussels Airlines.<\/p>\n<p style=\"text-align:justify\"><a class=\"fancybox-media\" href=\"..\/_uploads\/_noticia\/2016-12\/lufthansatemvicedevendas.jpg\" rel=\"portfolio\"><img decoding=\"async\" alt=\"\" src=\"..\/_uploads\/_noticia\/2016-12\/lufthansatemvicedevendas.jpg\" \/><\/a><\/p>\n<p style=\"text-align:justify\">Ela comandar\u00e1 todas as medidas de vendas B2B em todo o mundo, com clientes corporativos, ag\u00eancias de viagens e operadores de viagens. Tamb\u00e9m sob sua responsabilidade a expans\u00e3o das solu\u00e7\u00f5es de conex\u00e3o direta de parceiros para os sistemas de reserva, al\u00e9m de continuar o desenvolvimento de vendas diretas. Um objetivo adicional do Grupo Lufthansa \u00e9 o estabelecimento de uma organiza\u00e7\u00e3o de vendas global, totalmente integrada<\/p>\n<p style=\"text-align:justify\">Heike\u00a0 ingressou na Lufthansa em 1990 e come\u00e7ou a trabalhar no aeroporto de Frankfurt. \u00a0Estudou turismo e economia, tem Master da McGill University em Montreal, Canad\u00e1. Em 1999, foi para a Ger\u00eancia Geral de Marketing e Suporte de Vendas da Europa, com sede em Londres. Posteriormente, em 2002, foi respons\u00e1vel pela organiza\u00e7\u00e3o da companhia a\u00e9rea nos pa\u00edses do Benelux, com sede em Amesterdam e retornou \u00e0 sede da Lufthansa em Frankfurt em 2006 como Chefe de Gerenciamento de Produtos para o tr\u00e1fego dom\u00e9stico e europeu.<\/p>\n<p style=\"text-align:justify\">Trabalhou tamb\u00e9m na dire\u00e7\u00e3o da Lufthansa na Italia, com sede em Mil\u00e3o. Em 2011, Heike Birlenbach foi para Munique, respons\u00e1vel por 4.500 funcion\u00e1rios de cabine e sua forma\u00e7\u00e3o, bem como a qualidade do servi\u00e7os da empresa. Na sua posi\u00e7\u00e3o atual como Vice-Presidente de Vendas Europa para o Grupo Lufthansa desde 2014, foi respons\u00e1vel pelas vendas e marketing para as companhias a\u00e9reas do Grupo Lufthansa em 42 pa\u00edses, exceto dos mercados dom\u00e9sticos da Alemanha, \u00c1ustria e Su\u00ed\u00e7a<\/p>\n<p style=\"text-align:justify\"><a class=\"fancybox-media\" href=\"..\/_uploads\/_noticia\/2016-12\/lufthansaeikecomcorstenhoffmann.jpg\" rel=\"portfolio\"><img decoding=\"async\" alt=\"\" src=\"..\/_uploads\/_noticia\/2016-12\/lufthansaeikecomcorstenhoffmann.jpg\" \/><\/a><\/p>\n<p style=\"text-align:justify\">Como vice-presidente do importante setor ela vai se reportar diretamente a a Harry Hohmeister, membro do conselho de administra\u00e7\u00e3o da Deutsche Lufthansa AG, respons\u00e1vel pelas companhias a\u00e9reas do grupo Lufthansa.<\/p>\n<p>\u00a0<\/p>\n<p>\u00a0<\/p>\n<p><\/span><\/p>\n","protected":false},"excerpt":{"rendered":"<p>Nomea\u00e7\u00e3o de Heike Birlenbach mostra mais um toque feminino de poder, respons\u00e1vel pelas vendas mundiais de todas as empresas do grupo alem\u00e3o<\/p>\n","protected":false},"author":1,"featured_media":0,"comment_status":"open","ping_status":"open","sticky":false,"template":"","format":"standard","meta":{"footnotes":""},"categories":[],"tags":[],"class_list":["post-3159","post","type-post","status-publish","format-standard","hentry"],"yoast_head":"<!-- This site is optimized with the Yoast SEO plugin v26.2 - https:\/\/yoast.com\/wordpress\/plugins\/seo\/ -->\n<title>GRUPO LUFTHANSA TEM UMA PODEROSA VICE-PRESIDENTE DE VENDAS - Travel3<\/title>\n<meta name=\"description\" content=\"A TRAVEL3 \u00e9 um portal de conte\u00fado voltado para o turismo, encontre destinos, viagens, hospedagem, passagens, guias, not\u00edcias sobre o mercado do turismo, dicas de viagem, v\u00eddeos e podcast.\" \/>\n<meta name=\"robots\" content=\"index, follow, max-snippet:-1, max-image-preview:large, max-video-preview:-1\" \/>\n<link rel=\"canonical\" href=\"https:\/\/www.travel3.com.br\/site\/sem-categoria\/grupo-lufthansa-tem-uma-poderosa-vice-presidente-de-vendas\/\" \/>\n<meta property=\"og:locale\" content=\"pt_BR\" \/>\n<meta property=\"og:type\" content=\"article\" \/>\n<meta property=\"og:title\" content=\"GRUPO LUFTHANSA TEM UMA PODEROSA VICE-PRESIDENTE DE VENDAS - Travel3\" \/>\n<meta property=\"og:description\" content=\"A TRAVEL3 \u00e9 um portal de conte\u00fado voltado para o turismo, encontre destinos, viagens, hospedagem, passagens, guias, not\u00edcias sobre o mercado do turismo, dicas de viagem, v\u00eddeos e podcast.\" \/>\n<meta property=\"og:url\" content=\"https:\/\/www.travel3.com.br\/site\/sem-categoria\/grupo-lufthansa-tem-uma-poderosa-vice-presidente-de-vendas\/\" \/>\n<meta property=\"og:site_name\" content=\"Travel3\" \/>\n<meta property=\"article:publisher\" content=\"https:\/\/www.facebook.com\/travel3media\/\" \/>\n<meta property=\"article:published_time\" content=\"2017-07-31T12:35:55+00:00\" \/>\n<meta property=\"article:modified_time\" content=\"2017-09-12T18:13:11+00:00\" \/>\n<meta name=\"author\" content=\"admin\" \/>\n<meta name=\"twitter:card\" content=\"summary_large_image\" \/>\n<meta name=\"twitter:label1\" content=\"Escrito por\" \/>\n\t<meta name=\"twitter:data1\" content=\"admin\" \/>\n\t<meta name=\"twitter:label2\" content=\"Est. tempo de leitura\" \/>\n\t<meta name=\"twitter:data2\" content=\"2 minutos\" \/>\n<script type=\"application\/ld+json\" class=\"yoast-schema-graph\">{\"@context\":\"https:\/\/schema.org\",\"@graph\":[{\"@type\":\"Article\",\"@id\":\"https:\/\/www.travel3.com.br\/site\/sem-categoria\/grupo-lufthansa-tem-uma-poderosa-vice-presidente-de-vendas\/#article\",\"isPartOf\":{\"@id\":\"https:\/\/www.travel3.com.br\/site\/sem-categoria\/grupo-lufthansa-tem-uma-poderosa-vice-presidente-de-vendas\/\"},\"author\":{\"name\":\"admin\",\"@id\":\"https:\/\/www.travel3.com.br\/site\/#\/schema\/person\/a69d71e41a024999b6ab82369ac0bd1e\"},\"headline\":\"GRUPO LUFTHANSA TEM UMA PODEROSA VICE-PRESIDENTE DE VENDAS\",\"datePublished\":\"2017-07-31T12:35:55+00:00\",\"dateModified\":\"2017-09-12T18:13:11+00:00\",\"mainEntityOfPage\":{\"@id\":\"https:\/\/www.travel3.com.br\/site\/sem-categoria\/grupo-lufthansa-tem-uma-poderosa-vice-presidente-de-vendas\/\"},\"wordCount\":383,\"commentCount\":0,\"publisher\":{\"@id\":\"https:\/\/www.travel3.com.br\/site\/#organization\"},\"inLanguage\":\"pt-BR\",\"potentialAction\":[{\"@type\":\"CommentAction\",\"name\":\"Comment\",\"target\":[\"https:\/\/www.travel3.com.br\/site\/sem-categoria\/grupo-lufthansa-tem-uma-poderosa-vice-presidente-de-vendas\/#respond\"]}]},{\"@type\":\"WebPage\",\"@id\":\"https:\/\/www.travel3.com.br\/site\/sem-categoria\/grupo-lufthansa-tem-uma-poderosa-vice-presidente-de-vendas\/\",\"url\":\"https:\/\/www.travel3.com.br\/site\/sem-categoria\/grupo-lufthansa-tem-uma-poderosa-vice-presidente-de-vendas\/\",\"name\":\"GRUPO LUFTHANSA TEM UMA PODEROSA VICE-PRESIDENTE DE VENDAS - Travel3\",\"isPartOf\":{\"@id\":\"https:\/\/www.travel3.com.br\/site\/#website\"},\"datePublished\":\"2017-07-31T12:35:55+00:00\",\"dateModified\":\"2017-09-12T18:13:11+00:00\",\"description\":\"A TRAVEL3 \u00e9 um portal de conte\u00fado voltado para o turismo, encontre destinos, viagens, hospedagem, passagens, guias, not\u00edcias sobre o mercado do turismo, dicas de viagem, v\u00eddeos e podcast.\",\"breadcrumb\":{\"@id\":\"https:\/\/www.travel3.com.br\/site\/sem-categoria\/grupo-lufthansa-tem-uma-poderosa-vice-presidente-de-vendas\/#breadcrumb\"},\"inLanguage\":\"pt-BR\",\"potentialAction\":[{\"@type\":\"ReadAction\",\"target\":[\"https:\/\/www.travel3.com.br\/site\/sem-categoria\/grupo-lufthansa-tem-uma-poderosa-vice-presidente-de-vendas\/\"]}]},{\"@type\":\"BreadcrumbList\",\"@id\":\"https:\/\/www.travel3.com.br\/site\/sem-categoria\/grupo-lufthansa-tem-uma-poderosa-vice-presidente-de-vendas\/#breadcrumb\",\"itemListElement\":[{\"@type\":\"ListItem\",\"position\":1,\"name\":\"In\u00edcio\",\"item\":\"https:\/\/www.travel3.com.br\/site\/\"},{\"@type\":\"ListItem\",\"position\":2,\"name\":\"GRUPO LUFTHANSA TEM UMA PODEROSA VICE-PRESIDENTE DE VENDAS\"}]},{\"@type\":\"WebSite\",\"@id\":\"https:\/\/www.travel3.com.br\/site\/#website\",\"url\":\"https:\/\/www.travel3.com.br\/site\/\",\"name\":\"Travel3\",\"description\":\"Lazer + Neg&oacute;cios + Aventura\",\"publisher\":{\"@id\":\"https:\/\/www.travel3.com.br\/site\/#organization\"},\"potentialAction\":[{\"@type\":\"SearchAction\",\"target\":{\"@type\":\"EntryPoint\",\"urlTemplate\":\"https:\/\/www.travel3.com.br\/site\/?s={search_term_string}\"},\"query-input\":{\"@type\":\"PropertyValueSpecification\",\"valueRequired\":true,\"valueName\":\"search_term_string\"}}],\"inLanguage\":\"pt-BR\"},{\"@type\":\"Organization\",\"@id\":\"https:\/\/www.travel3.com.br\/site\/#organization\",\"name\":\"Travel3\",\"url\":\"https:\/\/www.travel3.com.br\/site\/\",\"logo\":{\"@type\":\"ImageObject\",\"inLanguage\":\"pt-BR\",\"@id\":\"https:\/\/www.travel3.com.br\/site\/#\/schema\/logo\/image\/\",\"url\":\"https:\/\/www.travel3.com.br\/site\/wp-content\/uploads\/2020\/01\/logo-travel3-2020.png\",\"contentUrl\":\"https:\/\/www.travel3.com.br\/site\/wp-content\/uploads\/2020\/01\/logo-travel3-2020.png\",\"width\":232,\"height\":79,\"caption\":\"Travel3\"},\"image\":{\"@id\":\"https:\/\/www.travel3.com.br\/site\/#\/schema\/logo\/image\/\"},\"sameAs\":[\"https:\/\/www.facebook.com\/travel3media\/\",\"https:\/\/www.instagram.com\/revistatravel3\/\",\"https:\/\/www.youtube.com\/channel\/UCno7J4paGBR3VbZQzvoJ9Eg\"]},{\"@type\":\"Person\",\"@id\":\"https:\/\/www.travel3.com.br\/site\/#\/schema\/person\/a69d71e41a024999b6ab82369ac0bd1e\",\"name\":\"admin\",\"image\":{\"@type\":\"ImageObject\",\"inLanguage\":\"pt-BR\",\"@id\":\"https:\/\/www.travel3.com.br\/site\/#\/schema\/person\/image\/\",\"url\":\"https:\/\/secure.gravatar.com\/avatar\/732a67adfd764da2a47ba10ce731c4c0?s=96&d=mm&r=g\",\"contentUrl\":\"https:\/\/secure.gravatar.com\/avatar\/732a67adfd764da2a47ba10ce731c4c0?s=96&d=mm&r=g\",\"caption\":\"admin\"},\"url\":\"https:\/\/www.travel3.com.br\/site\/author\/admin\/\"}]}<\/script>\n<!-- \/ Yoast SEO plugin. -->","yoast_head_json":{"title":"GRUPO LUFTHANSA TEM UMA PODEROSA VICE-PRESIDENTE DE VENDAS - Travel3","description":"A TRAVEL3 \u00e9 um portal de conte\u00fado voltado para o turismo, encontre destinos, viagens, hospedagem, passagens, guias, not\u00edcias sobre o mercado do turismo, dicas de viagem, v\u00eddeos e podcast.","robots":{"index":"index","follow":"follow","max-snippet":"max-snippet:-1","max-image-preview":"max-image-preview:large","max-video-preview":"max-video-preview:-1"},"canonical":"https:\/\/www.travel3.com.br\/site\/sem-categoria\/grupo-lufthansa-tem-uma-poderosa-vice-presidente-de-vendas\/","og_locale":"pt_BR","og_type":"article","og_title":"GRUPO LUFTHANSA TEM UMA PODEROSA VICE-PRESIDENTE DE VENDAS - Travel3","og_description":"A TRAVEL3 \u00e9 um portal de conte\u00fado voltado para o turismo, encontre destinos, viagens, hospedagem, passagens, guias, not\u00edcias sobre o mercado do turismo, dicas de viagem, v\u00eddeos e podcast.","og_url":"https:\/\/www.travel3.com.br\/site\/sem-categoria\/grupo-lufthansa-tem-uma-poderosa-vice-presidente-de-vendas\/","og_site_name":"Travel3","article_publisher":"https:\/\/www.facebook.com\/travel3media\/","article_published_time":"2017-07-31T12:35:55+00:00","article_modified_time":"2017-09-12T18:13:11+00:00","author":"admin","twitter_card":"summary_large_image","twitter_misc":{"Escrito por":"admin","Est. tempo de leitura":"2 minutos"},"schema":{"@context":"https:\/\/schema.org","@graph":[{"@type":"Article","@id":"https:\/\/www.travel3.com.br\/site\/sem-categoria\/grupo-lufthansa-tem-uma-poderosa-vice-presidente-de-vendas\/#article","isPartOf":{"@id":"https:\/\/www.travel3.com.br\/site\/sem-categoria\/grupo-lufthansa-tem-uma-poderosa-vice-presidente-de-vendas\/"},"author":{"name":"admin","@id":"https:\/\/www.travel3.com.br\/site\/#\/schema\/person\/a69d71e41a024999b6ab82369ac0bd1e"},"headline":"GRUPO LUFTHANSA TEM UMA PODEROSA VICE-PRESIDENTE DE VENDAS","datePublished":"2017-07-31T12:35:55+00:00","dateModified":"2017-09-12T18:13:11+00:00","mainEntityOfPage":{"@id":"https:\/\/www.travel3.com.br\/site\/sem-categoria\/grupo-lufthansa-tem-uma-poderosa-vice-presidente-de-vendas\/"},"wordCount":383,"commentCount":0,"publisher":{"@id":"https:\/\/www.travel3.com.br\/site\/#organization"},"inLanguage":"pt-BR","potentialAction":[{"@type":"CommentAction","name":"Comment","target":["https:\/\/www.travel3.com.br\/site\/sem-categoria\/grupo-lufthansa-tem-uma-poderosa-vice-presidente-de-vendas\/#respond"]}]},{"@type":"WebPage","@id":"https:\/\/www.travel3.com.br\/site\/sem-categoria\/grupo-lufthansa-tem-uma-poderosa-vice-presidente-de-vendas\/","url":"https:\/\/www.travel3.com.br\/site\/sem-categoria\/grupo-lufthansa-tem-uma-poderosa-vice-presidente-de-vendas\/","name":"GRUPO LUFTHANSA TEM UMA PODEROSA VICE-PRESIDENTE DE VENDAS - Travel3","isPartOf":{"@id":"https:\/\/www.travel3.com.br\/site\/#website"},"datePublished":"2017-07-31T12:35:55+00:00","dateModified":"2017-09-12T18:13:11+00:00","description":"A TRAVEL3 \u00e9 um portal de conte\u00fado voltado para o turismo, encontre destinos, viagens, hospedagem, passagens, guias, not\u00edcias sobre o mercado do turismo, dicas de viagem, v\u00eddeos e podcast.","breadcrumb":{"@id":"https:\/\/www.travel3.com.br\/site\/sem-categoria\/grupo-lufthansa-tem-uma-poderosa-vice-presidente-de-vendas\/#breadcrumb"},"inLanguage":"pt-BR","potentialAction":[{"@type":"ReadAction","target":["https:\/\/www.travel3.com.br\/site\/sem-categoria\/grupo-lufthansa-tem-uma-poderosa-vice-presidente-de-vendas\/"]}]},{"@type":"BreadcrumbList","@id":"https:\/\/www.travel3.com.br\/site\/sem-categoria\/grupo-lufthansa-tem-uma-poderosa-vice-presidente-de-vendas\/#breadcrumb","itemListElement":[{"@type":"ListItem","position":1,"name":"In\u00edcio","item":"https:\/\/www.travel3.com.br\/site\/"},{"@type":"ListItem","position":2,"name":"GRUPO LUFTHANSA TEM UMA PODEROSA VICE-PRESIDENTE DE VENDAS"}]},{"@type":"WebSite","@id":"https:\/\/www.travel3.com.br\/site\/#website","url":"https:\/\/www.travel3.com.br\/site\/","name":"Travel3","description":"Lazer + Neg&oacute;cios + Aventura","publisher":{"@id":"https:\/\/www.travel3.com.br\/site\/#organization"},"potentialAction":[{"@type":"SearchAction","target":{"@type":"EntryPoint","urlTemplate":"https:\/\/www.travel3.com.br\/site\/?s={search_term_string}"},"query-input":{"@type":"PropertyValueSpecification","valueRequired":true,"valueName":"search_term_string"}}],"inLanguage":"pt-BR"},{"@type":"Organization","@id":"https:\/\/www.travel3.com.br\/site\/#organization","name":"Travel3","url":"https:\/\/www.travel3.com.br\/site\/","logo":{"@type":"ImageObject","inLanguage":"pt-BR","@id":"https:\/\/www.travel3.com.br\/site\/#\/schema\/logo\/image\/","url":"https:\/\/www.travel3.com.br\/site\/wp-content\/uploads\/2020\/01\/logo-travel3-2020.png","contentUrl":"https:\/\/www.travel3.com.br\/site\/wp-content\/uploads\/2020\/01\/logo-travel3-2020.png","width":232,"height":79,"caption":"Travel3"},"image":{"@id":"https:\/\/www.travel3.com.br\/site\/#\/schema\/logo\/image\/"},"sameAs":["https:\/\/www.facebook.com\/travel3media\/","https:\/\/www.instagram.com\/revistatravel3\/","https:\/\/www.youtube.com\/channel\/UCno7J4paGBR3VbZQzvoJ9Eg"]},{"@type":"Person","@id":"https:\/\/www.travel3.com.br\/site\/#\/schema\/person\/a69d71e41a024999b6ab82369ac0bd1e","name":"admin","image":{"@type":"ImageObject","inLanguage":"pt-BR","@id":"https:\/\/www.travel3.com.br\/site\/#\/schema\/person\/image\/","url":"https:\/\/secure.gravatar.com\/avatar\/732a67adfd764da2a47ba10ce731c4c0?s=96&d=mm&r=g","contentUrl":"https:\/\/secure.gravatar.com\/avatar\/732a67adfd764da2a47ba10ce731c4c0?s=96&d=mm&r=g","caption":"admin"},"url":"https:\/\/www.travel3.com.br\/site\/author\/admin\/"}]}},"_links":{"self":[{"href":"https:\/\/www.travel3.com.br\/site\/wp-json\/wp\/v2\/posts\/3159","targetHints":{"allow":["GET"]}}],"collection":[{"href":"https:\/\/www.travel3.com.br\/site\/wp-json\/wp\/v2\/posts"}],"about":[{"href":"https:\/\/www.travel3.com.br\/site\/wp-json\/wp\/v2\/types\/post"}],"author":[{"embeddable":true,"href":"https:\/\/www.travel3.com.br\/site\/wp-json\/wp\/v2\/users\/1"}],"replies":[{"embeddable":true,"href":"https:\/\/www.travel3.com.br\/site\/wp-json\/wp\/v2\/comments?post=3159"}],"version-history":[{"count":1,"href":"https:\/\/www.travel3.com.br\/site\/wp-json\/wp\/v2\/posts\/3159\/revisions"}],"predecessor-version":[{"id":3956,"href":"https:\/\/www.travel3.com.br\/site\/wp-json\/wp\/v2\/posts\/3159\/revisions\/3956"}],"wp:attachment":[{"href":"https:\/\/www.travel3.com.br\/site\/wp-json\/wp\/v2\/media?parent=3159"}],"wp:term":[{"taxonomy":"category","embeddable":true,"href":"https:\/\/www.travel3.com.br\/site\/wp-json\/wp\/v2\/categories?post=3159"},{"taxonomy":"post_tag","embeddable":true,"href":"https:\/\/www.travel3.com.br\/site\/wp-json\/wp\/v2\/tags?post=3159"}],"curies":[{"name":"wp","href":"https:\/\/api.w.org\/{rel}","templated":true}]}}