{"id":3155,"date":"2017-09-05T15:17:07","date_gmt":"2017-09-05T15:17:07","guid":{"rendered":"http:\/\/www.travel3.com.br\/site\/ir-e-vir\/ar\/grande-hotel-de-araxa-em-novo-projeto-de-revitalizacao\/"},"modified":"2017-09-12T18:13:07","modified_gmt":"2017-09-12T18:13:07","slug":"grande-hotel-de-araxa-em-novo-projeto-de-revitalizacao","status":"publish","type":"post","link":"https:\/\/www.travel3.com.br\/site\/sem-categoria\/grande-hotel-de-araxa-em-novo-projeto-de-revitalizacao\/","title":{"rendered":"GRANDE HOTEL DE ARAX\u00c1 EM NOVO PROJETO DE REVITALIZA\u00c7\u00c3O"},"content":{"rendered":"<p><span style=\"color: #40acad; font-family: -apple-system, system-ui, 'Segoe UI', Roboto, Oxygen-Sans, Ubuntu, Cantarell, 'Helvetica Neue', sans-serif; font-size: 12px; font-weight: bold;\"><\/p>\n<p style=\"text-align:justify\">Hospedar-se no Grande Hotel de Arax\u00e1 \u00e9 dar um mergulho na hist\u00f3ria de Minas Gerais e do Brasil. Visitar as termas famosas \u00e9 um presente ben\u00e9fico para a sa\u00fade.\u00a0 O conjunto arquitet\u00f4nico, como maior castelo do Pais, \u00e9 um dos \u00edcones hist\u00f3ricos.\u00a0 Projetado para operar como Cassino na d\u00e9cada de 40, quando foi inaugurado, foi inspirado nas grandes constru\u00e7\u00f5es europeias.<\/p>\n<p style=\"text-align:justify\"><a class=\"fancybox-media\" href=\"..\/_uploads\/_noticia\/2016-12\/araxagrandehotellagopasseio.jpg\" rel=\"portfolio\"><img decoding=\"async\" alt=\"\" src=\"..\/_uploads\/_noticia\/2016-12\/araxagrandehotellagopasseio.jpg\" \/><\/a><\/p>\n<p style=\"text-align:justify\">Aos 72 anos de exist\u00eancia e sob a bandeira da rede mineira Tau\u00e1, o Grande Hotel &#038; Termas Arax\u00e1 depois de in\u00fameras mudan\u00e7as e processos administrativos, promete se tornar ainda mais glamoroso.<\/p>\n<p style=\"text-align:justify\">\u201cQueremos impactar os h\u00f3spedes, acionando todos os sentidos assim que entrarem na recep\u00e7\u00e3o\u201d,\u00a0 antecipa Alexandre Cardoso, novo gerente geral do empreendimento. \u201cRepaginamos o lobby, adotamos uma assinatura olfativa elegante e inesquec\u00edvel, de verbena, com notas c\u00edtricas e amadeiradas, e inserimos a m\u00fasica cl\u00e1ssica na recep\u00e7\u00e3o aos h\u00f3spedes\u201d, revela. Teremos um novo Kids Clube e iremos colocar 100% dos espa\u00e7os e as salas das Termas em opera\u00e7\u00e3o, abrindo a segunda sauna, duas salas de banho e uma \u00e1rea de massagem que estavam fechadas\u201d, completa o gerente.<\/p>\n<p style=\"text-align:justify\">A piscina emanat\u00f3ria e as \u00e1reas de banho ganhar\u00e3o pintura nova, acompanhando a cor do projeto original &#8211; o Grande Hotel \u00e9 um patrim\u00f4nio tombado.<\/p>\n<p style=\"text-align:justify\"><a class=\"fancybox-media\" href=\"..\/_uploads\/_noticia\/2016-12\/araxagdehotelmandala.jpg\" rel=\"portfolio\"><img decoding=\"async\" alt=\"\" src=\"..\/_uploads\/_noticia\/2016-12\/araxagdehotelmandala.jpg\" \/><\/a><\/p>\n<p style=\"text-align:justify\">Para o lobby das Termas, aonde se encontra a grande Mandala, nova mob\u00edlia est\u00e1 sendo adquirida. Os quartos ser\u00e3o repaginados, com novas cortinas, almofadas, , itens de decora\u00e7\u00e3o e enxovais de cama e banho, o que proporcionar\u00e1 um ambiente mais leve, bonito e aconchegante.<\/p>\n<p style=\"text-align:justify\"><a class=\"fancybox-media\" href=\"..\/_uploads\/_noticia\/2016-12\/araxagrandehotel.jpg\" rel=\"portfolio\"><img decoding=\"async\" alt=\"\" src=\"..\/_uploads\/_noticia\/2016-12\/araxagrandehotel.jpg\" \/><\/a><\/p>\n<p style=\"text-align:justify\"><strong>A expectativa \u00e9 que os h\u00f3spedes para o Natal e o Ano-Novo j\u00e1 possam usufruir de algumas das mudan\u00e7as<\/strong><\/p>\n<p style=\"text-align:justify\">\u201cNos inspiramos no Copacabana Palace, um dos \u00edcones da hotelaria cl\u00e1ssica no Brasil e no mundo\u201d, afirma Cardoso. \u201cPara assinar toda essa transforma\u00e7\u00e3o e consolidar nosso posicionamento, estamos desenvolvendo, ainda, um bras\u00e3o para o Tau\u00e1 Grande Hotel &#038; Termas Arax\u00e1\u201d, revela o executivo.\u00a0\u00a0<\/p>\n<p style=\"text-align:justify\">Nestes 30 anos, a Rede mineira cresceu e tamb\u00e9m est\u00e1 presente em Atibaia (SP), desde 2008, com o Tau\u00e1 Hotel &#038; Convention Atibaia, o qual possui o maior centro de eventos dentro de um hotel, no pa\u00eds.<\/p>\n<p style=\"text-align:justify\">Em 2010, o Tau\u00e1 assumiu a opera\u00e7\u00e3o do Grande Hotel &#038; Termas Arax\u00e1 que conta com 973 apartamentos, e imensas \u00e1reas esportivas e de lazer, como quadras poliesportivas, quadras de t\u00eanis, sal\u00f5es de jogos, cinemas, piscinas climatizadas, academias, kids clube, quadras, trilhas e\u00a0wellness. A gastronomia tamb\u00e9m \u00e9 um diferencial reconhecido com destaque para a cozinha mineira.<\/p>\n<p style=\"text-align:justify\">Em 2017, a rede Tau\u00e1 iniciar\u00e1 a constru\u00e7\u00e3o de seu terceiro empreendimento, este na regi\u00e3o de Bras\u00edlia, com inaugura\u00e7\u00e3o prevista para 2019.<\/p>\n<p style=\"text-align:justify\">\u00a0www.taua.com.br.<\/p>\n<p>\u00a0<\/p>\n<p>\u00a0<\/p>\n<p>\u00a0<\/p>\n<p>\u00a0<\/p>\n<p>\u00a0<\/p>\n<p>\u00a0<\/p>\n<p>\u00a0<\/p>\n<p><\/span><\/p>\n","protected":false},"excerpt":{"rendered":"<p>Rede Tau\u00e1 investe no glamour do Hotel &#038; Termas  com nova roupagem para o primeiro semestre de 2017<\/p>\n","protected":false},"author":1,"featured_media":0,"comment_status":"open","ping_status":"open","sticky":false,"template":"","format":"standard","meta":{"footnotes":""},"categories":[],"tags":[],"class_list":["post-3155","post","type-post","status-publish","format-standard","hentry"],"yoast_head":"<!-- This site is optimized with the Yoast SEO plugin v26.2 - https:\/\/yoast.com\/wordpress\/plugins\/seo\/ -->\n<title>GRANDE HOTEL DE ARAX\u00c1 EM NOVO PROJETO DE REVITALIZA\u00c7\u00c3O - Travel3<\/title>\n<meta name=\"description\" content=\"A TRAVEL3 \u00e9 um portal de conte\u00fado voltado para o turismo, encontre destinos, viagens, hospedagem, passagens, guias, not\u00edcias sobre o mercado do turismo, dicas de viagem, v\u00eddeos e podcast.\" \/>\n<meta name=\"robots\" content=\"index, follow, max-snippet:-1, max-image-preview:large, max-video-preview:-1\" \/>\n<link rel=\"canonical\" href=\"https:\/\/www.travel3.com.br\/site\/sem-categoria\/grande-hotel-de-araxa-em-novo-projeto-de-revitalizacao\/\" \/>\n<meta property=\"og:locale\" content=\"pt_BR\" \/>\n<meta property=\"og:type\" content=\"article\" \/>\n<meta property=\"og:title\" content=\"GRANDE HOTEL DE ARAX\u00c1 EM NOVO PROJETO DE REVITALIZA\u00c7\u00c3O - Travel3\" \/>\n<meta property=\"og:description\" content=\"A TRAVEL3 \u00e9 um portal de conte\u00fado voltado para o turismo, encontre destinos, viagens, hospedagem, passagens, guias, not\u00edcias sobre o mercado do turismo, dicas de viagem, v\u00eddeos e podcast.\" \/>\n<meta property=\"og:url\" content=\"https:\/\/www.travel3.com.br\/site\/sem-categoria\/grande-hotel-de-araxa-em-novo-projeto-de-revitalizacao\/\" \/>\n<meta property=\"og:site_name\" content=\"Travel3\" \/>\n<meta property=\"article:publisher\" content=\"https:\/\/www.facebook.com\/travel3media\/\" \/>\n<meta property=\"article:published_time\" content=\"2017-09-05T15:17:07+00:00\" \/>\n<meta property=\"article:modified_time\" content=\"2017-09-12T18:13:07+00:00\" \/>\n<meta name=\"author\" content=\"admin\" \/>\n<meta name=\"twitter:card\" content=\"summary_large_image\" \/>\n<meta name=\"twitter:label1\" content=\"Escrito por\" \/>\n\t<meta name=\"twitter:data1\" content=\"admin\" \/>\n\t<meta name=\"twitter:label2\" content=\"Est. tempo de leitura\" \/>\n\t<meta name=\"twitter:data2\" content=\"2 minutos\" \/>\n<script type=\"application\/ld+json\" class=\"yoast-schema-graph\">{\"@context\":\"https:\/\/schema.org\",\"@graph\":[{\"@type\":\"Article\",\"@id\":\"https:\/\/www.travel3.com.br\/site\/sem-categoria\/grande-hotel-de-araxa-em-novo-projeto-de-revitalizacao\/#article\",\"isPartOf\":{\"@id\":\"https:\/\/www.travel3.com.br\/site\/sem-categoria\/grande-hotel-de-araxa-em-novo-projeto-de-revitalizacao\/\"},\"author\":{\"name\":\"admin\",\"@id\":\"https:\/\/www.travel3.com.br\/site\/#\/schema\/person\/a69d71e41a024999b6ab82369ac0bd1e\"},\"headline\":\"GRANDE HOTEL DE ARAX\u00c1 EM NOVO PROJETO DE REVITALIZA\u00c7\u00c3O\",\"datePublished\":\"2017-09-05T15:17:07+00:00\",\"dateModified\":\"2017-09-12T18:13:07+00:00\",\"mainEntityOfPage\":{\"@id\":\"https:\/\/www.travel3.com.br\/site\/sem-categoria\/grande-hotel-de-araxa-em-novo-projeto-de-revitalizacao\/\"},\"wordCount\":459,\"commentCount\":0,\"publisher\":{\"@id\":\"https:\/\/www.travel3.com.br\/site\/#organization\"},\"inLanguage\":\"pt-BR\",\"potentialAction\":[{\"@type\":\"CommentAction\",\"name\":\"Comment\",\"target\":[\"https:\/\/www.travel3.com.br\/site\/sem-categoria\/grande-hotel-de-araxa-em-novo-projeto-de-revitalizacao\/#respond\"]}]},{\"@type\":\"WebPage\",\"@id\":\"https:\/\/www.travel3.com.br\/site\/sem-categoria\/grande-hotel-de-araxa-em-novo-projeto-de-revitalizacao\/\",\"url\":\"https:\/\/www.travel3.com.br\/site\/sem-categoria\/grande-hotel-de-araxa-em-novo-projeto-de-revitalizacao\/\",\"name\":\"GRANDE HOTEL DE ARAX\u00c1 EM NOVO PROJETO DE REVITALIZA\u00c7\u00c3O - Travel3\",\"isPartOf\":{\"@id\":\"https:\/\/www.travel3.com.br\/site\/#website\"},\"datePublished\":\"2017-09-05T15:17:07+00:00\",\"dateModified\":\"2017-09-12T18:13:07+00:00\",\"description\":\"A TRAVEL3 \u00e9 um portal de conte\u00fado voltado para o turismo, encontre destinos, viagens, hospedagem, passagens, guias, not\u00edcias sobre o mercado do turismo, dicas de viagem, v\u00eddeos e podcast.\",\"breadcrumb\":{\"@id\":\"https:\/\/www.travel3.com.br\/site\/sem-categoria\/grande-hotel-de-araxa-em-novo-projeto-de-revitalizacao\/#breadcrumb\"},\"inLanguage\":\"pt-BR\",\"potentialAction\":[{\"@type\":\"ReadAction\",\"target\":[\"https:\/\/www.travel3.com.br\/site\/sem-categoria\/grande-hotel-de-araxa-em-novo-projeto-de-revitalizacao\/\"]}]},{\"@type\":\"BreadcrumbList\",\"@id\":\"https:\/\/www.travel3.com.br\/site\/sem-categoria\/grande-hotel-de-araxa-em-novo-projeto-de-revitalizacao\/#breadcrumb\",\"itemListElement\":[{\"@type\":\"ListItem\",\"position\":1,\"name\":\"In\u00edcio\",\"item\":\"https:\/\/www.travel3.com.br\/site\/\"},{\"@type\":\"ListItem\",\"position\":2,\"name\":\"GRANDE HOTEL DE ARAX\u00c1 EM NOVO PROJETO DE REVITALIZA\u00c7\u00c3O\"}]},{\"@type\":\"WebSite\",\"@id\":\"https:\/\/www.travel3.com.br\/site\/#website\",\"url\":\"https:\/\/www.travel3.com.br\/site\/\",\"name\":\"Travel3\",\"description\":\"Lazer + Neg&oacute;cios + Aventura\",\"publisher\":{\"@id\":\"https:\/\/www.travel3.com.br\/site\/#organization\"},\"potentialAction\":[{\"@type\":\"SearchAction\",\"target\":{\"@type\":\"EntryPoint\",\"urlTemplate\":\"https:\/\/www.travel3.com.br\/site\/?s={search_term_string}\"},\"query-input\":{\"@type\":\"PropertyValueSpecification\",\"valueRequired\":true,\"valueName\":\"search_term_string\"}}],\"inLanguage\":\"pt-BR\"},{\"@type\":\"Organization\",\"@id\":\"https:\/\/www.travel3.com.br\/site\/#organization\",\"name\":\"Travel3\",\"url\":\"https:\/\/www.travel3.com.br\/site\/\",\"logo\":{\"@type\":\"ImageObject\",\"inLanguage\":\"pt-BR\",\"@id\":\"https:\/\/www.travel3.com.br\/site\/#\/schema\/logo\/image\/\",\"url\":\"https:\/\/www.travel3.com.br\/site\/wp-content\/uploads\/2020\/01\/logo-travel3-2020.png\",\"contentUrl\":\"https:\/\/www.travel3.com.br\/site\/wp-content\/uploads\/2020\/01\/logo-travel3-2020.png\",\"width\":232,\"height\":79,\"caption\":\"Travel3\"},\"image\":{\"@id\":\"https:\/\/www.travel3.com.br\/site\/#\/schema\/logo\/image\/\"},\"sameAs\":[\"https:\/\/www.facebook.com\/travel3media\/\",\"https:\/\/www.instagram.com\/revistatravel3\/\",\"https:\/\/www.youtube.com\/channel\/UCno7J4paGBR3VbZQzvoJ9Eg\"]},{\"@type\":\"Person\",\"@id\":\"https:\/\/www.travel3.com.br\/site\/#\/schema\/person\/a69d71e41a024999b6ab82369ac0bd1e\",\"name\":\"admin\",\"image\":{\"@type\":\"ImageObject\",\"inLanguage\":\"pt-BR\",\"@id\":\"https:\/\/www.travel3.com.br\/site\/#\/schema\/person\/image\/\",\"url\":\"https:\/\/secure.gravatar.com\/avatar\/732a67adfd764da2a47ba10ce731c4c0?s=96&d=mm&r=g\",\"contentUrl\":\"https:\/\/secure.gravatar.com\/avatar\/732a67adfd764da2a47ba10ce731c4c0?s=96&d=mm&r=g\",\"caption\":\"admin\"},\"url\":\"https:\/\/www.travel3.com.br\/site\/author\/admin\/\"}]}<\/script>\n<!-- \/ Yoast SEO plugin. -->","yoast_head_json":{"title":"GRANDE HOTEL DE ARAX\u00c1 EM NOVO PROJETO DE REVITALIZA\u00c7\u00c3O - Travel3","description":"A TRAVEL3 \u00e9 um portal de conte\u00fado voltado para o turismo, encontre destinos, viagens, hospedagem, passagens, guias, not\u00edcias sobre o mercado do turismo, dicas de viagem, v\u00eddeos e podcast.","robots":{"index":"index","follow":"follow","max-snippet":"max-snippet:-1","max-image-preview":"max-image-preview:large","max-video-preview":"max-video-preview:-1"},"canonical":"https:\/\/www.travel3.com.br\/site\/sem-categoria\/grande-hotel-de-araxa-em-novo-projeto-de-revitalizacao\/","og_locale":"pt_BR","og_type":"article","og_title":"GRANDE HOTEL DE ARAX\u00c1 EM NOVO PROJETO DE REVITALIZA\u00c7\u00c3O - Travel3","og_description":"A TRAVEL3 \u00e9 um portal de conte\u00fado voltado para o turismo, encontre destinos, viagens, hospedagem, passagens, guias, not\u00edcias sobre o mercado do turismo, dicas de viagem, v\u00eddeos e podcast.","og_url":"https:\/\/www.travel3.com.br\/site\/sem-categoria\/grande-hotel-de-araxa-em-novo-projeto-de-revitalizacao\/","og_site_name":"Travel3","article_publisher":"https:\/\/www.facebook.com\/travel3media\/","article_published_time":"2017-09-05T15:17:07+00:00","article_modified_time":"2017-09-12T18:13:07+00:00","author":"admin","twitter_card":"summary_large_image","twitter_misc":{"Escrito por":"admin","Est. tempo de leitura":"2 minutos"},"schema":{"@context":"https:\/\/schema.org","@graph":[{"@type":"Article","@id":"https:\/\/www.travel3.com.br\/site\/sem-categoria\/grande-hotel-de-araxa-em-novo-projeto-de-revitalizacao\/#article","isPartOf":{"@id":"https:\/\/www.travel3.com.br\/site\/sem-categoria\/grande-hotel-de-araxa-em-novo-projeto-de-revitalizacao\/"},"author":{"name":"admin","@id":"https:\/\/www.travel3.com.br\/site\/#\/schema\/person\/a69d71e41a024999b6ab82369ac0bd1e"},"headline":"GRANDE HOTEL DE ARAX\u00c1 EM NOVO PROJETO DE REVITALIZA\u00c7\u00c3O","datePublished":"2017-09-05T15:17:07+00:00","dateModified":"2017-09-12T18:13:07+00:00","mainEntityOfPage":{"@id":"https:\/\/www.travel3.com.br\/site\/sem-categoria\/grande-hotel-de-araxa-em-novo-projeto-de-revitalizacao\/"},"wordCount":459,"commentCount":0,"publisher":{"@id":"https:\/\/www.travel3.com.br\/site\/#organization"},"inLanguage":"pt-BR","potentialAction":[{"@type":"CommentAction","name":"Comment","target":["https:\/\/www.travel3.com.br\/site\/sem-categoria\/grande-hotel-de-araxa-em-novo-projeto-de-revitalizacao\/#respond"]}]},{"@type":"WebPage","@id":"https:\/\/www.travel3.com.br\/site\/sem-categoria\/grande-hotel-de-araxa-em-novo-projeto-de-revitalizacao\/","url":"https:\/\/www.travel3.com.br\/site\/sem-categoria\/grande-hotel-de-araxa-em-novo-projeto-de-revitalizacao\/","name":"GRANDE HOTEL DE ARAX\u00c1 EM NOVO PROJETO DE REVITALIZA\u00c7\u00c3O - Travel3","isPartOf":{"@id":"https:\/\/www.travel3.com.br\/site\/#website"},"datePublished":"2017-09-05T15:17:07+00:00","dateModified":"2017-09-12T18:13:07+00:00","description":"A TRAVEL3 \u00e9 um portal de conte\u00fado voltado para o turismo, encontre destinos, viagens, hospedagem, passagens, guias, not\u00edcias sobre o mercado do turismo, dicas de viagem, v\u00eddeos e podcast.","breadcrumb":{"@id":"https:\/\/www.travel3.com.br\/site\/sem-categoria\/grande-hotel-de-araxa-em-novo-projeto-de-revitalizacao\/#breadcrumb"},"inLanguage":"pt-BR","potentialAction":[{"@type":"ReadAction","target":["https:\/\/www.travel3.com.br\/site\/sem-categoria\/grande-hotel-de-araxa-em-novo-projeto-de-revitalizacao\/"]}]},{"@type":"BreadcrumbList","@id":"https:\/\/www.travel3.com.br\/site\/sem-categoria\/grande-hotel-de-araxa-em-novo-projeto-de-revitalizacao\/#breadcrumb","itemListElement":[{"@type":"ListItem","position":1,"name":"In\u00edcio","item":"https:\/\/www.travel3.com.br\/site\/"},{"@type":"ListItem","position":2,"name":"GRANDE HOTEL DE ARAX\u00c1 EM NOVO PROJETO DE REVITALIZA\u00c7\u00c3O"}]},{"@type":"WebSite","@id":"https:\/\/www.travel3.com.br\/site\/#website","url":"https:\/\/www.travel3.com.br\/site\/","name":"Travel3","description":"Lazer + Neg&oacute;cios + Aventura","publisher":{"@id":"https:\/\/www.travel3.com.br\/site\/#organization"},"potentialAction":[{"@type":"SearchAction","target":{"@type":"EntryPoint","urlTemplate":"https:\/\/www.travel3.com.br\/site\/?s={search_term_string}"},"query-input":{"@type":"PropertyValueSpecification","valueRequired":true,"valueName":"search_term_string"}}],"inLanguage":"pt-BR"},{"@type":"Organization","@id":"https:\/\/www.travel3.com.br\/site\/#organization","name":"Travel3","url":"https:\/\/www.travel3.com.br\/site\/","logo":{"@type":"ImageObject","inLanguage":"pt-BR","@id":"https:\/\/www.travel3.com.br\/site\/#\/schema\/logo\/image\/","url":"https:\/\/www.travel3.com.br\/site\/wp-content\/uploads\/2020\/01\/logo-travel3-2020.png","contentUrl":"https:\/\/www.travel3.com.br\/site\/wp-content\/uploads\/2020\/01\/logo-travel3-2020.png","width":232,"height":79,"caption":"Travel3"},"image":{"@id":"https:\/\/www.travel3.com.br\/site\/#\/schema\/logo\/image\/"},"sameAs":["https:\/\/www.facebook.com\/travel3media\/","https:\/\/www.instagram.com\/revistatravel3\/","https:\/\/www.youtube.com\/channel\/UCno7J4paGBR3VbZQzvoJ9Eg"]},{"@type":"Person","@id":"https:\/\/www.travel3.com.br\/site\/#\/schema\/person\/a69d71e41a024999b6ab82369ac0bd1e","name":"admin","image":{"@type":"ImageObject","inLanguage":"pt-BR","@id":"https:\/\/www.travel3.com.br\/site\/#\/schema\/person\/image\/","url":"https:\/\/secure.gravatar.com\/avatar\/732a67adfd764da2a47ba10ce731c4c0?s=96&d=mm&r=g","contentUrl":"https:\/\/secure.gravatar.com\/avatar\/732a67adfd764da2a47ba10ce731c4c0?s=96&d=mm&r=g","caption":"admin"},"url":"https:\/\/www.travel3.com.br\/site\/author\/admin\/"}]}},"_links":{"self":[{"href":"https:\/\/www.travel3.com.br\/site\/wp-json\/wp\/v2\/posts\/3155","targetHints":{"allow":["GET"]}}],"collection":[{"href":"https:\/\/www.travel3.com.br\/site\/wp-json\/wp\/v2\/posts"}],"about":[{"href":"https:\/\/www.travel3.com.br\/site\/wp-json\/wp\/v2\/types\/post"}],"author":[{"embeddable":true,"href":"https:\/\/www.travel3.com.br\/site\/wp-json\/wp\/v2\/users\/1"}],"replies":[{"embeddable":true,"href":"https:\/\/www.travel3.com.br\/site\/wp-json\/wp\/v2\/comments?post=3155"}],"version-history":[{"count":1,"href":"https:\/\/www.travel3.com.br\/site\/wp-json\/wp\/v2\/posts\/3155\/revisions"}],"predecessor-version":[{"id":3952,"href":"https:\/\/www.travel3.com.br\/site\/wp-json\/wp\/v2\/posts\/3155\/revisions\/3952"}],"wp:attachment":[{"href":"https:\/\/www.travel3.com.br\/site\/wp-json\/wp\/v2\/media?parent=3155"}],"wp:term":[{"taxonomy":"category","embeddable":true,"href":"https:\/\/www.travel3.com.br\/site\/wp-json\/wp\/v2\/categories?post=3155"},{"taxonomy":"post_tag","embeddable":true,"href":"https:\/\/www.travel3.com.br\/site\/wp-json\/wp\/v2\/tags?post=3155"}],"curies":[{"name":"wp","href":"https:\/\/api.w.org\/{rel}","templated":true}]}}