{"id":3153,"date":"2017-08-18T02:40:48","date_gmt":"2017-08-18T02:40:48","guid":{"rendered":"http:\/\/www.travel3.com.br\/site\/ir-e-vir\/ar\/omt-com-mais-dois-eventos-na-espanha-dentro-do-calendario-2017\/"},"modified":"2017-09-12T18:13:03","modified_gmt":"2017-09-12T18:13:03","slug":"omt-com-mais-dois-eventos-na-espanha-dentro-do-calendario-2017","status":"publish","type":"post","link":"https:\/\/www.travel3.com.br\/site\/sem-categoria\/omt-com-mais-dois-eventos-na-espanha-dentro-do-calendario-2017\/","title":{"rendered":"OMT COM MAIS DOIS EVENTOS NA ESPANHA DENTRO DO CALEND\u00c1RIO 2017"},"content":{"rendered":"<p><span style=\"color: #40acad; font-family: -apple-system, system-ui, 'Segoe UI', Roboto, Oxygen-Sans, Ubuntu, Cantarell, 'Helvetica Neue', sans-serif; font-size: 12px; font-weight: bold;\"><\/p>\n<p style=\"text-align:justify\">A Organiza\u00e7\u00e3o Mundial do Turismo confirma a realiza\u00e7\u00e3o entre 15 e 17 de fevereiro na localidade de M\u00farcia, do F\u00f3rum Internacional sobre Destinos Inteligentes do Turismo. O evento ser\u00e1 um f\u00f3rum mundial de quest\u00f5es tur\u00edsticas relacionadas a destinos e desenvolvimento.<\/p>\n<p style=\"text-align:justify\">Em maio ser\u00e1 a vez do terceiro F\u00f3rum Mundial sobre Turismo Gastron\u00f4mico. O evento ser\u00e1 em Donostia-San Sebastian, nos dias 8 e 9. A realiza\u00e7\u00e3o do evento \u00e9 da pr\u00f3pria organiza\u00e7\u00e3o em colabora\u00e7\u00e3o com membros afiliados,como \u00a0o Basque Culinary Center.<\/p>\n<p style=\"text-align:justify\">Esta terceira edi\u00e7\u00e3o estar\u00e1 dedicada aos v\u00ednculos entre o turismo gastron\u00f4mico e a sustentabilidade, dentro das comemora\u00e7\u00f5es na programa\u00e7\u00e3o 2017 do Ano Internacional \u00a0para o Desenvolvimento do Turismo Sustent\u00e1vel.<\/p>\n<p style=\"text-align:justify\">\u201cA rela\u00e7\u00e3o entre a comida e a cultura converteu-se em um motivo principal e especial para viajar, e tamb\u00e9m \u00e9 um grande catalizador do turismo sustent\u00e1vel, com a gastronomia trazendo o mais aut\u00eantico de cada destino\u201d, como afirmou Taleb Rifai, secret\u00e1rio geral da OMT, durante a apresenta\u00e7\u00e3o\u00a0 do evento feita na sede da entidade.<\/p>\n<p style=\"text-align:justify\">O F\u00f3rum retorna ao local onde teve a sua primeira edi\u00e7\u00e3o e deve retornar a cada dois anos. A segunda, foi uma incurs\u00e3o \u00e0 Am\u00e9rica Latina, sendo realizado em Lima (Peru), neste ano.<\/p>\n<p style=\"text-align:justify\"><a class=\"fancybox-media\" href=\"..\/_uploads\/_noticia\/2016-12\/gastronomiafotoilustrativa.jpg\" rel=\"portfolio\"><img decoding=\"async\" alt=\"\" src=\"..\/_uploads\/_noticia\/2016-12\/gastronomiafotoilustrativa.jpg\" \/><\/a><\/p>\n<p style=\"text-align:justify\">Na Espanha, o turismo gastron\u00f4mico tem um potencial extraordin\u00e1rio e constitue um produto priorit\u00e1rio na estrat\u00e9gia de promo\u00e7\u00e3o das atividades tur\u00edsticas, com crescente peso na demanda \u2013 \u00a08,4 milh\u00f5es de turistas internacionais, 12,3% dos visitantes realizaram atividades gastron\u00f4micas no ano passado, especialmente no interior do pais, destacou a Secretaria de Turismo de Espa\u00f1a, Matilde Pastora Asian Gonz\u00e1lez.<\/p>\n<p style=\"text-align:justify\">Por ocasi\u00e3o do F\u00f3rum, a OMT publicar\u00e1 o segundo volume do \u00a0Global Report on Gastronomy Tourism (Informe global sobre turismo gastron\u00f3mico). \u00a0Que analisar\u00e1 as tend\u00eancias do campo \u00e0 mesa, as tendencias do turismo gastron\u00f3mico e as metodolog\u00edas utilizadas no desenvolvimento do produto como segmento tur\u00edstico.<\/p>\n<p>\u00a0<\/p>\n<p><\/span><\/p>\n","protected":false},"excerpt":{"rendered":"<p>Al\u00e9m da intensa participa\u00e7\u00e3o na Fitur, a organiza\u00e7\u00e3o mundial ter\u00e1 f\u00f3runs sobre Destinos Inteligentes e  Turismo Gastron\u00f4mico. Confira datas e locais<\/p>\n","protected":false},"author":1,"featured_media":0,"comment_status":"open","ping_status":"open","sticky":false,"template":"","format":"standard","meta":{"footnotes":""},"categories":[],"tags":[],"class_list":["post-3153","post","type-post","status-publish","format-standard","hentry"],"yoast_head":"<!-- This site is optimized with the Yoast SEO plugin v26.2 - https:\/\/yoast.com\/wordpress\/plugins\/seo\/ -->\n<title>OMT COM MAIS DOIS EVENTOS NA ESPANHA DENTRO DO CALEND\u00c1RIO 2017 - Travel3<\/title>\n<meta name=\"description\" content=\"A TRAVEL3 \u00e9 um portal de conte\u00fado voltado para o turismo, encontre destinos, viagens, hospedagem, passagens, guias, not\u00edcias sobre o mercado do turismo, dicas de viagem, v\u00eddeos e podcast.\" \/>\n<meta name=\"robots\" content=\"index, follow, max-snippet:-1, max-image-preview:large, max-video-preview:-1\" \/>\n<link rel=\"canonical\" href=\"https:\/\/www.travel3.com.br\/site\/sem-categoria\/omt-com-mais-dois-eventos-na-espanha-dentro-do-calendario-2017\/\" \/>\n<meta property=\"og:locale\" content=\"pt_BR\" \/>\n<meta property=\"og:type\" content=\"article\" \/>\n<meta property=\"og:title\" content=\"OMT COM MAIS DOIS EVENTOS NA ESPANHA DENTRO DO CALEND\u00c1RIO 2017 - Travel3\" \/>\n<meta property=\"og:description\" content=\"A TRAVEL3 \u00e9 um portal de conte\u00fado voltado para o turismo, encontre destinos, viagens, hospedagem, passagens, guias, not\u00edcias sobre o mercado do turismo, dicas de viagem, v\u00eddeos e podcast.\" \/>\n<meta property=\"og:url\" content=\"https:\/\/www.travel3.com.br\/site\/sem-categoria\/omt-com-mais-dois-eventos-na-espanha-dentro-do-calendario-2017\/\" \/>\n<meta property=\"og:site_name\" content=\"Travel3\" \/>\n<meta property=\"article:publisher\" content=\"https:\/\/www.facebook.com\/travel3media\/\" \/>\n<meta property=\"article:published_time\" content=\"2017-08-18T02:40:48+00:00\" \/>\n<meta property=\"article:modified_time\" content=\"2017-09-12T18:13:03+00:00\" \/>\n<meta name=\"author\" content=\"admin\" \/>\n<meta name=\"twitter:card\" content=\"summary_large_image\" \/>\n<meta name=\"twitter:label1\" content=\"Escrito por\" \/>\n\t<meta name=\"twitter:data1\" content=\"admin\" \/>\n\t<meta name=\"twitter:label2\" content=\"Est. tempo de leitura\" \/>\n\t<meta name=\"twitter:data2\" content=\"2 minutos\" \/>\n<script type=\"application\/ld+json\" class=\"yoast-schema-graph\">{\"@context\":\"https:\/\/schema.org\",\"@graph\":[{\"@type\":\"Article\",\"@id\":\"https:\/\/www.travel3.com.br\/site\/sem-categoria\/omt-com-mais-dois-eventos-na-espanha-dentro-do-calendario-2017\/#article\",\"isPartOf\":{\"@id\":\"https:\/\/www.travel3.com.br\/site\/sem-categoria\/omt-com-mais-dois-eventos-na-espanha-dentro-do-calendario-2017\/\"},\"author\":{\"name\":\"admin\",\"@id\":\"https:\/\/www.travel3.com.br\/site\/#\/schema\/person\/a69d71e41a024999b6ab82369ac0bd1e\"},\"headline\":\"OMT COM MAIS DOIS EVENTOS NA ESPANHA DENTRO DO CALEND\u00c1RIO 2017\",\"datePublished\":\"2017-08-18T02:40:48+00:00\",\"dateModified\":\"2017-09-12T18:13:03+00:00\",\"mainEntityOfPage\":{\"@id\":\"https:\/\/www.travel3.com.br\/site\/sem-categoria\/omt-com-mais-dois-eventos-na-espanha-dentro-do-calendario-2017\/\"},\"wordCount\":344,\"commentCount\":0,\"publisher\":{\"@id\":\"https:\/\/www.travel3.com.br\/site\/#organization\"},\"inLanguage\":\"pt-BR\",\"potentialAction\":[{\"@type\":\"CommentAction\",\"name\":\"Comment\",\"target\":[\"https:\/\/www.travel3.com.br\/site\/sem-categoria\/omt-com-mais-dois-eventos-na-espanha-dentro-do-calendario-2017\/#respond\"]}]},{\"@type\":\"WebPage\",\"@id\":\"https:\/\/www.travel3.com.br\/site\/sem-categoria\/omt-com-mais-dois-eventos-na-espanha-dentro-do-calendario-2017\/\",\"url\":\"https:\/\/www.travel3.com.br\/site\/sem-categoria\/omt-com-mais-dois-eventos-na-espanha-dentro-do-calendario-2017\/\",\"name\":\"OMT COM MAIS DOIS EVENTOS NA ESPANHA DENTRO DO CALEND\u00c1RIO 2017 - Travel3\",\"isPartOf\":{\"@id\":\"https:\/\/www.travel3.com.br\/site\/#website\"},\"datePublished\":\"2017-08-18T02:40:48+00:00\",\"dateModified\":\"2017-09-12T18:13:03+00:00\",\"description\":\"A TRAVEL3 \u00e9 um portal de conte\u00fado voltado para o turismo, encontre destinos, viagens, hospedagem, passagens, guias, not\u00edcias sobre o mercado do turismo, dicas de viagem, v\u00eddeos e podcast.\",\"breadcrumb\":{\"@id\":\"https:\/\/www.travel3.com.br\/site\/sem-categoria\/omt-com-mais-dois-eventos-na-espanha-dentro-do-calendario-2017\/#breadcrumb\"},\"inLanguage\":\"pt-BR\",\"potentialAction\":[{\"@type\":\"ReadAction\",\"target\":[\"https:\/\/www.travel3.com.br\/site\/sem-categoria\/omt-com-mais-dois-eventos-na-espanha-dentro-do-calendario-2017\/\"]}]},{\"@type\":\"BreadcrumbList\",\"@id\":\"https:\/\/www.travel3.com.br\/site\/sem-categoria\/omt-com-mais-dois-eventos-na-espanha-dentro-do-calendario-2017\/#breadcrumb\",\"itemListElement\":[{\"@type\":\"ListItem\",\"position\":1,\"name\":\"In\u00edcio\",\"item\":\"https:\/\/www.travel3.com.br\/site\/\"},{\"@type\":\"ListItem\",\"position\":2,\"name\":\"OMT COM MAIS DOIS EVENTOS NA ESPANHA DENTRO DO CALEND\u00c1RIO 2017\"}]},{\"@type\":\"WebSite\",\"@id\":\"https:\/\/www.travel3.com.br\/site\/#website\",\"url\":\"https:\/\/www.travel3.com.br\/site\/\",\"name\":\"Travel3\",\"description\":\"Lazer + Neg&oacute;cios + Aventura\",\"publisher\":{\"@id\":\"https:\/\/www.travel3.com.br\/site\/#organization\"},\"potentialAction\":[{\"@type\":\"SearchAction\",\"target\":{\"@type\":\"EntryPoint\",\"urlTemplate\":\"https:\/\/www.travel3.com.br\/site\/?s={search_term_string}\"},\"query-input\":{\"@type\":\"PropertyValueSpecification\",\"valueRequired\":true,\"valueName\":\"search_term_string\"}}],\"inLanguage\":\"pt-BR\"},{\"@type\":\"Organization\",\"@id\":\"https:\/\/www.travel3.com.br\/site\/#organization\",\"name\":\"Travel3\",\"url\":\"https:\/\/www.travel3.com.br\/site\/\",\"logo\":{\"@type\":\"ImageObject\",\"inLanguage\":\"pt-BR\",\"@id\":\"https:\/\/www.travel3.com.br\/site\/#\/schema\/logo\/image\/\",\"url\":\"https:\/\/www.travel3.com.br\/site\/wp-content\/uploads\/2020\/01\/logo-travel3-2020.png\",\"contentUrl\":\"https:\/\/www.travel3.com.br\/site\/wp-content\/uploads\/2020\/01\/logo-travel3-2020.png\",\"width\":232,\"height\":79,\"caption\":\"Travel3\"},\"image\":{\"@id\":\"https:\/\/www.travel3.com.br\/site\/#\/schema\/logo\/image\/\"},\"sameAs\":[\"https:\/\/www.facebook.com\/travel3media\/\",\"https:\/\/www.instagram.com\/revistatravel3\/\",\"https:\/\/www.youtube.com\/channel\/UCno7J4paGBR3VbZQzvoJ9Eg\"]},{\"@type\":\"Person\",\"@id\":\"https:\/\/www.travel3.com.br\/site\/#\/schema\/person\/a69d71e41a024999b6ab82369ac0bd1e\",\"name\":\"admin\",\"image\":{\"@type\":\"ImageObject\",\"inLanguage\":\"pt-BR\",\"@id\":\"https:\/\/www.travel3.com.br\/site\/#\/schema\/person\/image\/\",\"url\":\"https:\/\/secure.gravatar.com\/avatar\/732a67adfd764da2a47ba10ce731c4c0?s=96&d=mm&r=g\",\"contentUrl\":\"https:\/\/secure.gravatar.com\/avatar\/732a67adfd764da2a47ba10ce731c4c0?s=96&d=mm&r=g\",\"caption\":\"admin\"},\"url\":\"https:\/\/www.travel3.com.br\/site\/author\/admin\/\"}]}<\/script>\n<!-- \/ Yoast SEO plugin. -->","yoast_head_json":{"title":"OMT COM MAIS DOIS EVENTOS NA ESPANHA DENTRO DO CALEND\u00c1RIO 2017 - Travel3","description":"A TRAVEL3 \u00e9 um portal de conte\u00fado voltado para o turismo, encontre destinos, viagens, hospedagem, passagens, guias, not\u00edcias sobre o mercado do turismo, dicas de viagem, v\u00eddeos e podcast.","robots":{"index":"index","follow":"follow","max-snippet":"max-snippet:-1","max-image-preview":"max-image-preview:large","max-video-preview":"max-video-preview:-1"},"canonical":"https:\/\/www.travel3.com.br\/site\/sem-categoria\/omt-com-mais-dois-eventos-na-espanha-dentro-do-calendario-2017\/","og_locale":"pt_BR","og_type":"article","og_title":"OMT COM MAIS DOIS EVENTOS NA ESPANHA DENTRO DO CALEND\u00c1RIO 2017 - Travel3","og_description":"A TRAVEL3 \u00e9 um portal de conte\u00fado voltado para o turismo, encontre destinos, viagens, hospedagem, passagens, guias, not\u00edcias sobre o mercado do turismo, dicas de viagem, v\u00eddeos e podcast.","og_url":"https:\/\/www.travel3.com.br\/site\/sem-categoria\/omt-com-mais-dois-eventos-na-espanha-dentro-do-calendario-2017\/","og_site_name":"Travel3","article_publisher":"https:\/\/www.facebook.com\/travel3media\/","article_published_time":"2017-08-18T02:40:48+00:00","article_modified_time":"2017-09-12T18:13:03+00:00","author":"admin","twitter_card":"summary_large_image","twitter_misc":{"Escrito por":"admin","Est. tempo de leitura":"2 minutos"},"schema":{"@context":"https:\/\/schema.org","@graph":[{"@type":"Article","@id":"https:\/\/www.travel3.com.br\/site\/sem-categoria\/omt-com-mais-dois-eventos-na-espanha-dentro-do-calendario-2017\/#article","isPartOf":{"@id":"https:\/\/www.travel3.com.br\/site\/sem-categoria\/omt-com-mais-dois-eventos-na-espanha-dentro-do-calendario-2017\/"},"author":{"name":"admin","@id":"https:\/\/www.travel3.com.br\/site\/#\/schema\/person\/a69d71e41a024999b6ab82369ac0bd1e"},"headline":"OMT COM MAIS DOIS EVENTOS NA ESPANHA DENTRO DO CALEND\u00c1RIO 2017","datePublished":"2017-08-18T02:40:48+00:00","dateModified":"2017-09-12T18:13:03+00:00","mainEntityOfPage":{"@id":"https:\/\/www.travel3.com.br\/site\/sem-categoria\/omt-com-mais-dois-eventos-na-espanha-dentro-do-calendario-2017\/"},"wordCount":344,"commentCount":0,"publisher":{"@id":"https:\/\/www.travel3.com.br\/site\/#organization"},"inLanguage":"pt-BR","potentialAction":[{"@type":"CommentAction","name":"Comment","target":["https:\/\/www.travel3.com.br\/site\/sem-categoria\/omt-com-mais-dois-eventos-na-espanha-dentro-do-calendario-2017\/#respond"]}]},{"@type":"WebPage","@id":"https:\/\/www.travel3.com.br\/site\/sem-categoria\/omt-com-mais-dois-eventos-na-espanha-dentro-do-calendario-2017\/","url":"https:\/\/www.travel3.com.br\/site\/sem-categoria\/omt-com-mais-dois-eventos-na-espanha-dentro-do-calendario-2017\/","name":"OMT COM MAIS DOIS EVENTOS NA ESPANHA DENTRO DO CALEND\u00c1RIO 2017 - Travel3","isPartOf":{"@id":"https:\/\/www.travel3.com.br\/site\/#website"},"datePublished":"2017-08-18T02:40:48+00:00","dateModified":"2017-09-12T18:13:03+00:00","description":"A TRAVEL3 \u00e9 um portal de conte\u00fado voltado para o turismo, encontre destinos, viagens, hospedagem, passagens, guias, not\u00edcias sobre o mercado do turismo, dicas de viagem, v\u00eddeos e podcast.","breadcrumb":{"@id":"https:\/\/www.travel3.com.br\/site\/sem-categoria\/omt-com-mais-dois-eventos-na-espanha-dentro-do-calendario-2017\/#breadcrumb"},"inLanguage":"pt-BR","potentialAction":[{"@type":"ReadAction","target":["https:\/\/www.travel3.com.br\/site\/sem-categoria\/omt-com-mais-dois-eventos-na-espanha-dentro-do-calendario-2017\/"]}]},{"@type":"BreadcrumbList","@id":"https:\/\/www.travel3.com.br\/site\/sem-categoria\/omt-com-mais-dois-eventos-na-espanha-dentro-do-calendario-2017\/#breadcrumb","itemListElement":[{"@type":"ListItem","position":1,"name":"In\u00edcio","item":"https:\/\/www.travel3.com.br\/site\/"},{"@type":"ListItem","position":2,"name":"OMT COM MAIS DOIS EVENTOS NA ESPANHA DENTRO DO CALEND\u00c1RIO 2017"}]},{"@type":"WebSite","@id":"https:\/\/www.travel3.com.br\/site\/#website","url":"https:\/\/www.travel3.com.br\/site\/","name":"Travel3","description":"Lazer + Neg&oacute;cios + Aventura","publisher":{"@id":"https:\/\/www.travel3.com.br\/site\/#organization"},"potentialAction":[{"@type":"SearchAction","target":{"@type":"EntryPoint","urlTemplate":"https:\/\/www.travel3.com.br\/site\/?s={search_term_string}"},"query-input":{"@type":"PropertyValueSpecification","valueRequired":true,"valueName":"search_term_string"}}],"inLanguage":"pt-BR"},{"@type":"Organization","@id":"https:\/\/www.travel3.com.br\/site\/#organization","name":"Travel3","url":"https:\/\/www.travel3.com.br\/site\/","logo":{"@type":"ImageObject","inLanguage":"pt-BR","@id":"https:\/\/www.travel3.com.br\/site\/#\/schema\/logo\/image\/","url":"https:\/\/www.travel3.com.br\/site\/wp-content\/uploads\/2020\/01\/logo-travel3-2020.png","contentUrl":"https:\/\/www.travel3.com.br\/site\/wp-content\/uploads\/2020\/01\/logo-travel3-2020.png","width":232,"height":79,"caption":"Travel3"},"image":{"@id":"https:\/\/www.travel3.com.br\/site\/#\/schema\/logo\/image\/"},"sameAs":["https:\/\/www.facebook.com\/travel3media\/","https:\/\/www.instagram.com\/revistatravel3\/","https:\/\/www.youtube.com\/channel\/UCno7J4paGBR3VbZQzvoJ9Eg"]},{"@type":"Person","@id":"https:\/\/www.travel3.com.br\/site\/#\/schema\/person\/a69d71e41a024999b6ab82369ac0bd1e","name":"admin","image":{"@type":"ImageObject","inLanguage":"pt-BR","@id":"https:\/\/www.travel3.com.br\/site\/#\/schema\/person\/image\/","url":"https:\/\/secure.gravatar.com\/avatar\/732a67adfd764da2a47ba10ce731c4c0?s=96&d=mm&r=g","contentUrl":"https:\/\/secure.gravatar.com\/avatar\/732a67adfd764da2a47ba10ce731c4c0?s=96&d=mm&r=g","caption":"admin"},"url":"https:\/\/www.travel3.com.br\/site\/author\/admin\/"}]}},"_links":{"self":[{"href":"https:\/\/www.travel3.com.br\/site\/wp-json\/wp\/v2\/posts\/3153","targetHints":{"allow":["GET"]}}],"collection":[{"href":"https:\/\/www.travel3.com.br\/site\/wp-json\/wp\/v2\/posts"}],"about":[{"href":"https:\/\/www.travel3.com.br\/site\/wp-json\/wp\/v2\/types\/post"}],"author":[{"embeddable":true,"href":"https:\/\/www.travel3.com.br\/site\/wp-json\/wp\/v2\/users\/1"}],"replies":[{"embeddable":true,"href":"https:\/\/www.travel3.com.br\/site\/wp-json\/wp\/v2\/comments?post=3153"}],"version-history":[{"count":1,"href":"https:\/\/www.travel3.com.br\/site\/wp-json\/wp\/v2\/posts\/3153\/revisions"}],"predecessor-version":[{"id":3950,"href":"https:\/\/www.travel3.com.br\/site\/wp-json\/wp\/v2\/posts\/3153\/revisions\/3950"}],"wp:attachment":[{"href":"https:\/\/www.travel3.com.br\/site\/wp-json\/wp\/v2\/media?parent=3153"}],"wp:term":[{"taxonomy":"category","embeddable":true,"href":"https:\/\/www.travel3.com.br\/site\/wp-json\/wp\/v2\/categories?post=3153"},{"taxonomy":"post_tag","embeddable":true,"href":"https:\/\/www.travel3.com.br\/site\/wp-json\/wp\/v2\/tags?post=3153"}],"curies":[{"name":"wp","href":"https:\/\/api.w.org\/{rel}","templated":true}]}}