{"id":3148,"date":"2017-09-11T07:18:07","date_gmt":"2017-09-11T07:18:07","guid":{"rendered":"http:\/\/www.travel3.com.br\/site\/ir-e-vir\/ar\/bruno-omori-reeleito-para-mais-tres-anos-na-abih-sp\/"},"modified":"2017-09-12T18:12:57","modified_gmt":"2017-09-12T18:12:57","slug":"bruno-omori-reeleito-para-mais-tres-anos-na-abih-sp","status":"publish","type":"post","link":"https:\/\/www.travel3.com.br\/site\/sem-categoria\/bruno-omori-reeleito-para-mais-tres-anos-na-abih-sp\/","title":{"rendered":"BRUNO OMORI REELEITO PARA MAIS TRES ANOS NA ABIH-SP"},"content":{"rendered":"<p><span style=\"color: #40acad; font-family: -apple-system, system-ui, 'Segoe UI', Roboto, Oxygen-Sans, Ubuntu, Cantarell, 'Helvetica Neue', sans-serif; font-size: 12px; font-weight: bold;\"><\/p>\n<p style=\"text-align:justify\">A Associa\u00e7\u00e3o Brasileira da Ind\u00fastria de Hot\u00e9is &#8211; regional SP, reelegeu Bruno Hideo Omori como seu presidente, \u00a0e ele continuar\u00e1 no cargo executivo juntamente com os demais membros da Chapa Sinergia no tri\u00eanio 2017\/2019. Omori pode ser candidato pela mudan\u00e7a estatut\u00e1ria ocorrida.<\/p>\n<p>A diretoria eleita est\u00e1 composta por 12 Comit\u00eas da gest\u00e3o, divididas entre Vice-Presidentes, C\u00e2maras Tem\u00e1ticas, Conselho Fiscal, Diretorias Secccionais e Conselho Consultivo. Segundo Omori, que tamb\u00e9m \u00e9 Secret\u00e1rio Executivo do Conselho Estadual de Turismo, &#8220;continuar \u00e0 frente da presid\u00eancia da ABIH-SP ser\u00e1 uma oportunidade de manter as a\u00e7\u00f5es previstas para o fortalecimento da hotelaria da Capital e do Interior de S\u00e3o Paulo. Pretendemos, inclusive, criar Diretorias Seccionais em diversas cidades do Estado de S\u00e3o Paulo para ampliar esse fortalecimento&#8221;.<\/p>\n<p style=\"text-align:justify\"><a class=\"fancybox-media\" href=\"..\/_uploads\/_noticia\/2016-12\/302561-670953-bruno-omori-reeleicao--2-.jpg\" rel=\"portfolio\"><img decoding=\"async\" alt=\"\" src=\"..\/_uploads\/_noticia\/2016-12\/302561-670953-bruno-omori-reeleicao--2-.jpg\" \/><\/a><\/p>\n<p>&#8220;Nossa chapa re\u00fane hoteleiros de diversas cidades do Estado com dirigentes que est\u00e3o \u00e0 frente de hot\u00e9is, resorts, redes hoteleiras internacionais e outras atividades ligadas ao turismo estadual\u201d, afirma o executivo que tamb\u00e9m segue com o plano de trazer para a capital paulista o Congresso Mundial de Hotelaria. Isto, por\u00e9m, somente ser\u00e1 poss\u00edvel caso a candidatura de S\u00e3o Paulo se cofirme para o ano de 2018.<\/p>\n<p>A posse da nova diretoria da ABIH-SP est\u00e1 marcada para o dia 31 de janeiro de 2017, ter\u00e7a feria, \u00e2s 14 H, na Assembl\u00e9ia Legislativa do Estado de S\u00e3o Paulo.<\/p>\n<p><strong>COMPOSI\u00c7\u00c3O<\/strong><\/p>\n<p style=\"text-align: justify;\"><em>Vice-Presidentes<\/em>: ALEX VER\u00cdSSIMO MENDES (Parque Balneario Hotel ) ANA SARANTOPOULOS (Stream Hot\u00e9is) ANT\u00d4NIO REINALES (Reinales Plaza Hotel) ANT\u00d4NIO DIAS (The Royal Palm Plaza) ARIEL GAIOLLI (Radio Hotel) CARLOS BERNARDO (Accor Hotels) CARLOS OMORI (Iate Park Hotel) ENRY FALBO (Fazenda Cel Jacinto) FERNANDO GUINATO FILHO (Sheraton SP WTC Hotel) FERNANDO MAMEDE (Atibaia Campo e Chal\u00e9s) HENRY MAKSOUD NETO (Maksoud Plaza Hotel) JOS\u00c9 FERNANDES (Hotel Fazenda Campo dos Sonhos) JULIO SERSON (Hoteis Vila Rica) LATIF ABR\u00c3O JR. (Terras Altas Hotel) LUIZ PEDRO NATHAN (Asstur Campos do Jord\u00e3o ) MANUEL GAMA (Rede Travel Inn) MARCO IANNONI (M\u00f4naco &#038; Convention Hotel) PATRICK MENDES ( Accor Hotels ) RICARDO ROMAN JR (Delphin Hotel Guaruj\u00e1) RUI MANUEL DE OLIVEIRA (Melia Hotels)<\/p>\n<p style=\"text-align: justify;\"><em>Conselho Fiscal<\/em>: H\u00c9LIO HIGUCHI (Matsubara Hotel) JOS\u00c9 SAUD (Olavo Bilac Hotel) SERGIO PASSOS (Hotel Fazenda S\u00e3o Jo\u00e3o ) ANA LUIZA NORY (Vacance Hotel) VANDIR ANDRADE JUNIOR (Pousada da Diva) WALTER ROBERTO AREIAS (Sables Hotel Guarulhos)<\/p>\n<p style=\"text-align: justify;\"><em>Comit\u00eas e Coordenadores<\/em>: Sustentabilidade TELMA BARTHOLOMEU; Mobilidade EDISON PASSAFARO; Seguran\u00e7a ADILSON DE TOLEDO SOUZA;<\/p>\n<p style=\"text-align: justify;\"><em>Diretorias Seccionais<\/em>: AGUAS DE LINDOIA &#8211; JOS\u00c9 ARTUR BERNARDI; AGUAS DE S\u00c3O PEDRO &#8211; GABRIELA ZANIN APARECIDA ERNESTO ELACHE; ARARAQUARA &#8211; WILLAN BRAND\u00c3O ATIBAIA &#8211; FERNANDO MAMEDE; BRAGAN\u00c7A &#8211; ENRY FALBO CAMPINAS &#8211; ANTONIO DIAS; CAMPOS DO JORD\u00c3O &#8211; LUIZ NATHAN; CENTRO DE S\u00c3O PAULO &#8211; ANTONIO REINALES; CESARIO LANGE &#8211; ADEMAR VASCONCELOS; GUARUJ\u00c1 &#8211; RICARDO ROMAN JR; GUARULHOS &#8211; MARCO IANNONI; ILHA COMPRIDA &#8211; LEONARDO OMORI IPORANGA &#8211; VANDIR ANDRADE JUNIOR; ITAPECERICA DA SERRA &#8211; ABR\u00c3O LATIF; RIBEIR\u00c3O PRETO &#8211; ANA SARANTOPOULOS SANTOS &#8211; ALEX MENDES; S\u00c3O JOSE DO RIO PRETO &#8211; SERGIO PASSOS; SERRA NEGRA &#8211; ARIEL GAIOLLI SOCORRO &#8211; JOS\u00c9 FERNANDES; TAUBAT\u00c9 &#8211; JOS\u00c9 SAUD<\/p>\n<p style=\"text-align: justify;\"><em>Conselho Consultivo<\/em> CIDADES TURISTICAS &#8211; CARLOS FERNANDO &#8211; MARCIO COMENALE; CONVENTIONS BUREAUS &#8211; TONI SANDO; FEIRAS &#8211; ARMANDO ARRUDA PEREIRA DE CAMPOS MELLO; INTERNACIONAL &#8211; ROLAND DE BONADONA; INSTITUCIONAL &#8211; ADOLPHO CYRIACO; MERCADO TURISTICO &#8211; GUILHERME PAULUS; SOCIAL &#8211; FRANCISCO DALM\u00c1RIO S. CAVALCANTE; TECNOLOGIA &#8211; GILBERTO PACHECO.<\/p>\n<p style=\"text-align: justify;\">\u00a0<\/p>\n<p style=\"text-align: justify;\">\u00a0<\/p>\n<p>\u00a0<\/p>\n<p><\/span><\/p>\n","protected":false},"excerpt":{"rendered":"<p>Neste terceiro mandato, atual presidente continuar\u00e1 at\u00e9 2019 e a posse ser\u00e1 no ultimo dia deste ano<\/p>\n","protected":false},"author":1,"featured_media":0,"comment_status":"open","ping_status":"open","sticky":false,"template":"","format":"standard","meta":{"footnotes":""},"categories":[],"tags":[],"class_list":["post-3148","post","type-post","status-publish","format-standard","hentry"],"yoast_head":"<!-- This site is optimized with the Yoast SEO plugin v26.2 - https:\/\/yoast.com\/wordpress\/plugins\/seo\/ -->\n<title>BRUNO OMORI REELEITO PARA MAIS TRES ANOS NA ABIH-SP - Travel3<\/title>\n<meta name=\"description\" content=\"A TRAVEL3 \u00e9 um portal de conte\u00fado voltado para o turismo, encontre destinos, viagens, hospedagem, passagens, guias, not\u00edcias sobre o mercado do turismo, dicas de viagem, v\u00eddeos e podcast.\" \/>\n<meta name=\"robots\" content=\"index, follow, max-snippet:-1, max-image-preview:large, max-video-preview:-1\" \/>\n<link rel=\"canonical\" href=\"https:\/\/www.travel3.com.br\/site\/sem-categoria\/bruno-omori-reeleito-para-mais-tres-anos-na-abih-sp\/\" \/>\n<meta property=\"og:locale\" content=\"pt_BR\" \/>\n<meta property=\"og:type\" content=\"article\" \/>\n<meta property=\"og:title\" content=\"BRUNO OMORI REELEITO PARA MAIS TRES ANOS NA ABIH-SP - Travel3\" \/>\n<meta property=\"og:description\" content=\"A TRAVEL3 \u00e9 um portal de conte\u00fado voltado para o turismo, encontre destinos, viagens, hospedagem, passagens, guias, not\u00edcias sobre o mercado do turismo, dicas de viagem, v\u00eddeos e podcast.\" \/>\n<meta property=\"og:url\" content=\"https:\/\/www.travel3.com.br\/site\/sem-categoria\/bruno-omori-reeleito-para-mais-tres-anos-na-abih-sp\/\" \/>\n<meta property=\"og:site_name\" content=\"Travel3\" \/>\n<meta property=\"article:publisher\" content=\"https:\/\/www.facebook.com\/travel3media\/\" \/>\n<meta property=\"article:published_time\" content=\"2017-09-11T07:18:07+00:00\" \/>\n<meta property=\"article:modified_time\" content=\"2017-09-12T18:12:57+00:00\" \/>\n<meta name=\"author\" content=\"admin\" \/>\n<meta name=\"twitter:card\" content=\"summary_large_image\" \/>\n<meta name=\"twitter:label1\" content=\"Escrito por\" \/>\n\t<meta name=\"twitter:data1\" content=\"admin\" \/>\n\t<meta name=\"twitter:label2\" content=\"Est. tempo de leitura\" \/>\n\t<meta name=\"twitter:data2\" content=\"3 minutos\" \/>\n<script type=\"application\/ld+json\" class=\"yoast-schema-graph\">{\"@context\":\"https:\/\/schema.org\",\"@graph\":[{\"@type\":\"Article\",\"@id\":\"https:\/\/www.travel3.com.br\/site\/sem-categoria\/bruno-omori-reeleito-para-mais-tres-anos-na-abih-sp\/#article\",\"isPartOf\":{\"@id\":\"https:\/\/www.travel3.com.br\/site\/sem-categoria\/bruno-omori-reeleito-para-mais-tres-anos-na-abih-sp\/\"},\"author\":{\"name\":\"admin\",\"@id\":\"https:\/\/www.travel3.com.br\/site\/#\/schema\/person\/a69d71e41a024999b6ab82369ac0bd1e\"},\"headline\":\"BRUNO OMORI REELEITO PARA MAIS TRES ANOS NA ABIH-SP\",\"datePublished\":\"2017-09-11T07:18:07+00:00\",\"dateModified\":\"2017-09-12T18:12:57+00:00\",\"mainEntityOfPage\":{\"@id\":\"https:\/\/www.travel3.com.br\/site\/sem-categoria\/bruno-omori-reeleito-para-mais-tres-anos-na-abih-sp\/\"},\"wordCount\":580,\"commentCount\":0,\"publisher\":{\"@id\":\"https:\/\/www.travel3.com.br\/site\/#organization\"},\"inLanguage\":\"pt-BR\",\"potentialAction\":[{\"@type\":\"CommentAction\",\"name\":\"Comment\",\"target\":[\"https:\/\/www.travel3.com.br\/site\/sem-categoria\/bruno-omori-reeleito-para-mais-tres-anos-na-abih-sp\/#respond\"]}]},{\"@type\":\"WebPage\",\"@id\":\"https:\/\/www.travel3.com.br\/site\/sem-categoria\/bruno-omori-reeleito-para-mais-tres-anos-na-abih-sp\/\",\"url\":\"https:\/\/www.travel3.com.br\/site\/sem-categoria\/bruno-omori-reeleito-para-mais-tres-anos-na-abih-sp\/\",\"name\":\"BRUNO OMORI REELEITO PARA MAIS TRES ANOS NA ABIH-SP - Travel3\",\"isPartOf\":{\"@id\":\"https:\/\/www.travel3.com.br\/site\/#website\"},\"datePublished\":\"2017-09-11T07:18:07+00:00\",\"dateModified\":\"2017-09-12T18:12:57+00:00\",\"description\":\"A TRAVEL3 \u00e9 um portal de conte\u00fado voltado para o turismo, encontre destinos, viagens, hospedagem, passagens, guias, not\u00edcias sobre o mercado do turismo, dicas de viagem, v\u00eddeos e podcast.\",\"breadcrumb\":{\"@id\":\"https:\/\/www.travel3.com.br\/site\/sem-categoria\/bruno-omori-reeleito-para-mais-tres-anos-na-abih-sp\/#breadcrumb\"},\"inLanguage\":\"pt-BR\",\"potentialAction\":[{\"@type\":\"ReadAction\",\"target\":[\"https:\/\/www.travel3.com.br\/site\/sem-categoria\/bruno-omori-reeleito-para-mais-tres-anos-na-abih-sp\/\"]}]},{\"@type\":\"BreadcrumbList\",\"@id\":\"https:\/\/www.travel3.com.br\/site\/sem-categoria\/bruno-omori-reeleito-para-mais-tres-anos-na-abih-sp\/#breadcrumb\",\"itemListElement\":[{\"@type\":\"ListItem\",\"position\":1,\"name\":\"In\u00edcio\",\"item\":\"https:\/\/www.travel3.com.br\/site\/\"},{\"@type\":\"ListItem\",\"position\":2,\"name\":\"BRUNO OMORI REELEITO PARA MAIS TRES ANOS NA ABIH-SP\"}]},{\"@type\":\"WebSite\",\"@id\":\"https:\/\/www.travel3.com.br\/site\/#website\",\"url\":\"https:\/\/www.travel3.com.br\/site\/\",\"name\":\"Travel3\",\"description\":\"Lazer + Neg&oacute;cios + Aventura\",\"publisher\":{\"@id\":\"https:\/\/www.travel3.com.br\/site\/#organization\"},\"potentialAction\":[{\"@type\":\"SearchAction\",\"target\":{\"@type\":\"EntryPoint\",\"urlTemplate\":\"https:\/\/www.travel3.com.br\/site\/?s={search_term_string}\"},\"query-input\":{\"@type\":\"PropertyValueSpecification\",\"valueRequired\":true,\"valueName\":\"search_term_string\"}}],\"inLanguage\":\"pt-BR\"},{\"@type\":\"Organization\",\"@id\":\"https:\/\/www.travel3.com.br\/site\/#organization\",\"name\":\"Travel3\",\"url\":\"https:\/\/www.travel3.com.br\/site\/\",\"logo\":{\"@type\":\"ImageObject\",\"inLanguage\":\"pt-BR\",\"@id\":\"https:\/\/www.travel3.com.br\/site\/#\/schema\/logo\/image\/\",\"url\":\"https:\/\/www.travel3.com.br\/site\/wp-content\/uploads\/2020\/01\/logo-travel3-2020.png\",\"contentUrl\":\"https:\/\/www.travel3.com.br\/site\/wp-content\/uploads\/2020\/01\/logo-travel3-2020.png\",\"width\":232,\"height\":79,\"caption\":\"Travel3\"},\"image\":{\"@id\":\"https:\/\/www.travel3.com.br\/site\/#\/schema\/logo\/image\/\"},\"sameAs\":[\"https:\/\/www.facebook.com\/travel3media\/\",\"https:\/\/www.instagram.com\/revistatravel3\/\",\"https:\/\/www.youtube.com\/channel\/UCno7J4paGBR3VbZQzvoJ9Eg\"]},{\"@type\":\"Person\",\"@id\":\"https:\/\/www.travel3.com.br\/site\/#\/schema\/person\/a69d71e41a024999b6ab82369ac0bd1e\",\"name\":\"admin\",\"image\":{\"@type\":\"ImageObject\",\"inLanguage\":\"pt-BR\",\"@id\":\"https:\/\/www.travel3.com.br\/site\/#\/schema\/person\/image\/\",\"url\":\"https:\/\/secure.gravatar.com\/avatar\/732a67adfd764da2a47ba10ce731c4c0?s=96&d=mm&r=g\",\"contentUrl\":\"https:\/\/secure.gravatar.com\/avatar\/732a67adfd764da2a47ba10ce731c4c0?s=96&d=mm&r=g\",\"caption\":\"admin\"},\"url\":\"https:\/\/www.travel3.com.br\/site\/author\/admin\/\"}]}<\/script>\n<!-- \/ Yoast SEO plugin. -->","yoast_head_json":{"title":"BRUNO OMORI REELEITO PARA MAIS TRES ANOS NA ABIH-SP - Travel3","description":"A TRAVEL3 \u00e9 um portal de conte\u00fado voltado para o turismo, encontre destinos, viagens, hospedagem, passagens, guias, not\u00edcias sobre o mercado do turismo, dicas de viagem, v\u00eddeos e podcast.","robots":{"index":"index","follow":"follow","max-snippet":"max-snippet:-1","max-image-preview":"max-image-preview:large","max-video-preview":"max-video-preview:-1"},"canonical":"https:\/\/www.travel3.com.br\/site\/sem-categoria\/bruno-omori-reeleito-para-mais-tres-anos-na-abih-sp\/","og_locale":"pt_BR","og_type":"article","og_title":"BRUNO OMORI REELEITO PARA MAIS TRES ANOS NA ABIH-SP - Travel3","og_description":"A TRAVEL3 \u00e9 um portal de conte\u00fado voltado para o turismo, encontre destinos, viagens, hospedagem, passagens, guias, not\u00edcias sobre o mercado do turismo, dicas de viagem, v\u00eddeos e podcast.","og_url":"https:\/\/www.travel3.com.br\/site\/sem-categoria\/bruno-omori-reeleito-para-mais-tres-anos-na-abih-sp\/","og_site_name":"Travel3","article_publisher":"https:\/\/www.facebook.com\/travel3media\/","article_published_time":"2017-09-11T07:18:07+00:00","article_modified_time":"2017-09-12T18:12:57+00:00","author":"admin","twitter_card":"summary_large_image","twitter_misc":{"Escrito por":"admin","Est. tempo de leitura":"3 minutos"},"schema":{"@context":"https:\/\/schema.org","@graph":[{"@type":"Article","@id":"https:\/\/www.travel3.com.br\/site\/sem-categoria\/bruno-omori-reeleito-para-mais-tres-anos-na-abih-sp\/#article","isPartOf":{"@id":"https:\/\/www.travel3.com.br\/site\/sem-categoria\/bruno-omori-reeleito-para-mais-tres-anos-na-abih-sp\/"},"author":{"name":"admin","@id":"https:\/\/www.travel3.com.br\/site\/#\/schema\/person\/a69d71e41a024999b6ab82369ac0bd1e"},"headline":"BRUNO OMORI REELEITO PARA MAIS TRES ANOS NA ABIH-SP","datePublished":"2017-09-11T07:18:07+00:00","dateModified":"2017-09-12T18:12:57+00:00","mainEntityOfPage":{"@id":"https:\/\/www.travel3.com.br\/site\/sem-categoria\/bruno-omori-reeleito-para-mais-tres-anos-na-abih-sp\/"},"wordCount":580,"commentCount":0,"publisher":{"@id":"https:\/\/www.travel3.com.br\/site\/#organization"},"inLanguage":"pt-BR","potentialAction":[{"@type":"CommentAction","name":"Comment","target":["https:\/\/www.travel3.com.br\/site\/sem-categoria\/bruno-omori-reeleito-para-mais-tres-anos-na-abih-sp\/#respond"]}]},{"@type":"WebPage","@id":"https:\/\/www.travel3.com.br\/site\/sem-categoria\/bruno-omori-reeleito-para-mais-tres-anos-na-abih-sp\/","url":"https:\/\/www.travel3.com.br\/site\/sem-categoria\/bruno-omori-reeleito-para-mais-tres-anos-na-abih-sp\/","name":"BRUNO OMORI REELEITO PARA MAIS TRES ANOS NA ABIH-SP - Travel3","isPartOf":{"@id":"https:\/\/www.travel3.com.br\/site\/#website"},"datePublished":"2017-09-11T07:18:07+00:00","dateModified":"2017-09-12T18:12:57+00:00","description":"A TRAVEL3 \u00e9 um portal de conte\u00fado voltado para o turismo, encontre destinos, viagens, hospedagem, passagens, guias, not\u00edcias sobre o mercado do turismo, dicas de viagem, v\u00eddeos e podcast.","breadcrumb":{"@id":"https:\/\/www.travel3.com.br\/site\/sem-categoria\/bruno-omori-reeleito-para-mais-tres-anos-na-abih-sp\/#breadcrumb"},"inLanguage":"pt-BR","potentialAction":[{"@type":"ReadAction","target":["https:\/\/www.travel3.com.br\/site\/sem-categoria\/bruno-omori-reeleito-para-mais-tres-anos-na-abih-sp\/"]}]},{"@type":"BreadcrumbList","@id":"https:\/\/www.travel3.com.br\/site\/sem-categoria\/bruno-omori-reeleito-para-mais-tres-anos-na-abih-sp\/#breadcrumb","itemListElement":[{"@type":"ListItem","position":1,"name":"In\u00edcio","item":"https:\/\/www.travel3.com.br\/site\/"},{"@type":"ListItem","position":2,"name":"BRUNO OMORI REELEITO PARA MAIS TRES ANOS NA ABIH-SP"}]},{"@type":"WebSite","@id":"https:\/\/www.travel3.com.br\/site\/#website","url":"https:\/\/www.travel3.com.br\/site\/","name":"Travel3","description":"Lazer + Neg&oacute;cios + Aventura","publisher":{"@id":"https:\/\/www.travel3.com.br\/site\/#organization"},"potentialAction":[{"@type":"SearchAction","target":{"@type":"EntryPoint","urlTemplate":"https:\/\/www.travel3.com.br\/site\/?s={search_term_string}"},"query-input":{"@type":"PropertyValueSpecification","valueRequired":true,"valueName":"search_term_string"}}],"inLanguage":"pt-BR"},{"@type":"Organization","@id":"https:\/\/www.travel3.com.br\/site\/#organization","name":"Travel3","url":"https:\/\/www.travel3.com.br\/site\/","logo":{"@type":"ImageObject","inLanguage":"pt-BR","@id":"https:\/\/www.travel3.com.br\/site\/#\/schema\/logo\/image\/","url":"https:\/\/www.travel3.com.br\/site\/wp-content\/uploads\/2020\/01\/logo-travel3-2020.png","contentUrl":"https:\/\/www.travel3.com.br\/site\/wp-content\/uploads\/2020\/01\/logo-travel3-2020.png","width":232,"height":79,"caption":"Travel3"},"image":{"@id":"https:\/\/www.travel3.com.br\/site\/#\/schema\/logo\/image\/"},"sameAs":["https:\/\/www.facebook.com\/travel3media\/","https:\/\/www.instagram.com\/revistatravel3\/","https:\/\/www.youtube.com\/channel\/UCno7J4paGBR3VbZQzvoJ9Eg"]},{"@type":"Person","@id":"https:\/\/www.travel3.com.br\/site\/#\/schema\/person\/a69d71e41a024999b6ab82369ac0bd1e","name":"admin","image":{"@type":"ImageObject","inLanguage":"pt-BR","@id":"https:\/\/www.travel3.com.br\/site\/#\/schema\/person\/image\/","url":"https:\/\/secure.gravatar.com\/avatar\/732a67adfd764da2a47ba10ce731c4c0?s=96&d=mm&r=g","contentUrl":"https:\/\/secure.gravatar.com\/avatar\/732a67adfd764da2a47ba10ce731c4c0?s=96&d=mm&r=g","caption":"admin"},"url":"https:\/\/www.travel3.com.br\/site\/author\/admin\/"}]}},"_links":{"self":[{"href":"https:\/\/www.travel3.com.br\/site\/wp-json\/wp\/v2\/posts\/3148","targetHints":{"allow":["GET"]}}],"collection":[{"href":"https:\/\/www.travel3.com.br\/site\/wp-json\/wp\/v2\/posts"}],"about":[{"href":"https:\/\/www.travel3.com.br\/site\/wp-json\/wp\/v2\/types\/post"}],"author":[{"embeddable":true,"href":"https:\/\/www.travel3.com.br\/site\/wp-json\/wp\/v2\/users\/1"}],"replies":[{"embeddable":true,"href":"https:\/\/www.travel3.com.br\/site\/wp-json\/wp\/v2\/comments?post=3148"}],"version-history":[{"count":1,"href":"https:\/\/www.travel3.com.br\/site\/wp-json\/wp\/v2\/posts\/3148\/revisions"}],"predecessor-version":[{"id":3945,"href":"https:\/\/www.travel3.com.br\/site\/wp-json\/wp\/v2\/posts\/3148\/revisions\/3945"}],"wp:attachment":[{"href":"https:\/\/www.travel3.com.br\/site\/wp-json\/wp\/v2\/media?parent=3148"}],"wp:term":[{"taxonomy":"category","embeddable":true,"href":"https:\/\/www.travel3.com.br\/site\/wp-json\/wp\/v2\/categories?post=3148"},{"taxonomy":"post_tag","embeddable":true,"href":"https:\/\/www.travel3.com.br\/site\/wp-json\/wp\/v2\/tags?post=3148"}],"curies":[{"name":"wp","href":"https:\/\/api.w.org\/{rel}","templated":true}]}}