{"id":3144,"date":"2017-07-28T16:16:57","date_gmt":"2017-07-28T16:16:57","guid":{"rendered":"http:\/\/www.travel3.com.br\/site\/ir-e-vir\/ar\/avianca-brasil-tera-foz-do-iguacu-a-partir-de-6-de-marco\/"},"modified":"2017-09-12T18:12:53","modified_gmt":"2017-09-12T18:12:53","slug":"avianca-brasil-tera-foz-do-iguacu-a-partir-de-6-de-marco","status":"publish","type":"post","link":"https:\/\/www.travel3.com.br\/site\/sem-categoria\/avianca-brasil-tera-foz-do-iguacu-a-partir-de-6-de-marco\/","title":{"rendered":"AVIANCA BRASIL TER\u00c1 FOZ DO IGUA\u00c7U A PARTIR DE 6 DE MAR\u00c7O"},"content":{"rendered":"<p><span style=\"color: #40acad; font-family: -apple-system, system-ui, 'Segoe UI', Roboto, Oxygen-Sans, Ubuntu, Cantarell, 'Helvetica Neue', sans-serif; font-size: 12px; font-weight: bold;\"><\/p>\n<p style=\"text-align:justify\">A Avianca Brasil abriu nesta quarta, a comercializa\u00e7\u00e3o dos voos para o destino Foz do Igua\u00e7u que ter\u00e3o inicio no dia 6 de mar\u00e7o, em opera\u00e7\u00e3o di\u00e1ria a partir do GRU Airport, em S\u00e3o Paulo.<\/p>\n<p style=\"text-align:justify\">\u201cFoz do Igua\u00e7u tem grande import\u00e2ncia como destino tur\u00edstico no pa\u00eds, e tamb\u00e9\u00a0 pelo interc\u00e2mbio comercial e cultural, com um grande volume de visitantes das mais diversas regi\u00f5es do mundo\u201d, \u00a0afirmou Rodrigo Napoli, diretor Comercial da empresa, ao assinalar\u00a0 a primeira nova a\u00e7\u00e3o da empresa para o pr\u00f3ximo ano. \u201cEsta opera\u00e7\u00e3o foi desenhada para aumentar as op\u00e7\u00f5es de conectividade dos passageiros com os demais estados e, principalmente, com as partidas internacionais das nossas parceiras na Star Alliance. Basicamente, \u00a0estaremos interligando a cidade e regi\u00e3o das Tres Fronteiras a mais de 1.300 destinos em todo o mundo\u201d.<\/p>\n<p style=\"text-align:justify\"><a class=\"fancybox-media\" href=\"..\/_uploads\/_noticia\/2016-12\/2aviancacomnovalogonoaviaonoar--2-.png\" rel=\"portfolio\"><img decoding=\"async\" alt=\"\" src=\"..\/_uploads\/_noticia\/2016-12\/2aviancacomnovalogonoaviaonoar--2-.png\" \/><\/a><\/p>\n<p style=\"text-align:justify\">O aeroporto internacional de Foz do Igua\u00e7u\/Cataratas, que deve fechar o ano com 1.850 milh\u00e3o de passageiros, 20 voos di\u00e1rios, passar\u00e1 assim a integrar a rota da Avianca, com o voo 6184 que partir\u00e1 diariamente de S\u00e3o Paulo \u00e0s 12h20, com chegada \u00e0s 14h10. No sentido inverso, o 1685 sair\u00e1 \u00e0s 14h43 aterrisando em Guarulhos \u00e0s 16h30. Opera\u00e7\u00e3o com o Airbus A320, possibilitando v\u00e1rias conex\u00f5es na capital paulista.<\/p>\n<p style=\"text-align:justify\">A Avianca Brasil \u2013 que realiza esta noite na Tom Brasil a sua festa anual com os funcion\u00e1rios \u2013 continua em seus objetivos fidelizados de ser a melhor empresa a\u00e9rea do Brasil em qualidade dos servi\u00e7os. E com tal objetivo tamb\u00e9m j\u00e1 estuda a retomada de Belo Horizonte para o primeiro semestre do pr\u00f3ximo ano, com voos que ter\u00e3o um triangular de aproveitamento com o eixo Brasilia-S\u00e3o Paulo, segundo antecipou o vice-presidente de Vendas e Marketing, Tarcisio Gargioni.<\/p>\n<p style=\"text-align:justify\">\u201cPensamos sim em BH como a capital que ainda nos falta para completar a destina\u00e7\u00e3o de uma malha nacional com os principais destinos. Faltavam acertos para a utiliza\u00e7\u00e3o dos slots em Confins, \u00e9 um problema j\u00e1 solucionado. Agora, esperamos para a convers\u00e3o em um dos aeroportos de S\u00e3o Paulo\u201d.<\/p>\n<p style=\"text-align:justify\">Para Foz do Igua\u00e7u, 23\u00ba. destino da companhia na malha nacional, os bilhetes j\u00e1 est\u00e3o dispon\u00edveis para compra pelo site da companhia (www.avianca.com.br), pelos telefones 4004-4040 (S\u00e3o Paulo e principais capitais) ou 0300-789-8160 (demais localidades) e via ag\u00eancias de viagens.<\/p>\n<p>\u00a0<\/p>\n<p><\/span><\/p>\n","protected":false},"excerpt":{"rendered":"<p>Companhia tamb\u00e9m pretende retornar com o destino Belo Horizonte, tudo indica ainda no primeiro semestre do pr\u00f3ximo ano<\/p>\n","protected":false},"author":1,"featured_media":0,"comment_status":"open","ping_status":"open","sticky":false,"template":"","format":"standard","meta":{"footnotes":""},"categories":[],"tags":[],"class_list":["post-3144","post","type-post","status-publish","format-standard","hentry"],"yoast_head":"<!-- This site is optimized with the Yoast SEO plugin v26.2 - https:\/\/yoast.com\/wordpress\/plugins\/seo\/ -->\n<title>AVIANCA BRASIL TER\u00c1 FOZ DO IGUA\u00c7U A PARTIR DE 6 DE MAR\u00c7O - Travel3<\/title>\n<meta name=\"description\" content=\"A TRAVEL3 \u00e9 um portal de conte\u00fado voltado para o turismo, encontre destinos, viagens, hospedagem, passagens, guias, not\u00edcias sobre o mercado do turismo, dicas de viagem, v\u00eddeos e podcast.\" \/>\n<meta name=\"robots\" content=\"index, follow, max-snippet:-1, max-image-preview:large, max-video-preview:-1\" \/>\n<link rel=\"canonical\" href=\"https:\/\/www.travel3.com.br\/site\/sem-categoria\/avianca-brasil-tera-foz-do-iguacu-a-partir-de-6-de-marco\/\" \/>\n<meta property=\"og:locale\" content=\"pt_BR\" \/>\n<meta property=\"og:type\" content=\"article\" \/>\n<meta property=\"og:title\" content=\"AVIANCA BRASIL TER\u00c1 FOZ DO IGUA\u00c7U A PARTIR DE 6 DE MAR\u00c7O - Travel3\" \/>\n<meta property=\"og:description\" content=\"A TRAVEL3 \u00e9 um portal de conte\u00fado voltado para o turismo, encontre destinos, viagens, hospedagem, passagens, guias, not\u00edcias sobre o mercado do turismo, dicas de viagem, v\u00eddeos e podcast.\" \/>\n<meta property=\"og:url\" content=\"https:\/\/www.travel3.com.br\/site\/sem-categoria\/avianca-brasil-tera-foz-do-iguacu-a-partir-de-6-de-marco\/\" \/>\n<meta property=\"og:site_name\" content=\"Travel3\" \/>\n<meta property=\"article:publisher\" content=\"https:\/\/www.facebook.com\/travel3media\/\" \/>\n<meta property=\"article:published_time\" content=\"2017-07-28T16:16:57+00:00\" \/>\n<meta property=\"article:modified_time\" content=\"2017-09-12T18:12:53+00:00\" \/>\n<meta name=\"author\" content=\"admin\" \/>\n<meta name=\"twitter:card\" content=\"summary_large_image\" \/>\n<meta name=\"twitter:label1\" content=\"Escrito por\" \/>\n\t<meta name=\"twitter:data1\" content=\"admin\" \/>\n\t<meta name=\"twitter:label2\" content=\"Est. tempo de leitura\" \/>\n\t<meta name=\"twitter:data2\" content=\"2 minutos\" \/>\n<script type=\"application\/ld+json\" class=\"yoast-schema-graph\">{\"@context\":\"https:\/\/schema.org\",\"@graph\":[{\"@type\":\"Article\",\"@id\":\"https:\/\/www.travel3.com.br\/site\/sem-categoria\/avianca-brasil-tera-foz-do-iguacu-a-partir-de-6-de-marco\/#article\",\"isPartOf\":{\"@id\":\"https:\/\/www.travel3.com.br\/site\/sem-categoria\/avianca-brasil-tera-foz-do-iguacu-a-partir-de-6-de-marco\/\"},\"author\":{\"name\":\"admin\",\"@id\":\"https:\/\/www.travel3.com.br\/site\/#\/schema\/person\/a69d71e41a024999b6ab82369ac0bd1e\"},\"headline\":\"AVIANCA BRASIL TER\u00c1 FOZ DO IGUA\u00c7U A PARTIR DE 6 DE MAR\u00c7O\",\"datePublished\":\"2017-07-28T16:16:57+00:00\",\"dateModified\":\"2017-09-12T18:12:53+00:00\",\"mainEntityOfPage\":{\"@id\":\"https:\/\/www.travel3.com.br\/site\/sem-categoria\/avianca-brasil-tera-foz-do-iguacu-a-partir-de-6-de-marco\/\"},\"wordCount\":415,\"commentCount\":0,\"publisher\":{\"@id\":\"https:\/\/www.travel3.com.br\/site\/#organization\"},\"inLanguage\":\"pt-BR\",\"potentialAction\":[{\"@type\":\"CommentAction\",\"name\":\"Comment\",\"target\":[\"https:\/\/www.travel3.com.br\/site\/sem-categoria\/avianca-brasil-tera-foz-do-iguacu-a-partir-de-6-de-marco\/#respond\"]}]},{\"@type\":\"WebPage\",\"@id\":\"https:\/\/www.travel3.com.br\/site\/sem-categoria\/avianca-brasil-tera-foz-do-iguacu-a-partir-de-6-de-marco\/\",\"url\":\"https:\/\/www.travel3.com.br\/site\/sem-categoria\/avianca-brasil-tera-foz-do-iguacu-a-partir-de-6-de-marco\/\",\"name\":\"AVIANCA BRASIL TER\u00c1 FOZ DO IGUA\u00c7U A PARTIR DE 6 DE MAR\u00c7O - Travel3\",\"isPartOf\":{\"@id\":\"https:\/\/www.travel3.com.br\/site\/#website\"},\"datePublished\":\"2017-07-28T16:16:57+00:00\",\"dateModified\":\"2017-09-12T18:12:53+00:00\",\"description\":\"A TRAVEL3 \u00e9 um portal de conte\u00fado voltado para o turismo, encontre destinos, viagens, hospedagem, passagens, guias, not\u00edcias sobre o mercado do turismo, dicas de viagem, v\u00eddeos e podcast.\",\"breadcrumb\":{\"@id\":\"https:\/\/www.travel3.com.br\/site\/sem-categoria\/avianca-brasil-tera-foz-do-iguacu-a-partir-de-6-de-marco\/#breadcrumb\"},\"inLanguage\":\"pt-BR\",\"potentialAction\":[{\"@type\":\"ReadAction\",\"target\":[\"https:\/\/www.travel3.com.br\/site\/sem-categoria\/avianca-brasil-tera-foz-do-iguacu-a-partir-de-6-de-marco\/\"]}]},{\"@type\":\"BreadcrumbList\",\"@id\":\"https:\/\/www.travel3.com.br\/site\/sem-categoria\/avianca-brasil-tera-foz-do-iguacu-a-partir-de-6-de-marco\/#breadcrumb\",\"itemListElement\":[{\"@type\":\"ListItem\",\"position\":1,\"name\":\"In\u00edcio\",\"item\":\"https:\/\/www.travel3.com.br\/site\/\"},{\"@type\":\"ListItem\",\"position\":2,\"name\":\"AVIANCA BRASIL TER\u00c1 FOZ DO IGUA\u00c7U A PARTIR DE 6 DE MAR\u00c7O\"}]},{\"@type\":\"WebSite\",\"@id\":\"https:\/\/www.travel3.com.br\/site\/#website\",\"url\":\"https:\/\/www.travel3.com.br\/site\/\",\"name\":\"Travel3\",\"description\":\"Lazer + Neg&oacute;cios + Aventura\",\"publisher\":{\"@id\":\"https:\/\/www.travel3.com.br\/site\/#organization\"},\"potentialAction\":[{\"@type\":\"SearchAction\",\"target\":{\"@type\":\"EntryPoint\",\"urlTemplate\":\"https:\/\/www.travel3.com.br\/site\/?s={search_term_string}\"},\"query-input\":{\"@type\":\"PropertyValueSpecification\",\"valueRequired\":true,\"valueName\":\"search_term_string\"}}],\"inLanguage\":\"pt-BR\"},{\"@type\":\"Organization\",\"@id\":\"https:\/\/www.travel3.com.br\/site\/#organization\",\"name\":\"Travel3\",\"url\":\"https:\/\/www.travel3.com.br\/site\/\",\"logo\":{\"@type\":\"ImageObject\",\"inLanguage\":\"pt-BR\",\"@id\":\"https:\/\/www.travel3.com.br\/site\/#\/schema\/logo\/image\/\",\"url\":\"https:\/\/www.travel3.com.br\/site\/wp-content\/uploads\/2020\/01\/logo-travel3-2020.png\",\"contentUrl\":\"https:\/\/www.travel3.com.br\/site\/wp-content\/uploads\/2020\/01\/logo-travel3-2020.png\",\"width\":232,\"height\":79,\"caption\":\"Travel3\"},\"image\":{\"@id\":\"https:\/\/www.travel3.com.br\/site\/#\/schema\/logo\/image\/\"},\"sameAs\":[\"https:\/\/www.facebook.com\/travel3media\/\",\"https:\/\/www.instagram.com\/revistatravel3\/\",\"https:\/\/www.youtube.com\/channel\/UCno7J4paGBR3VbZQzvoJ9Eg\"]},{\"@type\":\"Person\",\"@id\":\"https:\/\/www.travel3.com.br\/site\/#\/schema\/person\/a69d71e41a024999b6ab82369ac0bd1e\",\"name\":\"admin\",\"image\":{\"@type\":\"ImageObject\",\"inLanguage\":\"pt-BR\",\"@id\":\"https:\/\/www.travel3.com.br\/site\/#\/schema\/person\/image\/\",\"url\":\"https:\/\/secure.gravatar.com\/avatar\/732a67adfd764da2a47ba10ce731c4c0?s=96&d=mm&r=g\",\"contentUrl\":\"https:\/\/secure.gravatar.com\/avatar\/732a67adfd764da2a47ba10ce731c4c0?s=96&d=mm&r=g\",\"caption\":\"admin\"},\"url\":\"https:\/\/www.travel3.com.br\/site\/author\/admin\/\"}]}<\/script>\n<!-- \/ Yoast SEO plugin. -->","yoast_head_json":{"title":"AVIANCA BRASIL TER\u00c1 FOZ DO IGUA\u00c7U A PARTIR DE 6 DE MAR\u00c7O - Travel3","description":"A TRAVEL3 \u00e9 um portal de conte\u00fado voltado para o turismo, encontre destinos, viagens, hospedagem, passagens, guias, not\u00edcias sobre o mercado do turismo, dicas de viagem, v\u00eddeos e podcast.","robots":{"index":"index","follow":"follow","max-snippet":"max-snippet:-1","max-image-preview":"max-image-preview:large","max-video-preview":"max-video-preview:-1"},"canonical":"https:\/\/www.travel3.com.br\/site\/sem-categoria\/avianca-brasil-tera-foz-do-iguacu-a-partir-de-6-de-marco\/","og_locale":"pt_BR","og_type":"article","og_title":"AVIANCA BRASIL TER\u00c1 FOZ DO IGUA\u00c7U A PARTIR DE 6 DE MAR\u00c7O - Travel3","og_description":"A TRAVEL3 \u00e9 um portal de conte\u00fado voltado para o turismo, encontre destinos, viagens, hospedagem, passagens, guias, not\u00edcias sobre o mercado do turismo, dicas de viagem, v\u00eddeos e podcast.","og_url":"https:\/\/www.travel3.com.br\/site\/sem-categoria\/avianca-brasil-tera-foz-do-iguacu-a-partir-de-6-de-marco\/","og_site_name":"Travel3","article_publisher":"https:\/\/www.facebook.com\/travel3media\/","article_published_time":"2017-07-28T16:16:57+00:00","article_modified_time":"2017-09-12T18:12:53+00:00","author":"admin","twitter_card":"summary_large_image","twitter_misc":{"Escrito por":"admin","Est. tempo de leitura":"2 minutos"},"schema":{"@context":"https:\/\/schema.org","@graph":[{"@type":"Article","@id":"https:\/\/www.travel3.com.br\/site\/sem-categoria\/avianca-brasil-tera-foz-do-iguacu-a-partir-de-6-de-marco\/#article","isPartOf":{"@id":"https:\/\/www.travel3.com.br\/site\/sem-categoria\/avianca-brasil-tera-foz-do-iguacu-a-partir-de-6-de-marco\/"},"author":{"name":"admin","@id":"https:\/\/www.travel3.com.br\/site\/#\/schema\/person\/a69d71e41a024999b6ab82369ac0bd1e"},"headline":"AVIANCA BRASIL TER\u00c1 FOZ DO IGUA\u00c7U A PARTIR DE 6 DE MAR\u00c7O","datePublished":"2017-07-28T16:16:57+00:00","dateModified":"2017-09-12T18:12:53+00:00","mainEntityOfPage":{"@id":"https:\/\/www.travel3.com.br\/site\/sem-categoria\/avianca-brasil-tera-foz-do-iguacu-a-partir-de-6-de-marco\/"},"wordCount":415,"commentCount":0,"publisher":{"@id":"https:\/\/www.travel3.com.br\/site\/#organization"},"inLanguage":"pt-BR","potentialAction":[{"@type":"CommentAction","name":"Comment","target":["https:\/\/www.travel3.com.br\/site\/sem-categoria\/avianca-brasil-tera-foz-do-iguacu-a-partir-de-6-de-marco\/#respond"]}]},{"@type":"WebPage","@id":"https:\/\/www.travel3.com.br\/site\/sem-categoria\/avianca-brasil-tera-foz-do-iguacu-a-partir-de-6-de-marco\/","url":"https:\/\/www.travel3.com.br\/site\/sem-categoria\/avianca-brasil-tera-foz-do-iguacu-a-partir-de-6-de-marco\/","name":"AVIANCA BRASIL TER\u00c1 FOZ DO IGUA\u00c7U A PARTIR DE 6 DE MAR\u00c7O - Travel3","isPartOf":{"@id":"https:\/\/www.travel3.com.br\/site\/#website"},"datePublished":"2017-07-28T16:16:57+00:00","dateModified":"2017-09-12T18:12:53+00:00","description":"A TRAVEL3 \u00e9 um portal de conte\u00fado voltado para o turismo, encontre destinos, viagens, hospedagem, passagens, guias, not\u00edcias sobre o mercado do turismo, dicas de viagem, v\u00eddeos e podcast.","breadcrumb":{"@id":"https:\/\/www.travel3.com.br\/site\/sem-categoria\/avianca-brasil-tera-foz-do-iguacu-a-partir-de-6-de-marco\/#breadcrumb"},"inLanguage":"pt-BR","potentialAction":[{"@type":"ReadAction","target":["https:\/\/www.travel3.com.br\/site\/sem-categoria\/avianca-brasil-tera-foz-do-iguacu-a-partir-de-6-de-marco\/"]}]},{"@type":"BreadcrumbList","@id":"https:\/\/www.travel3.com.br\/site\/sem-categoria\/avianca-brasil-tera-foz-do-iguacu-a-partir-de-6-de-marco\/#breadcrumb","itemListElement":[{"@type":"ListItem","position":1,"name":"In\u00edcio","item":"https:\/\/www.travel3.com.br\/site\/"},{"@type":"ListItem","position":2,"name":"AVIANCA BRASIL TER\u00c1 FOZ DO IGUA\u00c7U A PARTIR DE 6 DE MAR\u00c7O"}]},{"@type":"WebSite","@id":"https:\/\/www.travel3.com.br\/site\/#website","url":"https:\/\/www.travel3.com.br\/site\/","name":"Travel3","description":"Lazer + Neg&oacute;cios + Aventura","publisher":{"@id":"https:\/\/www.travel3.com.br\/site\/#organization"},"potentialAction":[{"@type":"SearchAction","target":{"@type":"EntryPoint","urlTemplate":"https:\/\/www.travel3.com.br\/site\/?s={search_term_string}"},"query-input":{"@type":"PropertyValueSpecification","valueRequired":true,"valueName":"search_term_string"}}],"inLanguage":"pt-BR"},{"@type":"Organization","@id":"https:\/\/www.travel3.com.br\/site\/#organization","name":"Travel3","url":"https:\/\/www.travel3.com.br\/site\/","logo":{"@type":"ImageObject","inLanguage":"pt-BR","@id":"https:\/\/www.travel3.com.br\/site\/#\/schema\/logo\/image\/","url":"https:\/\/www.travel3.com.br\/site\/wp-content\/uploads\/2020\/01\/logo-travel3-2020.png","contentUrl":"https:\/\/www.travel3.com.br\/site\/wp-content\/uploads\/2020\/01\/logo-travel3-2020.png","width":232,"height":79,"caption":"Travel3"},"image":{"@id":"https:\/\/www.travel3.com.br\/site\/#\/schema\/logo\/image\/"},"sameAs":["https:\/\/www.facebook.com\/travel3media\/","https:\/\/www.instagram.com\/revistatravel3\/","https:\/\/www.youtube.com\/channel\/UCno7J4paGBR3VbZQzvoJ9Eg"]},{"@type":"Person","@id":"https:\/\/www.travel3.com.br\/site\/#\/schema\/person\/a69d71e41a024999b6ab82369ac0bd1e","name":"admin","image":{"@type":"ImageObject","inLanguage":"pt-BR","@id":"https:\/\/www.travel3.com.br\/site\/#\/schema\/person\/image\/","url":"https:\/\/secure.gravatar.com\/avatar\/732a67adfd764da2a47ba10ce731c4c0?s=96&d=mm&r=g","contentUrl":"https:\/\/secure.gravatar.com\/avatar\/732a67adfd764da2a47ba10ce731c4c0?s=96&d=mm&r=g","caption":"admin"},"url":"https:\/\/www.travel3.com.br\/site\/author\/admin\/"}]}},"_links":{"self":[{"href":"https:\/\/www.travel3.com.br\/site\/wp-json\/wp\/v2\/posts\/3144","targetHints":{"allow":["GET"]}}],"collection":[{"href":"https:\/\/www.travel3.com.br\/site\/wp-json\/wp\/v2\/posts"}],"about":[{"href":"https:\/\/www.travel3.com.br\/site\/wp-json\/wp\/v2\/types\/post"}],"author":[{"embeddable":true,"href":"https:\/\/www.travel3.com.br\/site\/wp-json\/wp\/v2\/users\/1"}],"replies":[{"embeddable":true,"href":"https:\/\/www.travel3.com.br\/site\/wp-json\/wp\/v2\/comments?post=3144"}],"version-history":[{"count":1,"href":"https:\/\/www.travel3.com.br\/site\/wp-json\/wp\/v2\/posts\/3144\/revisions"}],"predecessor-version":[{"id":3941,"href":"https:\/\/www.travel3.com.br\/site\/wp-json\/wp\/v2\/posts\/3144\/revisions\/3941"}],"wp:attachment":[{"href":"https:\/\/www.travel3.com.br\/site\/wp-json\/wp\/v2\/media?parent=3144"}],"wp:term":[{"taxonomy":"category","embeddable":true,"href":"https:\/\/www.travel3.com.br\/site\/wp-json\/wp\/v2\/categories?post=3144"},{"taxonomy":"post_tag","embeddable":true,"href":"https:\/\/www.travel3.com.br\/site\/wp-json\/wp\/v2\/tags?post=3144"}],"curies":[{"name":"wp","href":"https:\/\/api.w.org\/{rel}","templated":true}]}}