{"id":3141,"date":"2017-07-31T23:01:22","date_gmt":"2017-07-31T23:01:22","guid":{"rendered":"http:\/\/www.travel3.com.br\/site\/ir-e-vir\/ar\/por-razoes-pessoais-isela-constantini-renuncia-ao-comando-da-aerolineas\/"},"modified":"2017-09-12T18:12:48","modified_gmt":"2017-09-12T18:12:48","slug":"por-razoes-pessoais-isela-constantini-renuncia-ao-comando-da-aerolineas","status":"publish","type":"post","link":"https:\/\/www.travel3.com.br\/site\/sem-categoria\/por-razoes-pessoais-isela-constantini-renuncia-ao-comando-da-aerolineas\/","title":{"rendered":"POR RAZ\u00d5ES PESSOAIS, ISELA CONSTANTINI RENUNCIA AO COMANDO DA AEROLINEAS"},"content":{"rendered":"<p><span style=\"color: #40acad; font-family: -apple-system, system-ui, 'Segoe UI', Roboto, Oxygen-Sans, Ubuntu, Cantarell, 'Helvetica Neue', sans-serif; font-size: 12px; font-weight: bold;\"><\/p>\n<p style=\"text-align:justify\">Antes de completar um ano de gest\u00e3o &#8211; seria em janeiro de 2017 &#8211; , Isela Constantini apresentou o seu pedido de demiss\u00e3o em car\u00e1ter irrevog\u00e1vel. Deixa o comando da empresa a\u00e9rea estatal da Argentina e ser\u00e1 substitu\u00edda por Mario Dell Acqua, segundo informes do Minist\u00e9rio de Transportes.<\/p>\n<p style=\"text-align:justify\">Hoje \u00e0 tarde haver\u00e1 uma coletiva na sede da companhia, no Aeroparque, em Buenos Aires quando a executiva (brasileira) dever\u00e1 expor as raz\u00f5es da sua renuncia. Ela foi designada presidente da empresa convidada pelo presidente Mauricio Macrri e assumiu em janeiro deste ano.<\/p>\n<p style=\"text-align:justify\"><a class=\"fancybox-media\" href=\"..\/_uploads\/_noticia\/2016-12\/aerolineasaiselaconstantini2.jpg\" rel=\"portfolio\"><img decoding=\"async\" alt=\"\" src=\"..\/_uploads\/_noticia\/2016-12\/aerolineasaiselaconstantini2.jpg\" \/><\/a><\/p>\n<p style=\"text-align:justify\">Tinha compromissos com a melhoria de servi\u00e7os e dentro de um prazo m\u00e1ximo de tr\u00eas anos tirar a Aerolineas do vermelho. Mas, neste ano, o d\u00e9ficit da empresa continua alto, mesmo com 7% a mais de passageiros transportados e apesar da revis\u00e3o de custos e algumas medidas que criaram problemas no mercado, como a declarada guerra de comiss\u00f5es com os agentes de viagem.<\/p>\n<p style=\"text-align:justify\">Em sua derradeira entrevista como presidente, a executiva &#8211; de nacionalidade brasileira \u2013 ex dirigente da General Motors no Brasil e na Argentina, com o triplo comando da empresa no Uruguai e Paraguai \u00a0\u2013 dizia de um panorama otimista para 2017, creditando um crescimento estimado de 12% de passageiros. Comemorava tamb\u00e9m o fato da companhia ter fechado o m\u00eas de novembro como a empresa de maior pontualidade (86,36%) do continente.<\/p>\n<p style=\"text-align:justify\">Entre os destaques da sua gest\u00e3o, a renegocia\u00e7\u00e3o da divida geral da Aerolineas e a aquisi\u00e7\u00e3o de 20 novos avi\u00f5es, anunciada nesta semana, com aquisi\u00e7\u00e3o de Boeings 737-800 MAX.<\/p>\n<p style=\"text-align:justify\">Entre os assuntos comentados para a decis\u00e3o de renuncia, na primeira baixa de import\u00e2ncia no atual governo, atritos existentes com dois ministros, Guilhermo Dietrich, dos Transportes e Francisco Cabrera, da Produ\u00e7\u00e3o Teriam a ver com alguns posicionamentos na rela\u00e7\u00e3o de Isela com os sindicatos da Aerolineas &#8211; que envolvem 10 mil funcion\u00e1rios &#8211; e a chegada das empresas de low cost ao mercado a\u00e9reo do pais, a partir de 2017.<\/p>\n<p style=\"text-align:justify\"><a class=\"fancybox-media\" href=\"..\/_uploads\/_noticia\/2016-12\/aerolineasargentinasnovopresidentedellacqua.jpg\" rel=\"portfolio\"><img decoding=\"async\" alt=\"\" src=\"..\/_uploads\/_noticia\/2016-12\/aerolineasargentinasnovopresidentedellacqua.jpg\" \/><\/a><\/p>\n<p style=\"text-align:justify\"><em>(Fotos \/ Divulga\u00e7\u00e3o \/ Telam)<\/em><\/p>\n<p style=\"text-align:justify\">O substituto Mario Dell Acqua, engenheiro industrial que tem 62 anos, vem com forma\u00e7\u00e3o do Liceo Naval Almirante Brown, estudos em Harvard e m\u00e1ster no Instituto Tecnologico de Buenos Aires. Ocupou o cargo de diretor de projetos da Techint, antes de ingressar no governo onde dirigia at\u00e9 ontem a Transcargo .<\/p>\n<p style=\"text-align:justify\">Por coincid\u00eancias de carreira, o novo presidente tamb\u00e9m teve carreira profissional com passagens pelo Brasil. Entre 2009 e 2011 foi diretor de investimentos da Ternium Brasil e entre 2012 e 2014 ocupou a dire\u00e7\u00e3o de Minera\u00e7\u00e3o da Usiminas<\/p>\n<p>\n\u00a0<\/p>\n<p>\u00a0<\/p>\n<p>\u00a0<\/p>\n<p><\/span><\/p>\n","protected":false},"excerpt":{"rendered":"<p>Decis\u00e3o tomada pela executiva surpreendeu e o substituto indicado pelo governo Macri j\u00e1 foi diretor da Usiminas<\/p>\n","protected":false},"author":1,"featured_media":0,"comment_status":"open","ping_status":"open","sticky":false,"template":"","format":"standard","meta":{"footnotes":""},"categories":[],"tags":[],"class_list":["post-3141","post","type-post","status-publish","format-standard","hentry"],"yoast_head":"<!-- This site is optimized with the Yoast SEO plugin v26.2 - https:\/\/yoast.com\/wordpress\/plugins\/seo\/ -->\n<title>POR RAZ\u00d5ES PESSOAIS, ISELA CONSTANTINI RENUNCIA AO COMANDO DA AEROLINEAS - Travel3<\/title>\n<meta name=\"description\" content=\"A TRAVEL3 \u00e9 um portal de conte\u00fado voltado para o turismo, encontre destinos, viagens, hospedagem, passagens, guias, not\u00edcias sobre o mercado do turismo, dicas de viagem, v\u00eddeos e podcast.\" \/>\n<meta name=\"robots\" content=\"index, follow, max-snippet:-1, max-image-preview:large, max-video-preview:-1\" \/>\n<link rel=\"canonical\" href=\"https:\/\/www.travel3.com.br\/site\/sem-categoria\/por-razoes-pessoais-isela-constantini-renuncia-ao-comando-da-aerolineas\/\" \/>\n<meta property=\"og:locale\" content=\"pt_BR\" \/>\n<meta property=\"og:type\" content=\"article\" \/>\n<meta property=\"og:title\" content=\"POR RAZ\u00d5ES PESSOAIS, ISELA CONSTANTINI RENUNCIA AO COMANDO DA AEROLINEAS - Travel3\" \/>\n<meta property=\"og:description\" content=\"A TRAVEL3 \u00e9 um portal de conte\u00fado voltado para o turismo, encontre destinos, viagens, hospedagem, passagens, guias, not\u00edcias sobre o mercado do turismo, dicas de viagem, v\u00eddeos e podcast.\" \/>\n<meta property=\"og:url\" content=\"https:\/\/www.travel3.com.br\/site\/sem-categoria\/por-razoes-pessoais-isela-constantini-renuncia-ao-comando-da-aerolineas\/\" \/>\n<meta property=\"og:site_name\" content=\"Travel3\" \/>\n<meta property=\"article:publisher\" content=\"https:\/\/www.facebook.com\/travel3media\/\" \/>\n<meta property=\"article:published_time\" content=\"2017-07-31T23:01:22+00:00\" \/>\n<meta property=\"article:modified_time\" content=\"2017-09-12T18:12:48+00:00\" \/>\n<meta name=\"author\" content=\"admin\" \/>\n<meta name=\"twitter:card\" content=\"summary_large_image\" \/>\n<meta name=\"twitter:label1\" content=\"Escrito por\" \/>\n\t<meta name=\"twitter:data1\" content=\"admin\" \/>\n\t<meta name=\"twitter:label2\" content=\"Est. tempo de leitura\" \/>\n\t<meta name=\"twitter:data2\" content=\"2 minutos\" \/>\n<script type=\"application\/ld+json\" class=\"yoast-schema-graph\">{\"@context\":\"https:\/\/schema.org\",\"@graph\":[{\"@type\":\"Article\",\"@id\":\"https:\/\/www.travel3.com.br\/site\/sem-categoria\/por-razoes-pessoais-isela-constantini-renuncia-ao-comando-da-aerolineas\/#article\",\"isPartOf\":{\"@id\":\"https:\/\/www.travel3.com.br\/site\/sem-categoria\/por-razoes-pessoais-isela-constantini-renuncia-ao-comando-da-aerolineas\/\"},\"author\":{\"name\":\"admin\",\"@id\":\"https:\/\/www.travel3.com.br\/site\/#\/schema\/person\/a69d71e41a024999b6ab82369ac0bd1e\"},\"headline\":\"POR RAZ\u00d5ES PESSOAIS, ISELA CONSTANTINI RENUNCIA AO COMANDO DA AEROLINEAS\",\"datePublished\":\"2017-07-31T23:01:22+00:00\",\"dateModified\":\"2017-09-12T18:12:48+00:00\",\"mainEntityOfPage\":{\"@id\":\"https:\/\/www.travel3.com.br\/site\/sem-categoria\/por-razoes-pessoais-isela-constantini-renuncia-ao-comando-da-aerolineas\/\"},\"wordCount\":442,\"commentCount\":0,\"publisher\":{\"@id\":\"https:\/\/www.travel3.com.br\/site\/#organization\"},\"inLanguage\":\"pt-BR\",\"potentialAction\":[{\"@type\":\"CommentAction\",\"name\":\"Comment\",\"target\":[\"https:\/\/www.travel3.com.br\/site\/sem-categoria\/por-razoes-pessoais-isela-constantini-renuncia-ao-comando-da-aerolineas\/#respond\"]}]},{\"@type\":\"WebPage\",\"@id\":\"https:\/\/www.travel3.com.br\/site\/sem-categoria\/por-razoes-pessoais-isela-constantini-renuncia-ao-comando-da-aerolineas\/\",\"url\":\"https:\/\/www.travel3.com.br\/site\/sem-categoria\/por-razoes-pessoais-isela-constantini-renuncia-ao-comando-da-aerolineas\/\",\"name\":\"POR RAZ\u00d5ES PESSOAIS, ISELA CONSTANTINI RENUNCIA AO COMANDO DA AEROLINEAS - Travel3\",\"isPartOf\":{\"@id\":\"https:\/\/www.travel3.com.br\/site\/#website\"},\"datePublished\":\"2017-07-31T23:01:22+00:00\",\"dateModified\":\"2017-09-12T18:12:48+00:00\",\"description\":\"A TRAVEL3 \u00e9 um portal de conte\u00fado voltado para o turismo, encontre destinos, viagens, hospedagem, passagens, guias, not\u00edcias sobre o mercado do turismo, dicas de viagem, v\u00eddeos e podcast.\",\"breadcrumb\":{\"@id\":\"https:\/\/www.travel3.com.br\/site\/sem-categoria\/por-razoes-pessoais-isela-constantini-renuncia-ao-comando-da-aerolineas\/#breadcrumb\"},\"inLanguage\":\"pt-BR\",\"potentialAction\":[{\"@type\":\"ReadAction\",\"target\":[\"https:\/\/www.travel3.com.br\/site\/sem-categoria\/por-razoes-pessoais-isela-constantini-renuncia-ao-comando-da-aerolineas\/\"]}]},{\"@type\":\"BreadcrumbList\",\"@id\":\"https:\/\/www.travel3.com.br\/site\/sem-categoria\/por-razoes-pessoais-isela-constantini-renuncia-ao-comando-da-aerolineas\/#breadcrumb\",\"itemListElement\":[{\"@type\":\"ListItem\",\"position\":1,\"name\":\"In\u00edcio\",\"item\":\"https:\/\/www.travel3.com.br\/site\/\"},{\"@type\":\"ListItem\",\"position\":2,\"name\":\"POR RAZ\u00d5ES PESSOAIS, ISELA CONSTANTINI RENUNCIA AO COMANDO DA AEROLINEAS\"}]},{\"@type\":\"WebSite\",\"@id\":\"https:\/\/www.travel3.com.br\/site\/#website\",\"url\":\"https:\/\/www.travel3.com.br\/site\/\",\"name\":\"Travel3\",\"description\":\"Lazer + Neg&oacute;cios + Aventura\",\"publisher\":{\"@id\":\"https:\/\/www.travel3.com.br\/site\/#organization\"},\"potentialAction\":[{\"@type\":\"SearchAction\",\"target\":{\"@type\":\"EntryPoint\",\"urlTemplate\":\"https:\/\/www.travel3.com.br\/site\/?s={search_term_string}\"},\"query-input\":{\"@type\":\"PropertyValueSpecification\",\"valueRequired\":true,\"valueName\":\"search_term_string\"}}],\"inLanguage\":\"pt-BR\"},{\"@type\":\"Organization\",\"@id\":\"https:\/\/www.travel3.com.br\/site\/#organization\",\"name\":\"Travel3\",\"url\":\"https:\/\/www.travel3.com.br\/site\/\",\"logo\":{\"@type\":\"ImageObject\",\"inLanguage\":\"pt-BR\",\"@id\":\"https:\/\/www.travel3.com.br\/site\/#\/schema\/logo\/image\/\",\"url\":\"https:\/\/www.travel3.com.br\/site\/wp-content\/uploads\/2020\/01\/logo-travel3-2020.png\",\"contentUrl\":\"https:\/\/www.travel3.com.br\/site\/wp-content\/uploads\/2020\/01\/logo-travel3-2020.png\",\"width\":232,\"height\":79,\"caption\":\"Travel3\"},\"image\":{\"@id\":\"https:\/\/www.travel3.com.br\/site\/#\/schema\/logo\/image\/\"},\"sameAs\":[\"https:\/\/www.facebook.com\/travel3media\/\",\"https:\/\/www.instagram.com\/revistatravel3\/\",\"https:\/\/www.youtube.com\/channel\/UCno7J4paGBR3VbZQzvoJ9Eg\"]},{\"@type\":\"Person\",\"@id\":\"https:\/\/www.travel3.com.br\/site\/#\/schema\/person\/a69d71e41a024999b6ab82369ac0bd1e\",\"name\":\"admin\",\"image\":{\"@type\":\"ImageObject\",\"inLanguage\":\"pt-BR\",\"@id\":\"https:\/\/www.travel3.com.br\/site\/#\/schema\/person\/image\/\",\"url\":\"https:\/\/secure.gravatar.com\/avatar\/732a67adfd764da2a47ba10ce731c4c0?s=96&d=mm&r=g\",\"contentUrl\":\"https:\/\/secure.gravatar.com\/avatar\/732a67adfd764da2a47ba10ce731c4c0?s=96&d=mm&r=g\",\"caption\":\"admin\"},\"url\":\"https:\/\/www.travel3.com.br\/site\/author\/admin\/\"}]}<\/script>\n<!-- \/ Yoast SEO plugin. -->","yoast_head_json":{"title":"POR RAZ\u00d5ES PESSOAIS, ISELA CONSTANTINI RENUNCIA AO COMANDO DA AEROLINEAS - Travel3","description":"A TRAVEL3 \u00e9 um portal de conte\u00fado voltado para o turismo, encontre destinos, viagens, hospedagem, passagens, guias, not\u00edcias sobre o mercado do turismo, dicas de viagem, v\u00eddeos e podcast.","robots":{"index":"index","follow":"follow","max-snippet":"max-snippet:-1","max-image-preview":"max-image-preview:large","max-video-preview":"max-video-preview:-1"},"canonical":"https:\/\/www.travel3.com.br\/site\/sem-categoria\/por-razoes-pessoais-isela-constantini-renuncia-ao-comando-da-aerolineas\/","og_locale":"pt_BR","og_type":"article","og_title":"POR RAZ\u00d5ES PESSOAIS, ISELA CONSTANTINI RENUNCIA AO COMANDO DA AEROLINEAS - Travel3","og_description":"A TRAVEL3 \u00e9 um portal de conte\u00fado voltado para o turismo, encontre destinos, viagens, hospedagem, passagens, guias, not\u00edcias sobre o mercado do turismo, dicas de viagem, v\u00eddeos e podcast.","og_url":"https:\/\/www.travel3.com.br\/site\/sem-categoria\/por-razoes-pessoais-isela-constantini-renuncia-ao-comando-da-aerolineas\/","og_site_name":"Travel3","article_publisher":"https:\/\/www.facebook.com\/travel3media\/","article_published_time":"2017-07-31T23:01:22+00:00","article_modified_time":"2017-09-12T18:12:48+00:00","author":"admin","twitter_card":"summary_large_image","twitter_misc":{"Escrito por":"admin","Est. tempo de leitura":"2 minutos"},"schema":{"@context":"https:\/\/schema.org","@graph":[{"@type":"Article","@id":"https:\/\/www.travel3.com.br\/site\/sem-categoria\/por-razoes-pessoais-isela-constantini-renuncia-ao-comando-da-aerolineas\/#article","isPartOf":{"@id":"https:\/\/www.travel3.com.br\/site\/sem-categoria\/por-razoes-pessoais-isela-constantini-renuncia-ao-comando-da-aerolineas\/"},"author":{"name":"admin","@id":"https:\/\/www.travel3.com.br\/site\/#\/schema\/person\/a69d71e41a024999b6ab82369ac0bd1e"},"headline":"POR RAZ\u00d5ES PESSOAIS, ISELA CONSTANTINI RENUNCIA AO COMANDO DA AEROLINEAS","datePublished":"2017-07-31T23:01:22+00:00","dateModified":"2017-09-12T18:12:48+00:00","mainEntityOfPage":{"@id":"https:\/\/www.travel3.com.br\/site\/sem-categoria\/por-razoes-pessoais-isela-constantini-renuncia-ao-comando-da-aerolineas\/"},"wordCount":442,"commentCount":0,"publisher":{"@id":"https:\/\/www.travel3.com.br\/site\/#organization"},"inLanguage":"pt-BR","potentialAction":[{"@type":"CommentAction","name":"Comment","target":["https:\/\/www.travel3.com.br\/site\/sem-categoria\/por-razoes-pessoais-isela-constantini-renuncia-ao-comando-da-aerolineas\/#respond"]}]},{"@type":"WebPage","@id":"https:\/\/www.travel3.com.br\/site\/sem-categoria\/por-razoes-pessoais-isela-constantini-renuncia-ao-comando-da-aerolineas\/","url":"https:\/\/www.travel3.com.br\/site\/sem-categoria\/por-razoes-pessoais-isela-constantini-renuncia-ao-comando-da-aerolineas\/","name":"POR RAZ\u00d5ES PESSOAIS, ISELA CONSTANTINI RENUNCIA AO COMANDO DA AEROLINEAS - Travel3","isPartOf":{"@id":"https:\/\/www.travel3.com.br\/site\/#website"},"datePublished":"2017-07-31T23:01:22+00:00","dateModified":"2017-09-12T18:12:48+00:00","description":"A TRAVEL3 \u00e9 um portal de conte\u00fado voltado para o turismo, encontre destinos, viagens, hospedagem, passagens, guias, not\u00edcias sobre o mercado do turismo, dicas de viagem, v\u00eddeos e podcast.","breadcrumb":{"@id":"https:\/\/www.travel3.com.br\/site\/sem-categoria\/por-razoes-pessoais-isela-constantini-renuncia-ao-comando-da-aerolineas\/#breadcrumb"},"inLanguage":"pt-BR","potentialAction":[{"@type":"ReadAction","target":["https:\/\/www.travel3.com.br\/site\/sem-categoria\/por-razoes-pessoais-isela-constantini-renuncia-ao-comando-da-aerolineas\/"]}]},{"@type":"BreadcrumbList","@id":"https:\/\/www.travel3.com.br\/site\/sem-categoria\/por-razoes-pessoais-isela-constantini-renuncia-ao-comando-da-aerolineas\/#breadcrumb","itemListElement":[{"@type":"ListItem","position":1,"name":"In\u00edcio","item":"https:\/\/www.travel3.com.br\/site\/"},{"@type":"ListItem","position":2,"name":"POR RAZ\u00d5ES PESSOAIS, ISELA CONSTANTINI RENUNCIA AO COMANDO DA AEROLINEAS"}]},{"@type":"WebSite","@id":"https:\/\/www.travel3.com.br\/site\/#website","url":"https:\/\/www.travel3.com.br\/site\/","name":"Travel3","description":"Lazer + Neg&oacute;cios + Aventura","publisher":{"@id":"https:\/\/www.travel3.com.br\/site\/#organization"},"potentialAction":[{"@type":"SearchAction","target":{"@type":"EntryPoint","urlTemplate":"https:\/\/www.travel3.com.br\/site\/?s={search_term_string}"},"query-input":{"@type":"PropertyValueSpecification","valueRequired":true,"valueName":"search_term_string"}}],"inLanguage":"pt-BR"},{"@type":"Organization","@id":"https:\/\/www.travel3.com.br\/site\/#organization","name":"Travel3","url":"https:\/\/www.travel3.com.br\/site\/","logo":{"@type":"ImageObject","inLanguage":"pt-BR","@id":"https:\/\/www.travel3.com.br\/site\/#\/schema\/logo\/image\/","url":"https:\/\/www.travel3.com.br\/site\/wp-content\/uploads\/2020\/01\/logo-travel3-2020.png","contentUrl":"https:\/\/www.travel3.com.br\/site\/wp-content\/uploads\/2020\/01\/logo-travel3-2020.png","width":232,"height":79,"caption":"Travel3"},"image":{"@id":"https:\/\/www.travel3.com.br\/site\/#\/schema\/logo\/image\/"},"sameAs":["https:\/\/www.facebook.com\/travel3media\/","https:\/\/www.instagram.com\/revistatravel3\/","https:\/\/www.youtube.com\/channel\/UCno7J4paGBR3VbZQzvoJ9Eg"]},{"@type":"Person","@id":"https:\/\/www.travel3.com.br\/site\/#\/schema\/person\/a69d71e41a024999b6ab82369ac0bd1e","name":"admin","image":{"@type":"ImageObject","inLanguage":"pt-BR","@id":"https:\/\/www.travel3.com.br\/site\/#\/schema\/person\/image\/","url":"https:\/\/secure.gravatar.com\/avatar\/732a67adfd764da2a47ba10ce731c4c0?s=96&d=mm&r=g","contentUrl":"https:\/\/secure.gravatar.com\/avatar\/732a67adfd764da2a47ba10ce731c4c0?s=96&d=mm&r=g","caption":"admin"},"url":"https:\/\/www.travel3.com.br\/site\/author\/admin\/"}]}},"_links":{"self":[{"href":"https:\/\/www.travel3.com.br\/site\/wp-json\/wp\/v2\/posts\/3141","targetHints":{"allow":["GET"]}}],"collection":[{"href":"https:\/\/www.travel3.com.br\/site\/wp-json\/wp\/v2\/posts"}],"about":[{"href":"https:\/\/www.travel3.com.br\/site\/wp-json\/wp\/v2\/types\/post"}],"author":[{"embeddable":true,"href":"https:\/\/www.travel3.com.br\/site\/wp-json\/wp\/v2\/users\/1"}],"replies":[{"embeddable":true,"href":"https:\/\/www.travel3.com.br\/site\/wp-json\/wp\/v2\/comments?post=3141"}],"version-history":[{"count":1,"href":"https:\/\/www.travel3.com.br\/site\/wp-json\/wp\/v2\/posts\/3141\/revisions"}],"predecessor-version":[{"id":3938,"href":"https:\/\/www.travel3.com.br\/site\/wp-json\/wp\/v2\/posts\/3141\/revisions\/3938"}],"wp:attachment":[{"href":"https:\/\/www.travel3.com.br\/site\/wp-json\/wp\/v2\/media?parent=3141"}],"wp:term":[{"taxonomy":"category","embeddable":true,"href":"https:\/\/www.travel3.com.br\/site\/wp-json\/wp\/v2\/categories?post=3141"},{"taxonomy":"post_tag","embeddable":true,"href":"https:\/\/www.travel3.com.br\/site\/wp-json\/wp\/v2\/tags?post=3141"}],"curies":[{"name":"wp","href":"https:\/\/api.w.org\/{rel}","templated":true}]}}