{"id":3138,"date":"2017-05-23T21:30:14","date_gmt":"2017-05-23T21:30:14","guid":{"rendered":"http:\/\/www.travel3.com.br\/site\/ir-e-vir\/ar\/reuniao-do-conselho-de-turismo-e-hospitalidade-da-cnc-com-o-mtur\/"},"modified":"2017-09-12T18:12:45","modified_gmt":"2017-09-12T18:12:45","slug":"reuniao-do-conselho-de-turismo-e-hospitalidade-da-cnc-com-o-mtur","status":"publish","type":"post","link":"https:\/\/www.travel3.com.br\/site\/sem-categoria\/reuniao-do-conselho-de-turismo-e-hospitalidade-da-cnc-com-o-mtur\/","title":{"rendered":"REUNI\u00c3O DO CONSELHO DE TURISMO E HOSPITALIDADE DA CNC COM O MTUR"},"content":{"rendered":"<p><span style=\"color: #40acad; font-family: -apple-system, system-ui, 'Segoe UI', Roboto, Oxygen-Sans, Ubuntu, Cantarell, 'Helvetica Neue', sans-serif; font-size: 12px; font-weight: bold;\"><\/p>\n<p style=\"text-align:justify\">Importante reuni\u00e3o do Conselho de Turismo e Hospitalidade da CNC &#8211; Confedera\u00e7\u00e3o Nacional do Com\u00e9rcio de Bens e Servi\u00e7os \u2013 com o ministro Marx Beltr\u00e3o foi realizada na sede do organismo no Rio de Janeiro, quando v\u00e1rios assuntos entraram em pauta: a revis\u00e3o da lei geral do turismo, isen\u00e7\u00e3o de vistos, aprova\u00e7\u00e3o do trabalho intermitente.<\/p>\n<p style=\"text-align:justify\">As demandas foram reiteradas por Alexandre Sampaio destacando o acolhimento e a sensibilidade do ministro do Turismo, alinhando as perspectivas do setor em rela\u00e7\u00e3o \u00e0 reformula\u00e7\u00e3o da Lei Geral do Turismo, que deve ter seu texto conclu\u00eddo no in\u00edcio de 2017 para o envio ao Congresso Nacional.<\/p>\n<p style=\"text-align:justify\">Sampaio destacou, ainda, a expectativa da entidade pela edi\u00e7\u00e3o de uma Medida Provis\u00f3ria que trata especificamente do trabalho intermitente.<\/p>\n<p style=\"text-align:justify\">A lista de demandas do setor foi refor\u00e7ada tamb\u00e9m pelo presidente da CNC, Ant\u00f4nio Oliveira Santos, que pediu o apoio do MTur na redu\u00e7\u00e3o da burocracia e facilita\u00e7\u00e3o de procedimentos.<\/p>\n<p style=\"text-align:start\">O tema geral do encontro foi\u00a0 \u201cRio de Janeiro o Port\u00e3o de Entrada do Brasil\u201d, quando\u00a0 os convidados abordaram\u00a0 como a cidade que recebeu os Jogos Ol\u00edmpicos como grande destaque do ano no receptivo tur\u00edstico,\u00a0 pode ser um dos principais polos de atra\u00e7\u00e3o e entrada dos\u00a0 visitantes\u00a0 estrangeiros no Pa\u00eds.<\/p>\n<p style=\"text-align:justify\"><a class=\"fancybox-media\" href=\"..\/_uploads\/_noticia\/2016-12\/mturministroemreuniaocncfotoroertocastro.jpg\" rel=\"portfolio\"><img decoding=\"async\" alt=\"\" src=\"..\/_uploads\/_noticia\/2016-12\/mturministroemreuniaocncfotoroertocastro.jpg\" \/><\/a><\/p>\n<p style=\"text-align:justify\">(<em>foto Roberto Castro\/Divulga\u00e7\u00e3o\/Mtur<\/em>)<\/p>\n<p style=\"text-align:justify\">O ministro do Turismo lembrou que na \u00faltima semana o Governo Federal anunciou a amplia\u00e7\u00e3o de cr\u00e9dito para micro e pequenas empresas, redu\u00e7\u00e3o na burocracia para importa\u00e7\u00e3o de produtos e a simplifica\u00e7\u00e3o do pagamento de obriga\u00e7\u00f5es trabalhistas, previdenci\u00e1rias e tribut\u00e1rias decorrentes da rela\u00e7\u00e3o de trabalho e a institui\u00e7\u00e3o da nota fiscal eletr\u00f4nica em todos os munic\u00edpios.<\/p>\n<p style=\"text-align:justify\">\u201cTemos ainda prevista a edi\u00e7\u00e3o de uma Medida Provis\u00f3ria para contrata\u00e7\u00e3o de trabalhadores por hora de trabalho, em jornada intermitente. Esse tema foi levado por v\u00e1rios minist\u00e9rios, inclusive o Minist\u00e9rio do Turismo, ao Pal\u00e1cio do Planalto, dentro da agenda de desenvolvimento do pa\u00eds\u201d, disse Beltr\u00e3o.<\/p>\n<p style=\"text-align:justify\">A lista de demandas do setor foi refor\u00e7ada tamb\u00e9m pelo presidente da CNC, Ant\u00f4nio Oliveira Santos, que pediu apoio do MTur na redu\u00e7\u00e3o da burocracia e facilita\u00e7\u00e3o de procedimentos.<\/p>\n<p style=\"text-align:justify\">No final da reuni\u00e3o, o chefe do departamento de Lazer do SESC, Anderson Dalbone, pediu apoio de Marx Beltr\u00e3o para editar uma portaria \u00a0de benef\u00edcios do turismo social. De acordo com a entidade, h\u00e1 uma legisla\u00e7\u00e3o que impede o recadastramento das unidades operacionais da institui\u00e7\u00e3o como Ag\u00eancias de Turismo. \u201c \u00c9 preciso uma portaria que regulamente o segmento para que as atividades n\u00e3o sejam interrompidas.\u201d, explicou.<\/p>\n<p style=\"text-align:justify\">O titular do MTur comprometeu-se ao encaminhamento jur\u00eddico da peti\u00e7\u00e3o para uma avalia\u00e7\u00e3o direta.<\/p>\n<p style=\"text-align:justify\"><a class=\"fancybox-media\" href=\"..\/_uploads\/_noticia\/2016-12\/alexandresampaionoescritoriorio.jpg\" rel=\"portfolio\"><img decoding=\"async\" alt=\"\" src=\"..\/_uploads\/_noticia\/2016-12\/alexandresampaionoescritoriorio.jpg\" \/><\/a><\/p>\n<p style=\"text-align:justify\"><span style=\"color:rgb(41, 46, 51)\">O Conselho Empresarial de Turismo e Hospitalidade (Cetur) da CNC, presidido pelo empres\u00e1rio Alexandre Sampaio, \u00e9 respons\u00e1vel pela organiza\u00e7\u00e3o e dissemina\u00e7\u00e3o de estudos e debates sobre a atividade econ\u00f4mica do turismo e promove a interlocu\u00e7\u00e3o entre a cadeia produtiva do turismo e o poder p\u00fablico. Tem atua\u00e7\u00e3o em tr\u00eas frentes distintas: Relacionamento pol\u00edtico e institucional, com a participa\u00e7\u00e3o na proposi\u00e7\u00e3o de pol\u00edticas p\u00fablicas; Pesquisas e produ\u00e7\u00e3o t\u00e9cnica sobre temas priorit\u00e1rios; e Promo\u00e7\u00e3o e participa\u00e7\u00e3o em eventos do setor. <\/span><\/p>\n<p style=\"text-align:justify\"><span style=\"color:rgb(41, 46, 51)\">O Cetur da CNC \u00e9 composto por 26 associa\u00e7\u00f5es empresariais nacionais de turismo e hospitalidade e por conselhos e c\u00e2maras de turismo das Federa\u00e7\u00f5es do Com\u00e9rcio de Bens, Servi\u00e7os e Turismo (Fecom\u00e9rcio) de todos os Estados, criados para fortalecer o desenvolvimento do turismo no ambiente regional..<\/span><\/p>\n<p>\u00a0<\/p>\n<p>\u00a0<\/p>\n<p><\/span><\/p>\n","protected":false},"excerpt":{"rendered":"<p>Ministro Marx Beltr\u00e3o recebeu pautas e demandas da entidade entregues por Alexandre Sampaio, Turismo Social completou o encontro<\/p>\n","protected":false},"author":1,"featured_media":0,"comment_status":"open","ping_status":"open","sticky":false,"template":"","format":"standard","meta":{"footnotes":""},"categories":[],"tags":[],"class_list":["post-3138","post","type-post","status-publish","format-standard","hentry"],"yoast_head":"<!-- This site is optimized with the Yoast SEO plugin v26.2 - https:\/\/yoast.com\/wordpress\/plugins\/seo\/ -->\n<title>REUNI\u00c3O DO CONSELHO DE TURISMO E HOSPITALIDADE DA CNC COM O MTUR - Travel3<\/title>\n<meta name=\"description\" content=\"A TRAVEL3 \u00e9 um portal de conte\u00fado voltado para o turismo, encontre destinos, viagens, hospedagem, passagens, guias, not\u00edcias sobre o mercado do turismo, dicas de viagem, v\u00eddeos e podcast.\" \/>\n<meta name=\"robots\" content=\"index, follow, max-snippet:-1, max-image-preview:large, max-video-preview:-1\" \/>\n<link rel=\"canonical\" href=\"https:\/\/www.travel3.com.br\/site\/sem-categoria\/reuniao-do-conselho-de-turismo-e-hospitalidade-da-cnc-com-o-mtur\/\" \/>\n<meta property=\"og:locale\" content=\"pt_BR\" \/>\n<meta property=\"og:type\" content=\"article\" \/>\n<meta property=\"og:title\" content=\"REUNI\u00c3O DO CONSELHO DE TURISMO E HOSPITALIDADE DA CNC COM O MTUR - Travel3\" \/>\n<meta property=\"og:description\" content=\"A TRAVEL3 \u00e9 um portal de conte\u00fado voltado para o turismo, encontre destinos, viagens, hospedagem, passagens, guias, not\u00edcias sobre o mercado do turismo, dicas de viagem, v\u00eddeos e podcast.\" \/>\n<meta property=\"og:url\" content=\"https:\/\/www.travel3.com.br\/site\/sem-categoria\/reuniao-do-conselho-de-turismo-e-hospitalidade-da-cnc-com-o-mtur\/\" \/>\n<meta property=\"og:site_name\" content=\"Travel3\" \/>\n<meta property=\"article:publisher\" content=\"https:\/\/www.facebook.com\/travel3media\/\" \/>\n<meta property=\"article:published_time\" content=\"2017-05-23T21:30:14+00:00\" \/>\n<meta property=\"article:modified_time\" content=\"2017-09-12T18:12:45+00:00\" \/>\n<meta name=\"author\" content=\"admin\" \/>\n<meta name=\"twitter:card\" content=\"summary_large_image\" \/>\n<meta name=\"twitter:label1\" content=\"Escrito por\" \/>\n\t<meta name=\"twitter:data1\" content=\"admin\" \/>\n\t<meta name=\"twitter:label2\" content=\"Est. tempo de leitura\" \/>\n\t<meta name=\"twitter:data2\" content=\"3 minutos\" \/>\n<script type=\"application\/ld+json\" class=\"yoast-schema-graph\">{\"@context\":\"https:\/\/schema.org\",\"@graph\":[{\"@type\":\"Article\",\"@id\":\"https:\/\/www.travel3.com.br\/site\/sem-categoria\/reuniao-do-conselho-de-turismo-e-hospitalidade-da-cnc-com-o-mtur\/#article\",\"isPartOf\":{\"@id\":\"https:\/\/www.travel3.com.br\/site\/sem-categoria\/reuniao-do-conselho-de-turismo-e-hospitalidade-da-cnc-com-o-mtur\/\"},\"author\":{\"name\":\"admin\",\"@id\":\"https:\/\/www.travel3.com.br\/site\/#\/schema\/person\/a69d71e41a024999b6ab82369ac0bd1e\"},\"headline\":\"REUNI\u00c3O DO CONSELHO DE TURISMO E HOSPITALIDADE DA CNC COM O MTUR\",\"datePublished\":\"2017-05-23T21:30:14+00:00\",\"dateModified\":\"2017-09-12T18:12:45+00:00\",\"mainEntityOfPage\":{\"@id\":\"https:\/\/www.travel3.com.br\/site\/sem-categoria\/reuniao-do-conselho-de-turismo-e-hospitalidade-da-cnc-com-o-mtur\/\"},\"wordCount\":632,\"commentCount\":0,\"publisher\":{\"@id\":\"https:\/\/www.travel3.com.br\/site\/#organization\"},\"inLanguage\":\"pt-BR\",\"potentialAction\":[{\"@type\":\"CommentAction\",\"name\":\"Comment\",\"target\":[\"https:\/\/www.travel3.com.br\/site\/sem-categoria\/reuniao-do-conselho-de-turismo-e-hospitalidade-da-cnc-com-o-mtur\/#respond\"]}]},{\"@type\":\"WebPage\",\"@id\":\"https:\/\/www.travel3.com.br\/site\/sem-categoria\/reuniao-do-conselho-de-turismo-e-hospitalidade-da-cnc-com-o-mtur\/\",\"url\":\"https:\/\/www.travel3.com.br\/site\/sem-categoria\/reuniao-do-conselho-de-turismo-e-hospitalidade-da-cnc-com-o-mtur\/\",\"name\":\"REUNI\u00c3O DO CONSELHO DE TURISMO E HOSPITALIDADE DA CNC COM O MTUR - Travel3\",\"isPartOf\":{\"@id\":\"https:\/\/www.travel3.com.br\/site\/#website\"},\"datePublished\":\"2017-05-23T21:30:14+00:00\",\"dateModified\":\"2017-09-12T18:12:45+00:00\",\"description\":\"A TRAVEL3 \u00e9 um portal de conte\u00fado voltado para o turismo, encontre destinos, viagens, hospedagem, passagens, guias, not\u00edcias sobre o mercado do turismo, dicas de viagem, v\u00eddeos e podcast.\",\"breadcrumb\":{\"@id\":\"https:\/\/www.travel3.com.br\/site\/sem-categoria\/reuniao-do-conselho-de-turismo-e-hospitalidade-da-cnc-com-o-mtur\/#breadcrumb\"},\"inLanguage\":\"pt-BR\",\"potentialAction\":[{\"@type\":\"ReadAction\",\"target\":[\"https:\/\/www.travel3.com.br\/site\/sem-categoria\/reuniao-do-conselho-de-turismo-e-hospitalidade-da-cnc-com-o-mtur\/\"]}]},{\"@type\":\"BreadcrumbList\",\"@id\":\"https:\/\/www.travel3.com.br\/site\/sem-categoria\/reuniao-do-conselho-de-turismo-e-hospitalidade-da-cnc-com-o-mtur\/#breadcrumb\",\"itemListElement\":[{\"@type\":\"ListItem\",\"position\":1,\"name\":\"In\u00edcio\",\"item\":\"https:\/\/www.travel3.com.br\/site\/\"},{\"@type\":\"ListItem\",\"position\":2,\"name\":\"REUNI\u00c3O DO CONSELHO DE TURISMO E HOSPITALIDADE DA CNC COM O MTUR\"}]},{\"@type\":\"WebSite\",\"@id\":\"https:\/\/www.travel3.com.br\/site\/#website\",\"url\":\"https:\/\/www.travel3.com.br\/site\/\",\"name\":\"Travel3\",\"description\":\"Lazer + Neg&oacute;cios + Aventura\",\"publisher\":{\"@id\":\"https:\/\/www.travel3.com.br\/site\/#organization\"},\"potentialAction\":[{\"@type\":\"SearchAction\",\"target\":{\"@type\":\"EntryPoint\",\"urlTemplate\":\"https:\/\/www.travel3.com.br\/site\/?s={search_term_string}\"},\"query-input\":{\"@type\":\"PropertyValueSpecification\",\"valueRequired\":true,\"valueName\":\"search_term_string\"}}],\"inLanguage\":\"pt-BR\"},{\"@type\":\"Organization\",\"@id\":\"https:\/\/www.travel3.com.br\/site\/#organization\",\"name\":\"Travel3\",\"url\":\"https:\/\/www.travel3.com.br\/site\/\",\"logo\":{\"@type\":\"ImageObject\",\"inLanguage\":\"pt-BR\",\"@id\":\"https:\/\/www.travel3.com.br\/site\/#\/schema\/logo\/image\/\",\"url\":\"https:\/\/www.travel3.com.br\/site\/wp-content\/uploads\/2020\/01\/logo-travel3-2020.png\",\"contentUrl\":\"https:\/\/www.travel3.com.br\/site\/wp-content\/uploads\/2020\/01\/logo-travel3-2020.png\",\"width\":232,\"height\":79,\"caption\":\"Travel3\"},\"image\":{\"@id\":\"https:\/\/www.travel3.com.br\/site\/#\/schema\/logo\/image\/\"},\"sameAs\":[\"https:\/\/www.facebook.com\/travel3media\/\",\"https:\/\/www.instagram.com\/revistatravel3\/\",\"https:\/\/www.youtube.com\/channel\/UCno7J4paGBR3VbZQzvoJ9Eg\"]},{\"@type\":\"Person\",\"@id\":\"https:\/\/www.travel3.com.br\/site\/#\/schema\/person\/a69d71e41a024999b6ab82369ac0bd1e\",\"name\":\"admin\",\"image\":{\"@type\":\"ImageObject\",\"inLanguage\":\"pt-BR\",\"@id\":\"https:\/\/www.travel3.com.br\/site\/#\/schema\/person\/image\/\",\"url\":\"https:\/\/secure.gravatar.com\/avatar\/732a67adfd764da2a47ba10ce731c4c0?s=96&d=mm&r=g\",\"contentUrl\":\"https:\/\/secure.gravatar.com\/avatar\/732a67adfd764da2a47ba10ce731c4c0?s=96&d=mm&r=g\",\"caption\":\"admin\"},\"url\":\"https:\/\/www.travel3.com.br\/site\/author\/admin\/\"}]}<\/script>\n<!-- \/ Yoast SEO plugin. -->","yoast_head_json":{"title":"REUNI\u00c3O DO CONSELHO DE TURISMO E HOSPITALIDADE DA CNC COM O MTUR - Travel3","description":"A TRAVEL3 \u00e9 um portal de conte\u00fado voltado para o turismo, encontre destinos, viagens, hospedagem, passagens, guias, not\u00edcias sobre o mercado do turismo, dicas de viagem, v\u00eddeos e podcast.","robots":{"index":"index","follow":"follow","max-snippet":"max-snippet:-1","max-image-preview":"max-image-preview:large","max-video-preview":"max-video-preview:-1"},"canonical":"https:\/\/www.travel3.com.br\/site\/sem-categoria\/reuniao-do-conselho-de-turismo-e-hospitalidade-da-cnc-com-o-mtur\/","og_locale":"pt_BR","og_type":"article","og_title":"REUNI\u00c3O DO CONSELHO DE TURISMO E HOSPITALIDADE DA CNC COM O MTUR - Travel3","og_description":"A TRAVEL3 \u00e9 um portal de conte\u00fado voltado para o turismo, encontre destinos, viagens, hospedagem, passagens, guias, not\u00edcias sobre o mercado do turismo, dicas de viagem, v\u00eddeos e podcast.","og_url":"https:\/\/www.travel3.com.br\/site\/sem-categoria\/reuniao-do-conselho-de-turismo-e-hospitalidade-da-cnc-com-o-mtur\/","og_site_name":"Travel3","article_publisher":"https:\/\/www.facebook.com\/travel3media\/","article_published_time":"2017-05-23T21:30:14+00:00","article_modified_time":"2017-09-12T18:12:45+00:00","author":"admin","twitter_card":"summary_large_image","twitter_misc":{"Escrito por":"admin","Est. tempo de leitura":"3 minutos"},"schema":{"@context":"https:\/\/schema.org","@graph":[{"@type":"Article","@id":"https:\/\/www.travel3.com.br\/site\/sem-categoria\/reuniao-do-conselho-de-turismo-e-hospitalidade-da-cnc-com-o-mtur\/#article","isPartOf":{"@id":"https:\/\/www.travel3.com.br\/site\/sem-categoria\/reuniao-do-conselho-de-turismo-e-hospitalidade-da-cnc-com-o-mtur\/"},"author":{"name":"admin","@id":"https:\/\/www.travel3.com.br\/site\/#\/schema\/person\/a69d71e41a024999b6ab82369ac0bd1e"},"headline":"REUNI\u00c3O DO CONSELHO DE TURISMO E HOSPITALIDADE DA CNC COM O MTUR","datePublished":"2017-05-23T21:30:14+00:00","dateModified":"2017-09-12T18:12:45+00:00","mainEntityOfPage":{"@id":"https:\/\/www.travel3.com.br\/site\/sem-categoria\/reuniao-do-conselho-de-turismo-e-hospitalidade-da-cnc-com-o-mtur\/"},"wordCount":632,"commentCount":0,"publisher":{"@id":"https:\/\/www.travel3.com.br\/site\/#organization"},"inLanguage":"pt-BR","potentialAction":[{"@type":"CommentAction","name":"Comment","target":["https:\/\/www.travel3.com.br\/site\/sem-categoria\/reuniao-do-conselho-de-turismo-e-hospitalidade-da-cnc-com-o-mtur\/#respond"]}]},{"@type":"WebPage","@id":"https:\/\/www.travel3.com.br\/site\/sem-categoria\/reuniao-do-conselho-de-turismo-e-hospitalidade-da-cnc-com-o-mtur\/","url":"https:\/\/www.travel3.com.br\/site\/sem-categoria\/reuniao-do-conselho-de-turismo-e-hospitalidade-da-cnc-com-o-mtur\/","name":"REUNI\u00c3O DO CONSELHO DE TURISMO E HOSPITALIDADE DA CNC COM O MTUR - Travel3","isPartOf":{"@id":"https:\/\/www.travel3.com.br\/site\/#website"},"datePublished":"2017-05-23T21:30:14+00:00","dateModified":"2017-09-12T18:12:45+00:00","description":"A TRAVEL3 \u00e9 um portal de conte\u00fado voltado para o turismo, encontre destinos, viagens, hospedagem, passagens, guias, not\u00edcias sobre o mercado do turismo, dicas de viagem, v\u00eddeos e podcast.","breadcrumb":{"@id":"https:\/\/www.travel3.com.br\/site\/sem-categoria\/reuniao-do-conselho-de-turismo-e-hospitalidade-da-cnc-com-o-mtur\/#breadcrumb"},"inLanguage":"pt-BR","potentialAction":[{"@type":"ReadAction","target":["https:\/\/www.travel3.com.br\/site\/sem-categoria\/reuniao-do-conselho-de-turismo-e-hospitalidade-da-cnc-com-o-mtur\/"]}]},{"@type":"BreadcrumbList","@id":"https:\/\/www.travel3.com.br\/site\/sem-categoria\/reuniao-do-conselho-de-turismo-e-hospitalidade-da-cnc-com-o-mtur\/#breadcrumb","itemListElement":[{"@type":"ListItem","position":1,"name":"In\u00edcio","item":"https:\/\/www.travel3.com.br\/site\/"},{"@type":"ListItem","position":2,"name":"REUNI\u00c3O DO CONSELHO DE TURISMO E HOSPITALIDADE DA CNC COM O MTUR"}]},{"@type":"WebSite","@id":"https:\/\/www.travel3.com.br\/site\/#website","url":"https:\/\/www.travel3.com.br\/site\/","name":"Travel3","description":"Lazer + Neg&oacute;cios + Aventura","publisher":{"@id":"https:\/\/www.travel3.com.br\/site\/#organization"},"potentialAction":[{"@type":"SearchAction","target":{"@type":"EntryPoint","urlTemplate":"https:\/\/www.travel3.com.br\/site\/?s={search_term_string}"},"query-input":{"@type":"PropertyValueSpecification","valueRequired":true,"valueName":"search_term_string"}}],"inLanguage":"pt-BR"},{"@type":"Organization","@id":"https:\/\/www.travel3.com.br\/site\/#organization","name":"Travel3","url":"https:\/\/www.travel3.com.br\/site\/","logo":{"@type":"ImageObject","inLanguage":"pt-BR","@id":"https:\/\/www.travel3.com.br\/site\/#\/schema\/logo\/image\/","url":"https:\/\/www.travel3.com.br\/site\/wp-content\/uploads\/2020\/01\/logo-travel3-2020.png","contentUrl":"https:\/\/www.travel3.com.br\/site\/wp-content\/uploads\/2020\/01\/logo-travel3-2020.png","width":232,"height":79,"caption":"Travel3"},"image":{"@id":"https:\/\/www.travel3.com.br\/site\/#\/schema\/logo\/image\/"},"sameAs":["https:\/\/www.facebook.com\/travel3media\/","https:\/\/www.instagram.com\/revistatravel3\/","https:\/\/www.youtube.com\/channel\/UCno7J4paGBR3VbZQzvoJ9Eg"]},{"@type":"Person","@id":"https:\/\/www.travel3.com.br\/site\/#\/schema\/person\/a69d71e41a024999b6ab82369ac0bd1e","name":"admin","image":{"@type":"ImageObject","inLanguage":"pt-BR","@id":"https:\/\/www.travel3.com.br\/site\/#\/schema\/person\/image\/","url":"https:\/\/secure.gravatar.com\/avatar\/732a67adfd764da2a47ba10ce731c4c0?s=96&d=mm&r=g","contentUrl":"https:\/\/secure.gravatar.com\/avatar\/732a67adfd764da2a47ba10ce731c4c0?s=96&d=mm&r=g","caption":"admin"},"url":"https:\/\/www.travel3.com.br\/site\/author\/admin\/"}]}},"_links":{"self":[{"href":"https:\/\/www.travel3.com.br\/site\/wp-json\/wp\/v2\/posts\/3138","targetHints":{"allow":["GET"]}}],"collection":[{"href":"https:\/\/www.travel3.com.br\/site\/wp-json\/wp\/v2\/posts"}],"about":[{"href":"https:\/\/www.travel3.com.br\/site\/wp-json\/wp\/v2\/types\/post"}],"author":[{"embeddable":true,"href":"https:\/\/www.travel3.com.br\/site\/wp-json\/wp\/v2\/users\/1"}],"replies":[{"embeddable":true,"href":"https:\/\/www.travel3.com.br\/site\/wp-json\/wp\/v2\/comments?post=3138"}],"version-history":[{"count":1,"href":"https:\/\/www.travel3.com.br\/site\/wp-json\/wp\/v2\/posts\/3138\/revisions"}],"predecessor-version":[{"id":3935,"href":"https:\/\/www.travel3.com.br\/site\/wp-json\/wp\/v2\/posts\/3138\/revisions\/3935"}],"wp:attachment":[{"href":"https:\/\/www.travel3.com.br\/site\/wp-json\/wp\/v2\/media?parent=3138"}],"wp:term":[{"taxonomy":"category","embeddable":true,"href":"https:\/\/www.travel3.com.br\/site\/wp-json\/wp\/v2\/categories?post=3138"},{"taxonomy":"post_tag","embeddable":true,"href":"https:\/\/www.travel3.com.br\/site\/wp-json\/wp\/v2\/tags?post=3138"}],"curies":[{"name":"wp","href":"https:\/\/api.w.org\/{rel}","templated":true}]}}