{"id":3120,"date":"2017-08-25T08:05:57","date_gmt":"2017-08-25T08:05:57","guid":{"rendered":"http:\/\/www.travel3.com.br\/site\/ir-e-vir\/ar\/pressoes-externas-a-justificativa-de-isela-para-a-sua-renuncia\/"},"modified":"2017-09-12T18:12:23","modified_gmt":"2017-09-12T18:12:23","slug":"pressoes-externas-a-justificativa-de-isela-para-a-sua-renuncia","status":"publish","type":"post","link":"https:\/\/www.travel3.com.br\/site\/sem-categoria\/pressoes-externas-a-justificativa-de-isela-para-a-sua-renuncia\/","title":{"rendered":"PRESS\u00d5ES EXTERNAS, A JUSTIFICATIVA DE ISELA PARA A SUA RENUNCIA"},"content":{"rendered":"<p><span style=\"color: #40acad; font-family: -apple-system, system-ui, 'Segoe UI', Roboto, Oxygen-Sans, Ubuntu, Cantarell, 'Helvetica Neue', sans-serif; font-size: 12px; font-weight: bold;\"><\/p>\n<p style=\"text-align:justify\">Vieram \u00e0 tona alguns dos motivos pelos quais Isela Constantini decidiu deixar a dire\u00e7\u00e3o da Aerolinas Argentinas. Em uma carta dirigida aos funcion\u00e1rios da empresa, ap\u00f3s classificar este ano como \u2018fant\u00e1stico e intenso\u2019, e se referir \u00e0 companhia como um \u2018espa\u00e7o de pleno potencial\u2019 \u00a0e em tom am\u00e1vel, expressou \u00a0agradecimentos.<\/p>\n<p style=\"text-align:justify\">Mas, nos bastidores, foram reconhecidos os atritos com o ministro de Transportes, Guillermo Dietrich \u2013 pela quest\u00e3o financeira da companhia \u2013 e algum tipo de press\u00f5es externas que motivaram a inesperada decis\u00e3o. \u00a0\u00a0Na quest\u00e3o da negocia\u00e7\u00e3o salarial de Aerolineas e Austral, que nos acordos deste ano estiveram com 35% a 46% em aumentos, bem acima de outros acordos sindicais com o governo.<\/p>\n<p style=\"text-align:justify\"><a class=\"fancybox-media\" href=\"..\/_uploads\/_noticia\/2016-12\/argentinaministrodostransportesuldrich.jpg\" rel=\"portfolio\"><img decoding=\"async\" alt=\"\" src=\"..\/_uploads\/_noticia\/2016-12\/argentinaministrodostransportesuldrich.jpg\" \/><\/a><\/p>\n<p style=\"text-align:justify\"><strong>Ministro dos Transportes da Argentina, um dos homens fortes do governo Macri<\/strong><\/p>\n<p style=\"text-align:justify\">Dietrich tamb\u00e9m for\u00e7ou a sa\u00edda do diretor de Recursos Humano, Daniel Maggi, ex LAN, que estava com a nova gest\u00e3o iniciada por Isela. J\u00e1 foi designado\u00a0 para o seu lugar, Juan Uribe, nome de estreita confian\u00e7a do ministro.<\/p>\n<p style=\"text-align:justify\">Um segundo ponto \u00e9 que a\u00e1 se tinha como certo a posi\u00e7\u00e3o contr\u00e1ria da ex-presidente e que ela iria questionar a audi\u00eancia do dia 27\/12, onde \u00a0vai se debater o ingresso de novas empresas no mercado a\u00e9reo argentino.<\/p>\n<p style=\"text-align:justify\">O ex-presidente da Aerolineas, Mariano Recalde, da era Cristina Kirchner, foi um dos primeiros a sair em defesa de Isela. \u00a0Via redes sociais, manifestou seu descontentamente com o que ocorreu, dizendo que Constantini representou em linhas gerais a continuidade do que vinhamos fazendo \u00e0 frente da Aerolineas, sua sa\u00edda representa uma mudan\u00e7a de rumo, com medidas que ser\u00e3o vantajosas para as empresas vinculadas ao governo e prejudicar\u00e3o a Aerolineas em sua desvincula\u00e7\u00e3o aerocomercial.<\/p>\n<p style=\"text-align:justify\">Em entrevista sobre a sa\u00edda de Isela e a posse de Mario Dall\u2019Acqua como novo presidente, o vice chefe de gabinete, Mario Quintana, reafirmou que o governo impulsiona uma pol\u00edtica \u00a0reguladora (n\u00e3o do tipo c\u00e9u aberto) e que \u2018o melhor que tem que fazer a Aerolineas Argentinas \u00e9 competir\u2019, referindo-se a outras empresas que est\u00e3o chegando no mercado .<\/p>\n<p style=\"text-align:justify\">Temos que entender que Aerolineas \u00e9 uma empresa de todos os argentinos, a servi\u00e7o dos argentinos e n\u00e3o pude ter os argentinos como contestadores. Todos queremos um melhor servi\u00e7o a\u00e9reo. \u00a0\u201cO melhor para todos \u00e9 que a AA seja uma empresa forte, competitiva e sem requerer subs\u00eddios p\u00fablicos.\u201d<\/p>\n<p>\n\u00a0<\/p>\n<p>\u00a0<\/p>\n<p><\/span><\/p>\n","protected":false},"excerpt":{"rendered":"<p>Atritos com o ministro dos transportes, a quest\u00e3o dos aumentos dos funcion\u00e1rios e a posi\u00e7ao contr\u00e1ria sobre libera\u00e7ao de novas empresas no mercado argentino<\/p>\n","protected":false},"author":1,"featured_media":0,"comment_status":"open","ping_status":"open","sticky":false,"template":"","format":"standard","meta":{"footnotes":""},"categories":[],"tags":[],"class_list":["post-3120","post","type-post","status-publish","format-standard","hentry"],"yoast_head":"<!-- This site is optimized with the Yoast SEO plugin v26.2 - https:\/\/yoast.com\/wordpress\/plugins\/seo\/ -->\n<title>PRESS\u00d5ES EXTERNAS, A JUSTIFICATIVA DE ISELA PARA A SUA RENUNCIA - Travel3<\/title>\n<meta name=\"description\" content=\"A TRAVEL3 \u00e9 um portal de conte\u00fado voltado para o turismo, encontre destinos, viagens, hospedagem, passagens, guias, not\u00edcias sobre o mercado do turismo, dicas de viagem, v\u00eddeos e podcast.\" \/>\n<meta name=\"robots\" content=\"index, follow, max-snippet:-1, max-image-preview:large, max-video-preview:-1\" \/>\n<link rel=\"canonical\" href=\"https:\/\/www.travel3.com.br\/site\/sem-categoria\/pressoes-externas-a-justificativa-de-isela-para-a-sua-renuncia\/\" \/>\n<meta property=\"og:locale\" content=\"pt_BR\" \/>\n<meta property=\"og:type\" content=\"article\" \/>\n<meta property=\"og:title\" content=\"PRESS\u00d5ES EXTERNAS, A JUSTIFICATIVA DE ISELA PARA A SUA RENUNCIA - Travel3\" \/>\n<meta property=\"og:description\" content=\"A TRAVEL3 \u00e9 um portal de conte\u00fado voltado para o turismo, encontre destinos, viagens, hospedagem, passagens, guias, not\u00edcias sobre o mercado do turismo, dicas de viagem, v\u00eddeos e podcast.\" \/>\n<meta property=\"og:url\" content=\"https:\/\/www.travel3.com.br\/site\/sem-categoria\/pressoes-externas-a-justificativa-de-isela-para-a-sua-renuncia\/\" \/>\n<meta property=\"og:site_name\" content=\"Travel3\" \/>\n<meta property=\"article:publisher\" content=\"https:\/\/www.facebook.com\/travel3media\/\" \/>\n<meta property=\"article:published_time\" content=\"2017-08-25T08:05:57+00:00\" \/>\n<meta property=\"article:modified_time\" content=\"2017-09-12T18:12:23+00:00\" \/>\n<meta name=\"author\" content=\"admin\" \/>\n<meta name=\"twitter:card\" content=\"summary_large_image\" \/>\n<meta name=\"twitter:label1\" content=\"Escrito por\" \/>\n\t<meta name=\"twitter:data1\" content=\"admin\" \/>\n\t<meta name=\"twitter:label2\" content=\"Est. tempo de leitura\" \/>\n\t<meta name=\"twitter:data2\" content=\"2 minutos\" \/>\n<script type=\"application\/ld+json\" class=\"yoast-schema-graph\">{\"@context\":\"https:\/\/schema.org\",\"@graph\":[{\"@type\":\"Article\",\"@id\":\"https:\/\/www.travel3.com.br\/site\/sem-categoria\/pressoes-externas-a-justificativa-de-isela-para-a-sua-renuncia\/#article\",\"isPartOf\":{\"@id\":\"https:\/\/www.travel3.com.br\/site\/sem-categoria\/pressoes-externas-a-justificativa-de-isela-para-a-sua-renuncia\/\"},\"author\":{\"name\":\"admin\",\"@id\":\"https:\/\/www.travel3.com.br\/site\/#\/schema\/person\/a69d71e41a024999b6ab82369ac0bd1e\"},\"headline\":\"PRESS\u00d5ES EXTERNAS, A JUSTIFICATIVA DE ISELA PARA A SUA RENUNCIA\",\"datePublished\":\"2017-08-25T08:05:57+00:00\",\"dateModified\":\"2017-09-12T18:12:23+00:00\",\"mainEntityOfPage\":{\"@id\":\"https:\/\/www.travel3.com.br\/site\/sem-categoria\/pressoes-externas-a-justificativa-de-isela-para-a-sua-renuncia\/\"},\"wordCount\":415,\"commentCount\":0,\"publisher\":{\"@id\":\"https:\/\/www.travel3.com.br\/site\/#organization\"},\"inLanguage\":\"pt-BR\",\"potentialAction\":[{\"@type\":\"CommentAction\",\"name\":\"Comment\",\"target\":[\"https:\/\/www.travel3.com.br\/site\/sem-categoria\/pressoes-externas-a-justificativa-de-isela-para-a-sua-renuncia\/#respond\"]}]},{\"@type\":\"WebPage\",\"@id\":\"https:\/\/www.travel3.com.br\/site\/sem-categoria\/pressoes-externas-a-justificativa-de-isela-para-a-sua-renuncia\/\",\"url\":\"https:\/\/www.travel3.com.br\/site\/sem-categoria\/pressoes-externas-a-justificativa-de-isela-para-a-sua-renuncia\/\",\"name\":\"PRESS\u00d5ES EXTERNAS, A JUSTIFICATIVA DE ISELA PARA A SUA RENUNCIA - Travel3\",\"isPartOf\":{\"@id\":\"https:\/\/www.travel3.com.br\/site\/#website\"},\"datePublished\":\"2017-08-25T08:05:57+00:00\",\"dateModified\":\"2017-09-12T18:12:23+00:00\",\"description\":\"A TRAVEL3 \u00e9 um portal de conte\u00fado voltado para o turismo, encontre destinos, viagens, hospedagem, passagens, guias, not\u00edcias sobre o mercado do turismo, dicas de viagem, v\u00eddeos e podcast.\",\"breadcrumb\":{\"@id\":\"https:\/\/www.travel3.com.br\/site\/sem-categoria\/pressoes-externas-a-justificativa-de-isela-para-a-sua-renuncia\/#breadcrumb\"},\"inLanguage\":\"pt-BR\",\"potentialAction\":[{\"@type\":\"ReadAction\",\"target\":[\"https:\/\/www.travel3.com.br\/site\/sem-categoria\/pressoes-externas-a-justificativa-de-isela-para-a-sua-renuncia\/\"]}]},{\"@type\":\"BreadcrumbList\",\"@id\":\"https:\/\/www.travel3.com.br\/site\/sem-categoria\/pressoes-externas-a-justificativa-de-isela-para-a-sua-renuncia\/#breadcrumb\",\"itemListElement\":[{\"@type\":\"ListItem\",\"position\":1,\"name\":\"In\u00edcio\",\"item\":\"https:\/\/www.travel3.com.br\/site\/\"},{\"@type\":\"ListItem\",\"position\":2,\"name\":\"PRESS\u00d5ES EXTERNAS, A JUSTIFICATIVA DE ISELA PARA A SUA RENUNCIA\"}]},{\"@type\":\"WebSite\",\"@id\":\"https:\/\/www.travel3.com.br\/site\/#website\",\"url\":\"https:\/\/www.travel3.com.br\/site\/\",\"name\":\"Travel3\",\"description\":\"Lazer + Neg&oacute;cios + Aventura\",\"publisher\":{\"@id\":\"https:\/\/www.travel3.com.br\/site\/#organization\"},\"potentialAction\":[{\"@type\":\"SearchAction\",\"target\":{\"@type\":\"EntryPoint\",\"urlTemplate\":\"https:\/\/www.travel3.com.br\/site\/?s={search_term_string}\"},\"query-input\":{\"@type\":\"PropertyValueSpecification\",\"valueRequired\":true,\"valueName\":\"search_term_string\"}}],\"inLanguage\":\"pt-BR\"},{\"@type\":\"Organization\",\"@id\":\"https:\/\/www.travel3.com.br\/site\/#organization\",\"name\":\"Travel3\",\"url\":\"https:\/\/www.travel3.com.br\/site\/\",\"logo\":{\"@type\":\"ImageObject\",\"inLanguage\":\"pt-BR\",\"@id\":\"https:\/\/www.travel3.com.br\/site\/#\/schema\/logo\/image\/\",\"url\":\"https:\/\/www.travel3.com.br\/site\/wp-content\/uploads\/2020\/01\/logo-travel3-2020.png\",\"contentUrl\":\"https:\/\/www.travel3.com.br\/site\/wp-content\/uploads\/2020\/01\/logo-travel3-2020.png\",\"width\":232,\"height\":79,\"caption\":\"Travel3\"},\"image\":{\"@id\":\"https:\/\/www.travel3.com.br\/site\/#\/schema\/logo\/image\/\"},\"sameAs\":[\"https:\/\/www.facebook.com\/travel3media\/\",\"https:\/\/www.instagram.com\/revistatravel3\/\",\"https:\/\/www.youtube.com\/channel\/UCno7J4paGBR3VbZQzvoJ9Eg\"]},{\"@type\":\"Person\",\"@id\":\"https:\/\/www.travel3.com.br\/site\/#\/schema\/person\/a69d71e41a024999b6ab82369ac0bd1e\",\"name\":\"admin\",\"image\":{\"@type\":\"ImageObject\",\"inLanguage\":\"pt-BR\",\"@id\":\"https:\/\/www.travel3.com.br\/site\/#\/schema\/person\/image\/\",\"url\":\"https:\/\/secure.gravatar.com\/avatar\/732a67adfd764da2a47ba10ce731c4c0?s=96&d=mm&r=g\",\"contentUrl\":\"https:\/\/secure.gravatar.com\/avatar\/732a67adfd764da2a47ba10ce731c4c0?s=96&d=mm&r=g\",\"caption\":\"admin\"},\"url\":\"https:\/\/www.travel3.com.br\/site\/author\/admin\/\"}]}<\/script>\n<!-- \/ Yoast SEO plugin. -->","yoast_head_json":{"title":"PRESS\u00d5ES EXTERNAS, A JUSTIFICATIVA DE ISELA PARA A SUA RENUNCIA - Travel3","description":"A TRAVEL3 \u00e9 um portal de conte\u00fado voltado para o turismo, encontre destinos, viagens, hospedagem, passagens, guias, not\u00edcias sobre o mercado do turismo, dicas de viagem, v\u00eddeos e podcast.","robots":{"index":"index","follow":"follow","max-snippet":"max-snippet:-1","max-image-preview":"max-image-preview:large","max-video-preview":"max-video-preview:-1"},"canonical":"https:\/\/www.travel3.com.br\/site\/sem-categoria\/pressoes-externas-a-justificativa-de-isela-para-a-sua-renuncia\/","og_locale":"pt_BR","og_type":"article","og_title":"PRESS\u00d5ES EXTERNAS, A JUSTIFICATIVA DE ISELA PARA A SUA RENUNCIA - Travel3","og_description":"A TRAVEL3 \u00e9 um portal de conte\u00fado voltado para o turismo, encontre destinos, viagens, hospedagem, passagens, guias, not\u00edcias sobre o mercado do turismo, dicas de viagem, v\u00eddeos e podcast.","og_url":"https:\/\/www.travel3.com.br\/site\/sem-categoria\/pressoes-externas-a-justificativa-de-isela-para-a-sua-renuncia\/","og_site_name":"Travel3","article_publisher":"https:\/\/www.facebook.com\/travel3media\/","article_published_time":"2017-08-25T08:05:57+00:00","article_modified_time":"2017-09-12T18:12:23+00:00","author":"admin","twitter_card":"summary_large_image","twitter_misc":{"Escrito por":"admin","Est. tempo de leitura":"2 minutos"},"schema":{"@context":"https:\/\/schema.org","@graph":[{"@type":"Article","@id":"https:\/\/www.travel3.com.br\/site\/sem-categoria\/pressoes-externas-a-justificativa-de-isela-para-a-sua-renuncia\/#article","isPartOf":{"@id":"https:\/\/www.travel3.com.br\/site\/sem-categoria\/pressoes-externas-a-justificativa-de-isela-para-a-sua-renuncia\/"},"author":{"name":"admin","@id":"https:\/\/www.travel3.com.br\/site\/#\/schema\/person\/a69d71e41a024999b6ab82369ac0bd1e"},"headline":"PRESS\u00d5ES EXTERNAS, A JUSTIFICATIVA DE ISELA PARA A SUA RENUNCIA","datePublished":"2017-08-25T08:05:57+00:00","dateModified":"2017-09-12T18:12:23+00:00","mainEntityOfPage":{"@id":"https:\/\/www.travel3.com.br\/site\/sem-categoria\/pressoes-externas-a-justificativa-de-isela-para-a-sua-renuncia\/"},"wordCount":415,"commentCount":0,"publisher":{"@id":"https:\/\/www.travel3.com.br\/site\/#organization"},"inLanguage":"pt-BR","potentialAction":[{"@type":"CommentAction","name":"Comment","target":["https:\/\/www.travel3.com.br\/site\/sem-categoria\/pressoes-externas-a-justificativa-de-isela-para-a-sua-renuncia\/#respond"]}]},{"@type":"WebPage","@id":"https:\/\/www.travel3.com.br\/site\/sem-categoria\/pressoes-externas-a-justificativa-de-isela-para-a-sua-renuncia\/","url":"https:\/\/www.travel3.com.br\/site\/sem-categoria\/pressoes-externas-a-justificativa-de-isela-para-a-sua-renuncia\/","name":"PRESS\u00d5ES EXTERNAS, A JUSTIFICATIVA DE ISELA PARA A SUA RENUNCIA - Travel3","isPartOf":{"@id":"https:\/\/www.travel3.com.br\/site\/#website"},"datePublished":"2017-08-25T08:05:57+00:00","dateModified":"2017-09-12T18:12:23+00:00","description":"A TRAVEL3 \u00e9 um portal de conte\u00fado voltado para o turismo, encontre destinos, viagens, hospedagem, passagens, guias, not\u00edcias sobre o mercado do turismo, dicas de viagem, v\u00eddeos e podcast.","breadcrumb":{"@id":"https:\/\/www.travel3.com.br\/site\/sem-categoria\/pressoes-externas-a-justificativa-de-isela-para-a-sua-renuncia\/#breadcrumb"},"inLanguage":"pt-BR","potentialAction":[{"@type":"ReadAction","target":["https:\/\/www.travel3.com.br\/site\/sem-categoria\/pressoes-externas-a-justificativa-de-isela-para-a-sua-renuncia\/"]}]},{"@type":"BreadcrumbList","@id":"https:\/\/www.travel3.com.br\/site\/sem-categoria\/pressoes-externas-a-justificativa-de-isela-para-a-sua-renuncia\/#breadcrumb","itemListElement":[{"@type":"ListItem","position":1,"name":"In\u00edcio","item":"https:\/\/www.travel3.com.br\/site\/"},{"@type":"ListItem","position":2,"name":"PRESS\u00d5ES EXTERNAS, A JUSTIFICATIVA DE ISELA PARA A SUA RENUNCIA"}]},{"@type":"WebSite","@id":"https:\/\/www.travel3.com.br\/site\/#website","url":"https:\/\/www.travel3.com.br\/site\/","name":"Travel3","description":"Lazer + Neg&oacute;cios + Aventura","publisher":{"@id":"https:\/\/www.travel3.com.br\/site\/#organization"},"potentialAction":[{"@type":"SearchAction","target":{"@type":"EntryPoint","urlTemplate":"https:\/\/www.travel3.com.br\/site\/?s={search_term_string}"},"query-input":{"@type":"PropertyValueSpecification","valueRequired":true,"valueName":"search_term_string"}}],"inLanguage":"pt-BR"},{"@type":"Organization","@id":"https:\/\/www.travel3.com.br\/site\/#organization","name":"Travel3","url":"https:\/\/www.travel3.com.br\/site\/","logo":{"@type":"ImageObject","inLanguage":"pt-BR","@id":"https:\/\/www.travel3.com.br\/site\/#\/schema\/logo\/image\/","url":"https:\/\/www.travel3.com.br\/site\/wp-content\/uploads\/2020\/01\/logo-travel3-2020.png","contentUrl":"https:\/\/www.travel3.com.br\/site\/wp-content\/uploads\/2020\/01\/logo-travel3-2020.png","width":232,"height":79,"caption":"Travel3"},"image":{"@id":"https:\/\/www.travel3.com.br\/site\/#\/schema\/logo\/image\/"},"sameAs":["https:\/\/www.facebook.com\/travel3media\/","https:\/\/www.instagram.com\/revistatravel3\/","https:\/\/www.youtube.com\/channel\/UCno7J4paGBR3VbZQzvoJ9Eg"]},{"@type":"Person","@id":"https:\/\/www.travel3.com.br\/site\/#\/schema\/person\/a69d71e41a024999b6ab82369ac0bd1e","name":"admin","image":{"@type":"ImageObject","inLanguage":"pt-BR","@id":"https:\/\/www.travel3.com.br\/site\/#\/schema\/person\/image\/","url":"https:\/\/secure.gravatar.com\/avatar\/732a67adfd764da2a47ba10ce731c4c0?s=96&d=mm&r=g","contentUrl":"https:\/\/secure.gravatar.com\/avatar\/732a67adfd764da2a47ba10ce731c4c0?s=96&d=mm&r=g","caption":"admin"},"url":"https:\/\/www.travel3.com.br\/site\/author\/admin\/"}]}},"_links":{"self":[{"href":"https:\/\/www.travel3.com.br\/site\/wp-json\/wp\/v2\/posts\/3120","targetHints":{"allow":["GET"]}}],"collection":[{"href":"https:\/\/www.travel3.com.br\/site\/wp-json\/wp\/v2\/posts"}],"about":[{"href":"https:\/\/www.travel3.com.br\/site\/wp-json\/wp\/v2\/types\/post"}],"author":[{"embeddable":true,"href":"https:\/\/www.travel3.com.br\/site\/wp-json\/wp\/v2\/users\/1"}],"replies":[{"embeddable":true,"href":"https:\/\/www.travel3.com.br\/site\/wp-json\/wp\/v2\/comments?post=3120"}],"version-history":[{"count":1,"href":"https:\/\/www.travel3.com.br\/site\/wp-json\/wp\/v2\/posts\/3120\/revisions"}],"predecessor-version":[{"id":3917,"href":"https:\/\/www.travel3.com.br\/site\/wp-json\/wp\/v2\/posts\/3120\/revisions\/3917"}],"wp:attachment":[{"href":"https:\/\/www.travel3.com.br\/site\/wp-json\/wp\/v2\/media?parent=3120"}],"wp:term":[{"taxonomy":"category","embeddable":true,"href":"https:\/\/www.travel3.com.br\/site\/wp-json\/wp\/v2\/categories?post=3120"},{"taxonomy":"post_tag","embeddable":true,"href":"https:\/\/www.travel3.com.br\/site\/wp-json\/wp\/v2\/tags?post=3120"}],"curies":[{"name":"wp","href":"https:\/\/api.w.org\/{rel}","templated":true}]}}