{"id":3119,"date":"2016-12-23T17:32:24","date_gmt":"2016-12-23T17:32:24","guid":{"rendered":"http:\/\/www.travel3.com.br\/site\/ir-e-vir\/ar\/accorhotels-anuncia-a-assinatura-de-contrato-de-um-novo-ibis\/"},"modified":"2017-09-12T18:12:22","modified_gmt":"2017-09-12T18:12:22","slug":"accorhotels-anuncia-a-assinatura-de-contrato-de-um-novo-ibis","status":"publish","type":"post","link":"https:\/\/www.travel3.com.br\/site\/sem-categoria\/accorhotels-anuncia-a-assinatura-de-contrato-de-um-novo-ibis\/","title":{"rendered":"ACCORHOTELS ANUNCIA A ASSINATURA DE CONTRATO DE UM NOVO IBIS"},"content":{"rendered":"<p><span style=\"color: #40acad; font-family: -apple-system, system-ui, 'Segoe UI', Roboto, Oxygen-Sans, Ubuntu, Cantarell, 'Helvetica Neue', sans-serif; font-size: 12px; font-weight: bold;\"><\/p>\n<p style=\"text-align: justify;\"><a class=\"fancybox-media\" href=\"..\/_uploads\/_noticia\/2016-12\/eduardo-camargo.jpg\" rel=\"portfolio\"><img decoding=\"async\" alt=\"\" src=\"..\/_uploads\/_noticia\/2016-12\/eduardo-camargo.jpg\" \/><\/a><\/p>\n<p style=\"text-align: justify;\"><strong>Eduardo Camargo, Diretor de Desenvolvimento de Novos Neg\u00f3cios da AccorHotels (Foto: Divulga\u00e7\u00e3o)<\/strong><\/p>\n<p style=\"text-align: justify;\">A AccorHotels anunciou o contrato de um ibis em Santa Cruz do Sul, no Rio Grande do Sul. O projeto \u00e9 fruto de uma parceria entre a V\u00eaneto Empreendimentos Imobili\u00e1rios, Swarowsky &#038; Moraes e Atrio Hot\u00e9is. A Atrio ser\u00e1 tamb\u00e9m a operadora do empreendimento, em contrato de franquia.<\/p>\n<p style=\"text-align: justify;\">A unidade estar\u00e1 localizada na Rua Thomas Flores, 438, Centro. \u201cA localiza\u00e7\u00e3o do hotel, em uma \u00e1rea nobre da cidade, oferece diversas facilidades aos h\u00f3spedes. A unidade ter\u00e1 126 apartamentos e promover\u00e1 a gera\u00e7\u00e3o de cerca de 56 empregos diretos. Esta inaugura\u00e7\u00e3o incentiva o turismo na cidade, movimentando o com\u00e9rcio e gerando oportunidades no mercado de trabalho\u201d, destaca o Diretor de Desenvolvimento de Novos Neg\u00f3cios da AccorHotels, Eduardo Camargo.<\/p>\n<p style=\"text-align: justify;\">Al\u00e9m disso, h\u00e1 ainda mais 6 empreendimentos em implanta\u00e7\u00e3o, que devem ser inaugurados at\u00e9 2020, quando o Grupo pretende alcan\u00e7ar a marca de 500 hot\u00e9is na Am\u00e9rica do Sul.<\/p>\n<p><\/span><\/p>\n","protected":false},"excerpt":{"rendered":"<p>O projeto \u00e9 fruto de uma parceria da empresa com a V\u00eaneto Empreendimentos Imobili\u00e1rios, Swarowsky &#038; Moraes e Atrio Hot\u00e9is<\/p>\n","protected":false},"author":1,"featured_media":0,"comment_status":"open","ping_status":"open","sticky":false,"template":"","format":"standard","meta":{"footnotes":""},"categories":[],"tags":[],"class_list":["post-3119","post","type-post","status-publish","format-standard","hentry"],"yoast_head":"<!-- This site is optimized with the Yoast SEO plugin v26.2 - https:\/\/yoast.com\/wordpress\/plugins\/seo\/ -->\n<title>ACCORHOTELS ANUNCIA A ASSINATURA DE CONTRATO DE UM NOVO IBIS - Travel3<\/title>\n<meta name=\"description\" content=\"A TRAVEL3 \u00e9 um portal de conte\u00fado voltado para o turismo, encontre destinos, viagens, hospedagem, passagens, guias, not\u00edcias sobre o mercado do turismo, dicas de viagem, v\u00eddeos e podcast.\" \/>\n<meta name=\"robots\" content=\"index, follow, max-snippet:-1, max-image-preview:large, max-video-preview:-1\" \/>\n<link rel=\"canonical\" href=\"https:\/\/www.travel3.com.br\/site\/sem-categoria\/accorhotels-anuncia-a-assinatura-de-contrato-de-um-novo-ibis\/\" \/>\n<meta property=\"og:locale\" content=\"pt_BR\" \/>\n<meta property=\"og:type\" content=\"article\" \/>\n<meta property=\"og:title\" content=\"ACCORHOTELS ANUNCIA A ASSINATURA DE CONTRATO DE UM NOVO IBIS - Travel3\" \/>\n<meta property=\"og:description\" content=\"A TRAVEL3 \u00e9 um portal de conte\u00fado voltado para o turismo, encontre destinos, viagens, hospedagem, passagens, guias, not\u00edcias sobre o mercado do turismo, dicas de viagem, v\u00eddeos e podcast.\" \/>\n<meta property=\"og:url\" content=\"https:\/\/www.travel3.com.br\/site\/sem-categoria\/accorhotels-anuncia-a-assinatura-de-contrato-de-um-novo-ibis\/\" \/>\n<meta property=\"og:site_name\" content=\"Travel3\" \/>\n<meta property=\"article:publisher\" content=\"https:\/\/www.facebook.com\/travel3media\/\" \/>\n<meta property=\"article:published_time\" content=\"2016-12-23T17:32:24+00:00\" \/>\n<meta property=\"article:modified_time\" content=\"2017-09-12T18:12:22+00:00\" \/>\n<meta name=\"author\" content=\"admin\" \/>\n<meta name=\"twitter:card\" content=\"summary_large_image\" \/>\n<meta name=\"twitter:label1\" content=\"Escrito por\" \/>\n\t<meta name=\"twitter:data1\" content=\"admin\" \/>\n\t<meta name=\"twitter:label2\" content=\"Est. tempo de leitura\" \/>\n\t<meta name=\"twitter:data2\" content=\"1 minuto\" \/>\n<script type=\"application\/ld+json\" class=\"yoast-schema-graph\">{\"@context\":\"https:\/\/schema.org\",\"@graph\":[{\"@type\":\"Article\",\"@id\":\"https:\/\/www.travel3.com.br\/site\/sem-categoria\/accorhotels-anuncia-a-assinatura-de-contrato-de-um-novo-ibis\/#article\",\"isPartOf\":{\"@id\":\"https:\/\/www.travel3.com.br\/site\/sem-categoria\/accorhotels-anuncia-a-assinatura-de-contrato-de-um-novo-ibis\/\"},\"author\":{\"name\":\"admin\",\"@id\":\"https:\/\/www.travel3.com.br\/site\/#\/schema\/person\/a69d71e41a024999b6ab82369ac0bd1e\"},\"headline\":\"ACCORHOTELS ANUNCIA A ASSINATURA DE CONTRATO DE UM NOVO IBIS\",\"datePublished\":\"2016-12-23T17:32:24+00:00\",\"dateModified\":\"2017-09-12T18:12:22+00:00\",\"mainEntityOfPage\":{\"@id\":\"https:\/\/www.travel3.com.br\/site\/sem-categoria\/accorhotels-anuncia-a-assinatura-de-contrato-de-um-novo-ibis\/\"},\"wordCount\":177,\"commentCount\":0,\"publisher\":{\"@id\":\"https:\/\/www.travel3.com.br\/site\/#organization\"},\"inLanguage\":\"pt-BR\",\"potentialAction\":[{\"@type\":\"CommentAction\",\"name\":\"Comment\",\"target\":[\"https:\/\/www.travel3.com.br\/site\/sem-categoria\/accorhotels-anuncia-a-assinatura-de-contrato-de-um-novo-ibis\/#respond\"]}]},{\"@type\":\"WebPage\",\"@id\":\"https:\/\/www.travel3.com.br\/site\/sem-categoria\/accorhotels-anuncia-a-assinatura-de-contrato-de-um-novo-ibis\/\",\"url\":\"https:\/\/www.travel3.com.br\/site\/sem-categoria\/accorhotels-anuncia-a-assinatura-de-contrato-de-um-novo-ibis\/\",\"name\":\"ACCORHOTELS ANUNCIA A ASSINATURA DE CONTRATO DE UM NOVO IBIS - Travel3\",\"isPartOf\":{\"@id\":\"https:\/\/www.travel3.com.br\/site\/#website\"},\"datePublished\":\"2016-12-23T17:32:24+00:00\",\"dateModified\":\"2017-09-12T18:12:22+00:00\",\"description\":\"A TRAVEL3 \u00e9 um portal de conte\u00fado voltado para o turismo, encontre destinos, viagens, hospedagem, passagens, guias, not\u00edcias sobre o mercado do turismo, dicas de viagem, v\u00eddeos e podcast.\",\"breadcrumb\":{\"@id\":\"https:\/\/www.travel3.com.br\/site\/sem-categoria\/accorhotels-anuncia-a-assinatura-de-contrato-de-um-novo-ibis\/#breadcrumb\"},\"inLanguage\":\"pt-BR\",\"potentialAction\":[{\"@type\":\"ReadAction\",\"target\":[\"https:\/\/www.travel3.com.br\/site\/sem-categoria\/accorhotels-anuncia-a-assinatura-de-contrato-de-um-novo-ibis\/\"]}]},{\"@type\":\"BreadcrumbList\",\"@id\":\"https:\/\/www.travel3.com.br\/site\/sem-categoria\/accorhotels-anuncia-a-assinatura-de-contrato-de-um-novo-ibis\/#breadcrumb\",\"itemListElement\":[{\"@type\":\"ListItem\",\"position\":1,\"name\":\"In\u00edcio\",\"item\":\"https:\/\/www.travel3.com.br\/site\/\"},{\"@type\":\"ListItem\",\"position\":2,\"name\":\"ACCORHOTELS ANUNCIA A ASSINATURA DE CONTRATO DE UM NOVO IBIS\"}]},{\"@type\":\"WebSite\",\"@id\":\"https:\/\/www.travel3.com.br\/site\/#website\",\"url\":\"https:\/\/www.travel3.com.br\/site\/\",\"name\":\"Travel3\",\"description\":\"Lazer + Neg&oacute;cios + Aventura\",\"publisher\":{\"@id\":\"https:\/\/www.travel3.com.br\/site\/#organization\"},\"potentialAction\":[{\"@type\":\"SearchAction\",\"target\":{\"@type\":\"EntryPoint\",\"urlTemplate\":\"https:\/\/www.travel3.com.br\/site\/?s={search_term_string}\"},\"query-input\":{\"@type\":\"PropertyValueSpecification\",\"valueRequired\":true,\"valueName\":\"search_term_string\"}}],\"inLanguage\":\"pt-BR\"},{\"@type\":\"Organization\",\"@id\":\"https:\/\/www.travel3.com.br\/site\/#organization\",\"name\":\"Travel3\",\"url\":\"https:\/\/www.travel3.com.br\/site\/\",\"logo\":{\"@type\":\"ImageObject\",\"inLanguage\":\"pt-BR\",\"@id\":\"https:\/\/www.travel3.com.br\/site\/#\/schema\/logo\/image\/\",\"url\":\"https:\/\/www.travel3.com.br\/site\/wp-content\/uploads\/2020\/01\/logo-travel3-2020.png\",\"contentUrl\":\"https:\/\/www.travel3.com.br\/site\/wp-content\/uploads\/2020\/01\/logo-travel3-2020.png\",\"width\":232,\"height\":79,\"caption\":\"Travel3\"},\"image\":{\"@id\":\"https:\/\/www.travel3.com.br\/site\/#\/schema\/logo\/image\/\"},\"sameAs\":[\"https:\/\/www.facebook.com\/travel3media\/\",\"https:\/\/www.instagram.com\/revistatravel3\/\",\"https:\/\/www.youtube.com\/channel\/UCno7J4paGBR3VbZQzvoJ9Eg\"]},{\"@type\":\"Person\",\"@id\":\"https:\/\/www.travel3.com.br\/site\/#\/schema\/person\/a69d71e41a024999b6ab82369ac0bd1e\",\"name\":\"admin\",\"image\":{\"@type\":\"ImageObject\",\"inLanguage\":\"pt-BR\",\"@id\":\"https:\/\/www.travel3.com.br\/site\/#\/schema\/person\/image\/\",\"url\":\"https:\/\/secure.gravatar.com\/avatar\/732a67adfd764da2a47ba10ce731c4c0?s=96&d=mm&r=g\",\"contentUrl\":\"https:\/\/secure.gravatar.com\/avatar\/732a67adfd764da2a47ba10ce731c4c0?s=96&d=mm&r=g\",\"caption\":\"admin\"},\"url\":\"https:\/\/www.travel3.com.br\/site\/author\/admin\/\"}]}<\/script>\n<!-- \/ Yoast SEO plugin. -->","yoast_head_json":{"title":"ACCORHOTELS ANUNCIA A ASSINATURA DE CONTRATO DE UM NOVO IBIS - Travel3","description":"A TRAVEL3 \u00e9 um portal de conte\u00fado voltado para o turismo, encontre destinos, viagens, hospedagem, passagens, guias, not\u00edcias sobre o mercado do turismo, dicas de viagem, v\u00eddeos e podcast.","robots":{"index":"index","follow":"follow","max-snippet":"max-snippet:-1","max-image-preview":"max-image-preview:large","max-video-preview":"max-video-preview:-1"},"canonical":"https:\/\/www.travel3.com.br\/site\/sem-categoria\/accorhotels-anuncia-a-assinatura-de-contrato-de-um-novo-ibis\/","og_locale":"pt_BR","og_type":"article","og_title":"ACCORHOTELS ANUNCIA A ASSINATURA DE CONTRATO DE UM NOVO IBIS - Travel3","og_description":"A TRAVEL3 \u00e9 um portal de conte\u00fado voltado para o turismo, encontre destinos, viagens, hospedagem, passagens, guias, not\u00edcias sobre o mercado do turismo, dicas de viagem, v\u00eddeos e podcast.","og_url":"https:\/\/www.travel3.com.br\/site\/sem-categoria\/accorhotels-anuncia-a-assinatura-de-contrato-de-um-novo-ibis\/","og_site_name":"Travel3","article_publisher":"https:\/\/www.facebook.com\/travel3media\/","article_published_time":"2016-12-23T17:32:24+00:00","article_modified_time":"2017-09-12T18:12:22+00:00","author":"admin","twitter_card":"summary_large_image","twitter_misc":{"Escrito por":"admin","Est. tempo de leitura":"1 minuto"},"schema":{"@context":"https:\/\/schema.org","@graph":[{"@type":"Article","@id":"https:\/\/www.travel3.com.br\/site\/sem-categoria\/accorhotels-anuncia-a-assinatura-de-contrato-de-um-novo-ibis\/#article","isPartOf":{"@id":"https:\/\/www.travel3.com.br\/site\/sem-categoria\/accorhotels-anuncia-a-assinatura-de-contrato-de-um-novo-ibis\/"},"author":{"name":"admin","@id":"https:\/\/www.travel3.com.br\/site\/#\/schema\/person\/a69d71e41a024999b6ab82369ac0bd1e"},"headline":"ACCORHOTELS ANUNCIA A ASSINATURA DE CONTRATO DE UM NOVO IBIS","datePublished":"2016-12-23T17:32:24+00:00","dateModified":"2017-09-12T18:12:22+00:00","mainEntityOfPage":{"@id":"https:\/\/www.travel3.com.br\/site\/sem-categoria\/accorhotels-anuncia-a-assinatura-de-contrato-de-um-novo-ibis\/"},"wordCount":177,"commentCount":0,"publisher":{"@id":"https:\/\/www.travel3.com.br\/site\/#organization"},"inLanguage":"pt-BR","potentialAction":[{"@type":"CommentAction","name":"Comment","target":["https:\/\/www.travel3.com.br\/site\/sem-categoria\/accorhotels-anuncia-a-assinatura-de-contrato-de-um-novo-ibis\/#respond"]}]},{"@type":"WebPage","@id":"https:\/\/www.travel3.com.br\/site\/sem-categoria\/accorhotels-anuncia-a-assinatura-de-contrato-de-um-novo-ibis\/","url":"https:\/\/www.travel3.com.br\/site\/sem-categoria\/accorhotels-anuncia-a-assinatura-de-contrato-de-um-novo-ibis\/","name":"ACCORHOTELS ANUNCIA A ASSINATURA DE CONTRATO DE UM NOVO IBIS - Travel3","isPartOf":{"@id":"https:\/\/www.travel3.com.br\/site\/#website"},"datePublished":"2016-12-23T17:32:24+00:00","dateModified":"2017-09-12T18:12:22+00:00","description":"A TRAVEL3 \u00e9 um portal de conte\u00fado voltado para o turismo, encontre destinos, viagens, hospedagem, passagens, guias, not\u00edcias sobre o mercado do turismo, dicas de viagem, v\u00eddeos e podcast.","breadcrumb":{"@id":"https:\/\/www.travel3.com.br\/site\/sem-categoria\/accorhotels-anuncia-a-assinatura-de-contrato-de-um-novo-ibis\/#breadcrumb"},"inLanguage":"pt-BR","potentialAction":[{"@type":"ReadAction","target":["https:\/\/www.travel3.com.br\/site\/sem-categoria\/accorhotels-anuncia-a-assinatura-de-contrato-de-um-novo-ibis\/"]}]},{"@type":"BreadcrumbList","@id":"https:\/\/www.travel3.com.br\/site\/sem-categoria\/accorhotels-anuncia-a-assinatura-de-contrato-de-um-novo-ibis\/#breadcrumb","itemListElement":[{"@type":"ListItem","position":1,"name":"In\u00edcio","item":"https:\/\/www.travel3.com.br\/site\/"},{"@type":"ListItem","position":2,"name":"ACCORHOTELS ANUNCIA A ASSINATURA DE CONTRATO DE UM NOVO IBIS"}]},{"@type":"WebSite","@id":"https:\/\/www.travel3.com.br\/site\/#website","url":"https:\/\/www.travel3.com.br\/site\/","name":"Travel3","description":"Lazer + Neg&oacute;cios + Aventura","publisher":{"@id":"https:\/\/www.travel3.com.br\/site\/#organization"},"potentialAction":[{"@type":"SearchAction","target":{"@type":"EntryPoint","urlTemplate":"https:\/\/www.travel3.com.br\/site\/?s={search_term_string}"},"query-input":{"@type":"PropertyValueSpecification","valueRequired":true,"valueName":"search_term_string"}}],"inLanguage":"pt-BR"},{"@type":"Organization","@id":"https:\/\/www.travel3.com.br\/site\/#organization","name":"Travel3","url":"https:\/\/www.travel3.com.br\/site\/","logo":{"@type":"ImageObject","inLanguage":"pt-BR","@id":"https:\/\/www.travel3.com.br\/site\/#\/schema\/logo\/image\/","url":"https:\/\/www.travel3.com.br\/site\/wp-content\/uploads\/2020\/01\/logo-travel3-2020.png","contentUrl":"https:\/\/www.travel3.com.br\/site\/wp-content\/uploads\/2020\/01\/logo-travel3-2020.png","width":232,"height":79,"caption":"Travel3"},"image":{"@id":"https:\/\/www.travel3.com.br\/site\/#\/schema\/logo\/image\/"},"sameAs":["https:\/\/www.facebook.com\/travel3media\/","https:\/\/www.instagram.com\/revistatravel3\/","https:\/\/www.youtube.com\/channel\/UCno7J4paGBR3VbZQzvoJ9Eg"]},{"@type":"Person","@id":"https:\/\/www.travel3.com.br\/site\/#\/schema\/person\/a69d71e41a024999b6ab82369ac0bd1e","name":"admin","image":{"@type":"ImageObject","inLanguage":"pt-BR","@id":"https:\/\/www.travel3.com.br\/site\/#\/schema\/person\/image\/","url":"https:\/\/secure.gravatar.com\/avatar\/732a67adfd764da2a47ba10ce731c4c0?s=96&d=mm&r=g","contentUrl":"https:\/\/secure.gravatar.com\/avatar\/732a67adfd764da2a47ba10ce731c4c0?s=96&d=mm&r=g","caption":"admin"},"url":"https:\/\/www.travel3.com.br\/site\/author\/admin\/"}]}},"_links":{"self":[{"href":"https:\/\/www.travel3.com.br\/site\/wp-json\/wp\/v2\/posts\/3119","targetHints":{"allow":["GET"]}}],"collection":[{"href":"https:\/\/www.travel3.com.br\/site\/wp-json\/wp\/v2\/posts"}],"about":[{"href":"https:\/\/www.travel3.com.br\/site\/wp-json\/wp\/v2\/types\/post"}],"author":[{"embeddable":true,"href":"https:\/\/www.travel3.com.br\/site\/wp-json\/wp\/v2\/users\/1"}],"replies":[{"embeddable":true,"href":"https:\/\/www.travel3.com.br\/site\/wp-json\/wp\/v2\/comments?post=3119"}],"version-history":[{"count":1,"href":"https:\/\/www.travel3.com.br\/site\/wp-json\/wp\/v2\/posts\/3119\/revisions"}],"predecessor-version":[{"id":3916,"href":"https:\/\/www.travel3.com.br\/site\/wp-json\/wp\/v2\/posts\/3119\/revisions\/3916"}],"wp:attachment":[{"href":"https:\/\/www.travel3.com.br\/site\/wp-json\/wp\/v2\/media?parent=3119"}],"wp:term":[{"taxonomy":"category","embeddable":true,"href":"https:\/\/www.travel3.com.br\/site\/wp-json\/wp\/v2\/categories?post=3119"},{"taxonomy":"post_tag","embeddable":true,"href":"https:\/\/www.travel3.com.br\/site\/wp-json\/wp\/v2\/tags?post=3119"}],"curies":[{"name":"wp","href":"https:\/\/api.w.org\/{rel}","templated":true}]}}