{"id":3109,"date":"2017-07-25T07:45:20","date_gmt":"2017-07-25T07:45:20","guid":{"rendered":"http:\/\/www.travel3.com.br\/site\/ir-e-vir\/ar\/catolicos-de-aleppo-assistem-missa-de-natal-depois-de-quatro-anos\/"},"modified":"2017-09-12T18:12:07","modified_gmt":"2017-09-12T18:12:07","slug":"catolicos-de-aleppo-assistem-missa-de-natal-depois-de-quatro-anos","status":"publish","type":"post","link":"https:\/\/www.travel3.com.br\/site\/sem-categoria\/catolicos-de-aleppo-assistem-missa-de-natal-depois-de-quatro-anos\/","title":{"rendered":"CATOLICOS DE ALEPPO ASSISTEM MISSA DE NATAL DEPOIS DE QUATRO ANOS"},"content":{"rendered":"<p><span style=\"color: #40acad; font-family: -apple-system, system-ui, 'Segoe UI', Roboto, Oxygen-Sans, Ubuntu, Cantarell, 'Helvetica Neue', sans-serif; font-size: 12px; font-weight: bold;\"><\/p>\n<p style=\"text-align:justify\">Uma pausa em meio ao conflito e destrui\u00e7\u00e3o. A igreja maronita de Santo Elias, em Aleppo, celebrou neste domingo a missa de Natal pela primeira vez em quatro anos. Neste per\u00edodo, os combates cerrados \u00a0na cidade s\u00edria obrigaram o templo crist\u00e3o a permanecer fechado.<\/p>\n<p style=\"text-align:justify\">Uma parte do teto da igreja est\u00e1 destru\u00edda, assim como os bancos de madeira, mas os fi\u00e9is reuniram-se e celebraram a liturgia sentados em cadeiras de pl\u00e1stico, tendo entoado c\u00e2nticos natal\u00ednos em \u00e1rabe, ingl\u00eas e franc\u00eas.<\/p>\n<p style=\"text-align:justify\">Entre os presentes, mu\u00e7ulmanos tamb\u00e9m assistiram ao ato religioso na igreja que foi constru\u00edda em 1873, e se encontra num bairro do centro hist\u00f3rico de Aleppo, \u00a0um dos mais atingidos nos combates entre tropas governamentais e rebeldes durante os \u00faltimos anos.<\/p>\n<p style=\"text-align:justify\">Na quinta-feira o Ex\u00e9rcito declarou Alepo &#8220;livre de terroristas&#8221; depois da sa\u00edda do \u00faltimo \u00a0grupo de pessoas que foram retiradas dos bairros sitiados da cidade, a maior do norte da S\u00edria e mais castigada durante a guerra.<\/p>\n<p style=\"text-align:justify\"><a class=\"fancybox-media\" href=\"..\/_uploads\/_noticia\/2016-12\/papapaznaterrasanta.jpg\" rel=\"portfolio\"><img decoding=\"async\" alt=\"\" src=\"..\/_uploads\/_noticia\/2016-12\/papapaznaterrasanta.jpg\" \/><\/a><\/p>\n<p style=\"text-align:justify\">O conflito na Terra Santa esteve entre os principais temas na missa oficiada pelo Papa Francisco, no Vaticano. Ele lan\u00e7ou um apelo \u00e0 paz &#8220;na S\u00edria martirizada onde tanto sangue foi j\u00e1 derramado&#8221; pedindo que &#8220;as armas se calem definitivamente&#8221;.<\/p>\n<p style=\"text-align:justify\">&#8220;\u00c9 tempo da comunidade internacional se empenhar ativamente numa solu\u00e7\u00e3o negocial&#8221;, declarou o papa na Pra\u00e7a de S\u00e3o Pedro, no Vaticano, por ocasi\u00e3o da tradicional mensagem de Natal, antes da b\u00ean\u00e7\u00e3o &#8220;Urbi et Orbi&#8221;.<\/p>\n<p style=\"text-align:justify\">O l\u00edder religioso apelou ainda \u00e0 paz na Terra Santa, pedindo que &#8220;israelitas e palestinianos tenham a coragem e a determina\u00e7\u00e3o de escrever uma nova p\u00e1gina da Hist\u00f3ria, onde o \u00f3dio e a vingan\u00e7a deem lugar \u00e0 vontade de constru\u00edrem juntos um futuro de compreens\u00e3o rec\u00edproca e harmonia&#8221;.<\/p>\n<p style=\"text-align:justify\">\u00a0<\/p>\n<p style=\"text-align:justify\">\u00a0<\/p>\n<p>\u00a0<\/p>\n<p><\/span><\/p>\n","protected":false},"excerpt":{"rendered":"<p>Igreja de Santo Elias \u2013 embora com escombros \u2013 foi reaberta para a liturgia na data m\u00e1xima da cristandade<\/p>\n","protected":false},"author":1,"featured_media":0,"comment_status":"open","ping_status":"open","sticky":false,"template":"","format":"standard","meta":{"footnotes":""},"categories":[],"tags":[],"class_list":["post-3109","post","type-post","status-publish","format-standard","hentry"],"yoast_head":"<!-- This site is optimized with the Yoast SEO plugin v26.2 - https:\/\/yoast.com\/wordpress\/plugins\/seo\/ -->\n<title>CATOLICOS DE ALEPPO ASSISTEM MISSA DE NATAL DEPOIS DE QUATRO ANOS - Travel3<\/title>\n<meta name=\"description\" content=\"A TRAVEL3 \u00e9 um portal de conte\u00fado voltado para o turismo, encontre destinos, viagens, hospedagem, passagens, guias, not\u00edcias sobre o mercado do turismo, dicas de viagem, v\u00eddeos e podcast.\" \/>\n<meta name=\"robots\" content=\"index, follow, max-snippet:-1, max-image-preview:large, max-video-preview:-1\" \/>\n<link rel=\"canonical\" href=\"https:\/\/www.travel3.com.br\/site\/sem-categoria\/catolicos-de-aleppo-assistem-missa-de-natal-depois-de-quatro-anos\/\" \/>\n<meta property=\"og:locale\" content=\"pt_BR\" \/>\n<meta property=\"og:type\" content=\"article\" \/>\n<meta property=\"og:title\" content=\"CATOLICOS DE ALEPPO ASSISTEM MISSA DE NATAL DEPOIS DE QUATRO ANOS - Travel3\" \/>\n<meta property=\"og:description\" content=\"A TRAVEL3 \u00e9 um portal de conte\u00fado voltado para o turismo, encontre destinos, viagens, hospedagem, passagens, guias, not\u00edcias sobre o mercado do turismo, dicas de viagem, v\u00eddeos e podcast.\" \/>\n<meta property=\"og:url\" content=\"https:\/\/www.travel3.com.br\/site\/sem-categoria\/catolicos-de-aleppo-assistem-missa-de-natal-depois-de-quatro-anos\/\" \/>\n<meta property=\"og:site_name\" content=\"Travel3\" \/>\n<meta property=\"article:publisher\" content=\"https:\/\/www.facebook.com\/travel3media\/\" \/>\n<meta property=\"article:published_time\" content=\"2017-07-25T07:45:20+00:00\" \/>\n<meta property=\"article:modified_time\" content=\"2017-09-12T18:12:07+00:00\" \/>\n<meta name=\"author\" content=\"admin\" \/>\n<meta name=\"twitter:card\" content=\"summary_large_image\" \/>\n<meta name=\"twitter:label1\" content=\"Escrito por\" \/>\n\t<meta name=\"twitter:data1\" content=\"admin\" \/>\n\t<meta name=\"twitter:label2\" content=\"Est. tempo de leitura\" \/>\n\t<meta name=\"twitter:data2\" content=\"2 minutos\" \/>\n<script type=\"application\/ld+json\" class=\"yoast-schema-graph\">{\"@context\":\"https:\/\/schema.org\",\"@graph\":[{\"@type\":\"Article\",\"@id\":\"https:\/\/www.travel3.com.br\/site\/sem-categoria\/catolicos-de-aleppo-assistem-missa-de-natal-depois-de-quatro-anos\/#article\",\"isPartOf\":{\"@id\":\"https:\/\/www.travel3.com.br\/site\/sem-categoria\/catolicos-de-aleppo-assistem-missa-de-natal-depois-de-quatro-anos\/\"},\"author\":{\"name\":\"admin\",\"@id\":\"https:\/\/www.travel3.com.br\/site\/#\/schema\/person\/a69d71e41a024999b6ab82369ac0bd1e\"},\"headline\":\"CATOLICOS DE ALEPPO ASSISTEM MISSA DE NATAL DEPOIS DE QUATRO ANOS\",\"datePublished\":\"2017-07-25T07:45:20+00:00\",\"dateModified\":\"2017-09-12T18:12:07+00:00\",\"mainEntityOfPage\":{\"@id\":\"https:\/\/www.travel3.com.br\/site\/sem-categoria\/catolicos-de-aleppo-assistem-missa-de-natal-depois-de-quatro-anos\/\"},\"wordCount\":320,\"commentCount\":0,\"publisher\":{\"@id\":\"https:\/\/www.travel3.com.br\/site\/#organization\"},\"inLanguage\":\"pt-BR\",\"potentialAction\":[{\"@type\":\"CommentAction\",\"name\":\"Comment\",\"target\":[\"https:\/\/www.travel3.com.br\/site\/sem-categoria\/catolicos-de-aleppo-assistem-missa-de-natal-depois-de-quatro-anos\/#respond\"]}]},{\"@type\":\"WebPage\",\"@id\":\"https:\/\/www.travel3.com.br\/site\/sem-categoria\/catolicos-de-aleppo-assistem-missa-de-natal-depois-de-quatro-anos\/\",\"url\":\"https:\/\/www.travel3.com.br\/site\/sem-categoria\/catolicos-de-aleppo-assistem-missa-de-natal-depois-de-quatro-anos\/\",\"name\":\"CATOLICOS DE ALEPPO ASSISTEM MISSA DE NATAL DEPOIS DE QUATRO ANOS - Travel3\",\"isPartOf\":{\"@id\":\"https:\/\/www.travel3.com.br\/site\/#website\"},\"datePublished\":\"2017-07-25T07:45:20+00:00\",\"dateModified\":\"2017-09-12T18:12:07+00:00\",\"description\":\"A TRAVEL3 \u00e9 um portal de conte\u00fado voltado para o turismo, encontre destinos, viagens, hospedagem, passagens, guias, not\u00edcias sobre o mercado do turismo, dicas de viagem, v\u00eddeos e podcast.\",\"breadcrumb\":{\"@id\":\"https:\/\/www.travel3.com.br\/site\/sem-categoria\/catolicos-de-aleppo-assistem-missa-de-natal-depois-de-quatro-anos\/#breadcrumb\"},\"inLanguage\":\"pt-BR\",\"potentialAction\":[{\"@type\":\"ReadAction\",\"target\":[\"https:\/\/www.travel3.com.br\/site\/sem-categoria\/catolicos-de-aleppo-assistem-missa-de-natal-depois-de-quatro-anos\/\"]}]},{\"@type\":\"BreadcrumbList\",\"@id\":\"https:\/\/www.travel3.com.br\/site\/sem-categoria\/catolicos-de-aleppo-assistem-missa-de-natal-depois-de-quatro-anos\/#breadcrumb\",\"itemListElement\":[{\"@type\":\"ListItem\",\"position\":1,\"name\":\"In\u00edcio\",\"item\":\"https:\/\/www.travel3.com.br\/site\/\"},{\"@type\":\"ListItem\",\"position\":2,\"name\":\"CATOLICOS DE ALEPPO ASSISTEM MISSA DE NATAL DEPOIS DE QUATRO ANOS\"}]},{\"@type\":\"WebSite\",\"@id\":\"https:\/\/www.travel3.com.br\/site\/#website\",\"url\":\"https:\/\/www.travel3.com.br\/site\/\",\"name\":\"Travel3\",\"description\":\"Lazer + Neg&oacute;cios + Aventura\",\"publisher\":{\"@id\":\"https:\/\/www.travel3.com.br\/site\/#organization\"},\"potentialAction\":[{\"@type\":\"SearchAction\",\"target\":{\"@type\":\"EntryPoint\",\"urlTemplate\":\"https:\/\/www.travel3.com.br\/site\/?s={search_term_string}\"},\"query-input\":{\"@type\":\"PropertyValueSpecification\",\"valueRequired\":true,\"valueName\":\"search_term_string\"}}],\"inLanguage\":\"pt-BR\"},{\"@type\":\"Organization\",\"@id\":\"https:\/\/www.travel3.com.br\/site\/#organization\",\"name\":\"Travel3\",\"url\":\"https:\/\/www.travel3.com.br\/site\/\",\"logo\":{\"@type\":\"ImageObject\",\"inLanguage\":\"pt-BR\",\"@id\":\"https:\/\/www.travel3.com.br\/site\/#\/schema\/logo\/image\/\",\"url\":\"https:\/\/www.travel3.com.br\/site\/wp-content\/uploads\/2020\/01\/logo-travel3-2020.png\",\"contentUrl\":\"https:\/\/www.travel3.com.br\/site\/wp-content\/uploads\/2020\/01\/logo-travel3-2020.png\",\"width\":232,\"height\":79,\"caption\":\"Travel3\"},\"image\":{\"@id\":\"https:\/\/www.travel3.com.br\/site\/#\/schema\/logo\/image\/\"},\"sameAs\":[\"https:\/\/www.facebook.com\/travel3media\/\",\"https:\/\/www.instagram.com\/revistatravel3\/\",\"https:\/\/www.youtube.com\/channel\/UCno7J4paGBR3VbZQzvoJ9Eg\"]},{\"@type\":\"Person\",\"@id\":\"https:\/\/www.travel3.com.br\/site\/#\/schema\/person\/a69d71e41a024999b6ab82369ac0bd1e\",\"name\":\"admin\",\"image\":{\"@type\":\"ImageObject\",\"inLanguage\":\"pt-BR\",\"@id\":\"https:\/\/www.travel3.com.br\/site\/#\/schema\/person\/image\/\",\"url\":\"https:\/\/secure.gravatar.com\/avatar\/732a67adfd764da2a47ba10ce731c4c0?s=96&d=mm&r=g\",\"contentUrl\":\"https:\/\/secure.gravatar.com\/avatar\/732a67adfd764da2a47ba10ce731c4c0?s=96&d=mm&r=g\",\"caption\":\"admin\"},\"url\":\"https:\/\/www.travel3.com.br\/site\/author\/admin\/\"}]}<\/script>\n<!-- \/ Yoast SEO plugin. -->","yoast_head_json":{"title":"CATOLICOS DE ALEPPO ASSISTEM MISSA DE NATAL DEPOIS DE QUATRO ANOS - Travel3","description":"A TRAVEL3 \u00e9 um portal de conte\u00fado voltado para o turismo, encontre destinos, viagens, hospedagem, passagens, guias, not\u00edcias sobre o mercado do turismo, dicas de viagem, v\u00eddeos e podcast.","robots":{"index":"index","follow":"follow","max-snippet":"max-snippet:-1","max-image-preview":"max-image-preview:large","max-video-preview":"max-video-preview:-1"},"canonical":"https:\/\/www.travel3.com.br\/site\/sem-categoria\/catolicos-de-aleppo-assistem-missa-de-natal-depois-de-quatro-anos\/","og_locale":"pt_BR","og_type":"article","og_title":"CATOLICOS DE ALEPPO ASSISTEM MISSA DE NATAL DEPOIS DE QUATRO ANOS - Travel3","og_description":"A TRAVEL3 \u00e9 um portal de conte\u00fado voltado para o turismo, encontre destinos, viagens, hospedagem, passagens, guias, not\u00edcias sobre o mercado do turismo, dicas de viagem, v\u00eddeos e podcast.","og_url":"https:\/\/www.travel3.com.br\/site\/sem-categoria\/catolicos-de-aleppo-assistem-missa-de-natal-depois-de-quatro-anos\/","og_site_name":"Travel3","article_publisher":"https:\/\/www.facebook.com\/travel3media\/","article_published_time":"2017-07-25T07:45:20+00:00","article_modified_time":"2017-09-12T18:12:07+00:00","author":"admin","twitter_card":"summary_large_image","twitter_misc":{"Escrito por":"admin","Est. tempo de leitura":"2 minutos"},"schema":{"@context":"https:\/\/schema.org","@graph":[{"@type":"Article","@id":"https:\/\/www.travel3.com.br\/site\/sem-categoria\/catolicos-de-aleppo-assistem-missa-de-natal-depois-de-quatro-anos\/#article","isPartOf":{"@id":"https:\/\/www.travel3.com.br\/site\/sem-categoria\/catolicos-de-aleppo-assistem-missa-de-natal-depois-de-quatro-anos\/"},"author":{"name":"admin","@id":"https:\/\/www.travel3.com.br\/site\/#\/schema\/person\/a69d71e41a024999b6ab82369ac0bd1e"},"headline":"CATOLICOS DE ALEPPO ASSISTEM MISSA DE NATAL DEPOIS DE QUATRO ANOS","datePublished":"2017-07-25T07:45:20+00:00","dateModified":"2017-09-12T18:12:07+00:00","mainEntityOfPage":{"@id":"https:\/\/www.travel3.com.br\/site\/sem-categoria\/catolicos-de-aleppo-assistem-missa-de-natal-depois-de-quatro-anos\/"},"wordCount":320,"commentCount":0,"publisher":{"@id":"https:\/\/www.travel3.com.br\/site\/#organization"},"inLanguage":"pt-BR","potentialAction":[{"@type":"CommentAction","name":"Comment","target":["https:\/\/www.travel3.com.br\/site\/sem-categoria\/catolicos-de-aleppo-assistem-missa-de-natal-depois-de-quatro-anos\/#respond"]}]},{"@type":"WebPage","@id":"https:\/\/www.travel3.com.br\/site\/sem-categoria\/catolicos-de-aleppo-assistem-missa-de-natal-depois-de-quatro-anos\/","url":"https:\/\/www.travel3.com.br\/site\/sem-categoria\/catolicos-de-aleppo-assistem-missa-de-natal-depois-de-quatro-anos\/","name":"CATOLICOS DE ALEPPO ASSISTEM MISSA DE NATAL DEPOIS DE QUATRO ANOS - Travel3","isPartOf":{"@id":"https:\/\/www.travel3.com.br\/site\/#website"},"datePublished":"2017-07-25T07:45:20+00:00","dateModified":"2017-09-12T18:12:07+00:00","description":"A TRAVEL3 \u00e9 um portal de conte\u00fado voltado para o turismo, encontre destinos, viagens, hospedagem, passagens, guias, not\u00edcias sobre o mercado do turismo, dicas de viagem, v\u00eddeos e podcast.","breadcrumb":{"@id":"https:\/\/www.travel3.com.br\/site\/sem-categoria\/catolicos-de-aleppo-assistem-missa-de-natal-depois-de-quatro-anos\/#breadcrumb"},"inLanguage":"pt-BR","potentialAction":[{"@type":"ReadAction","target":["https:\/\/www.travel3.com.br\/site\/sem-categoria\/catolicos-de-aleppo-assistem-missa-de-natal-depois-de-quatro-anos\/"]}]},{"@type":"BreadcrumbList","@id":"https:\/\/www.travel3.com.br\/site\/sem-categoria\/catolicos-de-aleppo-assistem-missa-de-natal-depois-de-quatro-anos\/#breadcrumb","itemListElement":[{"@type":"ListItem","position":1,"name":"In\u00edcio","item":"https:\/\/www.travel3.com.br\/site\/"},{"@type":"ListItem","position":2,"name":"CATOLICOS DE ALEPPO ASSISTEM MISSA DE NATAL DEPOIS DE QUATRO ANOS"}]},{"@type":"WebSite","@id":"https:\/\/www.travel3.com.br\/site\/#website","url":"https:\/\/www.travel3.com.br\/site\/","name":"Travel3","description":"Lazer + Neg&oacute;cios + Aventura","publisher":{"@id":"https:\/\/www.travel3.com.br\/site\/#organization"},"potentialAction":[{"@type":"SearchAction","target":{"@type":"EntryPoint","urlTemplate":"https:\/\/www.travel3.com.br\/site\/?s={search_term_string}"},"query-input":{"@type":"PropertyValueSpecification","valueRequired":true,"valueName":"search_term_string"}}],"inLanguage":"pt-BR"},{"@type":"Organization","@id":"https:\/\/www.travel3.com.br\/site\/#organization","name":"Travel3","url":"https:\/\/www.travel3.com.br\/site\/","logo":{"@type":"ImageObject","inLanguage":"pt-BR","@id":"https:\/\/www.travel3.com.br\/site\/#\/schema\/logo\/image\/","url":"https:\/\/www.travel3.com.br\/site\/wp-content\/uploads\/2020\/01\/logo-travel3-2020.png","contentUrl":"https:\/\/www.travel3.com.br\/site\/wp-content\/uploads\/2020\/01\/logo-travel3-2020.png","width":232,"height":79,"caption":"Travel3"},"image":{"@id":"https:\/\/www.travel3.com.br\/site\/#\/schema\/logo\/image\/"},"sameAs":["https:\/\/www.facebook.com\/travel3media\/","https:\/\/www.instagram.com\/revistatravel3\/","https:\/\/www.youtube.com\/channel\/UCno7J4paGBR3VbZQzvoJ9Eg"]},{"@type":"Person","@id":"https:\/\/www.travel3.com.br\/site\/#\/schema\/person\/a69d71e41a024999b6ab82369ac0bd1e","name":"admin","image":{"@type":"ImageObject","inLanguage":"pt-BR","@id":"https:\/\/www.travel3.com.br\/site\/#\/schema\/person\/image\/","url":"https:\/\/secure.gravatar.com\/avatar\/732a67adfd764da2a47ba10ce731c4c0?s=96&d=mm&r=g","contentUrl":"https:\/\/secure.gravatar.com\/avatar\/732a67adfd764da2a47ba10ce731c4c0?s=96&d=mm&r=g","caption":"admin"},"url":"https:\/\/www.travel3.com.br\/site\/author\/admin\/"}]}},"_links":{"self":[{"href":"https:\/\/www.travel3.com.br\/site\/wp-json\/wp\/v2\/posts\/3109","targetHints":{"allow":["GET"]}}],"collection":[{"href":"https:\/\/www.travel3.com.br\/site\/wp-json\/wp\/v2\/posts"}],"about":[{"href":"https:\/\/www.travel3.com.br\/site\/wp-json\/wp\/v2\/types\/post"}],"author":[{"embeddable":true,"href":"https:\/\/www.travel3.com.br\/site\/wp-json\/wp\/v2\/users\/1"}],"replies":[{"embeddable":true,"href":"https:\/\/www.travel3.com.br\/site\/wp-json\/wp\/v2\/comments?post=3109"}],"version-history":[{"count":1,"href":"https:\/\/www.travel3.com.br\/site\/wp-json\/wp\/v2\/posts\/3109\/revisions"}],"predecessor-version":[{"id":3906,"href":"https:\/\/www.travel3.com.br\/site\/wp-json\/wp\/v2\/posts\/3109\/revisions\/3906"}],"wp:attachment":[{"href":"https:\/\/www.travel3.com.br\/site\/wp-json\/wp\/v2\/media?parent=3109"}],"wp:term":[{"taxonomy":"category","embeddable":true,"href":"https:\/\/www.travel3.com.br\/site\/wp-json\/wp\/v2\/categories?post=3109"},{"taxonomy":"post_tag","embeddable":true,"href":"https:\/\/www.travel3.com.br\/site\/wp-json\/wp\/v2\/tags?post=3109"}],"curies":[{"name":"wp","href":"https:\/\/api.w.org\/{rel}","templated":true}]}}