{"id":3097,"date":"2017-09-05T18:51:01","date_gmt":"2017-09-05T18:51:01","guid":{"rendered":"http:\/\/www.travel3.com.br\/site\/ir-e-vir\/ar\/aeroporto-de-madrid-tem-exposicao-playmobil-ate-27-de-janeiro\/"},"modified":"2017-09-12T18:11:52","modified_gmt":"2017-09-12T18:11:52","slug":"aeroporto-de-madrid-tem-exposicao-playmobil-ate-27-de-janeiro","status":"publish","type":"post","link":"https:\/\/www.travel3.com.br\/site\/sem-categoria\/aeroporto-de-madrid-tem-exposicao-playmobil-ate-27-de-janeiro\/","title":{"rendered":"AEROPORTO DE MADRID TEM EXPOSI\u00c7AO  PLAYMOBIL AT\u00c9 27 DE JANEIRO"},"content":{"rendered":"<p><span style=\"color: #40acad; font-family: -apple-system, system-ui, 'Segoe UI', Roboto, Oxygen-Sans, Ubuntu, Cantarell, 'Helvetica Neue', sans-serif; font-size: 12px; font-weight: bold;\"><\/p>\n<p style=\"text-align:justify\"><strong>MADRID <\/strong>&#8211;\u00a0 Atrair e at\u00e9 distrair os passageiros \u00e1 espera de um voo ou mesmo para aqueles que tem que esperar quando desembarcam est\u00e1 sendo um modo bem tratado pela maioria dos aeroportos internacionais de grande movimento. \u00c9 o que est\u00e1 sendo observado neste momento em Madrid, onde uma exposi\u00e7\u00e3o\u00a0 desperta grande aten\u00e7\u00e3o e o\u00a0 numero de visitantes tem impressionado, tal o interesse que crian\u00e7as e adultos mostram pela exposi\u00e7\u00e3o inaugurada pouco antes do Natal e que vai at\u00e9 27 de janeiro. O aeroporto Adolfo Suarez, o Barajas, de Madri, em colabora\u00e7\u00e3o com a Asociaci\u00f3n Espa\u00f1ola de Coleccionistas de Playmobil (Aesclick), \u00a0realiza esta exposi\u00e7\u00e3o com mais de 2 mil pe\u00e7as.<\/p>\n<p style=\"text-align:justify\">O resultado \u00e9 a constru\u00e7\u00e3o de v\u00e1rios cen\u00e1rios, com seus complementos recreativos. V\u00e3o desde a cidade de Bel\u00e9m, a cavalgada dos Reis Magos, um castelo medieval, a uma exposi\u00e7\u00e3o polar e um panorama com contos de Gulliver, com os gigantes e suas personagens.<\/p>\n<p style=\"text-align:justify\">A exposi\u00e7\u00e3o est\u00e1 na \u00e1rea de acesso ao T2.\u00a0 Est\u00e1 montada tamb\u00e9m uma replica do T4, o principal, com lojas e servi\u00e7os, bem como a plataforma, pistas e avi\u00f5es. \u00c9 mesmo bem curioso.<\/p>\n<p style=\"text-align:justify\"><a class=\"fancybox-media\" href=\"..\/_uploads\/_noticia\/2016-12\/aeroportomadribarajasexposicao.jpg\" rel=\"portfolio\"><img decoding=\"async\" alt=\"\" src=\"..\/_uploads\/_noticia\/2016-12\/aeroportomadribarajasexposicao.jpg\" \/><\/a><\/p>\n<p style=\"text-align:justify\">Em outros ambientes sugeridos est\u00e3o uma expedi\u00e7\u00e3o \u00e0 Ant\u00e1rtida, animais t\u00edpicos das \u00e1reas polares, um ex\u00e9rcito de 100 cavaleiros em um acampamento militar.<\/p>\n<p style=\"text-align:justify\">Inaugurado em 22 de abril de 1931, o aeroporto da capital espanhola \u00e9 um dos mais movimentados do continente europeu. Disp\u00f5e de quatro terminais, \u00e9 interligado por uma linha de \u00f4nibus e um trem subterr\u00e2neo que vai do T4 ao seu edif\u00edcio principal. Postos de turismo funcionam no piso t\u00e9rreo dos terminais 1, 2 e 4 Neste ano dever\u00e1 superar os 50 milh\u00f5es de passageiros<\/p>\n<p style=\"text-align:justify\">aena.es<br \/>\n\u00a0<\/p>\n<p>\u00a0<\/p>\n<p>\u00a0<\/p>\n<p><\/span><\/p>\n","protected":false},"excerpt":{"rendered":"<p>Para quem tem embarque ou desembarque na capital espanhola, eis um bom e singular atrativo<\/p>\n","protected":false},"author":1,"featured_media":0,"comment_status":"open","ping_status":"open","sticky":false,"template":"","format":"standard","meta":{"footnotes":""},"categories":[],"tags":[],"class_list":["post-3097","post","type-post","status-publish","format-standard","hentry"],"yoast_head":"<!-- This site is optimized with the Yoast SEO plugin v26.2 - https:\/\/yoast.com\/wordpress\/plugins\/seo\/ -->\n<title>AEROPORTO DE MADRID TEM EXPOSI\u00c7AO PLAYMOBIL AT\u00c9 27 DE JANEIRO - Travel3<\/title>\n<meta name=\"description\" content=\"A TRAVEL3 \u00e9 um portal de conte\u00fado voltado para o turismo, encontre destinos, viagens, hospedagem, passagens, guias, not\u00edcias sobre o mercado do turismo, dicas de viagem, v\u00eddeos e podcast.\" \/>\n<meta name=\"robots\" content=\"index, follow, max-snippet:-1, max-image-preview:large, max-video-preview:-1\" \/>\n<link rel=\"canonical\" href=\"https:\/\/www.travel3.com.br\/site\/sem-categoria\/aeroporto-de-madrid-tem-exposicao-playmobil-ate-27-de-janeiro\/\" \/>\n<meta property=\"og:locale\" content=\"pt_BR\" \/>\n<meta property=\"og:type\" content=\"article\" \/>\n<meta property=\"og:title\" content=\"AEROPORTO DE MADRID TEM EXPOSI\u00c7AO PLAYMOBIL AT\u00c9 27 DE JANEIRO - Travel3\" \/>\n<meta property=\"og:description\" content=\"A TRAVEL3 \u00e9 um portal de conte\u00fado voltado para o turismo, encontre destinos, viagens, hospedagem, passagens, guias, not\u00edcias sobre o mercado do turismo, dicas de viagem, v\u00eddeos e podcast.\" \/>\n<meta property=\"og:url\" content=\"https:\/\/www.travel3.com.br\/site\/sem-categoria\/aeroporto-de-madrid-tem-exposicao-playmobil-ate-27-de-janeiro\/\" \/>\n<meta property=\"og:site_name\" content=\"Travel3\" \/>\n<meta property=\"article:publisher\" content=\"https:\/\/www.facebook.com\/travel3media\/\" \/>\n<meta property=\"article:published_time\" content=\"2017-09-05T18:51:01+00:00\" \/>\n<meta property=\"article:modified_time\" content=\"2017-09-12T18:11:52+00:00\" \/>\n<meta name=\"author\" content=\"admin\" \/>\n<meta name=\"twitter:card\" content=\"summary_large_image\" \/>\n<meta name=\"twitter:label1\" content=\"Escrito por\" \/>\n\t<meta name=\"twitter:data1\" content=\"admin\" \/>\n\t<meta name=\"twitter:label2\" content=\"Est. tempo de leitura\" \/>\n\t<meta name=\"twitter:data2\" content=\"1 minuto\" \/>\n<script type=\"application\/ld+json\" class=\"yoast-schema-graph\">{\"@context\":\"https:\/\/schema.org\",\"@graph\":[{\"@type\":\"Article\",\"@id\":\"https:\/\/www.travel3.com.br\/site\/sem-categoria\/aeroporto-de-madrid-tem-exposicao-playmobil-ate-27-de-janeiro\/#article\",\"isPartOf\":{\"@id\":\"https:\/\/www.travel3.com.br\/site\/sem-categoria\/aeroporto-de-madrid-tem-exposicao-playmobil-ate-27-de-janeiro\/\"},\"author\":{\"name\":\"admin\",\"@id\":\"https:\/\/www.travel3.com.br\/site\/#\/schema\/person\/a69d71e41a024999b6ab82369ac0bd1e\"},\"headline\":\"AEROPORTO DE MADRID TEM EXPOSI\u00c7AO PLAYMOBIL AT\u00c9 27 DE JANEIRO\",\"datePublished\":\"2017-09-05T18:51:01+00:00\",\"dateModified\":\"2017-09-12T18:11:52+00:00\",\"mainEntityOfPage\":{\"@id\":\"https:\/\/www.travel3.com.br\/site\/sem-categoria\/aeroporto-de-madrid-tem-exposicao-playmobil-ate-27-de-janeiro\/\"},\"wordCount\":299,\"commentCount\":0,\"publisher\":{\"@id\":\"https:\/\/www.travel3.com.br\/site\/#organization\"},\"inLanguage\":\"pt-BR\",\"potentialAction\":[{\"@type\":\"CommentAction\",\"name\":\"Comment\",\"target\":[\"https:\/\/www.travel3.com.br\/site\/sem-categoria\/aeroporto-de-madrid-tem-exposicao-playmobil-ate-27-de-janeiro\/#respond\"]}]},{\"@type\":\"WebPage\",\"@id\":\"https:\/\/www.travel3.com.br\/site\/sem-categoria\/aeroporto-de-madrid-tem-exposicao-playmobil-ate-27-de-janeiro\/\",\"url\":\"https:\/\/www.travel3.com.br\/site\/sem-categoria\/aeroporto-de-madrid-tem-exposicao-playmobil-ate-27-de-janeiro\/\",\"name\":\"AEROPORTO DE MADRID TEM EXPOSI\u00c7AO PLAYMOBIL AT\u00c9 27 DE JANEIRO - Travel3\",\"isPartOf\":{\"@id\":\"https:\/\/www.travel3.com.br\/site\/#website\"},\"datePublished\":\"2017-09-05T18:51:01+00:00\",\"dateModified\":\"2017-09-12T18:11:52+00:00\",\"description\":\"A TRAVEL3 \u00e9 um portal de conte\u00fado voltado para o turismo, encontre destinos, viagens, hospedagem, passagens, guias, not\u00edcias sobre o mercado do turismo, dicas de viagem, v\u00eddeos e podcast.\",\"breadcrumb\":{\"@id\":\"https:\/\/www.travel3.com.br\/site\/sem-categoria\/aeroporto-de-madrid-tem-exposicao-playmobil-ate-27-de-janeiro\/#breadcrumb\"},\"inLanguage\":\"pt-BR\",\"potentialAction\":[{\"@type\":\"ReadAction\",\"target\":[\"https:\/\/www.travel3.com.br\/site\/sem-categoria\/aeroporto-de-madrid-tem-exposicao-playmobil-ate-27-de-janeiro\/\"]}]},{\"@type\":\"BreadcrumbList\",\"@id\":\"https:\/\/www.travel3.com.br\/site\/sem-categoria\/aeroporto-de-madrid-tem-exposicao-playmobil-ate-27-de-janeiro\/#breadcrumb\",\"itemListElement\":[{\"@type\":\"ListItem\",\"position\":1,\"name\":\"In\u00edcio\",\"item\":\"https:\/\/www.travel3.com.br\/site\/\"},{\"@type\":\"ListItem\",\"position\":2,\"name\":\"AEROPORTO DE MADRID TEM EXPOSI\u00c7AO PLAYMOBIL AT\u00c9 27 DE JANEIRO\"}]},{\"@type\":\"WebSite\",\"@id\":\"https:\/\/www.travel3.com.br\/site\/#website\",\"url\":\"https:\/\/www.travel3.com.br\/site\/\",\"name\":\"Travel3\",\"description\":\"Lazer + Neg&oacute;cios + Aventura\",\"publisher\":{\"@id\":\"https:\/\/www.travel3.com.br\/site\/#organization\"},\"potentialAction\":[{\"@type\":\"SearchAction\",\"target\":{\"@type\":\"EntryPoint\",\"urlTemplate\":\"https:\/\/www.travel3.com.br\/site\/?s={search_term_string}\"},\"query-input\":{\"@type\":\"PropertyValueSpecification\",\"valueRequired\":true,\"valueName\":\"search_term_string\"}}],\"inLanguage\":\"pt-BR\"},{\"@type\":\"Organization\",\"@id\":\"https:\/\/www.travel3.com.br\/site\/#organization\",\"name\":\"Travel3\",\"url\":\"https:\/\/www.travel3.com.br\/site\/\",\"logo\":{\"@type\":\"ImageObject\",\"inLanguage\":\"pt-BR\",\"@id\":\"https:\/\/www.travel3.com.br\/site\/#\/schema\/logo\/image\/\",\"url\":\"https:\/\/www.travel3.com.br\/site\/wp-content\/uploads\/2020\/01\/logo-travel3-2020.png\",\"contentUrl\":\"https:\/\/www.travel3.com.br\/site\/wp-content\/uploads\/2020\/01\/logo-travel3-2020.png\",\"width\":232,\"height\":79,\"caption\":\"Travel3\"},\"image\":{\"@id\":\"https:\/\/www.travel3.com.br\/site\/#\/schema\/logo\/image\/\"},\"sameAs\":[\"https:\/\/www.facebook.com\/travel3media\/\",\"https:\/\/www.instagram.com\/revistatravel3\/\",\"https:\/\/www.youtube.com\/channel\/UCno7J4paGBR3VbZQzvoJ9Eg\"]},{\"@type\":\"Person\",\"@id\":\"https:\/\/www.travel3.com.br\/site\/#\/schema\/person\/a69d71e41a024999b6ab82369ac0bd1e\",\"name\":\"admin\",\"image\":{\"@type\":\"ImageObject\",\"inLanguage\":\"pt-BR\",\"@id\":\"https:\/\/www.travel3.com.br\/site\/#\/schema\/person\/image\/\",\"url\":\"https:\/\/secure.gravatar.com\/avatar\/732a67adfd764da2a47ba10ce731c4c0?s=96&d=mm&r=g\",\"contentUrl\":\"https:\/\/secure.gravatar.com\/avatar\/732a67adfd764da2a47ba10ce731c4c0?s=96&d=mm&r=g\",\"caption\":\"admin\"},\"url\":\"https:\/\/www.travel3.com.br\/site\/author\/admin\/\"}]}<\/script>\n<!-- \/ Yoast SEO plugin. -->","yoast_head_json":{"title":"AEROPORTO DE MADRID TEM EXPOSI\u00c7AO PLAYMOBIL AT\u00c9 27 DE JANEIRO - Travel3","description":"A TRAVEL3 \u00e9 um portal de conte\u00fado voltado para o turismo, encontre destinos, viagens, hospedagem, passagens, guias, not\u00edcias sobre o mercado do turismo, dicas de viagem, v\u00eddeos e podcast.","robots":{"index":"index","follow":"follow","max-snippet":"max-snippet:-1","max-image-preview":"max-image-preview:large","max-video-preview":"max-video-preview:-1"},"canonical":"https:\/\/www.travel3.com.br\/site\/sem-categoria\/aeroporto-de-madrid-tem-exposicao-playmobil-ate-27-de-janeiro\/","og_locale":"pt_BR","og_type":"article","og_title":"AEROPORTO DE MADRID TEM EXPOSI\u00c7AO PLAYMOBIL AT\u00c9 27 DE JANEIRO - Travel3","og_description":"A TRAVEL3 \u00e9 um portal de conte\u00fado voltado para o turismo, encontre destinos, viagens, hospedagem, passagens, guias, not\u00edcias sobre o mercado do turismo, dicas de viagem, v\u00eddeos e podcast.","og_url":"https:\/\/www.travel3.com.br\/site\/sem-categoria\/aeroporto-de-madrid-tem-exposicao-playmobil-ate-27-de-janeiro\/","og_site_name":"Travel3","article_publisher":"https:\/\/www.facebook.com\/travel3media\/","article_published_time":"2017-09-05T18:51:01+00:00","article_modified_time":"2017-09-12T18:11:52+00:00","author":"admin","twitter_card":"summary_large_image","twitter_misc":{"Escrito por":"admin","Est. tempo de leitura":"1 minuto"},"schema":{"@context":"https:\/\/schema.org","@graph":[{"@type":"Article","@id":"https:\/\/www.travel3.com.br\/site\/sem-categoria\/aeroporto-de-madrid-tem-exposicao-playmobil-ate-27-de-janeiro\/#article","isPartOf":{"@id":"https:\/\/www.travel3.com.br\/site\/sem-categoria\/aeroporto-de-madrid-tem-exposicao-playmobil-ate-27-de-janeiro\/"},"author":{"name":"admin","@id":"https:\/\/www.travel3.com.br\/site\/#\/schema\/person\/a69d71e41a024999b6ab82369ac0bd1e"},"headline":"AEROPORTO DE MADRID TEM EXPOSI\u00c7AO PLAYMOBIL AT\u00c9 27 DE JANEIRO","datePublished":"2017-09-05T18:51:01+00:00","dateModified":"2017-09-12T18:11:52+00:00","mainEntityOfPage":{"@id":"https:\/\/www.travel3.com.br\/site\/sem-categoria\/aeroporto-de-madrid-tem-exposicao-playmobil-ate-27-de-janeiro\/"},"wordCount":299,"commentCount":0,"publisher":{"@id":"https:\/\/www.travel3.com.br\/site\/#organization"},"inLanguage":"pt-BR","potentialAction":[{"@type":"CommentAction","name":"Comment","target":["https:\/\/www.travel3.com.br\/site\/sem-categoria\/aeroporto-de-madrid-tem-exposicao-playmobil-ate-27-de-janeiro\/#respond"]}]},{"@type":"WebPage","@id":"https:\/\/www.travel3.com.br\/site\/sem-categoria\/aeroporto-de-madrid-tem-exposicao-playmobil-ate-27-de-janeiro\/","url":"https:\/\/www.travel3.com.br\/site\/sem-categoria\/aeroporto-de-madrid-tem-exposicao-playmobil-ate-27-de-janeiro\/","name":"AEROPORTO DE MADRID TEM EXPOSI\u00c7AO PLAYMOBIL AT\u00c9 27 DE JANEIRO - Travel3","isPartOf":{"@id":"https:\/\/www.travel3.com.br\/site\/#website"},"datePublished":"2017-09-05T18:51:01+00:00","dateModified":"2017-09-12T18:11:52+00:00","description":"A TRAVEL3 \u00e9 um portal de conte\u00fado voltado para o turismo, encontre destinos, viagens, hospedagem, passagens, guias, not\u00edcias sobre o mercado do turismo, dicas de viagem, v\u00eddeos e podcast.","breadcrumb":{"@id":"https:\/\/www.travel3.com.br\/site\/sem-categoria\/aeroporto-de-madrid-tem-exposicao-playmobil-ate-27-de-janeiro\/#breadcrumb"},"inLanguage":"pt-BR","potentialAction":[{"@type":"ReadAction","target":["https:\/\/www.travel3.com.br\/site\/sem-categoria\/aeroporto-de-madrid-tem-exposicao-playmobil-ate-27-de-janeiro\/"]}]},{"@type":"BreadcrumbList","@id":"https:\/\/www.travel3.com.br\/site\/sem-categoria\/aeroporto-de-madrid-tem-exposicao-playmobil-ate-27-de-janeiro\/#breadcrumb","itemListElement":[{"@type":"ListItem","position":1,"name":"In\u00edcio","item":"https:\/\/www.travel3.com.br\/site\/"},{"@type":"ListItem","position":2,"name":"AEROPORTO DE MADRID TEM EXPOSI\u00c7AO PLAYMOBIL AT\u00c9 27 DE JANEIRO"}]},{"@type":"WebSite","@id":"https:\/\/www.travel3.com.br\/site\/#website","url":"https:\/\/www.travel3.com.br\/site\/","name":"Travel3","description":"Lazer + Neg&oacute;cios + Aventura","publisher":{"@id":"https:\/\/www.travel3.com.br\/site\/#organization"},"potentialAction":[{"@type":"SearchAction","target":{"@type":"EntryPoint","urlTemplate":"https:\/\/www.travel3.com.br\/site\/?s={search_term_string}"},"query-input":{"@type":"PropertyValueSpecification","valueRequired":true,"valueName":"search_term_string"}}],"inLanguage":"pt-BR"},{"@type":"Organization","@id":"https:\/\/www.travel3.com.br\/site\/#organization","name":"Travel3","url":"https:\/\/www.travel3.com.br\/site\/","logo":{"@type":"ImageObject","inLanguage":"pt-BR","@id":"https:\/\/www.travel3.com.br\/site\/#\/schema\/logo\/image\/","url":"https:\/\/www.travel3.com.br\/site\/wp-content\/uploads\/2020\/01\/logo-travel3-2020.png","contentUrl":"https:\/\/www.travel3.com.br\/site\/wp-content\/uploads\/2020\/01\/logo-travel3-2020.png","width":232,"height":79,"caption":"Travel3"},"image":{"@id":"https:\/\/www.travel3.com.br\/site\/#\/schema\/logo\/image\/"},"sameAs":["https:\/\/www.facebook.com\/travel3media\/","https:\/\/www.instagram.com\/revistatravel3\/","https:\/\/www.youtube.com\/channel\/UCno7J4paGBR3VbZQzvoJ9Eg"]},{"@type":"Person","@id":"https:\/\/www.travel3.com.br\/site\/#\/schema\/person\/a69d71e41a024999b6ab82369ac0bd1e","name":"admin","image":{"@type":"ImageObject","inLanguage":"pt-BR","@id":"https:\/\/www.travel3.com.br\/site\/#\/schema\/person\/image\/","url":"https:\/\/secure.gravatar.com\/avatar\/732a67adfd764da2a47ba10ce731c4c0?s=96&d=mm&r=g","contentUrl":"https:\/\/secure.gravatar.com\/avatar\/732a67adfd764da2a47ba10ce731c4c0?s=96&d=mm&r=g","caption":"admin"},"url":"https:\/\/www.travel3.com.br\/site\/author\/admin\/"}]}},"_links":{"self":[{"href":"https:\/\/www.travel3.com.br\/site\/wp-json\/wp\/v2\/posts\/3097","targetHints":{"allow":["GET"]}}],"collection":[{"href":"https:\/\/www.travel3.com.br\/site\/wp-json\/wp\/v2\/posts"}],"about":[{"href":"https:\/\/www.travel3.com.br\/site\/wp-json\/wp\/v2\/types\/post"}],"author":[{"embeddable":true,"href":"https:\/\/www.travel3.com.br\/site\/wp-json\/wp\/v2\/users\/1"}],"replies":[{"embeddable":true,"href":"https:\/\/www.travel3.com.br\/site\/wp-json\/wp\/v2\/comments?post=3097"}],"version-history":[{"count":1,"href":"https:\/\/www.travel3.com.br\/site\/wp-json\/wp\/v2\/posts\/3097\/revisions"}],"predecessor-version":[{"id":3894,"href":"https:\/\/www.travel3.com.br\/site\/wp-json\/wp\/v2\/posts\/3097\/revisions\/3894"}],"wp:attachment":[{"href":"https:\/\/www.travel3.com.br\/site\/wp-json\/wp\/v2\/media?parent=3097"}],"wp:term":[{"taxonomy":"category","embeddable":true,"href":"https:\/\/www.travel3.com.br\/site\/wp-json\/wp\/v2\/categories?post=3097"},{"taxonomy":"post_tag","embeddable":true,"href":"https:\/\/www.travel3.com.br\/site\/wp-json\/wp\/v2\/tags?post=3097"}],"curies":[{"name":"wp","href":"https:\/\/api.w.org\/{rel}","templated":true}]}}