{"id":30920,"date":"2020-03-09T06:00:06","date_gmt":"2020-03-09T09:00:06","guid":{"rendered":"https:\/\/www.travel3.com.br\/?p=30920"},"modified":"2020-03-05T23:11:30","modified_gmt":"2020-03-06T02:11:30","slug":"ihg-indica","status":"publish","type":"post","link":"https:\/\/www.travel3.com.br\/site\/acontece-no-turismo\/ihg-indica\/","title":{"rendered":"IHG indica novo Vice Presidente para Am\u00e9rica Latina"},"content":{"rendered":"\n<h3 class=\"wp-block-heading\" style=\"text-align:center\">David R\u00edos \u00e9 novo VP Comercial e de Administra\u00e7\u00e3o de Receitas para M\u00e9xico, Am\u00e9rica Latina e Caribe<\/h3>\n\n\n\n<p>\u00adDavid R\u00edos \u00e9 o profissional que a <a rel=\"noreferrer noopener\" aria-label=\"IHG  (opens in a new tab)\" href=\"http:\/\/www.ihg.com\/\" target=\"_blank\">IHG <\/a>indica para a Vice Presid\u00eancia Comercial e de Administra\u00e7\u00e3o de Receitas para a regi\u00e3o do <a href=\"https:\/\/www.travel3.com.br\/destaque\/mexico\/\" target=\"_blank\" rel=\"noreferrer noopener\" aria-label=\"M\u00e9xico (opens in a new tab)\">M\u00e9xico<\/a>, Am\u00e9rica Latina e Caribe. H\u00e1 9 anos na empresa, ele ser\u00e1 respons\u00e1vel pela dire\u00e7\u00e3o estrat\u00e9gica, supervis\u00e3o, e lideran\u00e7a para gerar receitas.<\/p>\n\n\n\n<blockquote class=\"wp-block-quote is-layout-flow wp-block-quote-is-layout-flow\"><p>A experi\u00eancia e lideran\u00e7a de David permitir\u00e3o que, com seu foco estrat\u00e9gico e paix\u00e3o por novos desafios, sejam otimizados os esfor\u00e7os nestas \u00e1reas cr\u00edticas. Aumentando assim a sinergia entre as marcas e os mais de 240 hot\u00e9is do IHG na regi\u00e3o<\/p><cite>Jorge Apaez &#8211; COO M\u00e9xico, Am\u00e9rica Latina e Caribe da IHG<\/cite><\/blockquote>\n\n\n\n<p>David soma mais de 20 anos de experi\u00eancia na ind\u00fastria hoteleira. Com passagens por redes como Mariott e Hilton, j\u00e1 trabalhou nas mais diversas \u00e1reas = vendas + marketing + gest\u00e3o de receitas + opera\u00e7\u00f5es.<\/p>\n\n\n\n<p>Rios iniciou na IHC como Diretor de Vendas para o M\u00e9xico e Am\u00e9rica Latina. Mais recentemente, esteve \u00e0 frente da equipe de Marketing Especializado em Vendas Globais do IHG nos Estados Unidos. Na oportunidade,  dirigiu a transforma\u00e7\u00e3o de vendas e foi respons\u00e1vel pela gera\u00e7\u00e3o de receitas incrementais.<\/p>\n\n\n\n<h2 class=\"wp-block-heading\">Mais sobre David R\u00edos, que a IHG indica ao cargo<\/h2>\n\n\n\n<p>O novo Vice Presidente Comercial e de Administra\u00e7\u00e3o de Receitas para M\u00e9xico, Am\u00e9rica Latina e Caribe tem um curr\u00edculo extenso. David R\u00edos \u00e9 formado em Administra\u00e7\u00e3o de Empresas Tur\u00edsticas, e tem Mestrado em Vendas e Marketing, al\u00e9m de especializa\u00e7\u00e3o em E-Marketing.<\/p>\n\n\n\n<p>O profissional tamb\u00e9m coleciona reconhecimentos e pr\u00eamios internacionais. Entre eles, o t\u00edtulo de <em>Presidente de Conselho do Cap\u00edtulo de Viagens de Neg\u00f3cios,&nbsp;<\/em>dado pela GBTA em 2018. R\u00edos tamb\u00e9m foi premiado pela eCornell com uma certifica\u00e7\u00e3o em Estrat\u00e9gia Global.<\/p>\n","protected":false},"excerpt":{"rendered":"<p>David R\u00edos \u00e9 novo VP Comercial e de Administra\u00e7\u00e3o de Receitas para M\u00e9xico, Am\u00e9rica Latina e Caribe \u00adDavid R\u00edos \u00e9 o profissional que a IHG indica para a Vice Presid\u00eancia Comercial e de Administra\u00e7\u00e3o de Receitas para a regi\u00e3o do M\u00e9xico, Am\u00e9rica Latina e Caribe. H\u00e1 9 anos na empresa, ele ser\u00e1 respons\u00e1vel pela dire\u00e7\u00e3o [&hellip;]<\/p>\n","protected":false},"author":5,"featured_media":30922,"comment_status":"open","ping_status":"open","sticky":false,"template":"","format":"standard","meta":{"footnotes":""},"categories":[969,226,3],"tags":[3970,423],"class_list":["post-30920","post","type-post","status-publish","format-standard","has-post-thumbnail","hentry","category-acontece-no-turismo","category-destaque","category-negocios","tag-david-rios","tag-ihg"],"yoast_head":"<!-- This site is optimized with the Yoast SEO plugin v26.2 - https:\/\/yoast.com\/wordpress\/plugins\/seo\/ -->\n<title>IHG indica novo Vice Presidente para Am\u00e9rica Latina - Travel3<\/title>\n<meta name=\"description\" content=\"IHG indica novo Vice Presidente para Am\u00e9rica Latina; David R\u00edos \u00e9 novo VP Comercial e de Administra\u00e7\u00e3o de Receitas para M\u00e9xico, Am\u00e9rica Latina e Caribe\" \/>\n<meta name=\"robots\" content=\"index, follow, max-snippet:-1, max-image-preview:large, max-video-preview:-1\" \/>\n<link rel=\"canonical\" href=\"https:\/\/www.travel3.com.br\/site\/acontece-no-turismo\/ihg-indica\/\" \/>\n<meta property=\"og:locale\" content=\"pt_BR\" \/>\n<meta property=\"og:type\" content=\"article\" \/>\n<meta property=\"og:title\" content=\"IHG indica novo Vice Presidente para Am\u00e9rica Latina - Travel3\" \/>\n<meta property=\"og:description\" content=\"IHG indica novo Vice Presidente para Am\u00e9rica Latina; David R\u00edos \u00e9 novo VP Comercial e de Administra\u00e7\u00e3o de Receitas para M\u00e9xico, Am\u00e9rica Latina e Caribe\" \/>\n<meta property=\"og:url\" content=\"https:\/\/www.travel3.com.br\/site\/acontece-no-turismo\/ihg-indica\/\" \/>\n<meta property=\"og:site_name\" content=\"Travel3\" \/>\n<meta property=\"article:publisher\" content=\"https:\/\/www.facebook.com\/travel3media\/\" \/>\n<meta property=\"article:published_time\" content=\"2020-03-09T09:00:06+00:00\" \/>\n<meta property=\"og:image\" content=\"https:\/\/www.travel3.com.br\/site\/wp-content\/uploads\/2020\/02\/unnamed-25.jpg\" \/>\n\t<meta property=\"og:image:width\" content=\"300\" \/>\n\t<meta property=\"og:image:height\" content=\"450\" \/>\n\t<meta property=\"og:image:type\" content=\"image\/jpeg\" \/>\n<meta name=\"author\" content=\"Reda\u00e7\u00e3o Travel3\" \/>\n<meta name=\"twitter:card\" content=\"summary_large_image\" \/>\n<meta name=\"twitter:label1\" content=\"Escrito por\" \/>\n\t<meta name=\"twitter:data1\" content=\"Reda\u00e7\u00e3o Travel3\" \/>\n\t<meta name=\"twitter:label2\" content=\"Est. tempo de leitura\" \/>\n\t<meta name=\"twitter:data2\" content=\"2 minutos\" \/>\n<script type=\"application\/ld+json\" class=\"yoast-schema-graph\">{\"@context\":\"https:\/\/schema.org\",\"@graph\":[{\"@type\":\"Article\",\"@id\":\"https:\/\/www.travel3.com.br\/site\/acontece-no-turismo\/ihg-indica\/#article\",\"isPartOf\":{\"@id\":\"https:\/\/www.travel3.com.br\/site\/acontece-no-turismo\/ihg-indica\/\"},\"author\":{\"name\":\"Reda\u00e7\u00e3o Travel3\",\"@id\":\"https:\/\/www.travel3.com.br\/site\/#\/schema\/person\/89251b0320bc67697de92249f97f3fdb\"},\"headline\":\"IHG indica novo Vice Presidente para Am\u00e9rica Latina\",\"datePublished\":\"2020-03-09T09:00:06+00:00\",\"mainEntityOfPage\":{\"@id\":\"https:\/\/www.travel3.com.br\/site\/acontece-no-turismo\/ihg-indica\/\"},\"wordCount\":338,\"commentCount\":0,\"publisher\":{\"@id\":\"https:\/\/www.travel3.com.br\/site\/#organization\"},\"image\":{\"@id\":\"https:\/\/www.travel3.com.br\/site\/acontece-no-turismo\/ihg-indica\/#primaryimage\"},\"thumbnailUrl\":\"https:\/\/www.travel3.com.br\/site\/wp-content\/uploads\/2020\/02\/unnamed-25.jpg\",\"keywords\":[\"David R\u00edos\",\"IHG\"],\"articleSection\":[\"Acontece no Turismo\",\"Destaque\",\"Neg\u00f3cios\"],\"inLanguage\":\"pt-BR\",\"potentialAction\":[{\"@type\":\"CommentAction\",\"name\":\"Comment\",\"target\":[\"https:\/\/www.travel3.com.br\/site\/acontece-no-turismo\/ihg-indica\/#respond\"]}]},{\"@type\":\"WebPage\",\"@id\":\"https:\/\/www.travel3.com.br\/site\/acontece-no-turismo\/ihg-indica\/\",\"url\":\"https:\/\/www.travel3.com.br\/site\/acontece-no-turismo\/ihg-indica\/\",\"name\":\"IHG indica novo Vice Presidente para Am\u00e9rica Latina - Travel3\",\"isPartOf\":{\"@id\":\"https:\/\/www.travel3.com.br\/site\/#website\"},\"primaryImageOfPage\":{\"@id\":\"https:\/\/www.travel3.com.br\/site\/acontece-no-turismo\/ihg-indica\/#primaryimage\"},\"image\":{\"@id\":\"https:\/\/www.travel3.com.br\/site\/acontece-no-turismo\/ihg-indica\/#primaryimage\"},\"thumbnailUrl\":\"https:\/\/www.travel3.com.br\/site\/wp-content\/uploads\/2020\/02\/unnamed-25.jpg\",\"datePublished\":\"2020-03-09T09:00:06+00:00\",\"description\":\"IHG indica novo Vice Presidente para Am\u00e9rica Latina; David R\u00edos \u00e9 novo VP Comercial e de Administra\u00e7\u00e3o de Receitas para M\u00e9xico, Am\u00e9rica Latina e Caribe\",\"breadcrumb\":{\"@id\":\"https:\/\/www.travel3.com.br\/site\/acontece-no-turismo\/ihg-indica\/#breadcrumb\"},\"inLanguage\":\"pt-BR\",\"potentialAction\":[{\"@type\":\"ReadAction\",\"target\":[\"https:\/\/www.travel3.com.br\/site\/acontece-no-turismo\/ihg-indica\/\"]}]},{\"@type\":\"ImageObject\",\"inLanguage\":\"pt-BR\",\"@id\":\"https:\/\/www.travel3.com.br\/site\/acontece-no-turismo\/ihg-indica\/#primaryimage\",\"url\":\"https:\/\/www.travel3.com.br\/site\/wp-content\/uploads\/2020\/02\/unnamed-25.jpg\",\"contentUrl\":\"https:\/\/www.travel3.com.br\/site\/wp-content\/uploads\/2020\/02\/unnamed-25.jpg\",\"width\":300,\"height\":450,\"caption\":\"David R\u00edos, novo Vice Presidente Comercial e de Administra\u00e7\u00e3o de Receitas para a regi\u00e3o do M\u00e9xico, Am\u00e9rica Latina e Caribe da IHG (Foto: Divulga\u00e7\u00e3o)\"},{\"@type\":\"BreadcrumbList\",\"@id\":\"https:\/\/www.travel3.com.br\/site\/acontece-no-turismo\/ihg-indica\/#breadcrumb\",\"itemListElement\":[{\"@type\":\"ListItem\",\"position\":1,\"name\":\"In\u00edcio\",\"item\":\"https:\/\/www.travel3.com.br\/site\/\"},{\"@type\":\"ListItem\",\"position\":2,\"name\":\"IHG indica novo Vice Presidente para Am\u00e9rica Latina\"}]},{\"@type\":\"WebSite\",\"@id\":\"https:\/\/www.travel3.com.br\/site\/#website\",\"url\":\"https:\/\/www.travel3.com.br\/site\/\",\"name\":\"Travel3\",\"description\":\"Lazer + Neg&oacute;cios + Aventura\",\"publisher\":{\"@id\":\"https:\/\/www.travel3.com.br\/site\/#organization\"},\"potentialAction\":[{\"@type\":\"SearchAction\",\"target\":{\"@type\":\"EntryPoint\",\"urlTemplate\":\"https:\/\/www.travel3.com.br\/site\/?s={search_term_string}\"},\"query-input\":{\"@type\":\"PropertyValueSpecification\",\"valueRequired\":true,\"valueName\":\"search_term_string\"}}],\"inLanguage\":\"pt-BR\"},{\"@type\":\"Organization\",\"@id\":\"https:\/\/www.travel3.com.br\/site\/#organization\",\"name\":\"Travel3\",\"url\":\"https:\/\/www.travel3.com.br\/site\/\",\"logo\":{\"@type\":\"ImageObject\",\"inLanguage\":\"pt-BR\",\"@id\":\"https:\/\/www.travel3.com.br\/site\/#\/schema\/logo\/image\/\",\"url\":\"https:\/\/www.travel3.com.br\/site\/wp-content\/uploads\/2020\/01\/logo-travel3-2020.png\",\"contentUrl\":\"https:\/\/www.travel3.com.br\/site\/wp-content\/uploads\/2020\/01\/logo-travel3-2020.png\",\"width\":232,\"height\":79,\"caption\":\"Travel3\"},\"image\":{\"@id\":\"https:\/\/www.travel3.com.br\/site\/#\/schema\/logo\/image\/\"},\"sameAs\":[\"https:\/\/www.facebook.com\/travel3media\/\",\"https:\/\/www.instagram.com\/revistatravel3\/\",\"https:\/\/www.youtube.com\/channel\/UCno7J4paGBR3VbZQzvoJ9Eg\"]},{\"@type\":\"Person\",\"@id\":\"https:\/\/www.travel3.com.br\/site\/#\/schema\/person\/89251b0320bc67697de92249f97f3fdb\",\"name\":\"Reda\u00e7\u00e3o Travel3\",\"image\":{\"@type\":\"ImageObject\",\"inLanguage\":\"pt-BR\",\"@id\":\"https:\/\/www.travel3.com.br\/site\/#\/schema\/person\/image\/\",\"url\":\"https:\/\/secure.gravatar.com\/avatar\/85a5ec2ad99b1932f671ebf50c117db6?s=96&d=mm&r=g\",\"contentUrl\":\"https:\/\/secure.gravatar.com\/avatar\/85a5ec2ad99b1932f671ebf50c117db6?s=96&d=mm&r=g\",\"caption\":\"Reda\u00e7\u00e3o Travel3\"},\"sameAs\":[\"http:\/\/www.travel3.com.br\/\"],\"url\":\"https:\/\/www.travel3.com.br\/site\/author\/redacao\/\"}]}<\/script>\n<!-- \/ Yoast SEO plugin. -->","yoast_head_json":{"title":"IHG indica novo Vice Presidente para Am\u00e9rica Latina - Travel3","description":"IHG indica novo Vice Presidente para Am\u00e9rica Latina; David R\u00edos \u00e9 novo VP Comercial e de Administra\u00e7\u00e3o de Receitas para M\u00e9xico, Am\u00e9rica Latina e Caribe","robots":{"index":"index","follow":"follow","max-snippet":"max-snippet:-1","max-image-preview":"max-image-preview:large","max-video-preview":"max-video-preview:-1"},"canonical":"https:\/\/www.travel3.com.br\/site\/acontece-no-turismo\/ihg-indica\/","og_locale":"pt_BR","og_type":"article","og_title":"IHG indica novo Vice Presidente para Am\u00e9rica Latina - Travel3","og_description":"IHG indica novo Vice Presidente para Am\u00e9rica Latina; David R\u00edos \u00e9 novo VP Comercial e de Administra\u00e7\u00e3o de Receitas para M\u00e9xico, Am\u00e9rica Latina e Caribe","og_url":"https:\/\/www.travel3.com.br\/site\/acontece-no-turismo\/ihg-indica\/","og_site_name":"Travel3","article_publisher":"https:\/\/www.facebook.com\/travel3media\/","article_published_time":"2020-03-09T09:00:06+00:00","og_image":[{"width":300,"height":450,"url":"https:\/\/www.travel3.com.br\/site\/wp-content\/uploads\/2020\/02\/unnamed-25.jpg","type":"image\/jpeg"}],"author":"Reda\u00e7\u00e3o Travel3","twitter_card":"summary_large_image","twitter_misc":{"Escrito por":"Reda\u00e7\u00e3o Travel3","Est. tempo de leitura":"2 minutos"},"schema":{"@context":"https:\/\/schema.org","@graph":[{"@type":"Article","@id":"https:\/\/www.travel3.com.br\/site\/acontece-no-turismo\/ihg-indica\/#article","isPartOf":{"@id":"https:\/\/www.travel3.com.br\/site\/acontece-no-turismo\/ihg-indica\/"},"author":{"name":"Reda\u00e7\u00e3o Travel3","@id":"https:\/\/www.travel3.com.br\/site\/#\/schema\/person\/89251b0320bc67697de92249f97f3fdb"},"headline":"IHG indica novo Vice Presidente para Am\u00e9rica Latina","datePublished":"2020-03-09T09:00:06+00:00","mainEntityOfPage":{"@id":"https:\/\/www.travel3.com.br\/site\/acontece-no-turismo\/ihg-indica\/"},"wordCount":338,"commentCount":0,"publisher":{"@id":"https:\/\/www.travel3.com.br\/site\/#organization"},"image":{"@id":"https:\/\/www.travel3.com.br\/site\/acontece-no-turismo\/ihg-indica\/#primaryimage"},"thumbnailUrl":"https:\/\/www.travel3.com.br\/site\/wp-content\/uploads\/2020\/02\/unnamed-25.jpg","keywords":["David R\u00edos","IHG"],"articleSection":["Acontece no Turismo","Destaque","Neg\u00f3cios"],"inLanguage":"pt-BR","potentialAction":[{"@type":"CommentAction","name":"Comment","target":["https:\/\/www.travel3.com.br\/site\/acontece-no-turismo\/ihg-indica\/#respond"]}]},{"@type":"WebPage","@id":"https:\/\/www.travel3.com.br\/site\/acontece-no-turismo\/ihg-indica\/","url":"https:\/\/www.travel3.com.br\/site\/acontece-no-turismo\/ihg-indica\/","name":"IHG indica novo Vice Presidente para Am\u00e9rica Latina - Travel3","isPartOf":{"@id":"https:\/\/www.travel3.com.br\/site\/#website"},"primaryImageOfPage":{"@id":"https:\/\/www.travel3.com.br\/site\/acontece-no-turismo\/ihg-indica\/#primaryimage"},"image":{"@id":"https:\/\/www.travel3.com.br\/site\/acontece-no-turismo\/ihg-indica\/#primaryimage"},"thumbnailUrl":"https:\/\/www.travel3.com.br\/site\/wp-content\/uploads\/2020\/02\/unnamed-25.jpg","datePublished":"2020-03-09T09:00:06+00:00","description":"IHG indica novo Vice Presidente para Am\u00e9rica Latina; David R\u00edos \u00e9 novo VP Comercial e de Administra\u00e7\u00e3o de Receitas para M\u00e9xico, Am\u00e9rica Latina e Caribe","breadcrumb":{"@id":"https:\/\/www.travel3.com.br\/site\/acontece-no-turismo\/ihg-indica\/#breadcrumb"},"inLanguage":"pt-BR","potentialAction":[{"@type":"ReadAction","target":["https:\/\/www.travel3.com.br\/site\/acontece-no-turismo\/ihg-indica\/"]}]},{"@type":"ImageObject","inLanguage":"pt-BR","@id":"https:\/\/www.travel3.com.br\/site\/acontece-no-turismo\/ihg-indica\/#primaryimage","url":"https:\/\/www.travel3.com.br\/site\/wp-content\/uploads\/2020\/02\/unnamed-25.jpg","contentUrl":"https:\/\/www.travel3.com.br\/site\/wp-content\/uploads\/2020\/02\/unnamed-25.jpg","width":300,"height":450,"caption":"David R\u00edos, novo Vice Presidente Comercial e de Administra\u00e7\u00e3o de Receitas para a regi\u00e3o do M\u00e9xico, Am\u00e9rica Latina e Caribe da IHG (Foto: Divulga\u00e7\u00e3o)"},{"@type":"BreadcrumbList","@id":"https:\/\/www.travel3.com.br\/site\/acontece-no-turismo\/ihg-indica\/#breadcrumb","itemListElement":[{"@type":"ListItem","position":1,"name":"In\u00edcio","item":"https:\/\/www.travel3.com.br\/site\/"},{"@type":"ListItem","position":2,"name":"IHG indica novo Vice Presidente para Am\u00e9rica Latina"}]},{"@type":"WebSite","@id":"https:\/\/www.travel3.com.br\/site\/#website","url":"https:\/\/www.travel3.com.br\/site\/","name":"Travel3","description":"Lazer + Neg&oacute;cios + Aventura","publisher":{"@id":"https:\/\/www.travel3.com.br\/site\/#organization"},"potentialAction":[{"@type":"SearchAction","target":{"@type":"EntryPoint","urlTemplate":"https:\/\/www.travel3.com.br\/site\/?s={search_term_string}"},"query-input":{"@type":"PropertyValueSpecification","valueRequired":true,"valueName":"search_term_string"}}],"inLanguage":"pt-BR"},{"@type":"Organization","@id":"https:\/\/www.travel3.com.br\/site\/#organization","name":"Travel3","url":"https:\/\/www.travel3.com.br\/site\/","logo":{"@type":"ImageObject","inLanguage":"pt-BR","@id":"https:\/\/www.travel3.com.br\/site\/#\/schema\/logo\/image\/","url":"https:\/\/www.travel3.com.br\/site\/wp-content\/uploads\/2020\/01\/logo-travel3-2020.png","contentUrl":"https:\/\/www.travel3.com.br\/site\/wp-content\/uploads\/2020\/01\/logo-travel3-2020.png","width":232,"height":79,"caption":"Travel3"},"image":{"@id":"https:\/\/www.travel3.com.br\/site\/#\/schema\/logo\/image\/"},"sameAs":["https:\/\/www.facebook.com\/travel3media\/","https:\/\/www.instagram.com\/revistatravel3\/","https:\/\/www.youtube.com\/channel\/UCno7J4paGBR3VbZQzvoJ9Eg"]},{"@type":"Person","@id":"https:\/\/www.travel3.com.br\/site\/#\/schema\/person\/89251b0320bc67697de92249f97f3fdb","name":"Reda\u00e7\u00e3o Travel3","image":{"@type":"ImageObject","inLanguage":"pt-BR","@id":"https:\/\/www.travel3.com.br\/site\/#\/schema\/person\/image\/","url":"https:\/\/secure.gravatar.com\/avatar\/85a5ec2ad99b1932f671ebf50c117db6?s=96&d=mm&r=g","contentUrl":"https:\/\/secure.gravatar.com\/avatar\/85a5ec2ad99b1932f671ebf50c117db6?s=96&d=mm&r=g","caption":"Reda\u00e7\u00e3o Travel3"},"sameAs":["http:\/\/www.travel3.com.br\/"],"url":"https:\/\/www.travel3.com.br\/site\/author\/redacao\/"}]}},"_links":{"self":[{"href":"https:\/\/www.travel3.com.br\/site\/wp-json\/wp\/v2\/posts\/30920","targetHints":{"allow":["GET"]}}],"collection":[{"href":"https:\/\/www.travel3.com.br\/site\/wp-json\/wp\/v2\/posts"}],"about":[{"href":"https:\/\/www.travel3.com.br\/site\/wp-json\/wp\/v2\/types\/post"}],"author":[{"embeddable":true,"href":"https:\/\/www.travel3.com.br\/site\/wp-json\/wp\/v2\/users\/5"}],"replies":[{"embeddable":true,"href":"https:\/\/www.travel3.com.br\/site\/wp-json\/wp\/v2\/comments?post=30920"}],"version-history":[{"count":5,"href":"https:\/\/www.travel3.com.br\/site\/wp-json\/wp\/v2\/posts\/30920\/revisions"}],"predecessor-version":[{"id":31234,"href":"https:\/\/www.travel3.com.br\/site\/wp-json\/wp\/v2\/posts\/30920\/revisions\/31234"}],"wp:featuredmedia":[{"embeddable":true,"href":"https:\/\/www.travel3.com.br\/site\/wp-json\/wp\/v2\/media\/30922"}],"wp:attachment":[{"href":"https:\/\/www.travel3.com.br\/site\/wp-json\/wp\/v2\/media?parent=30920"}],"wp:term":[{"taxonomy":"category","embeddable":true,"href":"https:\/\/www.travel3.com.br\/site\/wp-json\/wp\/v2\/categories?post=30920"},{"taxonomy":"post_tag","embeddable":true,"href":"https:\/\/www.travel3.com.br\/site\/wp-json\/wp\/v2\/tags?post=30920"}],"curies":[{"name":"wp","href":"https:\/\/api.w.org\/{rel}","templated":true}]}}