{"id":3092,"date":"2017-09-05T11:29:58","date_gmt":"2017-09-05T11:29:58","guid":{"rendered":"http:\/\/www.travel3.com.br\/site\/ir-e-vir\/ar\/em-nome-da-reconciliacao-a-historica-visita-a-pearl-harbor\/"},"modified":"2017-09-12T18:11:46","modified_gmt":"2017-09-12T18:11:46","slug":"em-nome-da-reconciliacao-a-historica-visita-a-pearl-harbor","status":"publish","type":"post","link":"https:\/\/www.travel3.com.br\/site\/sem-categoria\/em-nome-da-reconciliacao-a-historica-visita-a-pearl-harbor\/","title":{"rendered":"EM NOME DA RECONCILIA\u00c7\u00c3O, A HIST\u00d3RICA VISITA A PEARL HARBOR"},"content":{"rendered":"<p><span style=\"color: #40acad; font-family: -apple-system, system-ui, 'Segoe UI', Roboto, Oxygen-Sans, Ubuntu, Cantarell, 'Helvetica Neue', sans-serif; font-size: 12px; font-weight: bold;\"><\/p>\n<p style=\"text-align:justify\">Em emocionante cerim\u00f4nia, o primeiro ministro japon\u00eas Shinzo Abe iniciou sua visita de dois dias \u00e0 base naval de Pearl Harbor, no Hawai. Apresentou suas &#8221;\u00a0sinceras condol\u00eancias \u00e0s almas eternas daqueles que perderam suas vidas aqui\u00a0.&#8221;, referindo-se ao ataque de\u00a075 anos atr\u00e1s.<\/p>\n<p style=\"text-align:justify\">O ataque a\u00e9reo japon\u00eas contra a frota norte-americana a partir da ilha de Ohahu, no cora\u00e7\u00e3o do Oceano Pacifico, planejado e realizado minuciosamente, foi determinante para a entrada dos EUA na II Guerra Mundial e um dos maiores acontecimentos entre\u00a0 os conflitos armados em toda a hist\u00f3ria.<\/p>\n<p style=\"text-align:justify\">1941. 7 de dezembro, madrugada, a primeira onda de avi\u00f5es decolou do porta-avi\u00f5es Shokaku. Endossado pelo Imperador Hirohito, o arsenal militar japon\u00eas apresentava-se\u00a0 com 6 porta-avi\u00f5es, 11 navios de grande porte, 440 avi\u00f5es e instru\u00e7\u00f5es determinadas.<\/p>\n<p style=\"text-align:justify\">Os americanos foram inteiramente surpreendidos e n\u00e3o t\u00eam tempo para lan\u00e7ar uma contra-ofensiva. 155 aeronaves foram destru\u00eddas no ch\u00e3o, o campo de pouso danificado, os navios da VIIa. frota atingidos, tr\u00eas afundados.\u00a0 Entre mais de 2,4 mil vitimas do lado americano, 1.177 soldados. Entre os japoneses, somente 60, mais a perda de 29 aeronaves e 5 \u00a0mini-submarinos. \u00c0s dez horas, tudo estava acabado e o mundo come\u00e7ava a mudar no significado e ambiente do seu maior conflito.<\/p>\n<p style=\"text-align:justify\"><a class=\"fancybox-media\" href=\"..\/_uploads\/_noticia\/2016-12\/pearlharborguerraeataque.jpg\" rel=\"portfolio\"><img decoding=\"async\" alt=\"\" src=\"..\/_uploads\/_noticia\/2016-12\/pearlharborguerraeataque.jpg\" \/><\/a><\/p>\n<p style=\"text-align:justify\">A vit\u00f3ria japonesa em um ataque surpresa coordenado pelo famoso almirante Yamamoto foi um alimento que os americanos tiveram como manancial para o ingresso definitivo na guerra e abriu a frente do Pac\u00edfico, com batalhas que renderam em diversas frentes \u2013 da militar \u00e0 cinematogr\u00e1fica.<\/p>\n<p style=\"text-align:justify\">Um confronto que foi acabar quase quatro anos mais tarde por outro bombardeio, outro massacre \u00a0em grande escala, nas bombas at\u00f4micas de Hiroshima e Nagasaki.<\/p>\n<p style=\"text-align:justify\">Como um extenso filme hist\u00f3rico, os anos se passaram, a reaproxima\u00e7\u00e3o entre os dois pa\u00edses teve a passagem pela intensa presen\u00e7a norte-americana no arquip\u00e9lago japon\u00eas. Na r\u00e9plica tur\u00edstica, quando os japoneses \u2018invadiram\u2019 novamente o Hawaii, \u00e9poca onde viajar para a regi\u00e3o nos finais de semana era um programa habitual. Honolulu parecia uma filial de T\u00f3quio e os japoneses, com o yen em alta, compravam e consumiam de tudo.<\/p>\n<p style=\"text-align:justify\">Ainda agora, com a temporada tur\u00edstica em pleno andamento, Honolulu e o Hawaii tem muitos lugares de mem\u00f3rias e intensamente visitados, as ilhas contam com\u00a0 um contingente de descendentes japoneses.<\/p>\n<p style=\"text-align:justify\">Sete meses ap\u00f3s a visita conjunta a Hiroshima, a primeira cidade japonesa vitima do fogo nuclear, os mandat\u00e1rios executivos do Jap\u00e3o e Estados Unidos voltaram a se reunir, na cerim\u00f4nia realizada no USS Arizona Memorial, constru\u00eddo sobre os destro\u00e7os enferrujados do navio de guerra que foi afundado no ataque a Pearl Harbor\u00a0 e que colocou a base naval em estado de choque.<\/p>\n<p style=\"text-align:justify\"><a class=\"fancybox-media\" href=\"..\/_uploads\/_noticia\/2016-12\/pearlharborobamaeabe.jpg\" rel=\"portfolio\"><img decoding=\"async\" alt=\"\" src=\"..\/_uploads\/_noticia\/2016-12\/pearlharborobamaeabe.jpg\" \/><\/a><\/p>\n<p style=\"text-align:justify\">Esta foi\u00a0 a primeira vez que um alto governante japon\u00eas visita o USS Arizona Memorial, construido na d\u00e9cada de 1960.<\/p>\n<p style=\"text-align:justify\">Congratulando-se com a mem\u00f3ria de &#8220;todos os homens e mulheres que perderam suas vidas em uma guerra que come\u00e7ou nesse mesmo lugar&#8221;, Abe n\u00e3o pediu desculpas, mas exortou para &#8220;nunca mais repetir os horrores da guerra \u201ce apresentou suas sinceras condol\u00eancias<\/p>\n<p style=\"text-align:justify\">&#8220;Na\u00e7\u00f5es e povos, n\u00e3o podemos escolher a hist\u00f3ria que herdamos mas podemos escolher as li\u00e7\u00f5es que tiramos&#8221;, \u00a0respondeu o presidente dos EUA, advertindo contra as perigosas engrenagens das guerras e salientando que a alian\u00e7a entre T\u00f3quio e Washington &#8220;nunca foi mais forte como nos dias atuais.&#8221;\u00a0 Obama completou dizendo estar enviando uma mensagem para o mundo de que h\u00e1 &#8220;mais a ganhar com a paz do que a guerra.&#8221;<\/p>\n<p style=\"text-align:justify\">Foi ap\u00f3s o ataque a Pearl Harbor que o Congresso dos EUA declarou oficialmente a guerra ao Jap\u00e3o.<\/p>\n<p>\u00a0<\/p>\n<p>\u00a0<\/p>\n<p><\/span><\/p>\n","protected":false},"excerpt":{"rendered":"<p>Shinzo Abe apresentou \u2018eternas condol\u00eancias\u2019 ao presidente Obama e veteranos de guerra dos dois lados na solenidade da primeira visita oficial 75 anos depois<\/p>\n","protected":false},"author":1,"featured_media":0,"comment_status":"open","ping_status":"open","sticky":false,"template":"","format":"standard","meta":{"footnotes":""},"categories":[],"tags":[],"class_list":["post-3092","post","type-post","status-publish","format-standard","hentry"],"yoast_head":"<!-- This site is optimized with the Yoast SEO plugin v26.2 - https:\/\/yoast.com\/wordpress\/plugins\/seo\/ -->\n<title>EM NOME DA RECONCILIA\u00c7\u00c3O, A HIST\u00d3RICA VISITA A PEARL HARBOR - Travel3<\/title>\n<meta name=\"description\" content=\"A TRAVEL3 \u00e9 um portal de conte\u00fado voltado para o turismo, encontre destinos, viagens, hospedagem, passagens, guias, not\u00edcias sobre o mercado do turismo, dicas de viagem, v\u00eddeos e podcast.\" \/>\n<meta name=\"robots\" content=\"index, follow, max-snippet:-1, max-image-preview:large, max-video-preview:-1\" \/>\n<link rel=\"canonical\" href=\"https:\/\/www.travel3.com.br\/site\/sem-categoria\/em-nome-da-reconciliacao-a-historica-visita-a-pearl-harbor\/\" \/>\n<meta property=\"og:locale\" content=\"pt_BR\" \/>\n<meta property=\"og:type\" content=\"article\" \/>\n<meta property=\"og:title\" content=\"EM NOME DA RECONCILIA\u00c7\u00c3O, A HIST\u00d3RICA VISITA A PEARL HARBOR - Travel3\" \/>\n<meta property=\"og:description\" content=\"A TRAVEL3 \u00e9 um portal de conte\u00fado voltado para o turismo, encontre destinos, viagens, hospedagem, passagens, guias, not\u00edcias sobre o mercado do turismo, dicas de viagem, v\u00eddeos e podcast.\" \/>\n<meta property=\"og:url\" content=\"https:\/\/www.travel3.com.br\/site\/sem-categoria\/em-nome-da-reconciliacao-a-historica-visita-a-pearl-harbor\/\" \/>\n<meta property=\"og:site_name\" content=\"Travel3\" \/>\n<meta property=\"article:publisher\" content=\"https:\/\/www.facebook.com\/travel3media\/\" \/>\n<meta property=\"article:published_time\" content=\"2017-09-05T11:29:58+00:00\" \/>\n<meta property=\"article:modified_time\" content=\"2017-09-12T18:11:46+00:00\" \/>\n<meta name=\"author\" content=\"admin\" \/>\n<meta name=\"twitter:card\" content=\"summary_large_image\" \/>\n<meta name=\"twitter:label1\" content=\"Escrito por\" \/>\n\t<meta name=\"twitter:data1\" content=\"admin\" \/>\n\t<meta name=\"twitter:label2\" content=\"Est. tempo de leitura\" \/>\n\t<meta name=\"twitter:data2\" content=\"3 minutos\" \/>\n<script type=\"application\/ld+json\" class=\"yoast-schema-graph\">{\"@context\":\"https:\/\/schema.org\",\"@graph\":[{\"@type\":\"Article\",\"@id\":\"https:\/\/www.travel3.com.br\/site\/sem-categoria\/em-nome-da-reconciliacao-a-historica-visita-a-pearl-harbor\/#article\",\"isPartOf\":{\"@id\":\"https:\/\/www.travel3.com.br\/site\/sem-categoria\/em-nome-da-reconciliacao-a-historica-visita-a-pearl-harbor\/\"},\"author\":{\"name\":\"admin\",\"@id\":\"https:\/\/www.travel3.com.br\/site\/#\/schema\/person\/a69d71e41a024999b6ab82369ac0bd1e\"},\"headline\":\"EM NOME DA RECONCILIA\u00c7\u00c3O, A HIST\u00d3RICA VISITA A PEARL HARBOR\",\"datePublished\":\"2017-09-05T11:29:58+00:00\",\"dateModified\":\"2017-09-12T18:11:46+00:00\",\"mainEntityOfPage\":{\"@id\":\"https:\/\/www.travel3.com.br\/site\/sem-categoria\/em-nome-da-reconciliacao-a-historica-visita-a-pearl-harbor\/\"},\"wordCount\":634,\"commentCount\":0,\"publisher\":{\"@id\":\"https:\/\/www.travel3.com.br\/site\/#organization\"},\"inLanguage\":\"pt-BR\",\"potentialAction\":[{\"@type\":\"CommentAction\",\"name\":\"Comment\",\"target\":[\"https:\/\/www.travel3.com.br\/site\/sem-categoria\/em-nome-da-reconciliacao-a-historica-visita-a-pearl-harbor\/#respond\"]}]},{\"@type\":\"WebPage\",\"@id\":\"https:\/\/www.travel3.com.br\/site\/sem-categoria\/em-nome-da-reconciliacao-a-historica-visita-a-pearl-harbor\/\",\"url\":\"https:\/\/www.travel3.com.br\/site\/sem-categoria\/em-nome-da-reconciliacao-a-historica-visita-a-pearl-harbor\/\",\"name\":\"EM NOME DA RECONCILIA\u00c7\u00c3O, A HIST\u00d3RICA VISITA A PEARL HARBOR - Travel3\",\"isPartOf\":{\"@id\":\"https:\/\/www.travel3.com.br\/site\/#website\"},\"datePublished\":\"2017-09-05T11:29:58+00:00\",\"dateModified\":\"2017-09-12T18:11:46+00:00\",\"description\":\"A TRAVEL3 \u00e9 um portal de conte\u00fado voltado para o turismo, encontre destinos, viagens, hospedagem, passagens, guias, not\u00edcias sobre o mercado do turismo, dicas de viagem, v\u00eddeos e podcast.\",\"breadcrumb\":{\"@id\":\"https:\/\/www.travel3.com.br\/site\/sem-categoria\/em-nome-da-reconciliacao-a-historica-visita-a-pearl-harbor\/#breadcrumb\"},\"inLanguage\":\"pt-BR\",\"potentialAction\":[{\"@type\":\"ReadAction\",\"target\":[\"https:\/\/www.travel3.com.br\/site\/sem-categoria\/em-nome-da-reconciliacao-a-historica-visita-a-pearl-harbor\/\"]}]},{\"@type\":\"BreadcrumbList\",\"@id\":\"https:\/\/www.travel3.com.br\/site\/sem-categoria\/em-nome-da-reconciliacao-a-historica-visita-a-pearl-harbor\/#breadcrumb\",\"itemListElement\":[{\"@type\":\"ListItem\",\"position\":1,\"name\":\"In\u00edcio\",\"item\":\"https:\/\/www.travel3.com.br\/site\/\"},{\"@type\":\"ListItem\",\"position\":2,\"name\":\"EM NOME DA RECONCILIA\u00c7\u00c3O, A HIST\u00d3RICA VISITA A PEARL HARBOR\"}]},{\"@type\":\"WebSite\",\"@id\":\"https:\/\/www.travel3.com.br\/site\/#website\",\"url\":\"https:\/\/www.travel3.com.br\/site\/\",\"name\":\"Travel3\",\"description\":\"Lazer + Neg&oacute;cios + Aventura\",\"publisher\":{\"@id\":\"https:\/\/www.travel3.com.br\/site\/#organization\"},\"potentialAction\":[{\"@type\":\"SearchAction\",\"target\":{\"@type\":\"EntryPoint\",\"urlTemplate\":\"https:\/\/www.travel3.com.br\/site\/?s={search_term_string}\"},\"query-input\":{\"@type\":\"PropertyValueSpecification\",\"valueRequired\":true,\"valueName\":\"search_term_string\"}}],\"inLanguage\":\"pt-BR\"},{\"@type\":\"Organization\",\"@id\":\"https:\/\/www.travel3.com.br\/site\/#organization\",\"name\":\"Travel3\",\"url\":\"https:\/\/www.travel3.com.br\/site\/\",\"logo\":{\"@type\":\"ImageObject\",\"inLanguage\":\"pt-BR\",\"@id\":\"https:\/\/www.travel3.com.br\/site\/#\/schema\/logo\/image\/\",\"url\":\"https:\/\/www.travel3.com.br\/site\/wp-content\/uploads\/2020\/01\/logo-travel3-2020.png\",\"contentUrl\":\"https:\/\/www.travel3.com.br\/site\/wp-content\/uploads\/2020\/01\/logo-travel3-2020.png\",\"width\":232,\"height\":79,\"caption\":\"Travel3\"},\"image\":{\"@id\":\"https:\/\/www.travel3.com.br\/site\/#\/schema\/logo\/image\/\"},\"sameAs\":[\"https:\/\/www.facebook.com\/travel3media\/\",\"https:\/\/www.instagram.com\/revistatravel3\/\",\"https:\/\/www.youtube.com\/channel\/UCno7J4paGBR3VbZQzvoJ9Eg\"]},{\"@type\":\"Person\",\"@id\":\"https:\/\/www.travel3.com.br\/site\/#\/schema\/person\/a69d71e41a024999b6ab82369ac0bd1e\",\"name\":\"admin\",\"image\":{\"@type\":\"ImageObject\",\"inLanguage\":\"pt-BR\",\"@id\":\"https:\/\/www.travel3.com.br\/site\/#\/schema\/person\/image\/\",\"url\":\"https:\/\/secure.gravatar.com\/avatar\/732a67adfd764da2a47ba10ce731c4c0?s=96&d=mm&r=g\",\"contentUrl\":\"https:\/\/secure.gravatar.com\/avatar\/732a67adfd764da2a47ba10ce731c4c0?s=96&d=mm&r=g\",\"caption\":\"admin\"},\"url\":\"https:\/\/www.travel3.com.br\/site\/author\/admin\/\"}]}<\/script>\n<!-- \/ Yoast SEO plugin. -->","yoast_head_json":{"title":"EM NOME DA RECONCILIA\u00c7\u00c3O, A HIST\u00d3RICA VISITA A PEARL HARBOR - Travel3","description":"A TRAVEL3 \u00e9 um portal de conte\u00fado voltado para o turismo, encontre destinos, viagens, hospedagem, passagens, guias, not\u00edcias sobre o mercado do turismo, dicas de viagem, v\u00eddeos e podcast.","robots":{"index":"index","follow":"follow","max-snippet":"max-snippet:-1","max-image-preview":"max-image-preview:large","max-video-preview":"max-video-preview:-1"},"canonical":"https:\/\/www.travel3.com.br\/site\/sem-categoria\/em-nome-da-reconciliacao-a-historica-visita-a-pearl-harbor\/","og_locale":"pt_BR","og_type":"article","og_title":"EM NOME DA RECONCILIA\u00c7\u00c3O, A HIST\u00d3RICA VISITA A PEARL HARBOR - Travel3","og_description":"A TRAVEL3 \u00e9 um portal de conte\u00fado voltado para o turismo, encontre destinos, viagens, hospedagem, passagens, guias, not\u00edcias sobre o mercado do turismo, dicas de viagem, v\u00eddeos e podcast.","og_url":"https:\/\/www.travel3.com.br\/site\/sem-categoria\/em-nome-da-reconciliacao-a-historica-visita-a-pearl-harbor\/","og_site_name":"Travel3","article_publisher":"https:\/\/www.facebook.com\/travel3media\/","article_published_time":"2017-09-05T11:29:58+00:00","article_modified_time":"2017-09-12T18:11:46+00:00","author":"admin","twitter_card":"summary_large_image","twitter_misc":{"Escrito por":"admin","Est. tempo de leitura":"3 minutos"},"schema":{"@context":"https:\/\/schema.org","@graph":[{"@type":"Article","@id":"https:\/\/www.travel3.com.br\/site\/sem-categoria\/em-nome-da-reconciliacao-a-historica-visita-a-pearl-harbor\/#article","isPartOf":{"@id":"https:\/\/www.travel3.com.br\/site\/sem-categoria\/em-nome-da-reconciliacao-a-historica-visita-a-pearl-harbor\/"},"author":{"name":"admin","@id":"https:\/\/www.travel3.com.br\/site\/#\/schema\/person\/a69d71e41a024999b6ab82369ac0bd1e"},"headline":"EM NOME DA RECONCILIA\u00c7\u00c3O, A HIST\u00d3RICA VISITA A PEARL HARBOR","datePublished":"2017-09-05T11:29:58+00:00","dateModified":"2017-09-12T18:11:46+00:00","mainEntityOfPage":{"@id":"https:\/\/www.travel3.com.br\/site\/sem-categoria\/em-nome-da-reconciliacao-a-historica-visita-a-pearl-harbor\/"},"wordCount":634,"commentCount":0,"publisher":{"@id":"https:\/\/www.travel3.com.br\/site\/#organization"},"inLanguage":"pt-BR","potentialAction":[{"@type":"CommentAction","name":"Comment","target":["https:\/\/www.travel3.com.br\/site\/sem-categoria\/em-nome-da-reconciliacao-a-historica-visita-a-pearl-harbor\/#respond"]}]},{"@type":"WebPage","@id":"https:\/\/www.travel3.com.br\/site\/sem-categoria\/em-nome-da-reconciliacao-a-historica-visita-a-pearl-harbor\/","url":"https:\/\/www.travel3.com.br\/site\/sem-categoria\/em-nome-da-reconciliacao-a-historica-visita-a-pearl-harbor\/","name":"EM NOME DA RECONCILIA\u00c7\u00c3O, A HIST\u00d3RICA VISITA A PEARL HARBOR - Travel3","isPartOf":{"@id":"https:\/\/www.travel3.com.br\/site\/#website"},"datePublished":"2017-09-05T11:29:58+00:00","dateModified":"2017-09-12T18:11:46+00:00","description":"A TRAVEL3 \u00e9 um portal de conte\u00fado voltado para o turismo, encontre destinos, viagens, hospedagem, passagens, guias, not\u00edcias sobre o mercado do turismo, dicas de viagem, v\u00eddeos e podcast.","breadcrumb":{"@id":"https:\/\/www.travel3.com.br\/site\/sem-categoria\/em-nome-da-reconciliacao-a-historica-visita-a-pearl-harbor\/#breadcrumb"},"inLanguage":"pt-BR","potentialAction":[{"@type":"ReadAction","target":["https:\/\/www.travel3.com.br\/site\/sem-categoria\/em-nome-da-reconciliacao-a-historica-visita-a-pearl-harbor\/"]}]},{"@type":"BreadcrumbList","@id":"https:\/\/www.travel3.com.br\/site\/sem-categoria\/em-nome-da-reconciliacao-a-historica-visita-a-pearl-harbor\/#breadcrumb","itemListElement":[{"@type":"ListItem","position":1,"name":"In\u00edcio","item":"https:\/\/www.travel3.com.br\/site\/"},{"@type":"ListItem","position":2,"name":"EM NOME DA RECONCILIA\u00c7\u00c3O, A HIST\u00d3RICA VISITA A PEARL HARBOR"}]},{"@type":"WebSite","@id":"https:\/\/www.travel3.com.br\/site\/#website","url":"https:\/\/www.travel3.com.br\/site\/","name":"Travel3","description":"Lazer + Neg&oacute;cios + Aventura","publisher":{"@id":"https:\/\/www.travel3.com.br\/site\/#organization"},"potentialAction":[{"@type":"SearchAction","target":{"@type":"EntryPoint","urlTemplate":"https:\/\/www.travel3.com.br\/site\/?s={search_term_string}"},"query-input":{"@type":"PropertyValueSpecification","valueRequired":true,"valueName":"search_term_string"}}],"inLanguage":"pt-BR"},{"@type":"Organization","@id":"https:\/\/www.travel3.com.br\/site\/#organization","name":"Travel3","url":"https:\/\/www.travel3.com.br\/site\/","logo":{"@type":"ImageObject","inLanguage":"pt-BR","@id":"https:\/\/www.travel3.com.br\/site\/#\/schema\/logo\/image\/","url":"https:\/\/www.travel3.com.br\/site\/wp-content\/uploads\/2020\/01\/logo-travel3-2020.png","contentUrl":"https:\/\/www.travel3.com.br\/site\/wp-content\/uploads\/2020\/01\/logo-travel3-2020.png","width":232,"height":79,"caption":"Travel3"},"image":{"@id":"https:\/\/www.travel3.com.br\/site\/#\/schema\/logo\/image\/"},"sameAs":["https:\/\/www.facebook.com\/travel3media\/","https:\/\/www.instagram.com\/revistatravel3\/","https:\/\/www.youtube.com\/channel\/UCno7J4paGBR3VbZQzvoJ9Eg"]},{"@type":"Person","@id":"https:\/\/www.travel3.com.br\/site\/#\/schema\/person\/a69d71e41a024999b6ab82369ac0bd1e","name":"admin","image":{"@type":"ImageObject","inLanguage":"pt-BR","@id":"https:\/\/www.travel3.com.br\/site\/#\/schema\/person\/image\/","url":"https:\/\/secure.gravatar.com\/avatar\/732a67adfd764da2a47ba10ce731c4c0?s=96&d=mm&r=g","contentUrl":"https:\/\/secure.gravatar.com\/avatar\/732a67adfd764da2a47ba10ce731c4c0?s=96&d=mm&r=g","caption":"admin"},"url":"https:\/\/www.travel3.com.br\/site\/author\/admin\/"}]}},"_links":{"self":[{"href":"https:\/\/www.travel3.com.br\/site\/wp-json\/wp\/v2\/posts\/3092","targetHints":{"allow":["GET"]}}],"collection":[{"href":"https:\/\/www.travel3.com.br\/site\/wp-json\/wp\/v2\/posts"}],"about":[{"href":"https:\/\/www.travel3.com.br\/site\/wp-json\/wp\/v2\/types\/post"}],"author":[{"embeddable":true,"href":"https:\/\/www.travel3.com.br\/site\/wp-json\/wp\/v2\/users\/1"}],"replies":[{"embeddable":true,"href":"https:\/\/www.travel3.com.br\/site\/wp-json\/wp\/v2\/comments?post=3092"}],"version-history":[{"count":1,"href":"https:\/\/www.travel3.com.br\/site\/wp-json\/wp\/v2\/posts\/3092\/revisions"}],"predecessor-version":[{"id":3889,"href":"https:\/\/www.travel3.com.br\/site\/wp-json\/wp\/v2\/posts\/3092\/revisions\/3889"}],"wp:attachment":[{"href":"https:\/\/www.travel3.com.br\/site\/wp-json\/wp\/v2\/media?parent=3092"}],"wp:term":[{"taxonomy":"category","embeddable":true,"href":"https:\/\/www.travel3.com.br\/site\/wp-json\/wp\/v2\/categories?post=3092"},{"taxonomy":"post_tag","embeddable":true,"href":"https:\/\/www.travel3.com.br\/site\/wp-json\/wp\/v2\/tags?post=3092"}],"curies":[{"name":"wp","href":"https:\/\/api.w.org\/{rel}","templated":true}]}}