{"id":3085,"date":"2017-09-05T04:25:53","date_gmt":"2017-09-05T04:25:53","guid":{"rendered":"http:\/\/www.travel3.com.br\/site\/ir-e-vir\/ar\/unidas-abre-a-primeira-franquia-em-balneario-camboriu\/"},"modified":"2017-09-12T18:11:33","modified_gmt":"2017-09-12T18:11:33","slug":"unidas-abre-a-primeira-franquia-em-balneario-camboriu","status":"publish","type":"post","link":"https:\/\/www.travel3.com.br\/site\/sem-categoria\/unidas-abre-a-primeira-franquia-em-balneario-camboriu\/","title":{"rendered":"UNIDAS ABRE A PRIMEIRA FRANQUIA EM BALNE\u00c1RIO CAMBORIU"},"content":{"rendered":"<p><span style=\"color: #40acad; font-family: -apple-system, system-ui, 'Segoe UI', Roboto, Oxygen-Sans, Ubuntu, Cantarell, 'Helvetica Neue', sans-serif; font-size: 12px; font-weight: bold;\"><\/p>\n<p style=\"text-align:justify\">A Unidas, empresa especializada em loca\u00e7\u00e3o de autom\u00f3veis e gest\u00e3o de frotas, inaugura sua \u00a0primeira loja franqueada de Rent a Car em Balne\u00e1rio Cambori\u00fa, um dos principais destinos do turismo catarinense, localizada a 90 km de dist\u00e2ncia da capital Florian\u00f3polis.<\/p>\n<p style=\"text-align:justify\">A loja est\u00e1 localizada na Rua 3.300, 512. Centro. Balne\u00e1rio Cambori\u00fa. Funciona de segunda a sexta, de 8h \u00e0s 18h e aos s\u00e1bados de 8h \u00e0s 12h. O telefone \u00e9 (47) 3081-4545.<\/p>\n<p style=\"text-align:justify\">Cambori\u00fa destaca-se por ser um dos principais destinos para veraneio no Sul do Brasil. Cresce a possibilidade de ser um dos pr\u00f3ximos portos para escalas de cruzeiros no litoral brasileiro. \u201cNossa presen\u00e7a em pontos tur\u00edsticos e de neg\u00f3cios tem o objetivo de atender \u00e0 demanda local e desenvolver economicamente ainda mais a regi\u00e3o\u201d, afirma Paulo Chequetti, Diretor Comercial de Rent a Car da Unidas.<\/p>\n<p style=\"text-align:justify\">www.unidas.com.br.<\/p>\n<p style=\"text-align:justify\"><a class=\"fancybox-media\" href=\"..\/_uploads\/_noticia\/2016-12\/balneariocamboriupraiae.jpg\" rel=\"portfolio\"><img decoding=\"async\" alt=\"\" src=\"..\/_uploads\/_noticia\/2016-12\/balneariocamboriupraiae.jpg\" \/><\/a><\/p>\n<p style=\"text-align:justify\">A cidade tamb\u00e9m reafirma seu potencial com a indica\u00e7\u00e3o de quarta melhor cidade brasileira para se viver dentro do \u00cdndice de Desenvolvimento Humano (IDH).<\/p>\n<p style=\"text-align:justify\">O IDH de Balne\u00e1rio Cambori\u00fa \u00e9 maior do que de todas as cidades das regi\u00f5es Centro Oeste, Norte e Nordeste e na regi\u00e3o Sul so perde para Florian\u00f3polis.<\/p>\n<p style=\"text-align:justify\"><a class=\"fancybox-media\" href=\"..\/_uploads\/_noticia\/2016-12\/balneariocamboriufotos.jpg\" rel=\"portfolio\"><img decoding=\"async\" alt=\"\" src=\"..\/_uploads\/_noticia\/2016-12\/balneariocamboriufotos.jpg\" \/><\/a><\/p>\n<p style=\"text-align:justify\"><em>(Fotos\/Divulga\u00e7\u00e3o\/SeturBC)<\/em><\/p>\n<p style=\"text-align:justify\">O fim de ano na cidade tamb\u00e9m \u00e9 caracter\u00edstico, com um dos r\u00e9veillon mais iluminados do pais. Como Florian\u00f3polis \u00a0reduziu a \u00a0festa com queima de fogos, ser\u00e1 o Balne\u00e1rio quem vai liderar a comemora\u00e7\u00e3o popular. \u00a0Ser\u00e3o 15 minutos com os fogos explodindo, \u00a0distribu\u00eddos nas \u00a010 balsas na Praia Central, ancoradas a 420 metros da areia.<\/p>\n<p style=\"text-align:justify\">O show \u00a0ser\u00e1 voltado para a paz, com muito branco e dourado, muito pisca-pisca\u201d, adiantam os organizadores. Produtos aqu\u00e1ticos que acendem e trazem um efeito de vela, como se estivesse aceso sobre a \u00e1gua. \u201cSer\u00e1 o show mais bonito da hist\u00f3ria de Balne\u00e1rio Cambori\u00fa\u201d, \u00e9 a afirma\u00e7\u00e3o. \u00a0<\/p>\n<p>\u00a0<\/p>\n<p>\u00a0<\/p>\n<p>\u00a0<\/p>\n<p><\/span><\/p>\n","protected":false},"excerpt":{"rendered":"<p>Mais um servi\u00e7o para atendimento tur\u00edstico de lazer na cidade que promete entre os atrativos da temporada, uma das principais festas do R\u00e9veillon<\/p>\n","protected":false},"author":1,"featured_media":0,"comment_status":"open","ping_status":"open","sticky":false,"template":"","format":"standard","meta":{"footnotes":""},"categories":[],"tags":[],"class_list":["post-3085","post","type-post","status-publish","format-standard","hentry"],"yoast_head":"<!-- This site is optimized with the Yoast SEO plugin v26.2 - https:\/\/yoast.com\/wordpress\/plugins\/seo\/ -->\n<title>UNIDAS ABRE A PRIMEIRA FRANQUIA EM BALNE\u00c1RIO CAMBORIU - Travel3<\/title>\n<meta name=\"description\" content=\"A TRAVEL3 \u00e9 um portal de conte\u00fado voltado para o turismo, encontre destinos, viagens, hospedagem, passagens, guias, not\u00edcias sobre o mercado do turismo, dicas de viagem, v\u00eddeos e podcast.\" \/>\n<meta name=\"robots\" content=\"index, follow, max-snippet:-1, max-image-preview:large, max-video-preview:-1\" \/>\n<link rel=\"canonical\" href=\"https:\/\/www.travel3.com.br\/site\/sem-categoria\/unidas-abre-a-primeira-franquia-em-balneario-camboriu\/\" \/>\n<meta property=\"og:locale\" content=\"pt_BR\" \/>\n<meta property=\"og:type\" content=\"article\" \/>\n<meta property=\"og:title\" content=\"UNIDAS ABRE A PRIMEIRA FRANQUIA EM BALNE\u00c1RIO CAMBORIU - Travel3\" \/>\n<meta property=\"og:description\" content=\"A TRAVEL3 \u00e9 um portal de conte\u00fado voltado para o turismo, encontre destinos, viagens, hospedagem, passagens, guias, not\u00edcias sobre o mercado do turismo, dicas de viagem, v\u00eddeos e podcast.\" \/>\n<meta property=\"og:url\" content=\"https:\/\/www.travel3.com.br\/site\/sem-categoria\/unidas-abre-a-primeira-franquia-em-balneario-camboriu\/\" \/>\n<meta property=\"og:site_name\" content=\"Travel3\" \/>\n<meta property=\"article:publisher\" content=\"https:\/\/www.facebook.com\/travel3media\/\" \/>\n<meta property=\"article:published_time\" content=\"2017-09-05T04:25:53+00:00\" \/>\n<meta property=\"article:modified_time\" content=\"2017-09-12T18:11:33+00:00\" \/>\n<meta name=\"author\" content=\"admin\" \/>\n<meta name=\"twitter:card\" content=\"summary_large_image\" \/>\n<meta name=\"twitter:label1\" content=\"Escrito por\" \/>\n\t<meta name=\"twitter:data1\" content=\"admin\" \/>\n\t<meta name=\"twitter:label2\" content=\"Est. tempo de leitura\" \/>\n\t<meta name=\"twitter:data2\" content=\"2 minutos\" \/>\n<script type=\"application\/ld+json\" class=\"yoast-schema-graph\">{\"@context\":\"https:\/\/schema.org\",\"@graph\":[{\"@type\":\"Article\",\"@id\":\"https:\/\/www.travel3.com.br\/site\/sem-categoria\/unidas-abre-a-primeira-franquia-em-balneario-camboriu\/#article\",\"isPartOf\":{\"@id\":\"https:\/\/www.travel3.com.br\/site\/sem-categoria\/unidas-abre-a-primeira-franquia-em-balneario-camboriu\/\"},\"author\":{\"name\":\"admin\",\"@id\":\"https:\/\/www.travel3.com.br\/site\/#\/schema\/person\/a69d71e41a024999b6ab82369ac0bd1e\"},\"headline\":\"UNIDAS ABRE A PRIMEIRA FRANQUIA EM BALNE\u00c1RIO CAMBORIU\",\"datePublished\":\"2017-09-05T04:25:53+00:00\",\"dateModified\":\"2017-09-12T18:11:33+00:00\",\"mainEntityOfPage\":{\"@id\":\"https:\/\/www.travel3.com.br\/site\/sem-categoria\/unidas-abre-a-primeira-franquia-em-balneario-camboriu\/\"},\"wordCount\":326,\"commentCount\":0,\"publisher\":{\"@id\":\"https:\/\/www.travel3.com.br\/site\/#organization\"},\"inLanguage\":\"pt-BR\",\"potentialAction\":[{\"@type\":\"CommentAction\",\"name\":\"Comment\",\"target\":[\"https:\/\/www.travel3.com.br\/site\/sem-categoria\/unidas-abre-a-primeira-franquia-em-balneario-camboriu\/#respond\"]}]},{\"@type\":\"WebPage\",\"@id\":\"https:\/\/www.travel3.com.br\/site\/sem-categoria\/unidas-abre-a-primeira-franquia-em-balneario-camboriu\/\",\"url\":\"https:\/\/www.travel3.com.br\/site\/sem-categoria\/unidas-abre-a-primeira-franquia-em-balneario-camboriu\/\",\"name\":\"UNIDAS ABRE A PRIMEIRA FRANQUIA EM BALNE\u00c1RIO CAMBORIU - Travel3\",\"isPartOf\":{\"@id\":\"https:\/\/www.travel3.com.br\/site\/#website\"},\"datePublished\":\"2017-09-05T04:25:53+00:00\",\"dateModified\":\"2017-09-12T18:11:33+00:00\",\"description\":\"A TRAVEL3 \u00e9 um portal de conte\u00fado voltado para o turismo, encontre destinos, viagens, hospedagem, passagens, guias, not\u00edcias sobre o mercado do turismo, dicas de viagem, v\u00eddeos e podcast.\",\"breadcrumb\":{\"@id\":\"https:\/\/www.travel3.com.br\/site\/sem-categoria\/unidas-abre-a-primeira-franquia-em-balneario-camboriu\/#breadcrumb\"},\"inLanguage\":\"pt-BR\",\"potentialAction\":[{\"@type\":\"ReadAction\",\"target\":[\"https:\/\/www.travel3.com.br\/site\/sem-categoria\/unidas-abre-a-primeira-franquia-em-balneario-camboriu\/\"]}]},{\"@type\":\"BreadcrumbList\",\"@id\":\"https:\/\/www.travel3.com.br\/site\/sem-categoria\/unidas-abre-a-primeira-franquia-em-balneario-camboriu\/#breadcrumb\",\"itemListElement\":[{\"@type\":\"ListItem\",\"position\":1,\"name\":\"In\u00edcio\",\"item\":\"https:\/\/www.travel3.com.br\/site\/\"},{\"@type\":\"ListItem\",\"position\":2,\"name\":\"UNIDAS ABRE A PRIMEIRA FRANQUIA EM BALNE\u00c1RIO CAMBORIU\"}]},{\"@type\":\"WebSite\",\"@id\":\"https:\/\/www.travel3.com.br\/site\/#website\",\"url\":\"https:\/\/www.travel3.com.br\/site\/\",\"name\":\"Travel3\",\"description\":\"Lazer + Neg&oacute;cios + Aventura\",\"publisher\":{\"@id\":\"https:\/\/www.travel3.com.br\/site\/#organization\"},\"potentialAction\":[{\"@type\":\"SearchAction\",\"target\":{\"@type\":\"EntryPoint\",\"urlTemplate\":\"https:\/\/www.travel3.com.br\/site\/?s={search_term_string}\"},\"query-input\":{\"@type\":\"PropertyValueSpecification\",\"valueRequired\":true,\"valueName\":\"search_term_string\"}}],\"inLanguage\":\"pt-BR\"},{\"@type\":\"Organization\",\"@id\":\"https:\/\/www.travel3.com.br\/site\/#organization\",\"name\":\"Travel3\",\"url\":\"https:\/\/www.travel3.com.br\/site\/\",\"logo\":{\"@type\":\"ImageObject\",\"inLanguage\":\"pt-BR\",\"@id\":\"https:\/\/www.travel3.com.br\/site\/#\/schema\/logo\/image\/\",\"url\":\"https:\/\/www.travel3.com.br\/site\/wp-content\/uploads\/2020\/01\/logo-travel3-2020.png\",\"contentUrl\":\"https:\/\/www.travel3.com.br\/site\/wp-content\/uploads\/2020\/01\/logo-travel3-2020.png\",\"width\":232,\"height\":79,\"caption\":\"Travel3\"},\"image\":{\"@id\":\"https:\/\/www.travel3.com.br\/site\/#\/schema\/logo\/image\/\"},\"sameAs\":[\"https:\/\/www.facebook.com\/travel3media\/\",\"https:\/\/www.instagram.com\/revistatravel3\/\",\"https:\/\/www.youtube.com\/channel\/UCno7J4paGBR3VbZQzvoJ9Eg\"]},{\"@type\":\"Person\",\"@id\":\"https:\/\/www.travel3.com.br\/site\/#\/schema\/person\/a69d71e41a024999b6ab82369ac0bd1e\",\"name\":\"admin\",\"image\":{\"@type\":\"ImageObject\",\"inLanguage\":\"pt-BR\",\"@id\":\"https:\/\/www.travel3.com.br\/site\/#\/schema\/person\/image\/\",\"url\":\"https:\/\/secure.gravatar.com\/avatar\/732a67adfd764da2a47ba10ce731c4c0?s=96&d=mm&r=g\",\"contentUrl\":\"https:\/\/secure.gravatar.com\/avatar\/732a67adfd764da2a47ba10ce731c4c0?s=96&d=mm&r=g\",\"caption\":\"admin\"},\"url\":\"https:\/\/www.travel3.com.br\/site\/author\/admin\/\"}]}<\/script>\n<!-- \/ Yoast SEO plugin. -->","yoast_head_json":{"title":"UNIDAS ABRE A PRIMEIRA FRANQUIA EM BALNE\u00c1RIO CAMBORIU - Travel3","description":"A TRAVEL3 \u00e9 um portal de conte\u00fado voltado para o turismo, encontre destinos, viagens, hospedagem, passagens, guias, not\u00edcias sobre o mercado do turismo, dicas de viagem, v\u00eddeos e podcast.","robots":{"index":"index","follow":"follow","max-snippet":"max-snippet:-1","max-image-preview":"max-image-preview:large","max-video-preview":"max-video-preview:-1"},"canonical":"https:\/\/www.travel3.com.br\/site\/sem-categoria\/unidas-abre-a-primeira-franquia-em-balneario-camboriu\/","og_locale":"pt_BR","og_type":"article","og_title":"UNIDAS ABRE A PRIMEIRA FRANQUIA EM BALNE\u00c1RIO CAMBORIU - Travel3","og_description":"A TRAVEL3 \u00e9 um portal de conte\u00fado voltado para o turismo, encontre destinos, viagens, hospedagem, passagens, guias, not\u00edcias sobre o mercado do turismo, dicas de viagem, v\u00eddeos e podcast.","og_url":"https:\/\/www.travel3.com.br\/site\/sem-categoria\/unidas-abre-a-primeira-franquia-em-balneario-camboriu\/","og_site_name":"Travel3","article_publisher":"https:\/\/www.facebook.com\/travel3media\/","article_published_time":"2017-09-05T04:25:53+00:00","article_modified_time":"2017-09-12T18:11:33+00:00","author":"admin","twitter_card":"summary_large_image","twitter_misc":{"Escrito por":"admin","Est. tempo de leitura":"2 minutos"},"schema":{"@context":"https:\/\/schema.org","@graph":[{"@type":"Article","@id":"https:\/\/www.travel3.com.br\/site\/sem-categoria\/unidas-abre-a-primeira-franquia-em-balneario-camboriu\/#article","isPartOf":{"@id":"https:\/\/www.travel3.com.br\/site\/sem-categoria\/unidas-abre-a-primeira-franquia-em-balneario-camboriu\/"},"author":{"name":"admin","@id":"https:\/\/www.travel3.com.br\/site\/#\/schema\/person\/a69d71e41a024999b6ab82369ac0bd1e"},"headline":"UNIDAS ABRE A PRIMEIRA FRANQUIA EM BALNE\u00c1RIO CAMBORIU","datePublished":"2017-09-05T04:25:53+00:00","dateModified":"2017-09-12T18:11:33+00:00","mainEntityOfPage":{"@id":"https:\/\/www.travel3.com.br\/site\/sem-categoria\/unidas-abre-a-primeira-franquia-em-balneario-camboriu\/"},"wordCount":326,"commentCount":0,"publisher":{"@id":"https:\/\/www.travel3.com.br\/site\/#organization"},"inLanguage":"pt-BR","potentialAction":[{"@type":"CommentAction","name":"Comment","target":["https:\/\/www.travel3.com.br\/site\/sem-categoria\/unidas-abre-a-primeira-franquia-em-balneario-camboriu\/#respond"]}]},{"@type":"WebPage","@id":"https:\/\/www.travel3.com.br\/site\/sem-categoria\/unidas-abre-a-primeira-franquia-em-balneario-camboriu\/","url":"https:\/\/www.travel3.com.br\/site\/sem-categoria\/unidas-abre-a-primeira-franquia-em-balneario-camboriu\/","name":"UNIDAS ABRE A PRIMEIRA FRANQUIA EM BALNE\u00c1RIO CAMBORIU - Travel3","isPartOf":{"@id":"https:\/\/www.travel3.com.br\/site\/#website"},"datePublished":"2017-09-05T04:25:53+00:00","dateModified":"2017-09-12T18:11:33+00:00","description":"A TRAVEL3 \u00e9 um portal de conte\u00fado voltado para o turismo, encontre destinos, viagens, hospedagem, passagens, guias, not\u00edcias sobre o mercado do turismo, dicas de viagem, v\u00eddeos e podcast.","breadcrumb":{"@id":"https:\/\/www.travel3.com.br\/site\/sem-categoria\/unidas-abre-a-primeira-franquia-em-balneario-camboriu\/#breadcrumb"},"inLanguage":"pt-BR","potentialAction":[{"@type":"ReadAction","target":["https:\/\/www.travel3.com.br\/site\/sem-categoria\/unidas-abre-a-primeira-franquia-em-balneario-camboriu\/"]}]},{"@type":"BreadcrumbList","@id":"https:\/\/www.travel3.com.br\/site\/sem-categoria\/unidas-abre-a-primeira-franquia-em-balneario-camboriu\/#breadcrumb","itemListElement":[{"@type":"ListItem","position":1,"name":"In\u00edcio","item":"https:\/\/www.travel3.com.br\/site\/"},{"@type":"ListItem","position":2,"name":"UNIDAS ABRE A PRIMEIRA FRANQUIA EM BALNE\u00c1RIO CAMBORIU"}]},{"@type":"WebSite","@id":"https:\/\/www.travel3.com.br\/site\/#website","url":"https:\/\/www.travel3.com.br\/site\/","name":"Travel3","description":"Lazer + Neg&oacute;cios + Aventura","publisher":{"@id":"https:\/\/www.travel3.com.br\/site\/#organization"},"potentialAction":[{"@type":"SearchAction","target":{"@type":"EntryPoint","urlTemplate":"https:\/\/www.travel3.com.br\/site\/?s={search_term_string}"},"query-input":{"@type":"PropertyValueSpecification","valueRequired":true,"valueName":"search_term_string"}}],"inLanguage":"pt-BR"},{"@type":"Organization","@id":"https:\/\/www.travel3.com.br\/site\/#organization","name":"Travel3","url":"https:\/\/www.travel3.com.br\/site\/","logo":{"@type":"ImageObject","inLanguage":"pt-BR","@id":"https:\/\/www.travel3.com.br\/site\/#\/schema\/logo\/image\/","url":"https:\/\/www.travel3.com.br\/site\/wp-content\/uploads\/2020\/01\/logo-travel3-2020.png","contentUrl":"https:\/\/www.travel3.com.br\/site\/wp-content\/uploads\/2020\/01\/logo-travel3-2020.png","width":232,"height":79,"caption":"Travel3"},"image":{"@id":"https:\/\/www.travel3.com.br\/site\/#\/schema\/logo\/image\/"},"sameAs":["https:\/\/www.facebook.com\/travel3media\/","https:\/\/www.instagram.com\/revistatravel3\/","https:\/\/www.youtube.com\/channel\/UCno7J4paGBR3VbZQzvoJ9Eg"]},{"@type":"Person","@id":"https:\/\/www.travel3.com.br\/site\/#\/schema\/person\/a69d71e41a024999b6ab82369ac0bd1e","name":"admin","image":{"@type":"ImageObject","inLanguage":"pt-BR","@id":"https:\/\/www.travel3.com.br\/site\/#\/schema\/person\/image\/","url":"https:\/\/secure.gravatar.com\/avatar\/732a67adfd764da2a47ba10ce731c4c0?s=96&d=mm&r=g","contentUrl":"https:\/\/secure.gravatar.com\/avatar\/732a67adfd764da2a47ba10ce731c4c0?s=96&d=mm&r=g","caption":"admin"},"url":"https:\/\/www.travel3.com.br\/site\/author\/admin\/"}]}},"_links":{"self":[{"href":"https:\/\/www.travel3.com.br\/site\/wp-json\/wp\/v2\/posts\/3085","targetHints":{"allow":["GET"]}}],"collection":[{"href":"https:\/\/www.travel3.com.br\/site\/wp-json\/wp\/v2\/posts"}],"about":[{"href":"https:\/\/www.travel3.com.br\/site\/wp-json\/wp\/v2\/types\/post"}],"author":[{"embeddable":true,"href":"https:\/\/www.travel3.com.br\/site\/wp-json\/wp\/v2\/users\/1"}],"replies":[{"embeddable":true,"href":"https:\/\/www.travel3.com.br\/site\/wp-json\/wp\/v2\/comments?post=3085"}],"version-history":[{"count":1,"href":"https:\/\/www.travel3.com.br\/site\/wp-json\/wp\/v2\/posts\/3085\/revisions"}],"predecessor-version":[{"id":3882,"href":"https:\/\/www.travel3.com.br\/site\/wp-json\/wp\/v2\/posts\/3085\/revisions\/3882"}],"wp:attachment":[{"href":"https:\/\/www.travel3.com.br\/site\/wp-json\/wp\/v2\/media?parent=3085"}],"wp:term":[{"taxonomy":"category","embeddable":true,"href":"https:\/\/www.travel3.com.br\/site\/wp-json\/wp\/v2\/categories?post=3085"},{"taxonomy":"post_tag","embeddable":true,"href":"https:\/\/www.travel3.com.br\/site\/wp-json\/wp\/v2\/tags?post=3085"}],"curies":[{"name":"wp","href":"https:\/\/api.w.org\/{rel}","templated":true}]}}