{"id":30783,"date":"2020-02-14T20:31:09","date_gmt":"2020-02-14T22:31:09","guid":{"rendered":"https:\/\/www.travel3.com.br\/?p=30783"},"modified":"2020-02-14T20:31:09","modified_gmt":"2020-02-14T22:31:09","slug":"palladium-hotel-group-reune-agentes-de-belo-horizonte","status":"publish","type":"post","link":"https:\/\/www.travel3.com.br\/site\/acontece-no-turismo\/eventos-e-feiras\/palladium-hotel-group-reune-agentes-de-belo-horizonte\/","title":{"rendered":"Palladium Hotel Group re\u00fane agentes de Belo Horizonte"},"content":{"rendered":"\n<h3 class=\"wp-block-heading\" style=\"text-align:center\">Grupo, que comemora 50 anos, apresentou novidades aos mineiros no \u00faltimo dia 13<\/h3>\n\n\n\n<p>Na \u00faltima quinta-feira, 13 de fevereiro, o Palladium Hotel Group (PHG) ministrou em Belo Horizonte uma capacita\u00e7\u00e3o para os agentes de viagem mineiros. O evento, denominado <em>Palladium Nights<\/em>, aconteceu na choperia Hofbr\u00e4uhaus, e os presentes puderam conhecer as novidades do grupo em meio a uma degusta\u00e7\u00e3o de cervejas alem\u00e3s especiais.<\/p>\n\n\n\n<p>Participaram da apresenta\u00e7\u00e3o Carolina Abud, Diretora Comercial Brasil do PHG + J\u00e9ssica Michellin, Marketing Manager Brasil + Karina Chaves, Gerente de Vendas Sudeste e Centro-Oeste + Debora Spada, Gerente de Vendas MICE Brasil.<\/p>\n\n\n\n<p>Estiveram presentes mais de 80 agentes de viagens, que encheram o sal\u00e3o da cervejaria.<\/p>\n\n\n\n<figure class=\"wp-block-image\"><img loading=\"lazy\" decoding=\"async\" width=\"1024\" height=\"943\" src=\"https:\/\/www.travel3.com.br\/site\/wp-content\/uploads\/2020\/02\/editada2_Easy-Resize.com_-1024x943.jpg\" alt=\"Palladium Hotel Group\" class=\"wp-image-30790\" srcset=\"https:\/\/www.travel3.com.br\/site\/wp-content\/uploads\/2020\/02\/editada2_Easy-Resize.com_-1024x943.jpg 1024w, https:\/\/www.travel3.com.br\/site\/wp-content\/uploads\/2020\/02\/editada2_Easy-Resize.com_-300x276.jpg 300w, https:\/\/www.travel3.com.br\/site\/wp-content\/uploads\/2020\/02\/editada2_Easy-Resize.com_-768x707.jpg 768w, https:\/\/www.travel3.com.br\/site\/wp-content\/uploads\/2020\/02\/editada2_Easy-Resize.com_-750x691.jpg 750w, https:\/\/www.travel3.com.br\/site\/wp-content\/uploads\/2020\/02\/editada2_Easy-Resize.com_-1140x1050.jpg 1140w, https:\/\/www.travel3.com.br\/site\/wp-content\/uploads\/2020\/02\/editada2_Easy-Resize.com_.jpg 1280w\" sizes=\"auto, (max-width: 1024px) 100vw, 1024px\" \/><figcaption>Carolina Abud, Diretora Comercial Brasil do PHG, iniciou as apresenta\u00e7\u00f5es da Palladium Nights<\/figcaption><\/figure>\n\n\n\n<h2 class=\"wp-block-heading\">Import\u00e2ncia do mercado mineiro foi enaltecida<\/h2>\n\n\n\n<p>Carolina Abud abriu as apresenta\u00e7\u00f5es, falando sobre o grupo hoteleiro espanhol que comemora seus 50 anos de sucesso com 50 hot\u00e9is, distribu\u00eddos por 6 pa\u00edses = Espanha + M\u00e9xico + Rep\u00fablica Dominicana + Jamaica + It\u00e1lia + Brasil. Aqui, a marca \u00e9 representada pelo Grand Palladium Imbassa\u00ed Resort &amp; Spa, que ocupa posi\u00e7\u00e3o de destaque entre os resorts do nordeste.<\/p>\n\n\n\n<p>Em conversa com a Travel3, Carolina Abud salientou a import\u00e2ncia do mercado mineiro. <\/p>\n\n\n\n<blockquote class=\"wp-block-quote is-layout-flow wp-block-quote-is-layout-flow\"><p>O evento hoje \u00e9 para fazer uma apresenta\u00e7\u00e3o geral de nossas marcas, principalmente das que a gente comercializa no Brasil.Com rela\u00e7\u00e3o ao Grand Palladium Imbassa\u00ed, o mercado mineiro \u00e9, depois de S\u00e3o Paulo, o 2\u00ba maior. O empreendimento j\u00e1 est\u00e1 conceituado, e tem posi\u00e7\u00e3o estabilizada e s\u00f3lida no Brasil.<\/p><p>Nosso produto \u00e9 extremamente qualificado. \u00c9 o mais novo da regi\u00e3o, com apartamentos mais amplos e infra-estrutura de praia impressionante e incompar\u00e1vel.<\/p><p>Teremos agora a oportunidade de divulgar o Caribe em Minas Gerais. Apesar de muito procurado, entendemos que os mineiros ainda n\u00e3o descobriram o destino como acreditamos no seu potencial.<\/p><p><\/p><cite>Carolina Abud &#8211; Diretora Comercial Brasil do Palladium Hotel Group<\/cite><\/blockquote>\n\n\n\n<p>A apresenta\u00e7\u00e3o decorreu de forma din\u00e2mica, com mesas de conversa sobre os v\u00e1rios assuntos abordados distribu\u00eddas pelo sal\u00e3o.<\/p>\n\n\n\n<figure class=\"wp-block-image\"><img loading=\"lazy\" decoding=\"async\" width=\"1024\" height=\"768\" src=\"https:\/\/www.travel3.com.br\/site\/wp-content\/uploads\/2020\/02\/IMG_1406_Easy-Resize.com_-1024x768.jpg\" alt=\"Palladium Hotel Group\" class=\"wp-image-30789\" srcset=\"https:\/\/www.travel3.com.br\/site\/wp-content\/uploads\/2020\/02\/IMG_1406_Easy-Resize.com_-1024x768.jpg 1024w, https:\/\/www.travel3.com.br\/site\/wp-content\/uploads\/2020\/02\/IMG_1406_Easy-Resize.com_-300x225.jpg 300w, https:\/\/www.travel3.com.br\/site\/wp-content\/uploads\/2020\/02\/IMG_1406_Easy-Resize.com_-768x576.jpg 768w, https:\/\/www.travel3.com.br\/site\/wp-content\/uploads\/2020\/02\/IMG_1406_Easy-Resize.com_-750x563.jpg 750w, https:\/\/www.travel3.com.br\/site\/wp-content\/uploads\/2020\/02\/IMG_1406_Easy-Resize.com_-1140x855.jpg 1140w, https:\/\/www.travel3.com.br\/site\/wp-content\/uploads\/2020\/02\/IMG_1406_Easy-Resize.com_.jpg 1280w\" sizes=\"auto, (max-width: 1024px) 100vw, 1024px\" \/><figcaption>Convidados assistiram \u00e0s apresenta\u00e7\u00f5es com direito a degusta\u00e7\u00e3o de cervejas alem\u00e3s<\/figcaption><\/figure>\n\n\n\n<h2 class=\"wp-block-heading\">Palladium Hotel Group quer converter clientes em f\u00e3s<\/h2>\n\n\n\n<p>J\u00e9ssica Michellin contou \u00e0 Travel3 sobre a crescente procura pelos hot\u00e9is do grupo para a realiza\u00e7\u00e3o de casamentos.<\/p>\n\n\n\n<blockquote class=\"wp-block-quote is-layout-flow wp-block-quote-is-layout-flow\"><p>A procura por casamentos no Palladium est\u00e1 em alta! No Grand Palladium Imbassa\u00ed, foram realizados cerca de 100 casamentos em 2019. E agora em 2020, s\u00f3 no primeiro m\u00eas, j\u00e1 foram confirmados 34. Existem v\u00e1rias op\u00e7\u00f5es de pacotes, com diversas promo\u00e7\u00f5es para os noivos.<\/p><p>A procura tem sido grande tanto para casamentos quanto para renova\u00e7\u00e3o de votos. O casamento \u00e9 realizado ao p\u00f4r do sol, num visual maravilhoso. Al\u00e9m do Nordeste, o Caribe tamb\u00e9m tem sido muito procurado para essas cerim\u00f4nias.<\/p><p>Brasileiros sempre procuraram muito pela nossa unidade em Punta Cana, mas nos \u00faltimos 6 meses a procura por Costa Mujeres aumentou muito. E os mineiros t\u00eam sido representativos na campanha do destino, que \u00e9 um produto que queremos promover. J\u00e1 foram feitos v\u00e1rios estudos, e \u00e9 um hotel onde estamos apostando muito as nossas fichas. \u00c9 o nosso mais novo produto, tem despertado muito interesse e j\u00e1 est\u00e1 conhecido pelos brasileiros. Est\u00e1 numa regi\u00e3o pr\u00f3xima de Canc\u00fan, mas mais tranquila e com praias mais bonitas ainda! Acreditamos que vai ficar cada vez mais conhecido e que as pessoas v\u00e3o, cada vez mais, consider\u00e1-lo como op\u00e7\u00e3o de viagem.<\/p><p>Nosso intuito \u00e9 converter nossos clientes em nossos f\u00e3s, e agentes de viagem s\u00e3o nosso ponto de contato com o p\u00fablico final.<\/p><cite>J\u00e9ssica Michellin &#8211; Marketing Manager Brasil do Palladium Hotel Group<\/cite><\/blockquote>\n\n\n\n<figure class=\"wp-block-image\"><img loading=\"lazy\" decoding=\"async\" width=\"1024\" height=\"768\" src=\"https:\/\/www.travel3.com.br\/site\/wp-content\/uploads\/2020\/02\/Adjustments-3_Easy-Resize.com-2-1024x768.jpg\" alt=\"Palladium Hotel Group\" class=\"wp-image-30788\" srcset=\"https:\/\/www.travel3.com.br\/site\/wp-content\/uploads\/2020\/02\/Adjustments-3_Easy-Resize.com-2-1024x768.jpg 1024w, https:\/\/www.travel3.com.br\/site\/wp-content\/uploads\/2020\/02\/Adjustments-3_Easy-Resize.com-2-300x225.jpg 300w, https:\/\/www.travel3.com.br\/site\/wp-content\/uploads\/2020\/02\/Adjustments-3_Easy-Resize.com-2-768x576.jpg 768w, https:\/\/www.travel3.com.br\/site\/wp-content\/uploads\/2020\/02\/Adjustments-3_Easy-Resize.com-2-750x563.jpg 750w, https:\/\/www.travel3.com.br\/site\/wp-content\/uploads\/2020\/02\/Adjustments-3_Easy-Resize.com-2-1140x855.jpg 1140w, https:\/\/www.travel3.com.br\/site\/wp-content\/uploads\/2020\/02\/Adjustments-3_Easy-Resize.com-2.jpg 1280w\" sizes=\"auto, (max-width: 1024px) 100vw, 1024px\" \/><figcaption>Apresenta\u00e7\u00f5es foram feitas simultaneamente, distribu\u00eddas por 4 ilhas<\/figcaption><\/figure>\n\n\n\n<h2 class=\"wp-block-heading\">Equipe do Palladium Hotel Group apresentou mais novidades no decorrer do evento <\/h2>\n\n\n\n<p>Ao longo da noite, os agentes ficaram a par de todas as novidades do grupo hoteleiro. Se inteiraram sobre os benef\u00edcios do Palladium Connect = programa de fideliza\u00e7\u00e3o inovador e diferenciado. Com ele, os agentes parceiros recebem, entre outras vantagens, um cart\u00e3o de d\u00e9bito para consumo. S\u00e3o tamb\u00e9m recompensados com cr\u00e9ditos no cart\u00e3o a cada reserva efetuada.<\/p>\n\n\n\n<p>O mais novo empreendimento do grupo, o Gran Palladium Costa Mujeres Resort &amp; Spa, localizado a 20 minutos de Canc\u00fan, tamb\u00e9m recebeu aten\u00e7\u00e3o especial. L\u00e1 foi recentemente inaugurada uma unidade do Chic Cabaret &amp; Restaurant, conceito de show + jantar com apresenta\u00e7\u00f5es de canto, m\u00fasica e dan\u00e7a, que tem como proposta entreter o p\u00fablico com performances musicais + gastronomia de qualidade.<\/p>\n","protected":false},"excerpt":{"rendered":"<p>Grupo, que comemora 50 anos, apresentou novidades aos mineiros no \u00faltimo dia 13 Na \u00faltima quinta-feira, 13 de fevereiro, o Palladium Hotel Group (PHG) ministrou em Belo Horizonte uma capacita\u00e7\u00e3o para os agentes de viagem mineiros. O evento, denominado Palladium Nights, aconteceu na choperia Hofbr\u00e4uhaus, e os presentes puderam conhecer as novidades do grupo em [&hellip;]<\/p>\n","protected":false},"author":14,"featured_media":30791,"comment_status":"open","ping_status":"open","sticky":false,"template":"","format":"standard","meta":{"footnotes":""},"categories":[969,226,5],"tags":[1478,3953,2943],"class_list":["post-30783","post","type-post","status-publish","format-standard","has-post-thumbnail","hentry","category-acontece-no-turismo","category-destaque","category-eventos-e-feiras","tag-palladium-hotel-group","tag-phg","tag-treinamento"],"yoast_head":"<!-- This site is optimized with the Yoast SEO plugin v26.2 - https:\/\/yoast.com\/wordpress\/plugins\/seo\/ -->\n<title>Palladium Hotel Group re\u00fane agentes de Belo Horizonte - Travel3<\/title>\n<meta name=\"description\" content=\"Palladium Hotel Group re\u00fane agentes de Belo Horizonte; grupo, que comemora 50 anos, apresentou novidades aos mineiros no \u00faltimo dia 13\" \/>\n<meta name=\"robots\" content=\"index, follow, max-snippet:-1, max-image-preview:large, max-video-preview:-1\" \/>\n<link rel=\"canonical\" href=\"https:\/\/www.travel3.com.br\/site\/acontece-no-turismo\/eventos-e-feiras\/palladium-hotel-group-reune-agentes-de-belo-horizonte\/\" \/>\n<meta property=\"og:locale\" content=\"pt_BR\" \/>\n<meta property=\"og:type\" content=\"article\" \/>\n<meta property=\"og:title\" content=\"Palladium Hotel Group re\u00fane agentes de Belo Horizonte - Travel3\" \/>\n<meta property=\"og:description\" content=\"Palladium Hotel Group re\u00fane agentes de Belo Horizonte; grupo, que comemora 50 anos, apresentou novidades aos mineiros no \u00faltimo dia 13\" \/>\n<meta property=\"og:url\" content=\"https:\/\/www.travel3.com.br\/site\/acontece-no-turismo\/eventos-e-feiras\/palladium-hotel-group-reune-agentes-de-belo-horizonte\/\" \/>\n<meta property=\"og:site_name\" content=\"Travel3\" \/>\n<meta property=\"article:publisher\" content=\"https:\/\/www.facebook.com\/travel3media\/\" \/>\n<meta property=\"article:published_time\" content=\"2020-02-14T22:31:09+00:00\" \/>\n<meta property=\"og:image\" content=\"https:\/\/www.travel3.com.br\/site\/wp-content\/uploads\/2020\/02\/editada1_Easy-Resize.com_.jpg\" \/>\n\t<meta property=\"og:image:width\" content=\"1280\" \/>\n\t<meta property=\"og:image:height\" content=\"857\" \/>\n\t<meta property=\"og:image:type\" content=\"image\/jpeg\" \/>\n<meta name=\"author\" content=\"Caroline Tonaco\" \/>\n<meta name=\"twitter:card\" content=\"summary_large_image\" \/>\n<meta name=\"twitter:label1\" content=\"Escrito por\" \/>\n\t<meta name=\"twitter:data1\" content=\"Caroline Tonaco\" \/>\n\t<meta name=\"twitter:label2\" content=\"Est. tempo de leitura\" \/>\n\t<meta name=\"twitter:data2\" content=\"4 minutos\" \/>\n<script type=\"application\/ld+json\" class=\"yoast-schema-graph\">{\"@context\":\"https:\/\/schema.org\",\"@graph\":[{\"@type\":\"Article\",\"@id\":\"https:\/\/www.travel3.com.br\/site\/acontece-no-turismo\/eventos-e-feiras\/palladium-hotel-group-reune-agentes-de-belo-horizonte\/#article\",\"isPartOf\":{\"@id\":\"https:\/\/www.travel3.com.br\/site\/acontece-no-turismo\/eventos-e-feiras\/palladium-hotel-group-reune-agentes-de-belo-horizonte\/\"},\"author\":{\"name\":\"Caroline Tonaco\",\"@id\":\"https:\/\/www.travel3.com.br\/site\/#\/schema\/person\/d837eaf73c4e8896e932e0acede946c0\"},\"headline\":\"Palladium Hotel Group re\u00fane agentes de Belo Horizonte\",\"datePublished\":\"2020-02-14T22:31:09+00:00\",\"mainEntityOfPage\":{\"@id\":\"https:\/\/www.travel3.com.br\/site\/acontece-no-turismo\/eventos-e-feiras\/palladium-hotel-group-reune-agentes-de-belo-horizonte\/\"},\"wordCount\":773,\"commentCount\":0,\"publisher\":{\"@id\":\"https:\/\/www.travel3.com.br\/site\/#organization\"},\"image\":{\"@id\":\"https:\/\/www.travel3.com.br\/site\/acontece-no-turismo\/eventos-e-feiras\/palladium-hotel-group-reune-agentes-de-belo-horizonte\/#primaryimage\"},\"thumbnailUrl\":\"https:\/\/www.travel3.com.br\/site\/wp-content\/uploads\/2020\/02\/editada1_Easy-Resize.com_.jpg\",\"keywords\":[\"palladium hotel group\",\"PHG\",\"Treinamento\"],\"articleSection\":[\"Acontece no Turismo\",\"Destaque\",\"Eventos e Feiras\"],\"inLanguage\":\"pt-BR\",\"potentialAction\":[{\"@type\":\"CommentAction\",\"name\":\"Comment\",\"target\":[\"https:\/\/www.travel3.com.br\/site\/acontece-no-turismo\/eventos-e-feiras\/palladium-hotel-group-reune-agentes-de-belo-horizonte\/#respond\"]}]},{\"@type\":\"WebPage\",\"@id\":\"https:\/\/www.travel3.com.br\/site\/acontece-no-turismo\/eventos-e-feiras\/palladium-hotel-group-reune-agentes-de-belo-horizonte\/\",\"url\":\"https:\/\/www.travel3.com.br\/site\/acontece-no-turismo\/eventos-e-feiras\/palladium-hotel-group-reune-agentes-de-belo-horizonte\/\",\"name\":\"Palladium Hotel Group re\u00fane agentes de Belo Horizonte - Travel3\",\"isPartOf\":{\"@id\":\"https:\/\/www.travel3.com.br\/site\/#website\"},\"primaryImageOfPage\":{\"@id\":\"https:\/\/www.travel3.com.br\/site\/acontece-no-turismo\/eventos-e-feiras\/palladium-hotel-group-reune-agentes-de-belo-horizonte\/#primaryimage\"},\"image\":{\"@id\":\"https:\/\/www.travel3.com.br\/site\/acontece-no-turismo\/eventos-e-feiras\/palladium-hotel-group-reune-agentes-de-belo-horizonte\/#primaryimage\"},\"thumbnailUrl\":\"https:\/\/www.travel3.com.br\/site\/wp-content\/uploads\/2020\/02\/editada1_Easy-Resize.com_.jpg\",\"datePublished\":\"2020-02-14T22:31:09+00:00\",\"description\":\"Palladium Hotel Group re\u00fane agentes de Belo Horizonte; grupo, que comemora 50 anos, apresentou novidades aos mineiros no \u00faltimo dia 13\",\"breadcrumb\":{\"@id\":\"https:\/\/www.travel3.com.br\/site\/acontece-no-turismo\/eventos-e-feiras\/palladium-hotel-group-reune-agentes-de-belo-horizonte\/#breadcrumb\"},\"inLanguage\":\"pt-BR\",\"potentialAction\":[{\"@type\":\"ReadAction\",\"target\":[\"https:\/\/www.travel3.com.br\/site\/acontece-no-turismo\/eventos-e-feiras\/palladium-hotel-group-reune-agentes-de-belo-horizonte\/\"]}]},{\"@type\":\"ImageObject\",\"inLanguage\":\"pt-BR\",\"@id\":\"https:\/\/www.travel3.com.br\/site\/acontece-no-turismo\/eventos-e-feiras\/palladium-hotel-group-reune-agentes-de-belo-horizonte\/#primaryimage\",\"url\":\"https:\/\/www.travel3.com.br\/site\/wp-content\/uploads\/2020\/02\/editada1_Easy-Resize.com_.jpg\",\"contentUrl\":\"https:\/\/www.travel3.com.br\/site\/wp-content\/uploads\/2020\/02\/editada1_Easy-Resize.com_.jpg\",\"width\":1280,\"height\":857,\"caption\":\"Karina Chaves, Carolina Abud, J\u00e9ssica Michellin e Debora Spada foram as anfitri\u00e3s do evento (Fotos: Eduardo Tonaco)\"},{\"@type\":\"BreadcrumbList\",\"@id\":\"https:\/\/www.travel3.com.br\/site\/acontece-no-turismo\/eventos-e-feiras\/palladium-hotel-group-reune-agentes-de-belo-horizonte\/#breadcrumb\",\"itemListElement\":[{\"@type\":\"ListItem\",\"position\":1,\"name\":\"In\u00edcio\",\"item\":\"https:\/\/www.travel3.com.br\/site\/\"},{\"@type\":\"ListItem\",\"position\":2,\"name\":\"Palladium Hotel Group re\u00fane agentes de Belo Horizonte\"}]},{\"@type\":\"WebSite\",\"@id\":\"https:\/\/www.travel3.com.br\/site\/#website\",\"url\":\"https:\/\/www.travel3.com.br\/site\/\",\"name\":\"Travel3\",\"description\":\"Lazer + Neg&oacute;cios + Aventura\",\"publisher\":{\"@id\":\"https:\/\/www.travel3.com.br\/site\/#organization\"},\"potentialAction\":[{\"@type\":\"SearchAction\",\"target\":{\"@type\":\"EntryPoint\",\"urlTemplate\":\"https:\/\/www.travel3.com.br\/site\/?s={search_term_string}\"},\"query-input\":{\"@type\":\"PropertyValueSpecification\",\"valueRequired\":true,\"valueName\":\"search_term_string\"}}],\"inLanguage\":\"pt-BR\"},{\"@type\":\"Organization\",\"@id\":\"https:\/\/www.travel3.com.br\/site\/#organization\",\"name\":\"Travel3\",\"url\":\"https:\/\/www.travel3.com.br\/site\/\",\"logo\":{\"@type\":\"ImageObject\",\"inLanguage\":\"pt-BR\",\"@id\":\"https:\/\/www.travel3.com.br\/site\/#\/schema\/logo\/image\/\",\"url\":\"https:\/\/www.travel3.com.br\/site\/wp-content\/uploads\/2020\/01\/logo-travel3-2020.png\",\"contentUrl\":\"https:\/\/www.travel3.com.br\/site\/wp-content\/uploads\/2020\/01\/logo-travel3-2020.png\",\"width\":232,\"height\":79,\"caption\":\"Travel3\"},\"image\":{\"@id\":\"https:\/\/www.travel3.com.br\/site\/#\/schema\/logo\/image\/\"},\"sameAs\":[\"https:\/\/www.facebook.com\/travel3media\/\",\"https:\/\/www.instagram.com\/revistatravel3\/\",\"https:\/\/www.youtube.com\/channel\/UCno7J4paGBR3VbZQzvoJ9Eg\"]},{\"@type\":\"Person\",\"@id\":\"https:\/\/www.travel3.com.br\/site\/#\/schema\/person\/d837eaf73c4e8896e932e0acede946c0\",\"name\":\"Caroline Tonaco\",\"image\":{\"@type\":\"ImageObject\",\"inLanguage\":\"pt-BR\",\"@id\":\"https:\/\/www.travel3.com.br\/site\/#\/schema\/person\/image\/\",\"url\":\"https:\/\/www.travel3.com.br\/site\/wp-content\/uploads\/2019\/09\/caroline-150x150.jpeg\",\"contentUrl\":\"https:\/\/www.travel3.com.br\/site\/wp-content\/uploads\/2019\/09\/caroline-150x150.jpeg\",\"caption\":\"Caroline Tonaco\"},\"sameAs\":[\"https:\/\/www.travel3.com.br\/\",\"https:\/\/www.instagram.com\/carolinetonaco\/\"],\"url\":\"https:\/\/www.travel3.com.br\/site\/author\/caroline\/\"}]}<\/script>\n<!-- \/ Yoast SEO plugin. -->","yoast_head_json":{"title":"Palladium Hotel Group re\u00fane agentes de Belo Horizonte - Travel3","description":"Palladium Hotel Group re\u00fane agentes de Belo Horizonte; grupo, que comemora 50 anos, apresentou novidades aos mineiros no \u00faltimo dia 13","robots":{"index":"index","follow":"follow","max-snippet":"max-snippet:-1","max-image-preview":"max-image-preview:large","max-video-preview":"max-video-preview:-1"},"canonical":"https:\/\/www.travel3.com.br\/site\/acontece-no-turismo\/eventos-e-feiras\/palladium-hotel-group-reune-agentes-de-belo-horizonte\/","og_locale":"pt_BR","og_type":"article","og_title":"Palladium Hotel Group re\u00fane agentes de Belo Horizonte - Travel3","og_description":"Palladium Hotel Group re\u00fane agentes de Belo Horizonte; grupo, que comemora 50 anos, apresentou novidades aos mineiros no \u00faltimo dia 13","og_url":"https:\/\/www.travel3.com.br\/site\/acontece-no-turismo\/eventos-e-feiras\/palladium-hotel-group-reune-agentes-de-belo-horizonte\/","og_site_name":"Travel3","article_publisher":"https:\/\/www.facebook.com\/travel3media\/","article_published_time":"2020-02-14T22:31:09+00:00","og_image":[{"width":1280,"height":857,"url":"https:\/\/www.travel3.com.br\/site\/wp-content\/uploads\/2020\/02\/editada1_Easy-Resize.com_.jpg","type":"image\/jpeg"}],"author":"Caroline Tonaco","twitter_card":"summary_large_image","twitter_misc":{"Escrito por":"Caroline Tonaco","Est. tempo de leitura":"4 minutos"},"schema":{"@context":"https:\/\/schema.org","@graph":[{"@type":"Article","@id":"https:\/\/www.travel3.com.br\/site\/acontece-no-turismo\/eventos-e-feiras\/palladium-hotel-group-reune-agentes-de-belo-horizonte\/#article","isPartOf":{"@id":"https:\/\/www.travel3.com.br\/site\/acontece-no-turismo\/eventos-e-feiras\/palladium-hotel-group-reune-agentes-de-belo-horizonte\/"},"author":{"name":"Caroline Tonaco","@id":"https:\/\/www.travel3.com.br\/site\/#\/schema\/person\/d837eaf73c4e8896e932e0acede946c0"},"headline":"Palladium Hotel Group re\u00fane agentes de Belo Horizonte","datePublished":"2020-02-14T22:31:09+00:00","mainEntityOfPage":{"@id":"https:\/\/www.travel3.com.br\/site\/acontece-no-turismo\/eventos-e-feiras\/palladium-hotel-group-reune-agentes-de-belo-horizonte\/"},"wordCount":773,"commentCount":0,"publisher":{"@id":"https:\/\/www.travel3.com.br\/site\/#organization"},"image":{"@id":"https:\/\/www.travel3.com.br\/site\/acontece-no-turismo\/eventos-e-feiras\/palladium-hotel-group-reune-agentes-de-belo-horizonte\/#primaryimage"},"thumbnailUrl":"https:\/\/www.travel3.com.br\/site\/wp-content\/uploads\/2020\/02\/editada1_Easy-Resize.com_.jpg","keywords":["palladium hotel group","PHG","Treinamento"],"articleSection":["Acontece no Turismo","Destaque","Eventos e Feiras"],"inLanguage":"pt-BR","potentialAction":[{"@type":"CommentAction","name":"Comment","target":["https:\/\/www.travel3.com.br\/site\/acontece-no-turismo\/eventos-e-feiras\/palladium-hotel-group-reune-agentes-de-belo-horizonte\/#respond"]}]},{"@type":"WebPage","@id":"https:\/\/www.travel3.com.br\/site\/acontece-no-turismo\/eventos-e-feiras\/palladium-hotel-group-reune-agentes-de-belo-horizonte\/","url":"https:\/\/www.travel3.com.br\/site\/acontece-no-turismo\/eventos-e-feiras\/palladium-hotel-group-reune-agentes-de-belo-horizonte\/","name":"Palladium Hotel Group re\u00fane agentes de Belo Horizonte - Travel3","isPartOf":{"@id":"https:\/\/www.travel3.com.br\/site\/#website"},"primaryImageOfPage":{"@id":"https:\/\/www.travel3.com.br\/site\/acontece-no-turismo\/eventos-e-feiras\/palladium-hotel-group-reune-agentes-de-belo-horizonte\/#primaryimage"},"image":{"@id":"https:\/\/www.travel3.com.br\/site\/acontece-no-turismo\/eventos-e-feiras\/palladium-hotel-group-reune-agentes-de-belo-horizonte\/#primaryimage"},"thumbnailUrl":"https:\/\/www.travel3.com.br\/site\/wp-content\/uploads\/2020\/02\/editada1_Easy-Resize.com_.jpg","datePublished":"2020-02-14T22:31:09+00:00","description":"Palladium Hotel Group re\u00fane agentes de Belo Horizonte; grupo, que comemora 50 anos, apresentou novidades aos mineiros no \u00faltimo dia 13","breadcrumb":{"@id":"https:\/\/www.travel3.com.br\/site\/acontece-no-turismo\/eventos-e-feiras\/palladium-hotel-group-reune-agentes-de-belo-horizonte\/#breadcrumb"},"inLanguage":"pt-BR","potentialAction":[{"@type":"ReadAction","target":["https:\/\/www.travel3.com.br\/site\/acontece-no-turismo\/eventos-e-feiras\/palladium-hotel-group-reune-agentes-de-belo-horizonte\/"]}]},{"@type":"ImageObject","inLanguage":"pt-BR","@id":"https:\/\/www.travel3.com.br\/site\/acontece-no-turismo\/eventos-e-feiras\/palladium-hotel-group-reune-agentes-de-belo-horizonte\/#primaryimage","url":"https:\/\/www.travel3.com.br\/site\/wp-content\/uploads\/2020\/02\/editada1_Easy-Resize.com_.jpg","contentUrl":"https:\/\/www.travel3.com.br\/site\/wp-content\/uploads\/2020\/02\/editada1_Easy-Resize.com_.jpg","width":1280,"height":857,"caption":"Karina Chaves, Carolina Abud, J\u00e9ssica Michellin e Debora Spada foram as anfitri\u00e3s do evento (Fotos: Eduardo Tonaco)"},{"@type":"BreadcrumbList","@id":"https:\/\/www.travel3.com.br\/site\/acontece-no-turismo\/eventos-e-feiras\/palladium-hotel-group-reune-agentes-de-belo-horizonte\/#breadcrumb","itemListElement":[{"@type":"ListItem","position":1,"name":"In\u00edcio","item":"https:\/\/www.travel3.com.br\/site\/"},{"@type":"ListItem","position":2,"name":"Palladium Hotel Group re\u00fane agentes de Belo Horizonte"}]},{"@type":"WebSite","@id":"https:\/\/www.travel3.com.br\/site\/#website","url":"https:\/\/www.travel3.com.br\/site\/","name":"Travel3","description":"Lazer + Neg&oacute;cios + Aventura","publisher":{"@id":"https:\/\/www.travel3.com.br\/site\/#organization"},"potentialAction":[{"@type":"SearchAction","target":{"@type":"EntryPoint","urlTemplate":"https:\/\/www.travel3.com.br\/site\/?s={search_term_string}"},"query-input":{"@type":"PropertyValueSpecification","valueRequired":true,"valueName":"search_term_string"}}],"inLanguage":"pt-BR"},{"@type":"Organization","@id":"https:\/\/www.travel3.com.br\/site\/#organization","name":"Travel3","url":"https:\/\/www.travel3.com.br\/site\/","logo":{"@type":"ImageObject","inLanguage":"pt-BR","@id":"https:\/\/www.travel3.com.br\/site\/#\/schema\/logo\/image\/","url":"https:\/\/www.travel3.com.br\/site\/wp-content\/uploads\/2020\/01\/logo-travel3-2020.png","contentUrl":"https:\/\/www.travel3.com.br\/site\/wp-content\/uploads\/2020\/01\/logo-travel3-2020.png","width":232,"height":79,"caption":"Travel3"},"image":{"@id":"https:\/\/www.travel3.com.br\/site\/#\/schema\/logo\/image\/"},"sameAs":["https:\/\/www.facebook.com\/travel3media\/","https:\/\/www.instagram.com\/revistatravel3\/","https:\/\/www.youtube.com\/channel\/UCno7J4paGBR3VbZQzvoJ9Eg"]},{"@type":"Person","@id":"https:\/\/www.travel3.com.br\/site\/#\/schema\/person\/d837eaf73c4e8896e932e0acede946c0","name":"Caroline Tonaco","image":{"@type":"ImageObject","inLanguage":"pt-BR","@id":"https:\/\/www.travel3.com.br\/site\/#\/schema\/person\/image\/","url":"https:\/\/www.travel3.com.br\/site\/wp-content\/uploads\/2019\/09\/caroline-150x150.jpeg","contentUrl":"https:\/\/www.travel3.com.br\/site\/wp-content\/uploads\/2019\/09\/caroline-150x150.jpeg","caption":"Caroline Tonaco"},"sameAs":["https:\/\/www.travel3.com.br\/","https:\/\/www.instagram.com\/carolinetonaco\/"],"url":"https:\/\/www.travel3.com.br\/site\/author\/caroline\/"}]}},"_links":{"self":[{"href":"https:\/\/www.travel3.com.br\/site\/wp-json\/wp\/v2\/posts\/30783","targetHints":{"allow":["GET"]}}],"collection":[{"href":"https:\/\/www.travel3.com.br\/site\/wp-json\/wp\/v2\/posts"}],"about":[{"href":"https:\/\/www.travel3.com.br\/site\/wp-json\/wp\/v2\/types\/post"}],"author":[{"embeddable":true,"href":"https:\/\/www.travel3.com.br\/site\/wp-json\/wp\/v2\/users\/14"}],"replies":[{"embeddable":true,"href":"https:\/\/www.travel3.com.br\/site\/wp-json\/wp\/v2\/comments?post=30783"}],"version-history":[{"count":6,"href":"https:\/\/www.travel3.com.br\/site\/wp-json\/wp\/v2\/posts\/30783\/revisions"}],"predecessor-version":[{"id":30793,"href":"https:\/\/www.travel3.com.br\/site\/wp-json\/wp\/v2\/posts\/30783\/revisions\/30793"}],"wp:featuredmedia":[{"embeddable":true,"href":"https:\/\/www.travel3.com.br\/site\/wp-json\/wp\/v2\/media\/30791"}],"wp:attachment":[{"href":"https:\/\/www.travel3.com.br\/site\/wp-json\/wp\/v2\/media?parent=30783"}],"wp:term":[{"taxonomy":"category","embeddable":true,"href":"https:\/\/www.travel3.com.br\/site\/wp-json\/wp\/v2\/categories?post=30783"},{"taxonomy":"post_tag","embeddable":true,"href":"https:\/\/www.travel3.com.br\/site\/wp-json\/wp\/v2\/tags?post=30783"}],"curies":[{"name":"wp","href":"https:\/\/api.w.org\/{rel}","templated":true}]}}