{"id":3059,"date":"2017-09-04T20:20:48","date_gmt":"2017-09-04T20:20:48","guid":{"rendered":"http:\/\/www.travel3.com.br\/site\/ir-e-vir\/ar\/o-2017-comecou-assim-em-alguns-lugares-do-planeta-terra\/"},"modified":"2017-09-12T18:10:58","modified_gmt":"2017-09-12T18:10:58","slug":"o-2017-comecou-assim-em-alguns-lugares-do-planeta-terra","status":"publish","type":"post","link":"https:\/\/www.travel3.com.br\/site\/sem-categoria\/o-2017-comecou-assim-em-alguns-lugares-do-planeta-terra\/","title":{"rendered":"O  2017  COME\u00c7OU ASSIM EM ALGUNS LUGARES DO PLANETA TERRA"},"content":{"rendered":"<p><span style=\"color: #40acad; font-family: -apple-system, system-ui, 'Segoe UI', Roboto, Oxygen-Sans, Ubuntu, Cantarell, 'Helvetica Neue', sans-serif; font-size: 12px; font-weight: bold;\"><\/p>\n<p style=\"text-align:justify\">Devido a fusos hor\u00e1rios diferentes, a Australia, Nova Zel\u00e2ndia, ilhas da Oceania e o Jap\u00e3o j\u00e1 est\u00e3o celebrando a a chegada do dia 1\u00ba de janeiro, o inicio do ano de 2017. \u00a0<\/p>\n<p style=\"text-align:justify\"><a class=\"fancybox-media\" href=\"..\/_uploads\/_noticia\/2016-12\/anonovofeliz2017.jpg\" rel=\"portfolio\"><img decoding=\"async\" alt=\"\" src=\"..\/_uploads\/_noticia\/2016-12\/anonovofeliz2017.jpg\" \/><\/a><\/p>\n<p>Em Sidney, um dos mais charmosos locais de comemora\u00e7\u00e3o e que por estar entre os primeiros recebe aten\u00e7\u00e3o especial da m\u00eddia internacional, 1,5 milh\u00e3o de pessoas acompanhou a chegada na Harbor Bridge e Opera House, os dois pontos tur\u00edsticos mais caracter\u00edsticos da cidade. O espet\u00e1culo pirot\u00e9cnico iluminou a noite da baia, onde foram soltos bal\u00f5es brancos, azuis, vermelhos e amarelos.<\/p>\n<p>Considerado pelos organizadores como o maior espet\u00e1culo j\u00e1 realizado em Sidney, foram gastos US$ 5 milh\u00f5es e a aposta valeu: a cidade nunca recebeu tantos turistas como nesta ocasi\u00e3o, com ocupa\u00e7\u00e3o hoteleira de 98%.<\/p>\n<p>Sidney abriu a sauda\u00e7\u00e3o ao Ano Novo ao som de \u2018Purple Rain\u2019, do cantor Prince. Foi o primeiro tributo \u00e0s grandes vozes que nos deixaram em 2016, tamb\u00e9m houve a homenagem a David Bowie e ao ator Gene Wilder.<\/p>\n<p>A parte ocidental do globo terrestre viveu os primeiros minutos de 2017 com o embalo das grandes e festivas comemora\u00e7\u00f5es. Em Melbourne, tamb\u00e9m na Austral\u00eda, 13,5 toneladas de fogos e v\u00e1rios shows embalaram a festa. Na capital Canberra, em Adelaide, Brisbane, Perth e outras cidades foram alternando as festividades de chegada, devido aos tr\u00eas fusos existentes.<\/p>\n<p style=\"text-align:justify\">Os primeiros pa\u00edses a receber o Ano Novo foram Kiribati, Samoa e Tonga, \u00a0ilhas situadas no Pacifico Sul.<\/p>\n<p style=\"text-align:justify\"><a class=\"fancybox-media\" href=\"..\/_uploads\/_noticia\/2016-12\/2anonovonovazelandiafogos.jpg\" rel=\"portfolio\"><img decoding=\"async\" alt=\"\" src=\"..\/_uploads\/_noticia\/2016-12\/2anonovonovazelandiafogos.jpg\" \/><\/a><\/p>\n<p style=\"text-align:justify\">Na Nova Zel\u00e2ndia, as festividades de destaque na ilha norte, foram em Auckland, a maior cidade do pais e que teve a concentra\u00e7\u00e3o de 350 mil pessoas nas \u00e1reas da Sky Tower.<\/p>\n<p style=\"text-align:justify\"><a class=\"fancybox-media\" href=\"..\/_uploads\/_noticia\/2016-12\/anonovochegadafotoilustrativa.jpg\" rel=\"portfolio\"><img decoding=\"async\" alt=\"\" src=\"..\/_uploads\/_noticia\/2016-12\/anonovochegadafotoilustrativa.jpg\" \/><\/a><\/p>\n<p style=\"text-align:justify\">Na Europa, com o fuso\u00a0 \u00e0 nossa frente, as principais aten\u00e7\u00f5es est\u00e3o voltadas para as festas de Reveillon em Paris, sob intensa vigil\u00e2ncia contra poss\u00edveis atentados e um refor\u00e7o exepcional de policiamento, com cerca de 100 mil militares viigilantes. Outras capitais que tamb\u00e9m estiveram com refor\u00e7os ostensivos s\u00e3o Londres e Bruxelas.<\/p>\n<p style=\"text-align:justify\">Na Pra\u00e7a Vermelha, em Moscou, o ano novo foi saudado com uma grande manifesta\u00e7\u00e3o popular enqunto em Berlim, o port\u00e3o de Brandeburgo foi o palco principal para as festividades populares com a festa da virada;<\/p>\n<p style=\"text-align:justify\">Toquio teve muita festa e sem tanta depend\u00eancia dos fogos, foram as 108 badaladas do ritual budista que comandaram a sauda\u00e7\u00e3o do Ano Novo.<\/p>\n<p style=\"text-align:justify\">Em Hong Kong, o espet\u00e1culo reuniu milhares de pessoas festejando durante os 10 minutos de uma impressionante queima de fogos que promete se repetir durante as comemora\u00e7\u00f5es pr\u00f3ximas do ano novo chin\u00eas que\u00a0 ter\u00e1 festividades em fevereiro.<\/p>\n<p style=\"text-align:justify\">A lamentar, nesta virada de ano, o atentado verificado em Istambul, quando um atirador matou 35 pessoas no maior registro de atentados neste dia da passagem. Foi na boate Reina, no distrito de <span style=\"background-color:rgb(255, 255, 255); color:rgb(0, 0, 0)\">de Ortakoy, zona asi\u00e1tica da cidade. <\/span><\/p>\n<p style=\"text-align:justify\"><span style=\"background-color:rgb(255, 255, 255); color:rgb(0, 0, 0)\">Um atirador vestido de Papai Noel atingiu ainda outras 40 pessoas que ficaram feridas, algumas com gravidade. O ataque ocorreu apesar dos procedimentos de alta seguran\u00e7a das autoridades turcas especialmente em Istambul. <\/span><\/p>\n<div class=\"news_630\" style=\"margin: 0px; padding: 0px; border: 0px; width: 630px; color: rgb(255, 255, 255); font-family: \"Lucida Grande\", \"Lucida Sans Unicode\", sans-serif; font-size: 14px; font-style: normal; font-variant-ligatures: normal; font-variant-caps: normal; font-weight: normal; letter-spacing: normal; orphans: 2; text-align: start; text-indent: 0px; text-transform: none; white-space: normal; widows: 2; word-spacing: 0px; -webkit-text-stroke-width: 0px;\">\n<div class=\"content clear\" style=\"margin: 0px; padding: 0px; border: 0px;\">\n<p><em><span style=\"background-color:rgb(255, 255, 255); color:rgb(0, 0, 0)\">(*) atualizado \u00e0s 00h50 do dia 01\/01\/17<\/span><\/em><\/p>\n<\/div>\n<\/div>\n<div class=\"news_630\" style=\"margin: 0px; padding: 0px; border: 0px; width: 630px; color: rgb(255, 255, 255); font-family: \"Lucida Grande\", \"Lucida Sans Unicode\", sans-serif; font-size: 14px; font-style: normal; font-variant-ligatures: normal; font-variant-caps: normal; font-weight: normal; letter-spacing: normal; orphans: 2; text-align: start; text-indent: 0px; text-transform: none; white-space: normal; widows: 2; word-spacing: 0px; -webkit-text-stroke-width: 0px;\">\n<div class=\"content clear\" style=\"margin: 0px; padding: 0px; border: 0px;\">\n<p>35 pessoas foram mortas em uma boate de Istambul, quando um assaltante vestido como Papai Noel abriu fogo contra os clubgoers.\u00a0<\/p>\n<p>O ataque ocorreu \u00e0s 13:15, de acordo com um relat\u00f3rio no\u00a0<\/p>\n<div class=\"SandboxRoot env-bp-350\" style=\"display: block; direction: ltr; text-align: left; background: 0px 0px; font-style: normal; font-variant: normal; font-weight: normal; font-stretch: normal; font-size: 16px; line-height: 1.4; font-family: Helvetica, Roboto, \"Segoe UI\", Calibri, sans-serif; color: rgb(28, 32, 34); white-space: initial; position: relative;\">\n<div class=\"EmbeddedTweet EmbeddedTweet--mediaForward media-forward js-clickToOpenTarget js-tweetIdInfo\" id=\"twitter-widget-1\" lang=\"en\" style=\"overflow: hidden; cursor: pointer; background-color: rgb(255, 255, 255); border: 0px; border-radius: 4px; max-width: 520px;\">\n<div class=\"MediaCard-media\" style=\"position: relative; width: 295px; overflow: hidden; background-color: rgb(245, 248, 250);\">\n<div class=\"MediaCard-widthConstraint js-cspForcedStyle\" style=\"max-width: 1200px; margin: 0px auto;\">\n<div class=\"MediaCard-mediaContainer js-cspForcedStyle\" style=\"position: relative; padding-bottom: 221.25px; background-color: rgb(245, 248, 250);\">\u00a0<\/div>\n<\/div>\n<\/div>\n<div class=\"EmbeddedTweet-tweet\" style=\"padding: 14.4px 20px 11.6px; border-style: solid; border-color: rgb(225, 232, 237); border-image: initial; border-width: 0px 1px 1px; border-radius: 0px 0px 4px 4px;\">\u00a0<\/div>\n<\/div>\n<div class=\"resize-sensor\" style=\"position: absolute; left: 0px; top: 0px; right: 0px; bottom: 0px; overflow: hidden; z-index: -1; visibility: hidden;\">\n<div class=\"resize-sensor-expand\" style=\"position: absolute; left: 0px; top: 0px; right: 0px; bottom: 0px; overflow: hidden; z-index: -1; visibility: hidden;\">\u00a0<\/div>\n<div class=\"resize-sensor-shrink\" style=\"position: absolute; left: 0px; top: 0px; right: 0px; bottom: 0px; overflow: hidden; z-index: -1; visibility: hidden;\">\n<div style=\"position: absolute; left: 0px; top: 0px; transition: 0s; width: 1000px; height: 881.625px;\">\u00a0<\/div>\n<\/div>\n<\/div>\n<\/div>\n<p>&#8220;Uma pessoa primeiro mata o policial l\u00e1 fora, e depois um civil&#8221;, disse o governador de Istambul ao New York Times. &#8220;Dentro, choveu balas brutalmente, impiedosamente sobre pessoas inocentes que estavam l\u00e1 s\u00f3 para celebrar o Ano Novo e se divertir.&#8221;<\/p>\n<p>Uma vez que estouraram os tiros, muitos frequentadores de clubes pularam para o B\u00f3sforo, um canal que separa a Europa ea \u00c1sia.<\/p>\n<p>A pol\u00edcia entrou em cena no equipamento anti-motim e carregando metralhadoras, de acordo com , e foram apoiados por ve\u00edculos blindados na chuva pesada.\u00a0<\/p>\n<p>O ataque ocorreu apesar dos esfor\u00e7os consider\u00e1veis \u200b\u200bpara aumentar a seguran\u00e7a em v\u00e1rias cidades turcas. De acordo com a Associated Press, a pol\u00edcia proibia o tr\u00e1fego que levava a pra\u00e7as-chave em Istambul e Ancara. Em Istambul, 17.000 policiais estavam de plant<\/p>\n<\/div>\n<\/div>\n<p>\u00a0<\/p>\n<p>\u00a0<\/p>\n<p>\u00a0<\/p>\n<p>\u00a0<\/p>\n<p>\u00a0<\/p>\n<p><\/span><\/p>\n","protected":false},"excerpt":{"rendered":"<p>Na rota\u00e7\u00e3o do mundo, as primeiras comemora\u00e7\u00f5es para o Ano Novo, que chegou primeiro em  Kiribati, Samoa e Tonga e vai terminar nas ilhas Baker ao meio-dia<\/p>\n","protected":false},"author":1,"featured_media":0,"comment_status":"open","ping_status":"open","sticky":false,"template":"","format":"standard","meta":{"footnotes":""},"categories":[],"tags":[],"class_list":["post-3059","post","type-post","status-publish","format-standard","hentry"],"yoast_head":"<!-- This site is optimized with the Yoast SEO plugin v26.2 - https:\/\/yoast.com\/wordpress\/plugins\/seo\/ -->\n<title>O 2017 COME\u00c7OU ASSIM EM ALGUNS LUGARES DO PLANETA TERRA - Travel3<\/title>\n<meta name=\"description\" content=\"A TRAVEL3 \u00e9 um portal de conte\u00fado voltado para o turismo, encontre destinos, viagens, hospedagem, passagens, guias, not\u00edcias sobre o mercado do turismo, dicas de viagem, v\u00eddeos e podcast.\" \/>\n<meta name=\"robots\" content=\"index, follow, max-snippet:-1, max-image-preview:large, max-video-preview:-1\" \/>\n<link rel=\"canonical\" href=\"https:\/\/www.travel3.com.br\/site\/sem-categoria\/o-2017-comecou-assim-em-alguns-lugares-do-planeta-terra\/\" \/>\n<meta property=\"og:locale\" content=\"pt_BR\" \/>\n<meta property=\"og:type\" content=\"article\" \/>\n<meta property=\"og:title\" content=\"O 2017 COME\u00c7OU ASSIM EM ALGUNS LUGARES DO PLANETA TERRA - Travel3\" \/>\n<meta property=\"og:description\" content=\"A TRAVEL3 \u00e9 um portal de conte\u00fado voltado para o turismo, encontre destinos, viagens, hospedagem, passagens, guias, not\u00edcias sobre o mercado do turismo, dicas de viagem, v\u00eddeos e podcast.\" \/>\n<meta property=\"og:url\" content=\"https:\/\/www.travel3.com.br\/site\/sem-categoria\/o-2017-comecou-assim-em-alguns-lugares-do-planeta-terra\/\" \/>\n<meta property=\"og:site_name\" content=\"Travel3\" \/>\n<meta property=\"article:publisher\" content=\"https:\/\/www.facebook.com\/travel3media\/\" \/>\n<meta property=\"article:published_time\" content=\"2017-09-04T20:20:48+00:00\" \/>\n<meta property=\"article:modified_time\" content=\"2017-09-12T18:10:58+00:00\" \/>\n<meta name=\"author\" content=\"admin\" \/>\n<meta name=\"twitter:card\" content=\"summary_large_image\" \/>\n<meta name=\"twitter:label1\" content=\"Escrito por\" \/>\n\t<meta name=\"twitter:data1\" content=\"admin\" \/>\n\t<meta name=\"twitter:label2\" content=\"Est. tempo de leitura\" \/>\n\t<meta name=\"twitter:data2\" content=\"3 minutos\" \/>\n<script type=\"application\/ld+json\" class=\"yoast-schema-graph\">{\"@context\":\"https:\/\/schema.org\",\"@graph\":[{\"@type\":\"Article\",\"@id\":\"https:\/\/www.travel3.com.br\/site\/sem-categoria\/o-2017-comecou-assim-em-alguns-lugares-do-planeta-terra\/#article\",\"isPartOf\":{\"@id\":\"https:\/\/www.travel3.com.br\/site\/sem-categoria\/o-2017-comecou-assim-em-alguns-lugares-do-planeta-terra\/\"},\"author\":{\"name\":\"admin\",\"@id\":\"https:\/\/www.travel3.com.br\/site\/#\/schema\/person\/a69d71e41a024999b6ab82369ac0bd1e\"},\"headline\":\"O 2017 COME\u00c7OU ASSIM EM ALGUNS LUGARES DO PLANETA TERRA\",\"datePublished\":\"2017-09-04T20:20:48+00:00\",\"dateModified\":\"2017-09-12T18:10:58+00:00\",\"mainEntityOfPage\":{\"@id\":\"https:\/\/www.travel3.com.br\/site\/sem-categoria\/o-2017-comecou-assim-em-alguns-lugares-do-planeta-terra\/\"},\"wordCount\":702,\"commentCount\":0,\"publisher\":{\"@id\":\"https:\/\/www.travel3.com.br\/site\/#organization\"},\"inLanguage\":\"pt-BR\",\"potentialAction\":[{\"@type\":\"CommentAction\",\"name\":\"Comment\",\"target\":[\"https:\/\/www.travel3.com.br\/site\/sem-categoria\/o-2017-comecou-assim-em-alguns-lugares-do-planeta-terra\/#respond\"]}]},{\"@type\":\"WebPage\",\"@id\":\"https:\/\/www.travel3.com.br\/site\/sem-categoria\/o-2017-comecou-assim-em-alguns-lugares-do-planeta-terra\/\",\"url\":\"https:\/\/www.travel3.com.br\/site\/sem-categoria\/o-2017-comecou-assim-em-alguns-lugares-do-planeta-terra\/\",\"name\":\"O 2017 COME\u00c7OU ASSIM EM ALGUNS LUGARES DO PLANETA TERRA - Travel3\",\"isPartOf\":{\"@id\":\"https:\/\/www.travel3.com.br\/site\/#website\"},\"datePublished\":\"2017-09-04T20:20:48+00:00\",\"dateModified\":\"2017-09-12T18:10:58+00:00\",\"description\":\"A TRAVEL3 \u00e9 um portal de conte\u00fado voltado para o turismo, encontre destinos, viagens, hospedagem, passagens, guias, not\u00edcias sobre o mercado do turismo, dicas de viagem, v\u00eddeos e podcast.\",\"breadcrumb\":{\"@id\":\"https:\/\/www.travel3.com.br\/site\/sem-categoria\/o-2017-comecou-assim-em-alguns-lugares-do-planeta-terra\/#breadcrumb\"},\"inLanguage\":\"pt-BR\",\"potentialAction\":[{\"@type\":\"ReadAction\",\"target\":[\"https:\/\/www.travel3.com.br\/site\/sem-categoria\/o-2017-comecou-assim-em-alguns-lugares-do-planeta-terra\/\"]}]},{\"@type\":\"BreadcrumbList\",\"@id\":\"https:\/\/www.travel3.com.br\/site\/sem-categoria\/o-2017-comecou-assim-em-alguns-lugares-do-planeta-terra\/#breadcrumb\",\"itemListElement\":[{\"@type\":\"ListItem\",\"position\":1,\"name\":\"In\u00edcio\",\"item\":\"https:\/\/www.travel3.com.br\/site\/\"},{\"@type\":\"ListItem\",\"position\":2,\"name\":\"O 2017 COME\u00c7OU ASSIM EM ALGUNS LUGARES DO PLANETA TERRA\"}]},{\"@type\":\"WebSite\",\"@id\":\"https:\/\/www.travel3.com.br\/site\/#website\",\"url\":\"https:\/\/www.travel3.com.br\/site\/\",\"name\":\"Travel3\",\"description\":\"Lazer + Neg&oacute;cios + Aventura\",\"publisher\":{\"@id\":\"https:\/\/www.travel3.com.br\/site\/#organization\"},\"potentialAction\":[{\"@type\":\"SearchAction\",\"target\":{\"@type\":\"EntryPoint\",\"urlTemplate\":\"https:\/\/www.travel3.com.br\/site\/?s={search_term_string}\"},\"query-input\":{\"@type\":\"PropertyValueSpecification\",\"valueRequired\":true,\"valueName\":\"search_term_string\"}}],\"inLanguage\":\"pt-BR\"},{\"@type\":\"Organization\",\"@id\":\"https:\/\/www.travel3.com.br\/site\/#organization\",\"name\":\"Travel3\",\"url\":\"https:\/\/www.travel3.com.br\/site\/\",\"logo\":{\"@type\":\"ImageObject\",\"inLanguage\":\"pt-BR\",\"@id\":\"https:\/\/www.travel3.com.br\/site\/#\/schema\/logo\/image\/\",\"url\":\"https:\/\/www.travel3.com.br\/site\/wp-content\/uploads\/2020\/01\/logo-travel3-2020.png\",\"contentUrl\":\"https:\/\/www.travel3.com.br\/site\/wp-content\/uploads\/2020\/01\/logo-travel3-2020.png\",\"width\":232,\"height\":79,\"caption\":\"Travel3\"},\"image\":{\"@id\":\"https:\/\/www.travel3.com.br\/site\/#\/schema\/logo\/image\/\"},\"sameAs\":[\"https:\/\/www.facebook.com\/travel3media\/\",\"https:\/\/www.instagram.com\/revistatravel3\/\",\"https:\/\/www.youtube.com\/channel\/UCno7J4paGBR3VbZQzvoJ9Eg\"]},{\"@type\":\"Person\",\"@id\":\"https:\/\/www.travel3.com.br\/site\/#\/schema\/person\/a69d71e41a024999b6ab82369ac0bd1e\",\"name\":\"admin\",\"image\":{\"@type\":\"ImageObject\",\"inLanguage\":\"pt-BR\",\"@id\":\"https:\/\/www.travel3.com.br\/site\/#\/schema\/person\/image\/\",\"url\":\"https:\/\/secure.gravatar.com\/avatar\/732a67adfd764da2a47ba10ce731c4c0?s=96&d=mm&r=g\",\"contentUrl\":\"https:\/\/secure.gravatar.com\/avatar\/732a67adfd764da2a47ba10ce731c4c0?s=96&d=mm&r=g\",\"caption\":\"admin\"},\"url\":\"https:\/\/www.travel3.com.br\/site\/author\/admin\/\"}]}<\/script>\n<!-- \/ Yoast SEO plugin. -->","yoast_head_json":{"title":"O 2017 COME\u00c7OU ASSIM EM ALGUNS LUGARES DO PLANETA TERRA - Travel3","description":"A TRAVEL3 \u00e9 um portal de conte\u00fado voltado para o turismo, encontre destinos, viagens, hospedagem, passagens, guias, not\u00edcias sobre o mercado do turismo, dicas de viagem, v\u00eddeos e podcast.","robots":{"index":"index","follow":"follow","max-snippet":"max-snippet:-1","max-image-preview":"max-image-preview:large","max-video-preview":"max-video-preview:-1"},"canonical":"https:\/\/www.travel3.com.br\/site\/sem-categoria\/o-2017-comecou-assim-em-alguns-lugares-do-planeta-terra\/","og_locale":"pt_BR","og_type":"article","og_title":"O 2017 COME\u00c7OU ASSIM EM ALGUNS LUGARES DO PLANETA TERRA - Travel3","og_description":"A TRAVEL3 \u00e9 um portal de conte\u00fado voltado para o turismo, encontre destinos, viagens, hospedagem, passagens, guias, not\u00edcias sobre o mercado do turismo, dicas de viagem, v\u00eddeos e podcast.","og_url":"https:\/\/www.travel3.com.br\/site\/sem-categoria\/o-2017-comecou-assim-em-alguns-lugares-do-planeta-terra\/","og_site_name":"Travel3","article_publisher":"https:\/\/www.facebook.com\/travel3media\/","article_published_time":"2017-09-04T20:20:48+00:00","article_modified_time":"2017-09-12T18:10:58+00:00","author":"admin","twitter_card":"summary_large_image","twitter_misc":{"Escrito por":"admin","Est. tempo de leitura":"3 minutos"},"schema":{"@context":"https:\/\/schema.org","@graph":[{"@type":"Article","@id":"https:\/\/www.travel3.com.br\/site\/sem-categoria\/o-2017-comecou-assim-em-alguns-lugares-do-planeta-terra\/#article","isPartOf":{"@id":"https:\/\/www.travel3.com.br\/site\/sem-categoria\/o-2017-comecou-assim-em-alguns-lugares-do-planeta-terra\/"},"author":{"name":"admin","@id":"https:\/\/www.travel3.com.br\/site\/#\/schema\/person\/a69d71e41a024999b6ab82369ac0bd1e"},"headline":"O 2017 COME\u00c7OU ASSIM EM ALGUNS LUGARES DO PLANETA TERRA","datePublished":"2017-09-04T20:20:48+00:00","dateModified":"2017-09-12T18:10:58+00:00","mainEntityOfPage":{"@id":"https:\/\/www.travel3.com.br\/site\/sem-categoria\/o-2017-comecou-assim-em-alguns-lugares-do-planeta-terra\/"},"wordCount":702,"commentCount":0,"publisher":{"@id":"https:\/\/www.travel3.com.br\/site\/#organization"},"inLanguage":"pt-BR","potentialAction":[{"@type":"CommentAction","name":"Comment","target":["https:\/\/www.travel3.com.br\/site\/sem-categoria\/o-2017-comecou-assim-em-alguns-lugares-do-planeta-terra\/#respond"]}]},{"@type":"WebPage","@id":"https:\/\/www.travel3.com.br\/site\/sem-categoria\/o-2017-comecou-assim-em-alguns-lugares-do-planeta-terra\/","url":"https:\/\/www.travel3.com.br\/site\/sem-categoria\/o-2017-comecou-assim-em-alguns-lugares-do-planeta-terra\/","name":"O 2017 COME\u00c7OU ASSIM EM ALGUNS LUGARES DO PLANETA TERRA - Travel3","isPartOf":{"@id":"https:\/\/www.travel3.com.br\/site\/#website"},"datePublished":"2017-09-04T20:20:48+00:00","dateModified":"2017-09-12T18:10:58+00:00","description":"A TRAVEL3 \u00e9 um portal de conte\u00fado voltado para o turismo, encontre destinos, viagens, hospedagem, passagens, guias, not\u00edcias sobre o mercado do turismo, dicas de viagem, v\u00eddeos e podcast.","breadcrumb":{"@id":"https:\/\/www.travel3.com.br\/site\/sem-categoria\/o-2017-comecou-assim-em-alguns-lugares-do-planeta-terra\/#breadcrumb"},"inLanguage":"pt-BR","potentialAction":[{"@type":"ReadAction","target":["https:\/\/www.travel3.com.br\/site\/sem-categoria\/o-2017-comecou-assim-em-alguns-lugares-do-planeta-terra\/"]}]},{"@type":"BreadcrumbList","@id":"https:\/\/www.travel3.com.br\/site\/sem-categoria\/o-2017-comecou-assim-em-alguns-lugares-do-planeta-terra\/#breadcrumb","itemListElement":[{"@type":"ListItem","position":1,"name":"In\u00edcio","item":"https:\/\/www.travel3.com.br\/site\/"},{"@type":"ListItem","position":2,"name":"O 2017 COME\u00c7OU ASSIM EM ALGUNS LUGARES DO PLANETA TERRA"}]},{"@type":"WebSite","@id":"https:\/\/www.travel3.com.br\/site\/#website","url":"https:\/\/www.travel3.com.br\/site\/","name":"Travel3","description":"Lazer + Neg&oacute;cios + Aventura","publisher":{"@id":"https:\/\/www.travel3.com.br\/site\/#organization"},"potentialAction":[{"@type":"SearchAction","target":{"@type":"EntryPoint","urlTemplate":"https:\/\/www.travel3.com.br\/site\/?s={search_term_string}"},"query-input":{"@type":"PropertyValueSpecification","valueRequired":true,"valueName":"search_term_string"}}],"inLanguage":"pt-BR"},{"@type":"Organization","@id":"https:\/\/www.travel3.com.br\/site\/#organization","name":"Travel3","url":"https:\/\/www.travel3.com.br\/site\/","logo":{"@type":"ImageObject","inLanguage":"pt-BR","@id":"https:\/\/www.travel3.com.br\/site\/#\/schema\/logo\/image\/","url":"https:\/\/www.travel3.com.br\/site\/wp-content\/uploads\/2020\/01\/logo-travel3-2020.png","contentUrl":"https:\/\/www.travel3.com.br\/site\/wp-content\/uploads\/2020\/01\/logo-travel3-2020.png","width":232,"height":79,"caption":"Travel3"},"image":{"@id":"https:\/\/www.travel3.com.br\/site\/#\/schema\/logo\/image\/"},"sameAs":["https:\/\/www.facebook.com\/travel3media\/","https:\/\/www.instagram.com\/revistatravel3\/","https:\/\/www.youtube.com\/channel\/UCno7J4paGBR3VbZQzvoJ9Eg"]},{"@type":"Person","@id":"https:\/\/www.travel3.com.br\/site\/#\/schema\/person\/a69d71e41a024999b6ab82369ac0bd1e","name":"admin","image":{"@type":"ImageObject","inLanguage":"pt-BR","@id":"https:\/\/www.travel3.com.br\/site\/#\/schema\/person\/image\/","url":"https:\/\/secure.gravatar.com\/avatar\/732a67adfd764da2a47ba10ce731c4c0?s=96&d=mm&r=g","contentUrl":"https:\/\/secure.gravatar.com\/avatar\/732a67adfd764da2a47ba10ce731c4c0?s=96&d=mm&r=g","caption":"admin"},"url":"https:\/\/www.travel3.com.br\/site\/author\/admin\/"}]}},"_links":{"self":[{"href":"https:\/\/www.travel3.com.br\/site\/wp-json\/wp\/v2\/posts\/3059","targetHints":{"allow":["GET"]}}],"collection":[{"href":"https:\/\/www.travel3.com.br\/site\/wp-json\/wp\/v2\/posts"}],"about":[{"href":"https:\/\/www.travel3.com.br\/site\/wp-json\/wp\/v2\/types\/post"}],"author":[{"embeddable":true,"href":"https:\/\/www.travel3.com.br\/site\/wp-json\/wp\/v2\/users\/1"}],"replies":[{"embeddable":true,"href":"https:\/\/www.travel3.com.br\/site\/wp-json\/wp\/v2\/comments?post=3059"}],"version-history":[{"count":1,"href":"https:\/\/www.travel3.com.br\/site\/wp-json\/wp\/v2\/posts\/3059\/revisions"}],"predecessor-version":[{"id":3856,"href":"https:\/\/www.travel3.com.br\/site\/wp-json\/wp\/v2\/posts\/3059\/revisions\/3856"}],"wp:attachment":[{"href":"https:\/\/www.travel3.com.br\/site\/wp-json\/wp\/v2\/media?parent=3059"}],"wp:term":[{"taxonomy":"category","embeddable":true,"href":"https:\/\/www.travel3.com.br\/site\/wp-json\/wp\/v2\/categories?post=3059"},{"taxonomy":"post_tag","embeddable":true,"href":"https:\/\/www.travel3.com.br\/site\/wp-json\/wp\/v2\/tags?post=3059"}],"curies":[{"name":"wp","href":"https:\/\/api.w.org\/{rel}","templated":true}]}}