{"id":30486,"date":"2020-02-19T17:08:42","date_gmt":"2020-02-19T20:08:42","guid":{"rendered":"https:\/\/www.travel3.com.br\/?p=30486"},"modified":"2020-02-21T17:54:50","modified_gmt":"2020-02-21T20:54:50","slug":"cleiton","status":"publish","type":"post","link":"https:\/\/www.travel3.com.br\/site\/acontece-no-turismo\/cleiton\/","title":{"rendered":"Cleiton Feij\u00f3 tem fome de mercado e est\u00e1 + pr\u00f3ximo do agente de viagens"},"content":{"rendered":"\n<h3 class=\"wp-block-heading\" style=\"text-align:center\">O CEO da Visual Turismo est\u00e1 construindo um brilhante futuro para a operadora<\/h3>\n\n\n\n<p class=\"has-medium-font-size\">Cleiton Feij\u00f3 e eu nos encontramos em Belo Horizonte, numa noite sem chuva, durante os preparativos para a entrega do pr\u00eamio Top Vendas, que aconteceria logo mais. Esta seria sua 1\u00aa visita oficial \u00e0 cidade como CEO da Visual Turismo. O Cleiton Feij\u00f3 ajudou a construir a nova fase da ind\u00fastria do turismo no Brasil, por isso, conhec\u00ea-lo deve fazer parte do curr\u00edculo de todo bom profissional do setor. &nbsp;<\/p>\n\n\n\n<p class=\"has-medium-font-size\">Num bate papo descontra\u00eddo,\nClaudia Tonaco \u2013 via WhatsApp \u2013 Cleiton Feij\u00f3 e eu, falamos sobre sua\ntrajet\u00f3ria, sua chegada \u00e0 Visual Turismo e as transforma\u00e7\u00f5es que ele est\u00e1 dando\n\u00e0 operadora. E mesmo para mim, que coloquei os olhos nele, pela 1\u00aa vez, foi vis\u00edvel\nperceber, como ele bem definiu, a sua fome de mercado.<\/p>\n\n\n\n<p class=\"has-medium-font-size\">Terminei esta entrevista com uma certeza. As empresas t\u00eam suas filosofias. Mas essas filosofias s\u00f3 conseguem ser implementadas pela for\u00e7a de certas personalidades. Cleiton Feij\u00f3 \u00e9 uma dessas personalidades.<\/p>\n\n\n\n<p class=\"has-medium-font-size\">Confira, nesta entrevista exclusiva, um pouco do carisma e das transforma\u00e7\u00f5es que o executivo est\u00e1 construindo, ao lado de sua equipe, para dar \u00e0 Visual Turismo um futuro ainda mais s\u00f3lido.<\/p>\n\n\n\n<h2 class=\"wp-block-heading\"><strong>Claudia Tonaco = Cleiton, seja bem-vindo a Belo Horizonte! \u00c9 uma alegria para mim e para a Travel3 podermos te ouvir. Como voc\u00ea, que viveu momentos fundamentais da hist\u00f3ria do turismo no Brasil, se sente ocupando a cadeira de ningu\u00e9m menos que o Seu Afonso, outro grande nome do turismo brasileiro?<\/strong><\/h2>\n\n\n\n<p class=\"has-medium-font-size\"><strong>Cleiton\nFeij\u00f3:<\/strong> Eu me sinto extremamente\nhonrado por ter tido essa oportunidade de assumir o legado do Seu Afonso, que \u00e9\num personagem do turismo extremamente respeitado e que eu sempre admirei. E eu\nvou revelar aqui uma hist\u00f3ria. Logo ap\u00f3s o que aconteceu na antiga empresa onde\natuei por muitos anos, eu procurei o Seu Afonso pra gente bater um papo. E ele\nme disse:<\/p>\n\n\n\n<blockquote class=\"wp-block-quote is-layout-flow wp-block-quote-is-layout-flow\"><p>Cleiton, eu acho que voc\u00ea, de fato, tem muitas caracter\u00edsticas que v\u00e3o muito ao encontro do trabalho que eu realizo aqui na Visual Turismo. Voc\u00ea faz uma venda personalizada, oferece pacotes customizados para os clientes das ag\u00eancias de viagem, conforme o tempo que ele tem para viajar e conforme o or\u00e7amento que ele possui.<\/p><cite>Afonso Louro &#8211; Fundador da Visual Turismo<\/cite><\/blockquote>\n\n\n\n<p class=\"has-medium-font-size\">Ent\u00e3o, esse tipo de\ntrabalho, essa pol\u00edtica praticada pela Visual, eu j\u00e1 fazia na outra empresa, s\u00f3\nque naquele momento o Seu Afonso entendeu que n\u00e3o era a hora de fazermos uma\nparceria.<\/p>\n\n\n\n<p class=\"has-medium-font-size\">A vida seguiu eu tive uma experi\u00eancia de 4 anos em empresa de seguros de viagem, que foi a Assist Card, que \u00e9 tamb\u00e9m uma empresa muito grande, a qual sou muito grato a ela. E, no meu entendimento, foi uma prepara\u00e7\u00e3o para eu estar hoje na CVC Corp., porque a Assist Card como \u00e9 uma empresa multinacional de grande abrang\u00eancia, global, tem tamb\u00e9m uma metodologia de cobran\u00e7as de resultado muito forte. Isso n\u00e3o acontecia na outra empresa, que era uma empresa familiar. <\/p>\n\n\n\n<div class=\"wp-block-image\"><figure class=\"aligncenter\"><img loading=\"lazy\" decoding=\"async\" width=\"822\" height=\"780\" src=\"https:\/\/www.travel3.com.br\/site\/wp-content\/uploads\/2020\/02\/Cleiton-Feijo\u0301-e-Sr.Afonso-Louro_3.jpg\" alt=\"Cleiton Feij\u00f3 Visual Turismo\" class=\"wp-image-30507\" srcset=\"https:\/\/www.travel3.com.br\/site\/wp-content\/uploads\/2020\/02\/Cleiton-Feijo\u0301-e-Sr.Afonso-Louro_3.jpg 822w, https:\/\/www.travel3.com.br\/site\/wp-content\/uploads\/2020\/02\/Cleiton-Feijo\u0301-e-Sr.Afonso-Louro_3-300x285.jpg 300w, https:\/\/www.travel3.com.br\/site\/wp-content\/uploads\/2020\/02\/Cleiton-Feijo\u0301-e-Sr.Afonso-Louro_3-768x729.jpg 768w, https:\/\/www.travel3.com.br\/site\/wp-content\/uploads\/2020\/02\/Cleiton-Feijo\u0301-e-Sr.Afonso-Louro_3-750x712.jpg 750w\" sizes=\"auto, (max-width: 822px) 100vw, 822px\" \/><figcaption>Cleiton Feij\u00f3 e Afonso Louro (Foto: Divulga\u00e7\u00e3o)<\/figcaption><\/figure><\/div>\n\n\n\n<h2 class=\"wp-block-heading\"><strong>Caroline Tonaco = Cleiton, como foi a sua chegada \u00e0 Visual Turismo e o que ela, na pr\u00e1tica, significa?<\/strong><\/h2>\n\n\n\n<p class=\"has-medium-font-size\">Eu cheguei \u00e0 CVC Corp. \u2013 eu entrei no dia 18 de novembro de 2019 \u2013, e fui extremamente bem recebido. O que observei a partir da\u00ed foi que muitos colaboradores que ali estavam, viveram por muitos anos a gest\u00e3o do Seu Afonso e, em seguida, passaram a vivenciar a fus\u00e3o e a gest\u00e3o da Corp. Agora eles come\u00e7ariam a experimentar uma gest\u00e3o Cleiton Feij\u00f3. A maioria deles n\u00e3o me conhecia, nunca tinham trabalhado comigo. Obviamente os mais antigos da casa j\u00e1 me conheciam da antiga empresa. Ent\u00e3o eu senti que havia no ar uma esperan\u00e7a de tudo voltar a ser como era porque \u00e9 natural que, quando uma empresa faz parte de uma Corp., os clientes se afastam um pouquinho para ver exatamente o que vai acontecer. Mas os clientes nunca se esquecem daquela empresa. <\/p>\n\n\n\n<blockquote class=\"wp-block-quote is-style-large is-layout-flow wp-block-quote-is-layout-flow\"><p>Eu entendo o pensamento dos agentes de viagem. Eles acabam achando que tudo vai virar a mesma coisa. S\u00f3 que na CVC Corp. n\u00e3o \u00e9 assim. Sen\u00e3o, n\u00e3o seria vantagem alguma a uma corp. comprar v\u00e1rios segmentos e perfis diferentes de empresas. Ent\u00e3o a Corp. tem uma empresa de interc\u00e2mbio que \u00e9 o canal que viabiliza o segmento de educa\u00e7\u00e3o internacional; tem uma empresa consolidadora que faz a consolida\u00e7\u00e3o de bilhetes a\u00e9reos, e tem a Visual que trabalha com um ticket m\u00e9dio mais alto e oferece um formato de atendimento totalmente diferenciado ao agente de viagem. Voc\u00ea entende que n\u00e3o \u00e9 nada igual? Inclusive quanto aos fornecedores, \u00e9 muito importante deixar isso claro. Os fornecedores s\u00e3o diferentes e a gente compete no mercado entre n\u00f3s. Porque \u00e9 essa a quest\u00e3o de uma empresa grande ter v\u00e1rios canais de distribui\u00e7\u00e3o.<\/p><cite>Cleiton Feij\u00f3 &#8211; CEO da Visual Turismo<\/cite><\/blockquote>\n\n\n\n<p class=\"has-medium-font-size\">O que eu vejo de mais positivo, o que me deixa mais tranquilo agora \u00e9 que eu posso fazer o meu trabalho sossegado porque n\u00e3o h\u00e1 vulnerabilidade financeira. A CVC Corp. \u00e9 muito grande, \u00e9 uma empresa de capital aberto e eu nunca vou viver o que eu vivi na outra empresa que foi realmente um desafio muito grande.<\/p>\n\n\n\n<h2 class=\"wp-block-heading\"><strong>Caroline Tonaco = Voc\u00ea j\u00e1 definiu as estrat\u00e9gias para 2020?<\/strong><\/h2>\n\n\n\n<p class=\"has-medium-font-size\">Sim. Quando eu cheguei rodei todas as filiais e fiz um t\u00eate-\u00e0-t\u00eate com todos os colaboradores. A 1\u00aa pergunta que eu fazia era: <em>O que a Visual tem de melhor para o mercado? <\/em>A maioria maci\u00e7a dos colaboradores respondia nesta ordem \u2013 o atendimento que a Visual oferece e a for\u00e7a da marca. Depois da geral que dei em todas as filiais, seguimos para um hotel no interior do estado de S\u00e3o Paulo \u2013 os meus gerentes 10 diretos e eu \u2013 e ficamos internados ali para fazermos, juntos, a constru\u00e7\u00e3o das nossas estrat\u00e9gias e planejamentos para 2020.<\/p>\n\n\n\n<blockquote class=\"wp-block-quote is-style-large is-layout-flow wp-block-quote-is-layout-flow\"><p>Logo no come\u00e7o do ano, no dia 11 de janeiro, fiz uma conven\u00e7\u00e3o geral da Visual Turismo e trouxe todo mundo para S\u00e3o Paulo. O objetivo da conven\u00e7\u00e3o era passar a mensagem de que ir\u00edamos, juntos, construir estrat\u00e9gias para ent\u00e3o alcan\u00e7armos, juntos,  nossos objetivos. Para isso, ter\u00edamos de estar mais unidos do que nunca. Na conven\u00e7\u00e3o, passamos a mensagem de que est\u00e1vamos todos juntos, no mesmo barco.<\/p><\/blockquote>\n\n\n\n<h2 class=\"wp-block-heading\"><strong>Caroline Tonaco = E o resultado foi positivo?<\/strong><\/h2>\n\n\n\n<p class=\"has-medium-font-size\">O resultado foi muito bom.\nAcredito que nessa conven\u00e7\u00e3o trouxemos a equipe toda para perto. E a prova\ndisso \u00e9 que a gente conseguiu atingir os objetivos do 1\u00ba m\u00eas do ano. Estamos\nagora num m\u00eas dif\u00edcil, que \u00e9 um m\u00eas mais curto, um m\u00eas de muitas festividades\nno pa\u00eds, mas estamos caminhando e lutando para conseguir alcan\u00e7ar os objetivos\ndesse m\u00eas tamb\u00e9m. \u00c9 muito bom ver que a equipe est\u00e1 muito animada.<\/p>\n\n\n\n<h2 class=\"wp-block-heading\"><strong>Caroline Tonaco = Quanto a agenda de eventos e capacita\u00e7\u00f5es para este ano, est\u00e1 pronta?<\/strong><\/h2>\n\n\n\n<blockquote class=\"wp-block-quote is-style-large is-layout-flow wp-block-quote-is-layout-flow\"><p>Eu posso garantir para voc\u00eas que a Visual Turismo ter\u00e1, em 2020, uma presen\u00e7a muito forte em todos os eventos do trade. <\/p><\/blockquote>\n\n\n\n<p class=\"has-medium-font-size\">Vamos fazer v\u00e1rios road shows pelo Brasil e vamos realizar um grande evento. Ser\u00e1 um mega famtour, j\u00e1 no m\u00eas de junho. Vai se chamar Gran Tour e n\u00e3o posso adiantar mais nada pois ainda estamos definindo e estudando algumas propostas. A verdade \u00e9 que estamos loucos para divulgar, mas ainda n\u00e3o podemos. Precisamos, antes, tomar a decis\u00e3o de qual vai ser o destino.<\/p>\n\n\n\n<p class=\"has-medium-font-size\">Na sequ\u00eancia teremos o j\u00e1\ntradicional Workshop da Visual Turismo, s\u00f3 que agora ele acontecer\u00e1 em outubro e\nser\u00e1 um pouco mais abrangente. O mais legal \u00e9 que v\u00e1rios fornecedores j\u00e1 est\u00e3o\nsentindo a nossa equipe com um novo ritmo e est\u00e3o vindo falar conosco, o que podemos\nfazer juntos.<\/p>\n\n\n\n<p class=\"has-medium-font-size\">E dentro desta agenda h\u00e1 sempre o contato direto com o agente de viagens.<\/p>\n\n\n\n<div class=\"wp-block-image\"><figure class=\"aligncenter\"><img loading=\"lazy\" decoding=\"async\" width=\"737\" height=\"728\" src=\"https:\/\/www.travel3.com.br\/site\/wp-content\/uploads\/2020\/02\/WhatsApp-Image-2020-02-07-at-16.20.53.jpeg\" alt=\"Cleiton Feij\u00f3 Visual Turismo\" class=\"wp-image-30524\" srcset=\"https:\/\/www.travel3.com.br\/site\/wp-content\/uploads\/2020\/02\/WhatsApp-Image-2020-02-07-at-16.20.53.jpeg 737w, https:\/\/www.travel3.com.br\/site\/wp-content\/uploads\/2020\/02\/WhatsApp-Image-2020-02-07-at-16.20.53-300x296.jpeg 300w, https:\/\/www.travel3.com.br\/site\/wp-content\/uploads\/2020\/02\/WhatsApp-Image-2020-02-07-at-16.20.53-75x75.jpeg 75w\" sizes=\"auto, (max-width: 737px) 100vw, 737px\" \/><figcaption>(Fotos: Arquivo Visual Turismo\/Divulga\u00e7\u00e3o)<\/figcaption><\/figure><\/div>\n\n\n\n<blockquote class=\"wp-block-quote is-style-large is-layout-flow wp-block-quote-is-layout-flow\"><p>Eu vou estar muito pr\u00f3ximo do agente de viagem esse ano, justamente para comunicar que a Visual Turismo continua sendo a Visual Turismo, com o mesmo DNA, com as mesmas caracter\u00edsticas, com o atendimento personalizado, formata\u00e7\u00e3o de pacotes customizados e o melhor: fazendo com excel\u00eancia a entrega do produto para os clientes das ag\u00eancias de viagem.<\/p><\/blockquote>\n\n\n\n<h2 class=\"wp-block-heading\"><strong>Caroline Tonaco = Para a Visual Turismo, renova\u00e7\u00e3o e inspira\u00e7\u00e3o j\u00e1 \u00e9 uma realidade?<\/strong><\/h2>\n\n\n\n<p class=\"has-medium-font-size\">Sim, exatamente. E vamos mostrar isso para as ag\u00eancias de todo o Brasil. Fico realmente muito \u00e0 vontade com o agente de viagens, transito muito bem junto a eles. <\/p>\n\n\n\n<blockquote class=\"wp-block-quote is-style-large is-layout-flow wp-block-quote-is-layout-flow\"><p>Acredito que consigo falar a linguagem do agente de viagens e posso confessar para voc\u00eas 2 que eu volto para o mercado com muita fome de mercado. Porque eu fiquei em prepara\u00e7\u00e3o, vamos dizer assim, por uns 4 anos e o meu pr\u00f3prio DNA tem tudo a ver com o DNA de uma empresa como a Visual Turismo.<\/p><\/blockquote>\n\n\n\n<p class=\"has-medium-font-size\">E essa renova\u00e7\u00e3o, essa\ninspira\u00e7\u00e3o n\u00e3o seria nada sem a for\u00e7a desta equipe incr\u00edvel. Toda ela est\u00e1 muito\nanimada e senti que a minha chegada foi importante porque eu era realmente um sangue\nnovo. E eu falei: voc\u00eas podem ter a certeza que a gente vai chegar l\u00e1. S\u00f3 que\npara eu chegar l\u00e1, pra n\u00f3s chegarmos juntos, eu preciso de voc\u00eas, porque eu,\nsozinho, n\u00e3o fa\u00e7o nada. Ent\u00e3o por isso essa equipe vai estar muito junta, e estamos,\nde fato, com uma energia muito boa, com uma sinergia espetacular. Estamos,\ntodos, nos empenhando ao m\u00e1ximo para atingir nossos objetivos.<\/p>\n\n\n\n<h2 class=\"wp-block-heading\"><strong>Caroline Tonaco = Al\u00e9m da agenda de eventos, voc\u00ea tem alguma novidade na pol\u00edtica da Visual para compartilhar com a Travel3?<\/strong><\/h2>\n\n\n\n<p class=\"has-medium-font-size\">A gente tem um novo\nprograma de benef\u00edcios que chama Visual Partners que j\u00e1 est\u00e1 valendo para as vendas\nfeitas a partir de 1\u00ba de janeiro. A cada venda o agente vai acumulando pontos. Teremos\ncampanhas de venda com parceiros e, em algumas delas, os agentes ter\u00e3o seus\npontos duplicados ou at\u00e9 triplicados, dentro do programa Visual Partners. <\/p>\n\n\n\n<p class=\"has-medium-font-size\">Vamos fazer v\u00e1rios famtours tamb\u00e9m ao longo do ano. Eu sempre acreditei, o agente de viagens tem que viajar para conhecer o destino que ele vai vender. S\u00f3 assim ele \u00e9 capaz de fazer uma venda e oferecer uma consultoria verdadeira, oferecendo detalhes e sugest\u00f5es primordiais para o agente encantar o seu cliente.<\/p>\n\n\n\n<blockquote class=\"wp-block-quote is-style-large is-layout-flow wp-block-quote-is-layout-flow\"><p>\u00c9 importante destacar que o conceito de experi\u00eancia vai ser uma pegada muito forte da Visual esse ano. Posso garantir para voc\u00eas tamb\u00e9m \u00e9 este ano vamos fazer um aprimoramento no Departamento Internacional da Visual Turismo. Eu vejo uma oportunidade, um oceano com mar aberto para navegar neste segmento.<\/p><\/blockquote>\n\n\n\n<p class=\"has-medium-font-size\">A Visual tradicionalmente tem uma venda maior de produtos nacionais. Eu, em contrapartida, venho com uma experi\u00eancia muito forte de internacional, assim como de cruzeiros mar\u00edtimos. Vamos come\u00e7ar a focar em nichos como esqui, roteiros de charme, hot\u00e9is boutique, castelos no Canad\u00e1, cruzeiros para destinos diferenciados, como o Alasca, por exemplo. Investiremos em roteiros ex\u00f3ticos e vamos colocar os nossos produtos internacionais mais pr\u00f3ximos do agente de viagem.<\/p>\n\n\n\n<p class=\"has-medium-font-size\">Porque precisamos ter diversidades de produtos nas prateleiras, contrapartidas para apoiar os agentes Um exemplo \u00e9 o que aconteceu recentemente no Brasil, com as manchas de \u00f3leo em nosso litoral. Surge um contratempo nas praias do Nordeste e precisamos estar prontos para oferecer outras excelentes op\u00e7\u00f5es de pacotes e roteiros.<\/p>\n","protected":false},"excerpt":{"rendered":"<p>O CEO da Visual Turismo est\u00e1 construindo um brilhante futuro para a operadora Cleiton Feij\u00f3 e eu nos encontramos em Belo Horizonte, numa noite sem chuva, durante os preparativos para a entrega do pr\u00eamio Top Vendas, que aconteceria logo mais. Esta seria sua 1\u00aa visita oficial \u00e0 cidade como CEO da Visual Turismo. O Cleiton [&hellip;]<\/p>\n","protected":false},"author":14,"featured_media":30523,"comment_status":"open","ping_status":"open","sticky":false,"template":"","format":"standard","meta":{"footnotes":""},"categories":[969,226,3,4],"tags":[3764,897,307],"class_list":["post-30486","post","type-post","status-publish","format-standard","has-post-thumbnail","hentry","category-acontece-no-turismo","category-destaque","category-negocios","category-operadoras","tag-cleiton-feijo","tag-turismo-brasil","tag-visual-turismo"],"yoast_head":"<!-- This site is optimized with the Yoast SEO plugin v26.2 - https:\/\/yoast.com\/wordpress\/plugins\/seo\/ -->\n<title>Cleiton Feij\u00f3 tem fome de mercado e est\u00e1 + pr\u00f3ximo do agente de viagens<\/title>\n<meta name=\"description\" content=\"Cleiton Feij\u00f3 tem fome de mercado e est\u00e1 + pr\u00f3ximo do agente de viagens; O CEO da Visual conta como est\u00e1 construindo o futuro da operadora\" \/>\n<meta name=\"robots\" content=\"index, follow, max-snippet:-1, max-image-preview:large, max-video-preview:-1\" \/>\n<link rel=\"canonical\" href=\"https:\/\/www.travel3.com.br\/site\/acontece-no-turismo\/cleiton\/\" \/>\n<meta property=\"og:locale\" content=\"pt_BR\" \/>\n<meta property=\"og:type\" content=\"article\" \/>\n<meta property=\"og:title\" content=\"Cleiton Feij\u00f3 tem fome de mercado e est\u00e1 + pr\u00f3ximo do agente de viagens\" \/>\n<meta property=\"og:description\" content=\"Cleiton Feij\u00f3 tem fome de mercado e est\u00e1 + pr\u00f3ximo do agente de viagens; O CEO da Visual conta como est\u00e1 construindo o futuro da operadora\" \/>\n<meta property=\"og:url\" content=\"https:\/\/www.travel3.com.br\/site\/acontece-no-turismo\/cleiton\/\" \/>\n<meta property=\"og:site_name\" content=\"Travel3\" \/>\n<meta property=\"article:publisher\" content=\"https:\/\/www.facebook.com\/travel3media\/\" \/>\n<meta property=\"article:published_time\" content=\"2020-02-19T20:08:42+00:00\" \/>\n<meta property=\"article:modified_time\" content=\"2020-02-21T20:54:50+00:00\" \/>\n<meta property=\"og:image\" content=\"https:\/\/www.travel3.com.br\/site\/wp-content\/uploads\/2020\/02\/WhatsApp-Image-2020-02-07-at-16.16.34.jpeg\" \/>\n\t<meta property=\"og:image:width\" content=\"859\" \/>\n\t<meta property=\"og:image:height\" content=\"726\" \/>\n\t<meta property=\"og:image:type\" content=\"image\/jpeg\" \/>\n<meta name=\"author\" content=\"Caroline Tonaco\" \/>\n<meta name=\"twitter:card\" content=\"summary_large_image\" \/>\n<meta name=\"twitter:label1\" content=\"Escrito por\" \/>\n\t<meta name=\"twitter:data1\" content=\"Caroline Tonaco\" \/>\n\t<meta name=\"twitter:label2\" content=\"Est. tempo de leitura\" \/>\n\t<meta name=\"twitter:data2\" content=\"10 minutos\" \/>\n<script type=\"application\/ld+json\" class=\"yoast-schema-graph\">{\"@context\":\"https:\/\/schema.org\",\"@graph\":[{\"@type\":\"Article\",\"@id\":\"https:\/\/www.travel3.com.br\/site\/acontece-no-turismo\/cleiton\/#article\",\"isPartOf\":{\"@id\":\"https:\/\/www.travel3.com.br\/site\/acontece-no-turismo\/cleiton\/\"},\"author\":{\"name\":\"Caroline Tonaco\",\"@id\":\"https:\/\/www.travel3.com.br\/site\/#\/schema\/person\/d837eaf73c4e8896e932e0acede946c0\"},\"headline\":\"Cleiton Feij\u00f3 tem fome de mercado e est\u00e1 + pr\u00f3ximo do agente de viagens\",\"datePublished\":\"2020-02-19T20:08:42+00:00\",\"dateModified\":\"2020-02-21T20:54:50+00:00\",\"mainEntityOfPage\":{\"@id\":\"https:\/\/www.travel3.com.br\/site\/acontece-no-turismo\/cleiton\/\"},\"wordCount\":1936,\"commentCount\":0,\"publisher\":{\"@id\":\"https:\/\/www.travel3.com.br\/site\/#organization\"},\"image\":{\"@id\":\"https:\/\/www.travel3.com.br\/site\/acontece-no-turismo\/cleiton\/#primaryimage\"},\"thumbnailUrl\":\"https:\/\/www.travel3.com.br\/site\/wp-content\/uploads\/2020\/02\/WhatsApp-Image-2020-02-07-at-16.16.34.jpeg\",\"keywords\":[\"Cleiton Feij\u00f3\",\"Turismo Brasil\",\"Visual Turismo\"],\"articleSection\":[\"Acontece no Turismo\",\"Destaque\",\"Neg\u00f3cios\",\"Operadoras\"],\"inLanguage\":\"pt-BR\",\"potentialAction\":[{\"@type\":\"CommentAction\",\"name\":\"Comment\",\"target\":[\"https:\/\/www.travel3.com.br\/site\/acontece-no-turismo\/cleiton\/#respond\"]}]},{\"@type\":\"WebPage\",\"@id\":\"https:\/\/www.travel3.com.br\/site\/acontece-no-turismo\/cleiton\/\",\"url\":\"https:\/\/www.travel3.com.br\/site\/acontece-no-turismo\/cleiton\/\",\"name\":\"Cleiton Feij\u00f3 tem fome de mercado e est\u00e1 + pr\u00f3ximo do agente de viagens\",\"isPartOf\":{\"@id\":\"https:\/\/www.travel3.com.br\/site\/#website\"},\"primaryImageOfPage\":{\"@id\":\"https:\/\/www.travel3.com.br\/site\/acontece-no-turismo\/cleiton\/#primaryimage\"},\"image\":{\"@id\":\"https:\/\/www.travel3.com.br\/site\/acontece-no-turismo\/cleiton\/#primaryimage\"},\"thumbnailUrl\":\"https:\/\/www.travel3.com.br\/site\/wp-content\/uploads\/2020\/02\/WhatsApp-Image-2020-02-07-at-16.16.34.jpeg\",\"datePublished\":\"2020-02-19T20:08:42+00:00\",\"dateModified\":\"2020-02-21T20:54:50+00:00\",\"description\":\"Cleiton Feij\u00f3 tem fome de mercado e est\u00e1 + pr\u00f3ximo do agente de viagens; O CEO da Visual conta como est\u00e1 construindo o futuro da operadora\",\"breadcrumb\":{\"@id\":\"https:\/\/www.travel3.com.br\/site\/acontece-no-turismo\/cleiton\/#breadcrumb\"},\"inLanguage\":\"pt-BR\",\"potentialAction\":[{\"@type\":\"ReadAction\",\"target\":[\"https:\/\/www.travel3.com.br\/site\/acontece-no-turismo\/cleiton\/\"]}]},{\"@type\":\"ImageObject\",\"inLanguage\":\"pt-BR\",\"@id\":\"https:\/\/www.travel3.com.br\/site\/acontece-no-turismo\/cleiton\/#primaryimage\",\"url\":\"https:\/\/www.travel3.com.br\/site\/wp-content\/uploads\/2020\/02\/WhatsApp-Image-2020-02-07-at-16.16.34.jpeg\",\"contentUrl\":\"https:\/\/www.travel3.com.br\/site\/wp-content\/uploads\/2020\/02\/WhatsApp-Image-2020-02-07-at-16.16.34.jpeg\",\"width\":859,\"height\":726,\"caption\":\"Cleiton Feij\u00f3, CEO da Visual Turismo\"},{\"@type\":\"BreadcrumbList\",\"@id\":\"https:\/\/www.travel3.com.br\/site\/acontece-no-turismo\/cleiton\/#breadcrumb\",\"itemListElement\":[{\"@type\":\"ListItem\",\"position\":1,\"name\":\"In\u00edcio\",\"item\":\"https:\/\/www.travel3.com.br\/site\/\"},{\"@type\":\"ListItem\",\"position\":2,\"name\":\"Cleiton Feij\u00f3 tem fome de mercado e est\u00e1 + pr\u00f3ximo do agente de viagens\"}]},{\"@type\":\"WebSite\",\"@id\":\"https:\/\/www.travel3.com.br\/site\/#website\",\"url\":\"https:\/\/www.travel3.com.br\/site\/\",\"name\":\"Travel3\",\"description\":\"Lazer + Neg&oacute;cios + Aventura\",\"publisher\":{\"@id\":\"https:\/\/www.travel3.com.br\/site\/#organization\"},\"potentialAction\":[{\"@type\":\"SearchAction\",\"target\":{\"@type\":\"EntryPoint\",\"urlTemplate\":\"https:\/\/www.travel3.com.br\/site\/?s={search_term_string}\"},\"query-input\":{\"@type\":\"PropertyValueSpecification\",\"valueRequired\":true,\"valueName\":\"search_term_string\"}}],\"inLanguage\":\"pt-BR\"},{\"@type\":\"Organization\",\"@id\":\"https:\/\/www.travel3.com.br\/site\/#organization\",\"name\":\"Travel3\",\"url\":\"https:\/\/www.travel3.com.br\/site\/\",\"logo\":{\"@type\":\"ImageObject\",\"inLanguage\":\"pt-BR\",\"@id\":\"https:\/\/www.travel3.com.br\/site\/#\/schema\/logo\/image\/\",\"url\":\"https:\/\/www.travel3.com.br\/site\/wp-content\/uploads\/2020\/01\/logo-travel3-2020.png\",\"contentUrl\":\"https:\/\/www.travel3.com.br\/site\/wp-content\/uploads\/2020\/01\/logo-travel3-2020.png\",\"width\":232,\"height\":79,\"caption\":\"Travel3\"},\"image\":{\"@id\":\"https:\/\/www.travel3.com.br\/site\/#\/schema\/logo\/image\/\"},\"sameAs\":[\"https:\/\/www.facebook.com\/travel3media\/\",\"https:\/\/www.instagram.com\/revistatravel3\/\",\"https:\/\/www.youtube.com\/channel\/UCno7J4paGBR3VbZQzvoJ9Eg\"]},{\"@type\":\"Person\",\"@id\":\"https:\/\/www.travel3.com.br\/site\/#\/schema\/person\/d837eaf73c4e8896e932e0acede946c0\",\"name\":\"Caroline Tonaco\",\"image\":{\"@type\":\"ImageObject\",\"inLanguage\":\"pt-BR\",\"@id\":\"https:\/\/www.travel3.com.br\/site\/#\/schema\/person\/image\/\",\"url\":\"https:\/\/www.travel3.com.br\/site\/wp-content\/uploads\/2019\/09\/caroline-150x150.jpeg\",\"contentUrl\":\"https:\/\/www.travel3.com.br\/site\/wp-content\/uploads\/2019\/09\/caroline-150x150.jpeg\",\"caption\":\"Caroline Tonaco\"},\"sameAs\":[\"https:\/\/www.travel3.com.br\/\",\"https:\/\/www.instagram.com\/carolinetonaco\/\"],\"url\":\"https:\/\/www.travel3.com.br\/site\/author\/caroline\/\"}]}<\/script>\n<!-- \/ Yoast SEO plugin. -->","yoast_head_json":{"title":"Cleiton Feij\u00f3 tem fome de mercado e est\u00e1 + pr\u00f3ximo do agente de viagens","description":"Cleiton Feij\u00f3 tem fome de mercado e est\u00e1 + pr\u00f3ximo do agente de viagens; O CEO da Visual conta como est\u00e1 construindo o futuro da operadora","robots":{"index":"index","follow":"follow","max-snippet":"max-snippet:-1","max-image-preview":"max-image-preview:large","max-video-preview":"max-video-preview:-1"},"canonical":"https:\/\/www.travel3.com.br\/site\/acontece-no-turismo\/cleiton\/","og_locale":"pt_BR","og_type":"article","og_title":"Cleiton Feij\u00f3 tem fome de mercado e est\u00e1 + pr\u00f3ximo do agente de viagens","og_description":"Cleiton Feij\u00f3 tem fome de mercado e est\u00e1 + pr\u00f3ximo do agente de viagens; O CEO da Visual conta como est\u00e1 construindo o futuro da operadora","og_url":"https:\/\/www.travel3.com.br\/site\/acontece-no-turismo\/cleiton\/","og_site_name":"Travel3","article_publisher":"https:\/\/www.facebook.com\/travel3media\/","article_published_time":"2020-02-19T20:08:42+00:00","article_modified_time":"2020-02-21T20:54:50+00:00","og_image":[{"width":859,"height":726,"url":"https:\/\/www.travel3.com.br\/site\/wp-content\/uploads\/2020\/02\/WhatsApp-Image-2020-02-07-at-16.16.34.jpeg","type":"image\/jpeg"}],"author":"Caroline Tonaco","twitter_card":"summary_large_image","twitter_misc":{"Escrito por":"Caroline Tonaco","Est. tempo de leitura":"10 minutos"},"schema":{"@context":"https:\/\/schema.org","@graph":[{"@type":"Article","@id":"https:\/\/www.travel3.com.br\/site\/acontece-no-turismo\/cleiton\/#article","isPartOf":{"@id":"https:\/\/www.travel3.com.br\/site\/acontece-no-turismo\/cleiton\/"},"author":{"name":"Caroline Tonaco","@id":"https:\/\/www.travel3.com.br\/site\/#\/schema\/person\/d837eaf73c4e8896e932e0acede946c0"},"headline":"Cleiton Feij\u00f3 tem fome de mercado e est\u00e1 + pr\u00f3ximo do agente de viagens","datePublished":"2020-02-19T20:08:42+00:00","dateModified":"2020-02-21T20:54:50+00:00","mainEntityOfPage":{"@id":"https:\/\/www.travel3.com.br\/site\/acontece-no-turismo\/cleiton\/"},"wordCount":1936,"commentCount":0,"publisher":{"@id":"https:\/\/www.travel3.com.br\/site\/#organization"},"image":{"@id":"https:\/\/www.travel3.com.br\/site\/acontece-no-turismo\/cleiton\/#primaryimage"},"thumbnailUrl":"https:\/\/www.travel3.com.br\/site\/wp-content\/uploads\/2020\/02\/WhatsApp-Image-2020-02-07-at-16.16.34.jpeg","keywords":["Cleiton Feij\u00f3","Turismo Brasil","Visual Turismo"],"articleSection":["Acontece no Turismo","Destaque","Neg\u00f3cios","Operadoras"],"inLanguage":"pt-BR","potentialAction":[{"@type":"CommentAction","name":"Comment","target":["https:\/\/www.travel3.com.br\/site\/acontece-no-turismo\/cleiton\/#respond"]}]},{"@type":"WebPage","@id":"https:\/\/www.travel3.com.br\/site\/acontece-no-turismo\/cleiton\/","url":"https:\/\/www.travel3.com.br\/site\/acontece-no-turismo\/cleiton\/","name":"Cleiton Feij\u00f3 tem fome de mercado e est\u00e1 + pr\u00f3ximo do agente de viagens","isPartOf":{"@id":"https:\/\/www.travel3.com.br\/site\/#website"},"primaryImageOfPage":{"@id":"https:\/\/www.travel3.com.br\/site\/acontece-no-turismo\/cleiton\/#primaryimage"},"image":{"@id":"https:\/\/www.travel3.com.br\/site\/acontece-no-turismo\/cleiton\/#primaryimage"},"thumbnailUrl":"https:\/\/www.travel3.com.br\/site\/wp-content\/uploads\/2020\/02\/WhatsApp-Image-2020-02-07-at-16.16.34.jpeg","datePublished":"2020-02-19T20:08:42+00:00","dateModified":"2020-02-21T20:54:50+00:00","description":"Cleiton Feij\u00f3 tem fome de mercado e est\u00e1 + pr\u00f3ximo do agente de viagens; O CEO da Visual conta como est\u00e1 construindo o futuro da operadora","breadcrumb":{"@id":"https:\/\/www.travel3.com.br\/site\/acontece-no-turismo\/cleiton\/#breadcrumb"},"inLanguage":"pt-BR","potentialAction":[{"@type":"ReadAction","target":["https:\/\/www.travel3.com.br\/site\/acontece-no-turismo\/cleiton\/"]}]},{"@type":"ImageObject","inLanguage":"pt-BR","@id":"https:\/\/www.travel3.com.br\/site\/acontece-no-turismo\/cleiton\/#primaryimage","url":"https:\/\/www.travel3.com.br\/site\/wp-content\/uploads\/2020\/02\/WhatsApp-Image-2020-02-07-at-16.16.34.jpeg","contentUrl":"https:\/\/www.travel3.com.br\/site\/wp-content\/uploads\/2020\/02\/WhatsApp-Image-2020-02-07-at-16.16.34.jpeg","width":859,"height":726,"caption":"Cleiton Feij\u00f3, CEO da Visual Turismo"},{"@type":"BreadcrumbList","@id":"https:\/\/www.travel3.com.br\/site\/acontece-no-turismo\/cleiton\/#breadcrumb","itemListElement":[{"@type":"ListItem","position":1,"name":"In\u00edcio","item":"https:\/\/www.travel3.com.br\/site\/"},{"@type":"ListItem","position":2,"name":"Cleiton Feij\u00f3 tem fome de mercado e est\u00e1 + pr\u00f3ximo do agente de viagens"}]},{"@type":"WebSite","@id":"https:\/\/www.travel3.com.br\/site\/#website","url":"https:\/\/www.travel3.com.br\/site\/","name":"Travel3","description":"Lazer + Neg&oacute;cios + Aventura","publisher":{"@id":"https:\/\/www.travel3.com.br\/site\/#organization"},"potentialAction":[{"@type":"SearchAction","target":{"@type":"EntryPoint","urlTemplate":"https:\/\/www.travel3.com.br\/site\/?s={search_term_string}"},"query-input":{"@type":"PropertyValueSpecification","valueRequired":true,"valueName":"search_term_string"}}],"inLanguage":"pt-BR"},{"@type":"Organization","@id":"https:\/\/www.travel3.com.br\/site\/#organization","name":"Travel3","url":"https:\/\/www.travel3.com.br\/site\/","logo":{"@type":"ImageObject","inLanguage":"pt-BR","@id":"https:\/\/www.travel3.com.br\/site\/#\/schema\/logo\/image\/","url":"https:\/\/www.travel3.com.br\/site\/wp-content\/uploads\/2020\/01\/logo-travel3-2020.png","contentUrl":"https:\/\/www.travel3.com.br\/site\/wp-content\/uploads\/2020\/01\/logo-travel3-2020.png","width":232,"height":79,"caption":"Travel3"},"image":{"@id":"https:\/\/www.travel3.com.br\/site\/#\/schema\/logo\/image\/"},"sameAs":["https:\/\/www.facebook.com\/travel3media\/","https:\/\/www.instagram.com\/revistatravel3\/","https:\/\/www.youtube.com\/channel\/UCno7J4paGBR3VbZQzvoJ9Eg"]},{"@type":"Person","@id":"https:\/\/www.travel3.com.br\/site\/#\/schema\/person\/d837eaf73c4e8896e932e0acede946c0","name":"Caroline Tonaco","image":{"@type":"ImageObject","inLanguage":"pt-BR","@id":"https:\/\/www.travel3.com.br\/site\/#\/schema\/person\/image\/","url":"https:\/\/www.travel3.com.br\/site\/wp-content\/uploads\/2019\/09\/caroline-150x150.jpeg","contentUrl":"https:\/\/www.travel3.com.br\/site\/wp-content\/uploads\/2019\/09\/caroline-150x150.jpeg","caption":"Caroline Tonaco"},"sameAs":["https:\/\/www.travel3.com.br\/","https:\/\/www.instagram.com\/carolinetonaco\/"],"url":"https:\/\/www.travel3.com.br\/site\/author\/caroline\/"}]}},"_links":{"self":[{"href":"https:\/\/www.travel3.com.br\/site\/wp-json\/wp\/v2\/posts\/30486","targetHints":{"allow":["GET"]}}],"collection":[{"href":"https:\/\/www.travel3.com.br\/site\/wp-json\/wp\/v2\/posts"}],"about":[{"href":"https:\/\/www.travel3.com.br\/site\/wp-json\/wp\/v2\/types\/post"}],"author":[{"embeddable":true,"href":"https:\/\/www.travel3.com.br\/site\/wp-json\/wp\/v2\/users\/14"}],"replies":[{"embeddable":true,"href":"https:\/\/www.travel3.com.br\/site\/wp-json\/wp\/v2\/comments?post=30486"}],"version-history":[{"count":25,"href":"https:\/\/www.travel3.com.br\/site\/wp-json\/wp\/v2\/posts\/30486\/revisions"}],"predecessor-version":[{"id":30530,"href":"https:\/\/www.travel3.com.br\/site\/wp-json\/wp\/v2\/posts\/30486\/revisions\/30530"}],"wp:featuredmedia":[{"embeddable":true,"href":"https:\/\/www.travel3.com.br\/site\/wp-json\/wp\/v2\/media\/30523"}],"wp:attachment":[{"href":"https:\/\/www.travel3.com.br\/site\/wp-json\/wp\/v2\/media?parent=30486"}],"wp:term":[{"taxonomy":"category","embeddable":true,"href":"https:\/\/www.travel3.com.br\/site\/wp-json\/wp\/v2\/categories?post=30486"},{"taxonomy":"post_tag","embeddable":true,"href":"https:\/\/www.travel3.com.br\/site\/wp-json\/wp\/v2\/tags?post=30486"}],"curies":[{"name":"wp","href":"https:\/\/api.w.org\/{rel}","templated":true}]}}