{"id":3045,"date":"2017-09-09T16:45:41","date_gmt":"2017-09-09T16:45:41","guid":{"rendered":"http:\/\/www.travel3.com.br\/site\/ir-e-vir\/ar\/atentados-estragam-fluxo-turistico-na-turquia\/"},"modified":"2017-09-12T18:10:40","modified_gmt":"2017-09-12T18:10:40","slug":"atentados-estragam-fluxo-turistico-na-turquia","status":"publish","type":"post","link":"https:\/\/www.travel3.com.br\/site\/sem-categoria\/atentados-estragam-fluxo-turistico-na-turquia\/","title":{"rendered":"ATENTADOS ESTRAGAM FLUXO TUR\u00cdSTICO NA TURQUIA"},"content":{"rendered":"<p><span style=\"color: #40acad; font-family: -apple-system, system-ui, 'Segoe UI', Roboto, Oxygen-Sans, Ubuntu, Cantarell, 'Helvetica Neue', sans-serif; font-size: 12px; font-weight: bold;\"><\/p>\n<p style=\"text-align:justify\">Imagem e seguran\u00e7a s\u00e3o fatores indispens\u00e1veis e da maior import\u00e2ncia para um fluxo de turismo e alguns pa\u00edses, em particular, est\u00e3o sofrendo com a queda de movimento, provocado principalmente por atentados terroristas e os dissabores que isto causa \u00e0 imagem do destino.<\/p>\n<p style=\"text-align:justify\">\u00c9 uma quest\u00e3o por exemplo que na oferta Brasil tem algumas implica\u00e7\u00f5es bem sens\u00edveis no mercado exterior, como esta quest\u00e3o de inseguran\u00e7a, refor\u00e7ada hoje com os acontecimentos em Manaus, mais de 60 mortos nos conflitos de grupos de presidi\u00e1rios, a maior desde os acontecimentos do Carandiru, em 1992, e que por muito tempo maculou a procura l\u00e1 no exterior.<\/p>\n<p style=\"text-align:justify\">Certamente, isto trar\u00e1 reflexos na procura atrativa de fomentar o turismo externo, h\u00e1 uma sensibilidade muito grande para este dado na realidade atual, depois dos seguidos acontecimentos. Antes foi com o Egito, agora Turquia que o diga.<\/p>\n<p style=\"text-align:justify\"><a class=\"fancybox-media\" href=\"..\/_uploads\/_noticia\/2017-01\/istambulturquiavisaonoturna.jpg\" rel=\"portfolio\"><img decoding=\"async\" alt=\"\" src=\"..\/_uploads\/_noticia\/2017-01\/istambulturquiavisaonoturna.jpg\" \/><\/a><\/p>\n<p style=\"text-align:justify\">Um dos mais belos pa\u00edses, cheio de riquezas e tradi\u00e7\u00f5es, com um fluxo que crescia de modo constante por alguns anos, comprovado tamb\u00e9m pelo avan\u00e7o da sua empresa a\u00e9rea de bandeira. A Turkish Airlines obteve um dos melhores desempenhos de expans\u00e3o na ultima d\u00e9cada entre todas as a\u00e9reas do mundo.<\/p>\n<p style=\"text-align:justify\">O ano que passou, por\u00e9m, foi tr\u00e1gico para o turismo turco, consequ\u00eancia dos atentados terroristas tanto da parte do Estado Isl\u00e2mico como dos curdos separatistas. E os n\u00fameros apresentados pelo Minist\u00e9rio de Cultura e Turismo tem queda prevista acima de 30% para 2016.<\/p>\n<p style=\"text-align:justify\">O terrorismo vem sendo o maior inimigo para o Turismo em circunst\u00e2ncias assim, como depois que o EI assumiu a autoria do atentado da passagem do ano em Istambul. Desde abril de 2015, quando caiu 8%\u00a0 at\u00e9 o m\u00eas de junho passado, quando chegou a 40% em compara\u00e7\u00e3o com o ano anterior.<\/p>\n<p style=\"text-align:justify\">Foi coincidente com o ataque sofrido no aeroporto internacional Ataturk.<\/p>\n<p style=\"text-align:justify\">Os turistas alem\u00e3es, europeus que mais visitam a Turquia, tiveram queda de 50%. No total, o movimento de visitantes procedentes da Europa diminiu 41% em 2016 (faltando ainda os n\u00fameros de dezembro), comparando-se com 2015.<\/p>\n<p style=\"text-align:justify\">O trem foi o meio de transporte que mais deixou de ser utilizado pelos visitantes do pais, com 67%. E a hotelaria que vivia quase sempre com falta de lugares, apresentou uma diminui\u00e7\u00e3o de quase 40% em suas reservas.<br \/>\n\u00a0<\/p>\n<p>\n\u00a0<\/p>\n<p>\u00a0<\/p>\n<p>\u00a0<\/p>\n<p><\/span><\/p>\n","protected":false},"excerpt":{"rendered":"<p>Queda acima de 30% nos resultados para o ano que passou e que deve continuar subindo depois do mais recente, na boate VIP  de Istambul<\/p>\n","protected":false},"author":1,"featured_media":0,"comment_status":"open","ping_status":"open","sticky":false,"template":"","format":"standard","meta":{"footnotes":""},"categories":[],"tags":[],"class_list":["post-3045","post","type-post","status-publish","format-standard","hentry"],"yoast_head":"<!-- This site is optimized with the Yoast SEO plugin v26.2 - https:\/\/yoast.com\/wordpress\/plugins\/seo\/ -->\n<title>ATENTADOS ESTRAGAM FLUXO TUR\u00cdSTICO NA TURQUIA - Travel3<\/title>\n<meta name=\"description\" content=\"A TRAVEL3 \u00e9 um portal de conte\u00fado voltado para o turismo, encontre destinos, viagens, hospedagem, passagens, guias, not\u00edcias sobre o mercado do turismo, dicas de viagem, v\u00eddeos e podcast.\" \/>\n<meta name=\"robots\" content=\"index, follow, max-snippet:-1, max-image-preview:large, max-video-preview:-1\" \/>\n<link rel=\"canonical\" href=\"https:\/\/www.travel3.com.br\/site\/sem-categoria\/atentados-estragam-fluxo-turistico-na-turquia\/\" \/>\n<meta property=\"og:locale\" content=\"pt_BR\" \/>\n<meta property=\"og:type\" content=\"article\" \/>\n<meta property=\"og:title\" content=\"ATENTADOS ESTRAGAM FLUXO TUR\u00cdSTICO NA TURQUIA - Travel3\" \/>\n<meta property=\"og:description\" content=\"A TRAVEL3 \u00e9 um portal de conte\u00fado voltado para o turismo, encontre destinos, viagens, hospedagem, passagens, guias, not\u00edcias sobre o mercado do turismo, dicas de viagem, v\u00eddeos e podcast.\" \/>\n<meta property=\"og:url\" content=\"https:\/\/www.travel3.com.br\/site\/sem-categoria\/atentados-estragam-fluxo-turistico-na-turquia\/\" \/>\n<meta property=\"og:site_name\" content=\"Travel3\" \/>\n<meta property=\"article:publisher\" content=\"https:\/\/www.facebook.com\/travel3media\/\" \/>\n<meta property=\"article:published_time\" content=\"2017-09-09T16:45:41+00:00\" \/>\n<meta property=\"article:modified_time\" content=\"2017-09-12T18:10:40+00:00\" \/>\n<meta name=\"author\" content=\"admin\" \/>\n<meta name=\"twitter:card\" content=\"summary_large_image\" \/>\n<meta name=\"twitter:label1\" content=\"Escrito por\" \/>\n\t<meta name=\"twitter:data1\" content=\"admin\" \/>\n\t<meta name=\"twitter:label2\" content=\"Est. tempo de leitura\" \/>\n\t<meta name=\"twitter:data2\" content=\"2 minutos\" \/>\n<script type=\"application\/ld+json\" class=\"yoast-schema-graph\">{\"@context\":\"https:\/\/schema.org\",\"@graph\":[{\"@type\":\"Article\",\"@id\":\"https:\/\/www.travel3.com.br\/site\/sem-categoria\/atentados-estragam-fluxo-turistico-na-turquia\/#article\",\"isPartOf\":{\"@id\":\"https:\/\/www.travel3.com.br\/site\/sem-categoria\/atentados-estragam-fluxo-turistico-na-turquia\/\"},\"author\":{\"name\":\"admin\",\"@id\":\"https:\/\/www.travel3.com.br\/site\/#\/schema\/person\/a69d71e41a024999b6ab82369ac0bd1e\"},\"headline\":\"ATENTADOS ESTRAGAM FLUXO TUR\u00cdSTICO NA TURQUIA\",\"datePublished\":\"2017-09-09T16:45:41+00:00\",\"dateModified\":\"2017-09-12T18:10:40+00:00\",\"mainEntityOfPage\":{\"@id\":\"https:\/\/www.travel3.com.br\/site\/sem-categoria\/atentados-estragam-fluxo-turistico-na-turquia\/\"},\"wordCount\":392,\"commentCount\":0,\"publisher\":{\"@id\":\"https:\/\/www.travel3.com.br\/site\/#organization\"},\"inLanguage\":\"pt-BR\",\"potentialAction\":[{\"@type\":\"CommentAction\",\"name\":\"Comment\",\"target\":[\"https:\/\/www.travel3.com.br\/site\/sem-categoria\/atentados-estragam-fluxo-turistico-na-turquia\/#respond\"]}]},{\"@type\":\"WebPage\",\"@id\":\"https:\/\/www.travel3.com.br\/site\/sem-categoria\/atentados-estragam-fluxo-turistico-na-turquia\/\",\"url\":\"https:\/\/www.travel3.com.br\/site\/sem-categoria\/atentados-estragam-fluxo-turistico-na-turquia\/\",\"name\":\"ATENTADOS ESTRAGAM FLUXO TUR\u00cdSTICO NA TURQUIA - Travel3\",\"isPartOf\":{\"@id\":\"https:\/\/www.travel3.com.br\/site\/#website\"},\"datePublished\":\"2017-09-09T16:45:41+00:00\",\"dateModified\":\"2017-09-12T18:10:40+00:00\",\"description\":\"A TRAVEL3 \u00e9 um portal de conte\u00fado voltado para o turismo, encontre destinos, viagens, hospedagem, passagens, guias, not\u00edcias sobre o mercado do turismo, dicas de viagem, v\u00eddeos e podcast.\",\"breadcrumb\":{\"@id\":\"https:\/\/www.travel3.com.br\/site\/sem-categoria\/atentados-estragam-fluxo-turistico-na-turquia\/#breadcrumb\"},\"inLanguage\":\"pt-BR\",\"potentialAction\":[{\"@type\":\"ReadAction\",\"target\":[\"https:\/\/www.travel3.com.br\/site\/sem-categoria\/atentados-estragam-fluxo-turistico-na-turquia\/\"]}]},{\"@type\":\"BreadcrumbList\",\"@id\":\"https:\/\/www.travel3.com.br\/site\/sem-categoria\/atentados-estragam-fluxo-turistico-na-turquia\/#breadcrumb\",\"itemListElement\":[{\"@type\":\"ListItem\",\"position\":1,\"name\":\"In\u00edcio\",\"item\":\"https:\/\/www.travel3.com.br\/site\/\"},{\"@type\":\"ListItem\",\"position\":2,\"name\":\"ATENTADOS ESTRAGAM FLUXO TUR\u00cdSTICO NA TURQUIA\"}]},{\"@type\":\"WebSite\",\"@id\":\"https:\/\/www.travel3.com.br\/site\/#website\",\"url\":\"https:\/\/www.travel3.com.br\/site\/\",\"name\":\"Travel3\",\"description\":\"Lazer + Neg&oacute;cios + Aventura\",\"publisher\":{\"@id\":\"https:\/\/www.travel3.com.br\/site\/#organization\"},\"potentialAction\":[{\"@type\":\"SearchAction\",\"target\":{\"@type\":\"EntryPoint\",\"urlTemplate\":\"https:\/\/www.travel3.com.br\/site\/?s={search_term_string}\"},\"query-input\":{\"@type\":\"PropertyValueSpecification\",\"valueRequired\":true,\"valueName\":\"search_term_string\"}}],\"inLanguage\":\"pt-BR\"},{\"@type\":\"Organization\",\"@id\":\"https:\/\/www.travel3.com.br\/site\/#organization\",\"name\":\"Travel3\",\"url\":\"https:\/\/www.travel3.com.br\/site\/\",\"logo\":{\"@type\":\"ImageObject\",\"inLanguage\":\"pt-BR\",\"@id\":\"https:\/\/www.travel3.com.br\/site\/#\/schema\/logo\/image\/\",\"url\":\"https:\/\/www.travel3.com.br\/site\/wp-content\/uploads\/2020\/01\/logo-travel3-2020.png\",\"contentUrl\":\"https:\/\/www.travel3.com.br\/site\/wp-content\/uploads\/2020\/01\/logo-travel3-2020.png\",\"width\":232,\"height\":79,\"caption\":\"Travel3\"},\"image\":{\"@id\":\"https:\/\/www.travel3.com.br\/site\/#\/schema\/logo\/image\/\"},\"sameAs\":[\"https:\/\/www.facebook.com\/travel3media\/\",\"https:\/\/www.instagram.com\/revistatravel3\/\",\"https:\/\/www.youtube.com\/channel\/UCno7J4paGBR3VbZQzvoJ9Eg\"]},{\"@type\":\"Person\",\"@id\":\"https:\/\/www.travel3.com.br\/site\/#\/schema\/person\/a69d71e41a024999b6ab82369ac0bd1e\",\"name\":\"admin\",\"image\":{\"@type\":\"ImageObject\",\"inLanguage\":\"pt-BR\",\"@id\":\"https:\/\/www.travel3.com.br\/site\/#\/schema\/person\/image\/\",\"url\":\"https:\/\/secure.gravatar.com\/avatar\/732a67adfd764da2a47ba10ce731c4c0?s=96&d=mm&r=g\",\"contentUrl\":\"https:\/\/secure.gravatar.com\/avatar\/732a67adfd764da2a47ba10ce731c4c0?s=96&d=mm&r=g\",\"caption\":\"admin\"},\"url\":\"https:\/\/www.travel3.com.br\/site\/author\/admin\/\"}]}<\/script>\n<!-- \/ Yoast SEO plugin. -->","yoast_head_json":{"title":"ATENTADOS ESTRAGAM FLUXO TUR\u00cdSTICO NA TURQUIA - Travel3","description":"A TRAVEL3 \u00e9 um portal de conte\u00fado voltado para o turismo, encontre destinos, viagens, hospedagem, passagens, guias, not\u00edcias sobre o mercado do turismo, dicas de viagem, v\u00eddeos e podcast.","robots":{"index":"index","follow":"follow","max-snippet":"max-snippet:-1","max-image-preview":"max-image-preview:large","max-video-preview":"max-video-preview:-1"},"canonical":"https:\/\/www.travel3.com.br\/site\/sem-categoria\/atentados-estragam-fluxo-turistico-na-turquia\/","og_locale":"pt_BR","og_type":"article","og_title":"ATENTADOS ESTRAGAM FLUXO TUR\u00cdSTICO NA TURQUIA - Travel3","og_description":"A TRAVEL3 \u00e9 um portal de conte\u00fado voltado para o turismo, encontre destinos, viagens, hospedagem, passagens, guias, not\u00edcias sobre o mercado do turismo, dicas de viagem, v\u00eddeos e podcast.","og_url":"https:\/\/www.travel3.com.br\/site\/sem-categoria\/atentados-estragam-fluxo-turistico-na-turquia\/","og_site_name":"Travel3","article_publisher":"https:\/\/www.facebook.com\/travel3media\/","article_published_time":"2017-09-09T16:45:41+00:00","article_modified_time":"2017-09-12T18:10:40+00:00","author":"admin","twitter_card":"summary_large_image","twitter_misc":{"Escrito por":"admin","Est. tempo de leitura":"2 minutos"},"schema":{"@context":"https:\/\/schema.org","@graph":[{"@type":"Article","@id":"https:\/\/www.travel3.com.br\/site\/sem-categoria\/atentados-estragam-fluxo-turistico-na-turquia\/#article","isPartOf":{"@id":"https:\/\/www.travel3.com.br\/site\/sem-categoria\/atentados-estragam-fluxo-turistico-na-turquia\/"},"author":{"name":"admin","@id":"https:\/\/www.travel3.com.br\/site\/#\/schema\/person\/a69d71e41a024999b6ab82369ac0bd1e"},"headline":"ATENTADOS ESTRAGAM FLUXO TUR\u00cdSTICO NA TURQUIA","datePublished":"2017-09-09T16:45:41+00:00","dateModified":"2017-09-12T18:10:40+00:00","mainEntityOfPage":{"@id":"https:\/\/www.travel3.com.br\/site\/sem-categoria\/atentados-estragam-fluxo-turistico-na-turquia\/"},"wordCount":392,"commentCount":0,"publisher":{"@id":"https:\/\/www.travel3.com.br\/site\/#organization"},"inLanguage":"pt-BR","potentialAction":[{"@type":"CommentAction","name":"Comment","target":["https:\/\/www.travel3.com.br\/site\/sem-categoria\/atentados-estragam-fluxo-turistico-na-turquia\/#respond"]}]},{"@type":"WebPage","@id":"https:\/\/www.travel3.com.br\/site\/sem-categoria\/atentados-estragam-fluxo-turistico-na-turquia\/","url":"https:\/\/www.travel3.com.br\/site\/sem-categoria\/atentados-estragam-fluxo-turistico-na-turquia\/","name":"ATENTADOS ESTRAGAM FLUXO TUR\u00cdSTICO NA TURQUIA - Travel3","isPartOf":{"@id":"https:\/\/www.travel3.com.br\/site\/#website"},"datePublished":"2017-09-09T16:45:41+00:00","dateModified":"2017-09-12T18:10:40+00:00","description":"A TRAVEL3 \u00e9 um portal de conte\u00fado voltado para o turismo, encontre destinos, viagens, hospedagem, passagens, guias, not\u00edcias sobre o mercado do turismo, dicas de viagem, v\u00eddeos e podcast.","breadcrumb":{"@id":"https:\/\/www.travel3.com.br\/site\/sem-categoria\/atentados-estragam-fluxo-turistico-na-turquia\/#breadcrumb"},"inLanguage":"pt-BR","potentialAction":[{"@type":"ReadAction","target":["https:\/\/www.travel3.com.br\/site\/sem-categoria\/atentados-estragam-fluxo-turistico-na-turquia\/"]}]},{"@type":"BreadcrumbList","@id":"https:\/\/www.travel3.com.br\/site\/sem-categoria\/atentados-estragam-fluxo-turistico-na-turquia\/#breadcrumb","itemListElement":[{"@type":"ListItem","position":1,"name":"In\u00edcio","item":"https:\/\/www.travel3.com.br\/site\/"},{"@type":"ListItem","position":2,"name":"ATENTADOS ESTRAGAM FLUXO TUR\u00cdSTICO NA TURQUIA"}]},{"@type":"WebSite","@id":"https:\/\/www.travel3.com.br\/site\/#website","url":"https:\/\/www.travel3.com.br\/site\/","name":"Travel3","description":"Lazer + Neg&oacute;cios + Aventura","publisher":{"@id":"https:\/\/www.travel3.com.br\/site\/#organization"},"potentialAction":[{"@type":"SearchAction","target":{"@type":"EntryPoint","urlTemplate":"https:\/\/www.travel3.com.br\/site\/?s={search_term_string}"},"query-input":{"@type":"PropertyValueSpecification","valueRequired":true,"valueName":"search_term_string"}}],"inLanguage":"pt-BR"},{"@type":"Organization","@id":"https:\/\/www.travel3.com.br\/site\/#organization","name":"Travel3","url":"https:\/\/www.travel3.com.br\/site\/","logo":{"@type":"ImageObject","inLanguage":"pt-BR","@id":"https:\/\/www.travel3.com.br\/site\/#\/schema\/logo\/image\/","url":"https:\/\/www.travel3.com.br\/site\/wp-content\/uploads\/2020\/01\/logo-travel3-2020.png","contentUrl":"https:\/\/www.travel3.com.br\/site\/wp-content\/uploads\/2020\/01\/logo-travel3-2020.png","width":232,"height":79,"caption":"Travel3"},"image":{"@id":"https:\/\/www.travel3.com.br\/site\/#\/schema\/logo\/image\/"},"sameAs":["https:\/\/www.facebook.com\/travel3media\/","https:\/\/www.instagram.com\/revistatravel3\/","https:\/\/www.youtube.com\/channel\/UCno7J4paGBR3VbZQzvoJ9Eg"]},{"@type":"Person","@id":"https:\/\/www.travel3.com.br\/site\/#\/schema\/person\/a69d71e41a024999b6ab82369ac0bd1e","name":"admin","image":{"@type":"ImageObject","inLanguage":"pt-BR","@id":"https:\/\/www.travel3.com.br\/site\/#\/schema\/person\/image\/","url":"https:\/\/secure.gravatar.com\/avatar\/732a67adfd764da2a47ba10ce731c4c0?s=96&d=mm&r=g","contentUrl":"https:\/\/secure.gravatar.com\/avatar\/732a67adfd764da2a47ba10ce731c4c0?s=96&d=mm&r=g","caption":"admin"},"url":"https:\/\/www.travel3.com.br\/site\/author\/admin\/"}]}},"_links":{"self":[{"href":"https:\/\/www.travel3.com.br\/site\/wp-json\/wp\/v2\/posts\/3045","targetHints":{"allow":["GET"]}}],"collection":[{"href":"https:\/\/www.travel3.com.br\/site\/wp-json\/wp\/v2\/posts"}],"about":[{"href":"https:\/\/www.travel3.com.br\/site\/wp-json\/wp\/v2\/types\/post"}],"author":[{"embeddable":true,"href":"https:\/\/www.travel3.com.br\/site\/wp-json\/wp\/v2\/users\/1"}],"replies":[{"embeddable":true,"href":"https:\/\/www.travel3.com.br\/site\/wp-json\/wp\/v2\/comments?post=3045"}],"version-history":[{"count":1,"href":"https:\/\/www.travel3.com.br\/site\/wp-json\/wp\/v2\/posts\/3045\/revisions"}],"predecessor-version":[{"id":3842,"href":"https:\/\/www.travel3.com.br\/site\/wp-json\/wp\/v2\/posts\/3045\/revisions\/3842"}],"wp:attachment":[{"href":"https:\/\/www.travel3.com.br\/site\/wp-json\/wp\/v2\/media?parent=3045"}],"wp:term":[{"taxonomy":"category","embeddable":true,"href":"https:\/\/www.travel3.com.br\/site\/wp-json\/wp\/v2\/categories?post=3045"},{"taxonomy":"post_tag","embeddable":true,"href":"https:\/\/www.travel3.com.br\/site\/wp-json\/wp\/v2\/tags?post=3045"}],"curies":[{"name":"wp","href":"https:\/\/api.w.org\/{rel}","templated":true}]}}