{"id":3042,"date":"2017-09-05T05:44:03","date_gmt":"2017-09-05T05:44:03","guid":{"rendered":"http:\/\/www.travel3.com.br\/site\/ir-e-vir\/ar\/porto-seguro-praia-resort-mantem-tradicao-de-reveillon-top\/"},"modified":"2017-09-12T18:10:36","modified_gmt":"2017-09-12T18:10:36","slug":"porto-seguro-praia-resort-mantem-tradicao-de-reveillon-top","status":"publish","type":"post","link":"https:\/\/www.travel3.com.br\/site\/sem-categoria\/porto-seguro-praia-resort-mantem-tradicao-de-reveillon-top\/","title":{"rendered":"PORTO SEGURO PRAIA RESORT MANT\u00c9M TRADI\u00c7\u00c3O DE R\u00c9VEILLON TOP"},"content":{"rendered":"<p><span style=\"color: #40acad; font-family: -apple-system, system-ui, 'Segoe UI', Roboto, Oxygen-Sans, Ubuntu, Cantarell, 'Helvetica Neue', sans-serif; font-size: 12px; font-weight: bold;\"><\/p>\n<p style=\"text-align:justify\"><a class=\"fancybox-media\" href=\"..\/_uploads\/_noticia\/2017-01\/diretor-guto-de-paula--com-a-esposa-patri--cia-e-os-filhos-joa--o-vitor-e-joa--o-guilherme.jpg\" rel=\"portfolio\"><img decoding=\"async\" alt=\"\" src=\"..\/_uploads\/_noticia\/2017-01\/diretor-guto-de-paula--com-a-esposa-patri--cia-e-os-filhos-joa--o-vitor-e-joa--o-guilherme.jpg\" \/><\/a><strong>Guto de Paula, diretor do Porto Seguro Praia Resort, ao lado da mulher, Patri\u0301cia e dos filhos, Joa\u0303o Vitor e Joa\u0303o Guilherme (Foto: Divulga\u00e7\u00e3o)<\/strong><\/p>\n<p style=\"text-align:justify\">Em clima de aut\u00eantica alegria baiana, o Porto Seguro Praia Resort, realizou mais um R\u00e9veillon de sucesso. A contagem regressiva, anunciada pela banda mineira Skorpius, reuniu os convidados em um grande coro para dar as boas vindas ao novo ano em grande estilo. Para completar os fogos de artif\u00edcio emocionaram os h\u00f3spedes.<\/p>\n<p style=\"text-align:justify\">Sucesso tamb\u00e9m foi a ceia de R\u00e9veillon, que teve card\u00e1pio tropical variad\u00edssimo, com lagostas, peixes, frutos do mar, fil\u00e9s,\u00a0saladas e sobremesas.<\/p>\n<p style=\"text-align:justify\"><a class=\"fancybox-media\" href=\"..\/_uploads\/_noticia\/2017-01\/3.jpg\" rel=\"portfolio\"><img decoding=\"async\" alt=\"\" src=\"..\/_uploads\/_noticia\/2017-01\/3.jpg\" \/><\/a><strong>Vis\u00e3o dos sal\u00f5es e da decora\u00e7\u00e3o tropical do resort de Porto Seguro<\/strong><\/p>\n<p style=\"text-align:justify\">A decora\u00e7\u00e3o homenageou o misticismo bahiano e fez o Porto Seguro Praia Resort se transformar em um cen\u00e1rio fant\u00e1stico.<\/p>\n<p style=\"text-align:justify\">A cada ano a comemora\u00e7\u00e3o vai se consolidando e desta vez, novamente os convites se esgotaram. \u201cPercebemos que havia espa\u00e7o em Porto Seguro para a realiza\u00e7\u00e3o de uma festa de R\u00e9veillon diferenciada, com gastronomia de qualidade, boa m\u00fasica e todos esses atributos que agradam os clientes mais exigentes, que fazem quest\u00e3o de passar a virada de ano nesse clima de charme e sofistica\u00e7\u00e3o, em frente \u00e0 praia e com esse alto astral da Bahia\u201d, disse o diretor do Porto Seguro Praia Resort, Carlos Augusto Oliveira de Paula, que fez quest\u00e3o de acompanhar cada detalhe, at\u00e9 o dia amanhecer. \u201cAno que vem tem mais\u201d, avisou.<\/p>\n<p><\/span><\/p>\n","protected":false},"excerpt":{"rendered":"<p>Contagem regressiva foi feita pela banda mineira Skorpius e um grande coro deu as boas vindas ao ano novo, junto com espet\u00e1culo de fogos<\/p>\n","protected":false},"author":1,"featured_media":0,"comment_status":"open","ping_status":"open","sticky":false,"template":"","format":"standard","meta":{"footnotes":""},"categories":[],"tags":[],"class_list":["post-3042","post","type-post","status-publish","format-standard","hentry"],"yoast_head":"<!-- This site is optimized with the Yoast SEO plugin v26.2 - https:\/\/yoast.com\/wordpress\/plugins\/seo\/ -->\n<title>PORTO SEGURO PRAIA RESORT MANT\u00c9M TRADI\u00c7\u00c3O DE R\u00c9VEILLON TOP - Travel3<\/title>\n<meta name=\"description\" content=\"A TRAVEL3 \u00e9 um portal de conte\u00fado voltado para o turismo, encontre destinos, viagens, hospedagem, passagens, guias, not\u00edcias sobre o mercado do turismo, dicas de viagem, v\u00eddeos e podcast.\" \/>\n<meta name=\"robots\" content=\"index, follow, max-snippet:-1, max-image-preview:large, max-video-preview:-1\" \/>\n<link rel=\"canonical\" href=\"https:\/\/www.travel3.com.br\/site\/sem-categoria\/porto-seguro-praia-resort-mantem-tradicao-de-reveillon-top\/\" \/>\n<meta property=\"og:locale\" content=\"pt_BR\" \/>\n<meta property=\"og:type\" content=\"article\" \/>\n<meta property=\"og:title\" content=\"PORTO SEGURO PRAIA RESORT MANT\u00c9M TRADI\u00c7\u00c3O DE R\u00c9VEILLON TOP - Travel3\" \/>\n<meta property=\"og:description\" content=\"A TRAVEL3 \u00e9 um portal de conte\u00fado voltado para o turismo, encontre destinos, viagens, hospedagem, passagens, guias, not\u00edcias sobre o mercado do turismo, dicas de viagem, v\u00eddeos e podcast.\" \/>\n<meta property=\"og:url\" content=\"https:\/\/www.travel3.com.br\/site\/sem-categoria\/porto-seguro-praia-resort-mantem-tradicao-de-reveillon-top\/\" \/>\n<meta property=\"og:site_name\" content=\"Travel3\" \/>\n<meta property=\"article:publisher\" content=\"https:\/\/www.facebook.com\/travel3media\/\" \/>\n<meta property=\"article:published_time\" content=\"2017-09-05T05:44:03+00:00\" \/>\n<meta property=\"article:modified_time\" content=\"2017-09-12T18:10:36+00:00\" \/>\n<meta name=\"author\" content=\"admin\" \/>\n<meta name=\"twitter:card\" content=\"summary_large_image\" \/>\n<meta name=\"twitter:label1\" content=\"Escrito por\" \/>\n\t<meta name=\"twitter:data1\" content=\"admin\" \/>\n\t<meta name=\"twitter:label2\" content=\"Est. tempo de leitura\" \/>\n\t<meta name=\"twitter:data2\" content=\"1 minuto\" \/>\n<script type=\"application\/ld+json\" class=\"yoast-schema-graph\">{\"@context\":\"https:\/\/schema.org\",\"@graph\":[{\"@type\":\"Article\",\"@id\":\"https:\/\/www.travel3.com.br\/site\/sem-categoria\/porto-seguro-praia-resort-mantem-tradicao-de-reveillon-top\/#article\",\"isPartOf\":{\"@id\":\"https:\/\/www.travel3.com.br\/site\/sem-categoria\/porto-seguro-praia-resort-mantem-tradicao-de-reveillon-top\/\"},\"author\":{\"name\":\"admin\",\"@id\":\"https:\/\/www.travel3.com.br\/site\/#\/schema\/person\/a69d71e41a024999b6ab82369ac0bd1e\"},\"headline\":\"PORTO SEGURO PRAIA RESORT MANT\u00c9M TRADI\u00c7\u00c3O DE R\u00c9VEILLON TOP\",\"datePublished\":\"2017-09-05T05:44:03+00:00\",\"dateModified\":\"2017-09-12T18:10:36+00:00\",\"mainEntityOfPage\":{\"@id\":\"https:\/\/www.travel3.com.br\/site\/sem-categoria\/porto-seguro-praia-resort-mantem-tradicao-de-reveillon-top\/\"},\"wordCount\":271,\"commentCount\":0,\"publisher\":{\"@id\":\"https:\/\/www.travel3.com.br\/site\/#organization\"},\"inLanguage\":\"pt-BR\",\"potentialAction\":[{\"@type\":\"CommentAction\",\"name\":\"Comment\",\"target\":[\"https:\/\/www.travel3.com.br\/site\/sem-categoria\/porto-seguro-praia-resort-mantem-tradicao-de-reveillon-top\/#respond\"]}]},{\"@type\":\"WebPage\",\"@id\":\"https:\/\/www.travel3.com.br\/site\/sem-categoria\/porto-seguro-praia-resort-mantem-tradicao-de-reveillon-top\/\",\"url\":\"https:\/\/www.travel3.com.br\/site\/sem-categoria\/porto-seguro-praia-resort-mantem-tradicao-de-reveillon-top\/\",\"name\":\"PORTO SEGURO PRAIA RESORT MANT\u00c9M TRADI\u00c7\u00c3O DE R\u00c9VEILLON TOP - Travel3\",\"isPartOf\":{\"@id\":\"https:\/\/www.travel3.com.br\/site\/#website\"},\"datePublished\":\"2017-09-05T05:44:03+00:00\",\"dateModified\":\"2017-09-12T18:10:36+00:00\",\"description\":\"A TRAVEL3 \u00e9 um portal de conte\u00fado voltado para o turismo, encontre destinos, viagens, hospedagem, passagens, guias, not\u00edcias sobre o mercado do turismo, dicas de viagem, v\u00eddeos e podcast.\",\"breadcrumb\":{\"@id\":\"https:\/\/www.travel3.com.br\/site\/sem-categoria\/porto-seguro-praia-resort-mantem-tradicao-de-reveillon-top\/#breadcrumb\"},\"inLanguage\":\"pt-BR\",\"potentialAction\":[{\"@type\":\"ReadAction\",\"target\":[\"https:\/\/www.travel3.com.br\/site\/sem-categoria\/porto-seguro-praia-resort-mantem-tradicao-de-reveillon-top\/\"]}]},{\"@type\":\"BreadcrumbList\",\"@id\":\"https:\/\/www.travel3.com.br\/site\/sem-categoria\/porto-seguro-praia-resort-mantem-tradicao-de-reveillon-top\/#breadcrumb\",\"itemListElement\":[{\"@type\":\"ListItem\",\"position\":1,\"name\":\"In\u00edcio\",\"item\":\"https:\/\/www.travel3.com.br\/site\/\"},{\"@type\":\"ListItem\",\"position\":2,\"name\":\"PORTO SEGURO PRAIA RESORT MANT\u00c9M TRADI\u00c7\u00c3O DE R\u00c9VEILLON TOP\"}]},{\"@type\":\"WebSite\",\"@id\":\"https:\/\/www.travel3.com.br\/site\/#website\",\"url\":\"https:\/\/www.travel3.com.br\/site\/\",\"name\":\"Travel3\",\"description\":\"Lazer + Neg&oacute;cios + Aventura\",\"publisher\":{\"@id\":\"https:\/\/www.travel3.com.br\/site\/#organization\"},\"potentialAction\":[{\"@type\":\"SearchAction\",\"target\":{\"@type\":\"EntryPoint\",\"urlTemplate\":\"https:\/\/www.travel3.com.br\/site\/?s={search_term_string}\"},\"query-input\":{\"@type\":\"PropertyValueSpecification\",\"valueRequired\":true,\"valueName\":\"search_term_string\"}}],\"inLanguage\":\"pt-BR\"},{\"@type\":\"Organization\",\"@id\":\"https:\/\/www.travel3.com.br\/site\/#organization\",\"name\":\"Travel3\",\"url\":\"https:\/\/www.travel3.com.br\/site\/\",\"logo\":{\"@type\":\"ImageObject\",\"inLanguage\":\"pt-BR\",\"@id\":\"https:\/\/www.travel3.com.br\/site\/#\/schema\/logo\/image\/\",\"url\":\"https:\/\/www.travel3.com.br\/site\/wp-content\/uploads\/2020\/01\/logo-travel3-2020.png\",\"contentUrl\":\"https:\/\/www.travel3.com.br\/site\/wp-content\/uploads\/2020\/01\/logo-travel3-2020.png\",\"width\":232,\"height\":79,\"caption\":\"Travel3\"},\"image\":{\"@id\":\"https:\/\/www.travel3.com.br\/site\/#\/schema\/logo\/image\/\"},\"sameAs\":[\"https:\/\/www.facebook.com\/travel3media\/\",\"https:\/\/www.instagram.com\/revistatravel3\/\",\"https:\/\/www.youtube.com\/channel\/UCno7J4paGBR3VbZQzvoJ9Eg\"]},{\"@type\":\"Person\",\"@id\":\"https:\/\/www.travel3.com.br\/site\/#\/schema\/person\/a69d71e41a024999b6ab82369ac0bd1e\",\"name\":\"admin\",\"image\":{\"@type\":\"ImageObject\",\"inLanguage\":\"pt-BR\",\"@id\":\"https:\/\/www.travel3.com.br\/site\/#\/schema\/person\/image\/\",\"url\":\"https:\/\/secure.gravatar.com\/avatar\/732a67adfd764da2a47ba10ce731c4c0?s=96&d=mm&r=g\",\"contentUrl\":\"https:\/\/secure.gravatar.com\/avatar\/732a67adfd764da2a47ba10ce731c4c0?s=96&d=mm&r=g\",\"caption\":\"admin\"},\"url\":\"https:\/\/www.travel3.com.br\/site\/author\/admin\/\"}]}<\/script>\n<!-- \/ Yoast SEO plugin. -->","yoast_head_json":{"title":"PORTO SEGURO PRAIA RESORT MANT\u00c9M TRADI\u00c7\u00c3O DE R\u00c9VEILLON TOP - Travel3","description":"A TRAVEL3 \u00e9 um portal de conte\u00fado voltado para o turismo, encontre destinos, viagens, hospedagem, passagens, guias, not\u00edcias sobre o mercado do turismo, dicas de viagem, v\u00eddeos e podcast.","robots":{"index":"index","follow":"follow","max-snippet":"max-snippet:-1","max-image-preview":"max-image-preview:large","max-video-preview":"max-video-preview:-1"},"canonical":"https:\/\/www.travel3.com.br\/site\/sem-categoria\/porto-seguro-praia-resort-mantem-tradicao-de-reveillon-top\/","og_locale":"pt_BR","og_type":"article","og_title":"PORTO SEGURO PRAIA RESORT MANT\u00c9M TRADI\u00c7\u00c3O DE R\u00c9VEILLON TOP - Travel3","og_description":"A TRAVEL3 \u00e9 um portal de conte\u00fado voltado para o turismo, encontre destinos, viagens, hospedagem, passagens, guias, not\u00edcias sobre o mercado do turismo, dicas de viagem, v\u00eddeos e podcast.","og_url":"https:\/\/www.travel3.com.br\/site\/sem-categoria\/porto-seguro-praia-resort-mantem-tradicao-de-reveillon-top\/","og_site_name":"Travel3","article_publisher":"https:\/\/www.facebook.com\/travel3media\/","article_published_time":"2017-09-05T05:44:03+00:00","article_modified_time":"2017-09-12T18:10:36+00:00","author":"admin","twitter_card":"summary_large_image","twitter_misc":{"Escrito por":"admin","Est. tempo de leitura":"1 minuto"},"schema":{"@context":"https:\/\/schema.org","@graph":[{"@type":"Article","@id":"https:\/\/www.travel3.com.br\/site\/sem-categoria\/porto-seguro-praia-resort-mantem-tradicao-de-reveillon-top\/#article","isPartOf":{"@id":"https:\/\/www.travel3.com.br\/site\/sem-categoria\/porto-seguro-praia-resort-mantem-tradicao-de-reveillon-top\/"},"author":{"name":"admin","@id":"https:\/\/www.travel3.com.br\/site\/#\/schema\/person\/a69d71e41a024999b6ab82369ac0bd1e"},"headline":"PORTO SEGURO PRAIA RESORT MANT\u00c9M TRADI\u00c7\u00c3O DE R\u00c9VEILLON TOP","datePublished":"2017-09-05T05:44:03+00:00","dateModified":"2017-09-12T18:10:36+00:00","mainEntityOfPage":{"@id":"https:\/\/www.travel3.com.br\/site\/sem-categoria\/porto-seguro-praia-resort-mantem-tradicao-de-reveillon-top\/"},"wordCount":271,"commentCount":0,"publisher":{"@id":"https:\/\/www.travel3.com.br\/site\/#organization"},"inLanguage":"pt-BR","potentialAction":[{"@type":"CommentAction","name":"Comment","target":["https:\/\/www.travel3.com.br\/site\/sem-categoria\/porto-seguro-praia-resort-mantem-tradicao-de-reveillon-top\/#respond"]}]},{"@type":"WebPage","@id":"https:\/\/www.travel3.com.br\/site\/sem-categoria\/porto-seguro-praia-resort-mantem-tradicao-de-reveillon-top\/","url":"https:\/\/www.travel3.com.br\/site\/sem-categoria\/porto-seguro-praia-resort-mantem-tradicao-de-reveillon-top\/","name":"PORTO SEGURO PRAIA RESORT MANT\u00c9M TRADI\u00c7\u00c3O DE R\u00c9VEILLON TOP - Travel3","isPartOf":{"@id":"https:\/\/www.travel3.com.br\/site\/#website"},"datePublished":"2017-09-05T05:44:03+00:00","dateModified":"2017-09-12T18:10:36+00:00","description":"A TRAVEL3 \u00e9 um portal de conte\u00fado voltado para o turismo, encontre destinos, viagens, hospedagem, passagens, guias, not\u00edcias sobre o mercado do turismo, dicas de viagem, v\u00eddeos e podcast.","breadcrumb":{"@id":"https:\/\/www.travel3.com.br\/site\/sem-categoria\/porto-seguro-praia-resort-mantem-tradicao-de-reveillon-top\/#breadcrumb"},"inLanguage":"pt-BR","potentialAction":[{"@type":"ReadAction","target":["https:\/\/www.travel3.com.br\/site\/sem-categoria\/porto-seguro-praia-resort-mantem-tradicao-de-reveillon-top\/"]}]},{"@type":"BreadcrumbList","@id":"https:\/\/www.travel3.com.br\/site\/sem-categoria\/porto-seguro-praia-resort-mantem-tradicao-de-reveillon-top\/#breadcrumb","itemListElement":[{"@type":"ListItem","position":1,"name":"In\u00edcio","item":"https:\/\/www.travel3.com.br\/site\/"},{"@type":"ListItem","position":2,"name":"PORTO SEGURO PRAIA RESORT MANT\u00c9M TRADI\u00c7\u00c3O DE R\u00c9VEILLON TOP"}]},{"@type":"WebSite","@id":"https:\/\/www.travel3.com.br\/site\/#website","url":"https:\/\/www.travel3.com.br\/site\/","name":"Travel3","description":"Lazer + Neg&oacute;cios + Aventura","publisher":{"@id":"https:\/\/www.travel3.com.br\/site\/#organization"},"potentialAction":[{"@type":"SearchAction","target":{"@type":"EntryPoint","urlTemplate":"https:\/\/www.travel3.com.br\/site\/?s={search_term_string}"},"query-input":{"@type":"PropertyValueSpecification","valueRequired":true,"valueName":"search_term_string"}}],"inLanguage":"pt-BR"},{"@type":"Organization","@id":"https:\/\/www.travel3.com.br\/site\/#organization","name":"Travel3","url":"https:\/\/www.travel3.com.br\/site\/","logo":{"@type":"ImageObject","inLanguage":"pt-BR","@id":"https:\/\/www.travel3.com.br\/site\/#\/schema\/logo\/image\/","url":"https:\/\/www.travel3.com.br\/site\/wp-content\/uploads\/2020\/01\/logo-travel3-2020.png","contentUrl":"https:\/\/www.travel3.com.br\/site\/wp-content\/uploads\/2020\/01\/logo-travel3-2020.png","width":232,"height":79,"caption":"Travel3"},"image":{"@id":"https:\/\/www.travel3.com.br\/site\/#\/schema\/logo\/image\/"},"sameAs":["https:\/\/www.facebook.com\/travel3media\/","https:\/\/www.instagram.com\/revistatravel3\/","https:\/\/www.youtube.com\/channel\/UCno7J4paGBR3VbZQzvoJ9Eg"]},{"@type":"Person","@id":"https:\/\/www.travel3.com.br\/site\/#\/schema\/person\/a69d71e41a024999b6ab82369ac0bd1e","name":"admin","image":{"@type":"ImageObject","inLanguage":"pt-BR","@id":"https:\/\/www.travel3.com.br\/site\/#\/schema\/person\/image\/","url":"https:\/\/secure.gravatar.com\/avatar\/732a67adfd764da2a47ba10ce731c4c0?s=96&d=mm&r=g","contentUrl":"https:\/\/secure.gravatar.com\/avatar\/732a67adfd764da2a47ba10ce731c4c0?s=96&d=mm&r=g","caption":"admin"},"url":"https:\/\/www.travel3.com.br\/site\/author\/admin\/"}]}},"_links":{"self":[{"href":"https:\/\/www.travel3.com.br\/site\/wp-json\/wp\/v2\/posts\/3042","targetHints":{"allow":["GET"]}}],"collection":[{"href":"https:\/\/www.travel3.com.br\/site\/wp-json\/wp\/v2\/posts"}],"about":[{"href":"https:\/\/www.travel3.com.br\/site\/wp-json\/wp\/v2\/types\/post"}],"author":[{"embeddable":true,"href":"https:\/\/www.travel3.com.br\/site\/wp-json\/wp\/v2\/users\/1"}],"replies":[{"embeddable":true,"href":"https:\/\/www.travel3.com.br\/site\/wp-json\/wp\/v2\/comments?post=3042"}],"version-history":[{"count":1,"href":"https:\/\/www.travel3.com.br\/site\/wp-json\/wp\/v2\/posts\/3042\/revisions"}],"predecessor-version":[{"id":3839,"href":"https:\/\/www.travel3.com.br\/site\/wp-json\/wp\/v2\/posts\/3042\/revisions\/3839"}],"wp:attachment":[{"href":"https:\/\/www.travel3.com.br\/site\/wp-json\/wp\/v2\/media?parent=3042"}],"wp:term":[{"taxonomy":"category","embeddable":true,"href":"https:\/\/www.travel3.com.br\/site\/wp-json\/wp\/v2\/categories?post=3042"},{"taxonomy":"post_tag","embeddable":true,"href":"https:\/\/www.travel3.com.br\/site\/wp-json\/wp\/v2\/tags?post=3042"}],"curies":[{"name":"wp","href":"https:\/\/api.w.org\/{rel}","templated":true}]}}