{"id":2988,"date":"2017-08-29T11:09:50","date_gmt":"2017-08-29T11:09:50","guid":{"rendered":"http:\/\/www.travel3.com.br\/site\/ir-e-vir\/ar\/grand-hyatt-sao-paulo-convida-hospede-para-celebrar-o-verao\/"},"modified":"2017-09-12T18:09:31","modified_gmt":"2017-09-12T18:09:31","slug":"grand-hyatt-sao-paulo-convida-hospede-para-celebrar-o-verao","status":"publish","type":"post","link":"https:\/\/www.travel3.com.br\/site\/sem-categoria\/grand-hyatt-sao-paulo-convida-hospede-para-celebrar-o-verao\/","title":{"rendered":"GRAND HYATT S\u00c3O PAULO CONVIDA H\u00d3SPEDE PARA CELEBRAR O VER\u00c3O"},"content":{"rendered":"<p><span style=\"color: #40acad; font-family: -apple-system, system-ui, 'Segoe UI', Roboto, Oxygen-Sans, Ubuntu, Cantarell, 'Helvetica Neue', sans-serif; font-size: 12px; font-weight: bold;\"><\/p>\n<p style=\"text-align:justify\">O Grand Hyatt S\u00e3o Paulo lan\u00e7ou 2 pacotes para o turista curtir o ver\u00e3o com muito conforto, cercado de uma excelente infraestrutura.<\/p>\n<p style=\"text-align:justify\">O hotel \u00e9 conhecido por ter a maior piscina entre os 5 estrelas da cidade. Al\u00e9m dela, tem uma piscina interna, climatizada e sauna seca.\u00a0<\/p>\n<p style=\"text-align:justify\">O h\u00f3spede que optar pelo pacote Summer ter\u00e1 direito a curtir uma s\u00e9rie de programa\u00e7\u00f5es culturais, em cartaz, na cidade.<\/p>\n<p style=\"text-align:justify\">O pacote inclui caf\u00e9 da manh\u00e3 no restaurante C-Cultura Caseira + kit Chandon Passion, acompanhado de 2 ta\u00e7as e 1\u00a0garrafa de espumante, para brindar a esta\u00e7\u00e3o \u00e0 beira da piscina.<\/p>\n<p style=\"text-align:justify\">J\u00e1 o pacote Summer Premium, al\u00e9m dos benef\u00edcios oferecidos na vers\u00e3o Summer, oferece hospedagem em Grand Suite, acesso ao Club Lounge + bebidas n\u00e3o alco\u00f3licas e aperitivos ao longo do dia + a partir das 18h, coquetel com exclusivos pratos quentes e frios +\u00a0kit Veuve Clicquot, com champagne ros\u00e9 e balde dobr\u00e1vel.<\/p>\n<p style=\"text-align:justify\">Quem quiser pode acrescentar ao pacote o tradicional brunch de domingo com churrasco, Family Barbecue Brunch, que acontece no restaurante C-Cultura Caseira, com um desconto especial. O Pacote Summer e Pacote Summer Premium est\u00e3o dispon\u00edveis at\u00e9 o final da esta\u00e7\u00e3o.<\/p>\n<p style=\"text-align:justify\"><strong>Pacote Summer =\u00a0<\/strong>Hospedagem para 2 pessoas em apartamento Grand Room +\u00a0Caf\u00e9 da manh\u00e3 servido no Restaurante C-Cultura Caseira +\u00a0Kit Chandon Passion (2 ta\u00e7as exclusivas e 1 garrafa de Chandon Passion) +\u00a0Desconto no Family Barbecue Brunch no Restaurante C-Cultura Caseira +\u00a0Late checkout at\u00e9 \u00e0s 15h <strong>\u00a0=\u00a0a partir de R$498,00 + taxas.<\/strong><\/p>\n<p style=\"text-align:justify\"><strong>Saiba mais = <a href=\"http:\/\/www.pacoteshyatt.com.br\/vale-presente\/fim-semana-paulistano1\/\">www.pacoteshyatt.com.br\/vale-presente\/fim-semana-paulistano1\/<\/a><\/strong><\/p>\n<p style=\"text-align:justify\"><strong>Pacote Summer Premium =<\/strong>\u00a0Hospedagem para 2 pessoas em apartamento Grand Su\u00edte +\u00a0Caf\u00e9 da manh\u00e3 servido no Club Lounge +\u00a0Acesso ao Club Lounge (com bebidas n\u00e3o alco\u00f3licas e aperitivos ao longo do dia e, a partir das 18h, coquetel com exclusivos pratos quentes e frios) +\u00a0Kit Veuve Clicquot Ros\u00e9 (1 garrafa e um exclusivo brinde &#8211; balde Click Up ) +\u00a0Desconto no Family Barbecue Brunch no Restaurante C-Cultura Caseira +\u00a0Late checkout at\u00e9 \u00e0s 15h <strong>= a partir de R$933 + taxas.<\/strong><\/p>\n<p style=\"text-align:justify\"><strong>Saiba mais = <a href=\"http:\/\/www.pacoteshyatt.com.br\/vale-presente\/pacote-summer-premium\/\">www.pacoteshyatt.com.br\/vale-presente\/pacote-summer-premium\/<\/a><\/strong><\/p>\n<p><\/span><\/p>\n","protected":false},"excerpt":{"rendered":"<p>Hotel oferece op\u00e7\u00f5es como op\u00e7\u00f5es os pacotes Summer + Summer Premium, com uma s\u00e9rie de vantagens e servi\u00e7os para a esta\u00e7\u00e3o<\/p>\n","protected":false},"author":1,"featured_media":0,"comment_status":"open","ping_status":"open","sticky":false,"template":"","format":"standard","meta":{"footnotes":""},"categories":[],"tags":[],"class_list":["post-2988","post","type-post","status-publish","format-standard","hentry"],"yoast_head":"<!-- This site is optimized with the Yoast SEO plugin v26.2 - https:\/\/yoast.com\/wordpress\/plugins\/seo\/ -->\n<title>GRAND HYATT S\u00c3O PAULO CONVIDA H\u00d3SPEDE PARA CELEBRAR O VER\u00c3O - Travel3<\/title>\n<meta name=\"description\" content=\"A TRAVEL3 \u00e9 um portal de conte\u00fado voltado para o turismo, encontre destinos, viagens, hospedagem, passagens, guias, not\u00edcias sobre o mercado do turismo, dicas de viagem, v\u00eddeos e podcast.\" \/>\n<meta name=\"robots\" content=\"index, follow, max-snippet:-1, max-image-preview:large, max-video-preview:-1\" \/>\n<link rel=\"canonical\" href=\"https:\/\/www.travel3.com.br\/site\/sem-categoria\/grand-hyatt-sao-paulo-convida-hospede-para-celebrar-o-verao\/\" \/>\n<meta property=\"og:locale\" content=\"pt_BR\" \/>\n<meta property=\"og:type\" content=\"article\" \/>\n<meta property=\"og:title\" content=\"GRAND HYATT S\u00c3O PAULO CONVIDA H\u00d3SPEDE PARA CELEBRAR O VER\u00c3O - Travel3\" \/>\n<meta property=\"og:description\" content=\"A TRAVEL3 \u00e9 um portal de conte\u00fado voltado para o turismo, encontre destinos, viagens, hospedagem, passagens, guias, not\u00edcias sobre o mercado do turismo, dicas de viagem, v\u00eddeos e podcast.\" \/>\n<meta property=\"og:url\" content=\"https:\/\/www.travel3.com.br\/site\/sem-categoria\/grand-hyatt-sao-paulo-convida-hospede-para-celebrar-o-verao\/\" \/>\n<meta property=\"og:site_name\" content=\"Travel3\" \/>\n<meta property=\"article:publisher\" content=\"https:\/\/www.facebook.com\/travel3media\/\" \/>\n<meta property=\"article:published_time\" content=\"2017-08-29T11:09:50+00:00\" \/>\n<meta property=\"article:modified_time\" content=\"2017-09-12T18:09:31+00:00\" \/>\n<meta name=\"author\" content=\"admin\" \/>\n<meta name=\"twitter:card\" content=\"summary_large_image\" \/>\n<meta name=\"twitter:label1\" content=\"Escrito por\" \/>\n\t<meta name=\"twitter:data1\" content=\"admin\" \/>\n\t<meta name=\"twitter:label2\" content=\"Est. tempo de leitura\" \/>\n\t<meta name=\"twitter:data2\" content=\"2 minutos\" \/>\n<script type=\"application\/ld+json\" class=\"yoast-schema-graph\">{\"@context\":\"https:\/\/schema.org\",\"@graph\":[{\"@type\":\"Article\",\"@id\":\"https:\/\/www.travel3.com.br\/site\/sem-categoria\/grand-hyatt-sao-paulo-convida-hospede-para-celebrar-o-verao\/#article\",\"isPartOf\":{\"@id\":\"https:\/\/www.travel3.com.br\/site\/sem-categoria\/grand-hyatt-sao-paulo-convida-hospede-para-celebrar-o-verao\/\"},\"author\":{\"name\":\"admin\",\"@id\":\"https:\/\/www.travel3.com.br\/site\/#\/schema\/person\/a69d71e41a024999b6ab82369ac0bd1e\"},\"headline\":\"GRAND HYATT S\u00c3O PAULO CONVIDA H\u00d3SPEDE PARA CELEBRAR O VER\u00c3O\",\"datePublished\":\"2017-08-29T11:09:50+00:00\",\"dateModified\":\"2017-09-12T18:09:31+00:00\",\"mainEntityOfPage\":{\"@id\":\"https:\/\/www.travel3.com.br\/site\/sem-categoria\/grand-hyatt-sao-paulo-convida-hospede-para-celebrar-o-verao\/\"},\"wordCount\":353,\"commentCount\":0,\"publisher\":{\"@id\":\"https:\/\/www.travel3.com.br\/site\/#organization\"},\"inLanguage\":\"pt-BR\",\"potentialAction\":[{\"@type\":\"CommentAction\",\"name\":\"Comment\",\"target\":[\"https:\/\/www.travel3.com.br\/site\/sem-categoria\/grand-hyatt-sao-paulo-convida-hospede-para-celebrar-o-verao\/#respond\"]}]},{\"@type\":\"WebPage\",\"@id\":\"https:\/\/www.travel3.com.br\/site\/sem-categoria\/grand-hyatt-sao-paulo-convida-hospede-para-celebrar-o-verao\/\",\"url\":\"https:\/\/www.travel3.com.br\/site\/sem-categoria\/grand-hyatt-sao-paulo-convida-hospede-para-celebrar-o-verao\/\",\"name\":\"GRAND HYATT S\u00c3O PAULO CONVIDA H\u00d3SPEDE PARA CELEBRAR O VER\u00c3O - Travel3\",\"isPartOf\":{\"@id\":\"https:\/\/www.travel3.com.br\/site\/#website\"},\"datePublished\":\"2017-08-29T11:09:50+00:00\",\"dateModified\":\"2017-09-12T18:09:31+00:00\",\"description\":\"A TRAVEL3 \u00e9 um portal de conte\u00fado voltado para o turismo, encontre destinos, viagens, hospedagem, passagens, guias, not\u00edcias sobre o mercado do turismo, dicas de viagem, v\u00eddeos e podcast.\",\"breadcrumb\":{\"@id\":\"https:\/\/www.travel3.com.br\/site\/sem-categoria\/grand-hyatt-sao-paulo-convida-hospede-para-celebrar-o-verao\/#breadcrumb\"},\"inLanguage\":\"pt-BR\",\"potentialAction\":[{\"@type\":\"ReadAction\",\"target\":[\"https:\/\/www.travel3.com.br\/site\/sem-categoria\/grand-hyatt-sao-paulo-convida-hospede-para-celebrar-o-verao\/\"]}]},{\"@type\":\"BreadcrumbList\",\"@id\":\"https:\/\/www.travel3.com.br\/site\/sem-categoria\/grand-hyatt-sao-paulo-convida-hospede-para-celebrar-o-verao\/#breadcrumb\",\"itemListElement\":[{\"@type\":\"ListItem\",\"position\":1,\"name\":\"In\u00edcio\",\"item\":\"https:\/\/www.travel3.com.br\/site\/\"},{\"@type\":\"ListItem\",\"position\":2,\"name\":\"GRAND HYATT S\u00c3O PAULO CONVIDA H\u00d3SPEDE PARA CELEBRAR O VER\u00c3O\"}]},{\"@type\":\"WebSite\",\"@id\":\"https:\/\/www.travel3.com.br\/site\/#website\",\"url\":\"https:\/\/www.travel3.com.br\/site\/\",\"name\":\"Travel3\",\"description\":\"Lazer + Neg&oacute;cios + Aventura\",\"publisher\":{\"@id\":\"https:\/\/www.travel3.com.br\/site\/#organization\"},\"potentialAction\":[{\"@type\":\"SearchAction\",\"target\":{\"@type\":\"EntryPoint\",\"urlTemplate\":\"https:\/\/www.travel3.com.br\/site\/?s={search_term_string}\"},\"query-input\":{\"@type\":\"PropertyValueSpecification\",\"valueRequired\":true,\"valueName\":\"search_term_string\"}}],\"inLanguage\":\"pt-BR\"},{\"@type\":\"Organization\",\"@id\":\"https:\/\/www.travel3.com.br\/site\/#organization\",\"name\":\"Travel3\",\"url\":\"https:\/\/www.travel3.com.br\/site\/\",\"logo\":{\"@type\":\"ImageObject\",\"inLanguage\":\"pt-BR\",\"@id\":\"https:\/\/www.travel3.com.br\/site\/#\/schema\/logo\/image\/\",\"url\":\"https:\/\/www.travel3.com.br\/site\/wp-content\/uploads\/2020\/01\/logo-travel3-2020.png\",\"contentUrl\":\"https:\/\/www.travel3.com.br\/site\/wp-content\/uploads\/2020\/01\/logo-travel3-2020.png\",\"width\":232,\"height\":79,\"caption\":\"Travel3\"},\"image\":{\"@id\":\"https:\/\/www.travel3.com.br\/site\/#\/schema\/logo\/image\/\"},\"sameAs\":[\"https:\/\/www.facebook.com\/travel3media\/\",\"https:\/\/www.instagram.com\/revistatravel3\/\",\"https:\/\/www.youtube.com\/channel\/UCno7J4paGBR3VbZQzvoJ9Eg\"]},{\"@type\":\"Person\",\"@id\":\"https:\/\/www.travel3.com.br\/site\/#\/schema\/person\/a69d71e41a024999b6ab82369ac0bd1e\",\"name\":\"admin\",\"image\":{\"@type\":\"ImageObject\",\"inLanguage\":\"pt-BR\",\"@id\":\"https:\/\/www.travel3.com.br\/site\/#\/schema\/person\/image\/\",\"url\":\"https:\/\/secure.gravatar.com\/avatar\/732a67adfd764da2a47ba10ce731c4c0?s=96&d=mm&r=g\",\"contentUrl\":\"https:\/\/secure.gravatar.com\/avatar\/732a67adfd764da2a47ba10ce731c4c0?s=96&d=mm&r=g\",\"caption\":\"admin\"},\"url\":\"https:\/\/www.travel3.com.br\/site\/author\/admin\/\"}]}<\/script>\n<!-- \/ Yoast SEO plugin. -->","yoast_head_json":{"title":"GRAND HYATT S\u00c3O PAULO CONVIDA H\u00d3SPEDE PARA CELEBRAR O VER\u00c3O - Travel3","description":"A TRAVEL3 \u00e9 um portal de conte\u00fado voltado para o turismo, encontre destinos, viagens, hospedagem, passagens, guias, not\u00edcias sobre o mercado do turismo, dicas de viagem, v\u00eddeos e podcast.","robots":{"index":"index","follow":"follow","max-snippet":"max-snippet:-1","max-image-preview":"max-image-preview:large","max-video-preview":"max-video-preview:-1"},"canonical":"https:\/\/www.travel3.com.br\/site\/sem-categoria\/grand-hyatt-sao-paulo-convida-hospede-para-celebrar-o-verao\/","og_locale":"pt_BR","og_type":"article","og_title":"GRAND HYATT S\u00c3O PAULO CONVIDA H\u00d3SPEDE PARA CELEBRAR O VER\u00c3O - Travel3","og_description":"A TRAVEL3 \u00e9 um portal de conte\u00fado voltado para o turismo, encontre destinos, viagens, hospedagem, passagens, guias, not\u00edcias sobre o mercado do turismo, dicas de viagem, v\u00eddeos e podcast.","og_url":"https:\/\/www.travel3.com.br\/site\/sem-categoria\/grand-hyatt-sao-paulo-convida-hospede-para-celebrar-o-verao\/","og_site_name":"Travel3","article_publisher":"https:\/\/www.facebook.com\/travel3media\/","article_published_time":"2017-08-29T11:09:50+00:00","article_modified_time":"2017-09-12T18:09:31+00:00","author":"admin","twitter_card":"summary_large_image","twitter_misc":{"Escrito por":"admin","Est. tempo de leitura":"2 minutos"},"schema":{"@context":"https:\/\/schema.org","@graph":[{"@type":"Article","@id":"https:\/\/www.travel3.com.br\/site\/sem-categoria\/grand-hyatt-sao-paulo-convida-hospede-para-celebrar-o-verao\/#article","isPartOf":{"@id":"https:\/\/www.travel3.com.br\/site\/sem-categoria\/grand-hyatt-sao-paulo-convida-hospede-para-celebrar-o-verao\/"},"author":{"name":"admin","@id":"https:\/\/www.travel3.com.br\/site\/#\/schema\/person\/a69d71e41a024999b6ab82369ac0bd1e"},"headline":"GRAND HYATT S\u00c3O PAULO CONVIDA H\u00d3SPEDE PARA CELEBRAR O VER\u00c3O","datePublished":"2017-08-29T11:09:50+00:00","dateModified":"2017-09-12T18:09:31+00:00","mainEntityOfPage":{"@id":"https:\/\/www.travel3.com.br\/site\/sem-categoria\/grand-hyatt-sao-paulo-convida-hospede-para-celebrar-o-verao\/"},"wordCount":353,"commentCount":0,"publisher":{"@id":"https:\/\/www.travel3.com.br\/site\/#organization"},"inLanguage":"pt-BR","potentialAction":[{"@type":"CommentAction","name":"Comment","target":["https:\/\/www.travel3.com.br\/site\/sem-categoria\/grand-hyatt-sao-paulo-convida-hospede-para-celebrar-o-verao\/#respond"]}]},{"@type":"WebPage","@id":"https:\/\/www.travel3.com.br\/site\/sem-categoria\/grand-hyatt-sao-paulo-convida-hospede-para-celebrar-o-verao\/","url":"https:\/\/www.travel3.com.br\/site\/sem-categoria\/grand-hyatt-sao-paulo-convida-hospede-para-celebrar-o-verao\/","name":"GRAND HYATT S\u00c3O PAULO CONVIDA H\u00d3SPEDE PARA CELEBRAR O VER\u00c3O - Travel3","isPartOf":{"@id":"https:\/\/www.travel3.com.br\/site\/#website"},"datePublished":"2017-08-29T11:09:50+00:00","dateModified":"2017-09-12T18:09:31+00:00","description":"A TRAVEL3 \u00e9 um portal de conte\u00fado voltado para o turismo, encontre destinos, viagens, hospedagem, passagens, guias, not\u00edcias sobre o mercado do turismo, dicas de viagem, v\u00eddeos e podcast.","breadcrumb":{"@id":"https:\/\/www.travel3.com.br\/site\/sem-categoria\/grand-hyatt-sao-paulo-convida-hospede-para-celebrar-o-verao\/#breadcrumb"},"inLanguage":"pt-BR","potentialAction":[{"@type":"ReadAction","target":["https:\/\/www.travel3.com.br\/site\/sem-categoria\/grand-hyatt-sao-paulo-convida-hospede-para-celebrar-o-verao\/"]}]},{"@type":"BreadcrumbList","@id":"https:\/\/www.travel3.com.br\/site\/sem-categoria\/grand-hyatt-sao-paulo-convida-hospede-para-celebrar-o-verao\/#breadcrumb","itemListElement":[{"@type":"ListItem","position":1,"name":"In\u00edcio","item":"https:\/\/www.travel3.com.br\/site\/"},{"@type":"ListItem","position":2,"name":"GRAND HYATT S\u00c3O PAULO CONVIDA H\u00d3SPEDE PARA CELEBRAR O VER\u00c3O"}]},{"@type":"WebSite","@id":"https:\/\/www.travel3.com.br\/site\/#website","url":"https:\/\/www.travel3.com.br\/site\/","name":"Travel3","description":"Lazer + Neg&oacute;cios + Aventura","publisher":{"@id":"https:\/\/www.travel3.com.br\/site\/#organization"},"potentialAction":[{"@type":"SearchAction","target":{"@type":"EntryPoint","urlTemplate":"https:\/\/www.travel3.com.br\/site\/?s={search_term_string}"},"query-input":{"@type":"PropertyValueSpecification","valueRequired":true,"valueName":"search_term_string"}}],"inLanguage":"pt-BR"},{"@type":"Organization","@id":"https:\/\/www.travel3.com.br\/site\/#organization","name":"Travel3","url":"https:\/\/www.travel3.com.br\/site\/","logo":{"@type":"ImageObject","inLanguage":"pt-BR","@id":"https:\/\/www.travel3.com.br\/site\/#\/schema\/logo\/image\/","url":"https:\/\/www.travel3.com.br\/site\/wp-content\/uploads\/2020\/01\/logo-travel3-2020.png","contentUrl":"https:\/\/www.travel3.com.br\/site\/wp-content\/uploads\/2020\/01\/logo-travel3-2020.png","width":232,"height":79,"caption":"Travel3"},"image":{"@id":"https:\/\/www.travel3.com.br\/site\/#\/schema\/logo\/image\/"},"sameAs":["https:\/\/www.facebook.com\/travel3media\/","https:\/\/www.instagram.com\/revistatravel3\/","https:\/\/www.youtube.com\/channel\/UCno7J4paGBR3VbZQzvoJ9Eg"]},{"@type":"Person","@id":"https:\/\/www.travel3.com.br\/site\/#\/schema\/person\/a69d71e41a024999b6ab82369ac0bd1e","name":"admin","image":{"@type":"ImageObject","inLanguage":"pt-BR","@id":"https:\/\/www.travel3.com.br\/site\/#\/schema\/person\/image\/","url":"https:\/\/secure.gravatar.com\/avatar\/732a67adfd764da2a47ba10ce731c4c0?s=96&d=mm&r=g","contentUrl":"https:\/\/secure.gravatar.com\/avatar\/732a67adfd764da2a47ba10ce731c4c0?s=96&d=mm&r=g","caption":"admin"},"url":"https:\/\/www.travel3.com.br\/site\/author\/admin\/"}]}},"_links":{"self":[{"href":"https:\/\/www.travel3.com.br\/site\/wp-json\/wp\/v2\/posts\/2988","targetHints":{"allow":["GET"]}}],"collection":[{"href":"https:\/\/www.travel3.com.br\/site\/wp-json\/wp\/v2\/posts"}],"about":[{"href":"https:\/\/www.travel3.com.br\/site\/wp-json\/wp\/v2\/types\/post"}],"author":[{"embeddable":true,"href":"https:\/\/www.travel3.com.br\/site\/wp-json\/wp\/v2\/users\/1"}],"replies":[{"embeddable":true,"href":"https:\/\/www.travel3.com.br\/site\/wp-json\/wp\/v2\/comments?post=2988"}],"version-history":[{"count":1,"href":"https:\/\/www.travel3.com.br\/site\/wp-json\/wp\/v2\/posts\/2988\/revisions"}],"predecessor-version":[{"id":3785,"href":"https:\/\/www.travel3.com.br\/site\/wp-json\/wp\/v2\/posts\/2988\/revisions\/3785"}],"wp:attachment":[{"href":"https:\/\/www.travel3.com.br\/site\/wp-json\/wp\/v2\/media?parent=2988"}],"wp:term":[{"taxonomy":"category","embeddable":true,"href":"https:\/\/www.travel3.com.br\/site\/wp-json\/wp\/v2\/categories?post=2988"},{"taxonomy":"post_tag","embeddable":true,"href":"https:\/\/www.travel3.com.br\/site\/wp-json\/wp\/v2\/tags?post=2988"}],"curies":[{"name":"wp","href":"https:\/\/api.w.org\/{rel}","templated":true}]}}