{"id":2985,"date":"2017-09-05T17:54:05","date_gmt":"2017-09-05T17:54:05","guid":{"rendered":"http:\/\/www.travel3.com.br\/site\/ir-e-vir\/ar\/na-escolha-dos-melhores-da-fifa-surpresa-foi-o-treinador\/"},"modified":"2017-09-12T18:09:28","modified_gmt":"2017-09-12T18:09:28","slug":"na-escolha-dos-melhores-da-fifa-surpresa-foi-o-treinador","status":"publish","type":"post","link":"https:\/\/www.travel3.com.br\/site\/sem-categoria\/na-escolha-dos-melhores-da-fifa-surpresa-foi-o-treinador\/","title":{"rendered":"NA ESCOLHA DOS MELHORES DA FIFA, SURPRESA FOI O TREINADOR"},"content":{"rendered":"<p><span style=\"color: #40acad; font-family: -apple-system, system-ui, 'Segoe UI', Roboto, Oxygen-Sans, Ubuntu, Cantarell, 'Helvetica Neue', sans-serif; font-size: 12px; font-weight: bold;\"><\/p>\n<p style=\"text-align:justify\">A sele\u00e7\u00e3o anunciada da\u00a0 Fifa, com os onze melhores jogadores do ano passado teve o goleiro Manuel \u00a0Neuer; Dani Alves, Gerard Piqu\u00e9,\u00a0Sergio Ramos, Marcelo;\u00a0 Modric, Toni Kroos,\u00a0Andres Iniesta; Lionel Messi, Luis Suarez e Cristiano Ronaldo. Um time praticamente com presen\u00e7a maci\u00e7a de jogadors que atuam no futebol espanhol.<\/p>\n<p style=\"text-align:justify\">O craque portugu\u00eas era dono da maior expectativa se confirmaria a favorit\u00edssima escolha em um ano onde conquistou tudo que foi poss\u00edvel, e n\u00e3o deu outra. Foi escolhido pela quarta vez como o craque do ano, e festejou acompanhado pela namorada, a modelo espanhola Georgina Rodriguez, da m\u00e3e Dolores Aveiro e das irm\u00e3s Katia e Elma, tamb\u00e9m com\u00a0 o filho Cristiano Ronaldo Junior.<\/p>\n<p style=\"text-align:justify\"><a class=\"fancybox-media\" href=\"..\/_uploads\/_noticia\/2017-01\/cristianoronaldocomnamoradageorginaefilho.jpg\" rel=\"portfolio\"><img decoding=\"async\" alt=\"\" src=\"..\/_uploads\/_noticia\/2017-01\/cristianoronaldocomnamoradageorginaefilho.jpg\" \/><\/a>\u00a0<\/p>\n<p style=\"text-align:justify\">Ali\u00e1s, Cristianinho, de seis anos, tamb\u00e9m esteve ao lado do pai \u00a0que comemorou o melhor ano de sua carreira, na passarela vermelha juntamente com a espanhola que parece ter conquistado o cora\u00e7\u00e3o do CR7.<\/p>\n<p style=\"text-align:justify\"><a class=\"fancybox-media\" href=\"..\/_uploads\/_noticia\/2017-01\/fifapremioclaudioranieri.jpg\" rel=\"portfolio\"><img decoding=\"async\" alt=\"\" src=\"..\/_uploads\/_noticia\/2017-01\/fifapremioclaudioranieri.jpg\" \/><\/a><\/p>\n<p style=\"text-align:justify\">Na noite de gala da Fifa, quem tamb\u00e9m brilhou foi o treinador Claudio Ranieri, respons\u00e1vel direto pela ascens\u00e3o do time do Leicester ao titulo de campe\u00e3o da Liga Inglesa. Ele superou Fernando Santos \u2013 que venceu a Eurocopa com a sele\u00e7\u00e3o portuguesa \u2013 e Zinedine Zidane, que teve seguidas conquistas com o Real Madrid, inclusive igualando recordes de invencibilidade em seu primeiro ano como treinador<\/p>\n<p style=\"text-align:justify\">Nem Marlone nem Marta. Em pr\u00eamios onde brasileiros estavam concorrendo, o de melhor jogadora foi para \u00a0Carli Lloyd, enquanto o premio Puskas do gol mais bonito ficou para \u00a0Mohd Faiz Subri.<\/p>\n<p style=\"text-align:justify\">Quem festejou o Pr\u00e9mio Carreira\u00a0 foi Falc\u00e3o, jogador brasileiro de futsal e a premia\u00e7\u00e3o Fairplay teve uma das mais aplaudidas entregas, foi para o Club Atletico Nacional, de Medellin, por todo o sem envolvimento e atua\u00e7\u00e3o na trag\u00e9dia da Chapecoense.<\/p>\n<p style=\"text-align:justify\"><a class=\"fancybox-media\" href=\"..\/_uploads\/_noticia\/2017-01\/fifapremiofairplayatleticonacionalentregueporpuyol.jpg\" rel=\"portfolio\"><img decoding=\"async\" alt=\"\" src=\"..\/_uploads\/_noticia\/2017-01\/fifapremiofairplayatleticonacionalentregueporpuyol.jpg\" \/><\/a><\/p>\n<p style=\"text-align:justify\">\u00a0<\/p>\n<p>\u00a0<\/p>\n<p>\u00a0<\/p>\n<p>\u00a0<\/p>\n<p>\u00a0<\/p>\n<p>\u00a0<\/p>\n<p>\u00a0<\/p>\n<p>\u00a0<\/p>\n<p>\u00a0<\/p>\n<p><\/span><\/p>\n","protected":false},"excerpt":{"rendered":"<p>Do Brasil, Falc\u00e3o entrou na premia\u00e7\u00e3o pela carreira e dois zagueiros est\u00e3o  na sele\u00e7\u00e3o dos premiados anunciados hoje \u00e0 tarde em Zurich<\/p>\n","protected":false},"author":1,"featured_media":0,"comment_status":"open","ping_status":"open","sticky":false,"template":"","format":"standard","meta":{"footnotes":""},"categories":[],"tags":[],"class_list":["post-2985","post","type-post","status-publish","format-standard","hentry"],"yoast_head":"<!-- This site is optimized with the Yoast SEO plugin v26.2 - https:\/\/yoast.com\/wordpress\/plugins\/seo\/ -->\n<title>NA ESCOLHA DOS MELHORES DA FIFA, SURPRESA FOI O TREINADOR - Travel3<\/title>\n<meta name=\"description\" content=\"A TRAVEL3 \u00e9 um portal de conte\u00fado voltado para o turismo, encontre destinos, viagens, hospedagem, passagens, guias, not\u00edcias sobre o mercado do turismo, dicas de viagem, v\u00eddeos e podcast.\" \/>\n<meta name=\"robots\" content=\"index, follow, max-snippet:-1, max-image-preview:large, max-video-preview:-1\" \/>\n<link rel=\"canonical\" href=\"https:\/\/www.travel3.com.br\/site\/sem-categoria\/na-escolha-dos-melhores-da-fifa-surpresa-foi-o-treinador\/\" \/>\n<meta property=\"og:locale\" content=\"pt_BR\" \/>\n<meta property=\"og:type\" content=\"article\" \/>\n<meta property=\"og:title\" content=\"NA ESCOLHA DOS MELHORES DA FIFA, SURPRESA FOI O TREINADOR - Travel3\" \/>\n<meta property=\"og:description\" content=\"A TRAVEL3 \u00e9 um portal de conte\u00fado voltado para o turismo, encontre destinos, viagens, hospedagem, passagens, guias, not\u00edcias sobre o mercado do turismo, dicas de viagem, v\u00eddeos e podcast.\" \/>\n<meta property=\"og:url\" content=\"https:\/\/www.travel3.com.br\/site\/sem-categoria\/na-escolha-dos-melhores-da-fifa-surpresa-foi-o-treinador\/\" \/>\n<meta property=\"og:site_name\" content=\"Travel3\" \/>\n<meta property=\"article:publisher\" content=\"https:\/\/www.facebook.com\/travel3media\/\" \/>\n<meta property=\"article:published_time\" content=\"2017-09-05T17:54:05+00:00\" \/>\n<meta property=\"article:modified_time\" content=\"2017-09-12T18:09:28+00:00\" \/>\n<meta name=\"author\" content=\"admin\" \/>\n<meta name=\"twitter:card\" content=\"summary_large_image\" \/>\n<meta name=\"twitter:label1\" content=\"Escrito por\" \/>\n\t<meta name=\"twitter:data1\" content=\"admin\" \/>\n\t<meta name=\"twitter:label2\" content=\"Est. tempo de leitura\" \/>\n\t<meta name=\"twitter:data2\" content=\"2 minutos\" \/>\n<script type=\"application\/ld+json\" class=\"yoast-schema-graph\">{\"@context\":\"https:\/\/schema.org\",\"@graph\":[{\"@type\":\"Article\",\"@id\":\"https:\/\/www.travel3.com.br\/site\/sem-categoria\/na-escolha-dos-melhores-da-fifa-surpresa-foi-o-treinador\/#article\",\"isPartOf\":{\"@id\":\"https:\/\/www.travel3.com.br\/site\/sem-categoria\/na-escolha-dos-melhores-da-fifa-surpresa-foi-o-treinador\/\"},\"author\":{\"name\":\"admin\",\"@id\":\"https:\/\/www.travel3.com.br\/site\/#\/schema\/person\/a69d71e41a024999b6ab82369ac0bd1e\"},\"headline\":\"NA ESCOLHA DOS MELHORES DA FIFA, SURPRESA FOI O TREINADOR\",\"datePublished\":\"2017-09-05T17:54:05+00:00\",\"dateModified\":\"2017-09-12T18:09:28+00:00\",\"mainEntityOfPage\":{\"@id\":\"https:\/\/www.travel3.com.br\/site\/sem-categoria\/na-escolha-dos-melhores-da-fifa-surpresa-foi-o-treinador\/\"},\"wordCount\":315,\"commentCount\":0,\"publisher\":{\"@id\":\"https:\/\/www.travel3.com.br\/site\/#organization\"},\"inLanguage\":\"pt-BR\",\"potentialAction\":[{\"@type\":\"CommentAction\",\"name\":\"Comment\",\"target\":[\"https:\/\/www.travel3.com.br\/site\/sem-categoria\/na-escolha-dos-melhores-da-fifa-surpresa-foi-o-treinador\/#respond\"]}]},{\"@type\":\"WebPage\",\"@id\":\"https:\/\/www.travel3.com.br\/site\/sem-categoria\/na-escolha-dos-melhores-da-fifa-surpresa-foi-o-treinador\/\",\"url\":\"https:\/\/www.travel3.com.br\/site\/sem-categoria\/na-escolha-dos-melhores-da-fifa-surpresa-foi-o-treinador\/\",\"name\":\"NA ESCOLHA DOS MELHORES DA FIFA, SURPRESA FOI O TREINADOR - Travel3\",\"isPartOf\":{\"@id\":\"https:\/\/www.travel3.com.br\/site\/#website\"},\"datePublished\":\"2017-09-05T17:54:05+00:00\",\"dateModified\":\"2017-09-12T18:09:28+00:00\",\"description\":\"A TRAVEL3 \u00e9 um portal de conte\u00fado voltado para o turismo, encontre destinos, viagens, hospedagem, passagens, guias, not\u00edcias sobre o mercado do turismo, dicas de viagem, v\u00eddeos e podcast.\",\"breadcrumb\":{\"@id\":\"https:\/\/www.travel3.com.br\/site\/sem-categoria\/na-escolha-dos-melhores-da-fifa-surpresa-foi-o-treinador\/#breadcrumb\"},\"inLanguage\":\"pt-BR\",\"potentialAction\":[{\"@type\":\"ReadAction\",\"target\":[\"https:\/\/www.travel3.com.br\/site\/sem-categoria\/na-escolha-dos-melhores-da-fifa-surpresa-foi-o-treinador\/\"]}]},{\"@type\":\"BreadcrumbList\",\"@id\":\"https:\/\/www.travel3.com.br\/site\/sem-categoria\/na-escolha-dos-melhores-da-fifa-surpresa-foi-o-treinador\/#breadcrumb\",\"itemListElement\":[{\"@type\":\"ListItem\",\"position\":1,\"name\":\"In\u00edcio\",\"item\":\"https:\/\/www.travel3.com.br\/site\/\"},{\"@type\":\"ListItem\",\"position\":2,\"name\":\"NA ESCOLHA DOS MELHORES DA FIFA, SURPRESA FOI O TREINADOR\"}]},{\"@type\":\"WebSite\",\"@id\":\"https:\/\/www.travel3.com.br\/site\/#website\",\"url\":\"https:\/\/www.travel3.com.br\/site\/\",\"name\":\"Travel3\",\"description\":\"Lazer + Neg&oacute;cios + Aventura\",\"publisher\":{\"@id\":\"https:\/\/www.travel3.com.br\/site\/#organization\"},\"potentialAction\":[{\"@type\":\"SearchAction\",\"target\":{\"@type\":\"EntryPoint\",\"urlTemplate\":\"https:\/\/www.travel3.com.br\/site\/?s={search_term_string}\"},\"query-input\":{\"@type\":\"PropertyValueSpecification\",\"valueRequired\":true,\"valueName\":\"search_term_string\"}}],\"inLanguage\":\"pt-BR\"},{\"@type\":\"Organization\",\"@id\":\"https:\/\/www.travel3.com.br\/site\/#organization\",\"name\":\"Travel3\",\"url\":\"https:\/\/www.travel3.com.br\/site\/\",\"logo\":{\"@type\":\"ImageObject\",\"inLanguage\":\"pt-BR\",\"@id\":\"https:\/\/www.travel3.com.br\/site\/#\/schema\/logo\/image\/\",\"url\":\"https:\/\/www.travel3.com.br\/site\/wp-content\/uploads\/2020\/01\/logo-travel3-2020.png\",\"contentUrl\":\"https:\/\/www.travel3.com.br\/site\/wp-content\/uploads\/2020\/01\/logo-travel3-2020.png\",\"width\":232,\"height\":79,\"caption\":\"Travel3\"},\"image\":{\"@id\":\"https:\/\/www.travel3.com.br\/site\/#\/schema\/logo\/image\/\"},\"sameAs\":[\"https:\/\/www.facebook.com\/travel3media\/\",\"https:\/\/www.instagram.com\/revistatravel3\/\",\"https:\/\/www.youtube.com\/channel\/UCno7J4paGBR3VbZQzvoJ9Eg\"]},{\"@type\":\"Person\",\"@id\":\"https:\/\/www.travel3.com.br\/site\/#\/schema\/person\/a69d71e41a024999b6ab82369ac0bd1e\",\"name\":\"admin\",\"image\":{\"@type\":\"ImageObject\",\"inLanguage\":\"pt-BR\",\"@id\":\"https:\/\/www.travel3.com.br\/site\/#\/schema\/person\/image\/\",\"url\":\"https:\/\/secure.gravatar.com\/avatar\/732a67adfd764da2a47ba10ce731c4c0?s=96&d=mm&r=g\",\"contentUrl\":\"https:\/\/secure.gravatar.com\/avatar\/732a67adfd764da2a47ba10ce731c4c0?s=96&d=mm&r=g\",\"caption\":\"admin\"},\"url\":\"https:\/\/www.travel3.com.br\/site\/author\/admin\/\"}]}<\/script>\n<!-- \/ Yoast SEO plugin. -->","yoast_head_json":{"title":"NA ESCOLHA DOS MELHORES DA FIFA, SURPRESA FOI O TREINADOR - Travel3","description":"A TRAVEL3 \u00e9 um portal de conte\u00fado voltado para o turismo, encontre destinos, viagens, hospedagem, passagens, guias, not\u00edcias sobre o mercado do turismo, dicas de viagem, v\u00eddeos e podcast.","robots":{"index":"index","follow":"follow","max-snippet":"max-snippet:-1","max-image-preview":"max-image-preview:large","max-video-preview":"max-video-preview:-1"},"canonical":"https:\/\/www.travel3.com.br\/site\/sem-categoria\/na-escolha-dos-melhores-da-fifa-surpresa-foi-o-treinador\/","og_locale":"pt_BR","og_type":"article","og_title":"NA ESCOLHA DOS MELHORES DA FIFA, SURPRESA FOI O TREINADOR - Travel3","og_description":"A TRAVEL3 \u00e9 um portal de conte\u00fado voltado para o turismo, encontre destinos, viagens, hospedagem, passagens, guias, not\u00edcias sobre o mercado do turismo, dicas de viagem, v\u00eddeos e podcast.","og_url":"https:\/\/www.travel3.com.br\/site\/sem-categoria\/na-escolha-dos-melhores-da-fifa-surpresa-foi-o-treinador\/","og_site_name":"Travel3","article_publisher":"https:\/\/www.facebook.com\/travel3media\/","article_published_time":"2017-09-05T17:54:05+00:00","article_modified_time":"2017-09-12T18:09:28+00:00","author":"admin","twitter_card":"summary_large_image","twitter_misc":{"Escrito por":"admin","Est. tempo de leitura":"2 minutos"},"schema":{"@context":"https:\/\/schema.org","@graph":[{"@type":"Article","@id":"https:\/\/www.travel3.com.br\/site\/sem-categoria\/na-escolha-dos-melhores-da-fifa-surpresa-foi-o-treinador\/#article","isPartOf":{"@id":"https:\/\/www.travel3.com.br\/site\/sem-categoria\/na-escolha-dos-melhores-da-fifa-surpresa-foi-o-treinador\/"},"author":{"name":"admin","@id":"https:\/\/www.travel3.com.br\/site\/#\/schema\/person\/a69d71e41a024999b6ab82369ac0bd1e"},"headline":"NA ESCOLHA DOS MELHORES DA FIFA, SURPRESA FOI O TREINADOR","datePublished":"2017-09-05T17:54:05+00:00","dateModified":"2017-09-12T18:09:28+00:00","mainEntityOfPage":{"@id":"https:\/\/www.travel3.com.br\/site\/sem-categoria\/na-escolha-dos-melhores-da-fifa-surpresa-foi-o-treinador\/"},"wordCount":315,"commentCount":0,"publisher":{"@id":"https:\/\/www.travel3.com.br\/site\/#organization"},"inLanguage":"pt-BR","potentialAction":[{"@type":"CommentAction","name":"Comment","target":["https:\/\/www.travel3.com.br\/site\/sem-categoria\/na-escolha-dos-melhores-da-fifa-surpresa-foi-o-treinador\/#respond"]}]},{"@type":"WebPage","@id":"https:\/\/www.travel3.com.br\/site\/sem-categoria\/na-escolha-dos-melhores-da-fifa-surpresa-foi-o-treinador\/","url":"https:\/\/www.travel3.com.br\/site\/sem-categoria\/na-escolha-dos-melhores-da-fifa-surpresa-foi-o-treinador\/","name":"NA ESCOLHA DOS MELHORES DA FIFA, SURPRESA FOI O TREINADOR - Travel3","isPartOf":{"@id":"https:\/\/www.travel3.com.br\/site\/#website"},"datePublished":"2017-09-05T17:54:05+00:00","dateModified":"2017-09-12T18:09:28+00:00","description":"A TRAVEL3 \u00e9 um portal de conte\u00fado voltado para o turismo, encontre destinos, viagens, hospedagem, passagens, guias, not\u00edcias sobre o mercado do turismo, dicas de viagem, v\u00eddeos e podcast.","breadcrumb":{"@id":"https:\/\/www.travel3.com.br\/site\/sem-categoria\/na-escolha-dos-melhores-da-fifa-surpresa-foi-o-treinador\/#breadcrumb"},"inLanguage":"pt-BR","potentialAction":[{"@type":"ReadAction","target":["https:\/\/www.travel3.com.br\/site\/sem-categoria\/na-escolha-dos-melhores-da-fifa-surpresa-foi-o-treinador\/"]}]},{"@type":"BreadcrumbList","@id":"https:\/\/www.travel3.com.br\/site\/sem-categoria\/na-escolha-dos-melhores-da-fifa-surpresa-foi-o-treinador\/#breadcrumb","itemListElement":[{"@type":"ListItem","position":1,"name":"In\u00edcio","item":"https:\/\/www.travel3.com.br\/site\/"},{"@type":"ListItem","position":2,"name":"NA ESCOLHA DOS MELHORES DA FIFA, SURPRESA FOI O TREINADOR"}]},{"@type":"WebSite","@id":"https:\/\/www.travel3.com.br\/site\/#website","url":"https:\/\/www.travel3.com.br\/site\/","name":"Travel3","description":"Lazer + Neg&oacute;cios + Aventura","publisher":{"@id":"https:\/\/www.travel3.com.br\/site\/#organization"},"potentialAction":[{"@type":"SearchAction","target":{"@type":"EntryPoint","urlTemplate":"https:\/\/www.travel3.com.br\/site\/?s={search_term_string}"},"query-input":{"@type":"PropertyValueSpecification","valueRequired":true,"valueName":"search_term_string"}}],"inLanguage":"pt-BR"},{"@type":"Organization","@id":"https:\/\/www.travel3.com.br\/site\/#organization","name":"Travel3","url":"https:\/\/www.travel3.com.br\/site\/","logo":{"@type":"ImageObject","inLanguage":"pt-BR","@id":"https:\/\/www.travel3.com.br\/site\/#\/schema\/logo\/image\/","url":"https:\/\/www.travel3.com.br\/site\/wp-content\/uploads\/2020\/01\/logo-travel3-2020.png","contentUrl":"https:\/\/www.travel3.com.br\/site\/wp-content\/uploads\/2020\/01\/logo-travel3-2020.png","width":232,"height":79,"caption":"Travel3"},"image":{"@id":"https:\/\/www.travel3.com.br\/site\/#\/schema\/logo\/image\/"},"sameAs":["https:\/\/www.facebook.com\/travel3media\/","https:\/\/www.instagram.com\/revistatravel3\/","https:\/\/www.youtube.com\/channel\/UCno7J4paGBR3VbZQzvoJ9Eg"]},{"@type":"Person","@id":"https:\/\/www.travel3.com.br\/site\/#\/schema\/person\/a69d71e41a024999b6ab82369ac0bd1e","name":"admin","image":{"@type":"ImageObject","inLanguage":"pt-BR","@id":"https:\/\/www.travel3.com.br\/site\/#\/schema\/person\/image\/","url":"https:\/\/secure.gravatar.com\/avatar\/732a67adfd764da2a47ba10ce731c4c0?s=96&d=mm&r=g","contentUrl":"https:\/\/secure.gravatar.com\/avatar\/732a67adfd764da2a47ba10ce731c4c0?s=96&d=mm&r=g","caption":"admin"},"url":"https:\/\/www.travel3.com.br\/site\/author\/admin\/"}]}},"_links":{"self":[{"href":"https:\/\/www.travel3.com.br\/site\/wp-json\/wp\/v2\/posts\/2985","targetHints":{"allow":["GET"]}}],"collection":[{"href":"https:\/\/www.travel3.com.br\/site\/wp-json\/wp\/v2\/posts"}],"about":[{"href":"https:\/\/www.travel3.com.br\/site\/wp-json\/wp\/v2\/types\/post"}],"author":[{"embeddable":true,"href":"https:\/\/www.travel3.com.br\/site\/wp-json\/wp\/v2\/users\/1"}],"replies":[{"embeddable":true,"href":"https:\/\/www.travel3.com.br\/site\/wp-json\/wp\/v2\/comments?post=2985"}],"version-history":[{"count":1,"href":"https:\/\/www.travel3.com.br\/site\/wp-json\/wp\/v2\/posts\/2985\/revisions"}],"predecessor-version":[{"id":3782,"href":"https:\/\/www.travel3.com.br\/site\/wp-json\/wp\/v2\/posts\/2985\/revisions\/3782"}],"wp:attachment":[{"href":"https:\/\/www.travel3.com.br\/site\/wp-json\/wp\/v2\/media?parent=2985"}],"wp:term":[{"taxonomy":"category","embeddable":true,"href":"https:\/\/www.travel3.com.br\/site\/wp-json\/wp\/v2\/categories?post=2985"},{"taxonomy":"post_tag","embeddable":true,"href":"https:\/\/www.travel3.com.br\/site\/wp-json\/wp\/v2\/tags?post=2985"}],"curies":[{"name":"wp","href":"https:\/\/api.w.org\/{rel}","templated":true}]}}