{"id":2962,"date":"2017-08-25T01:43:44","date_gmt":"2017-08-25T01:43:44","guid":{"rendered":"http:\/\/www.travel3.com.br\/site\/ir-e-vir\/ar\/canela-lanca-acao-para-atrair-turistas-na-baixa-temporada\/"},"modified":"2017-09-12T18:09:03","modified_gmt":"2017-09-12T18:09:03","slug":"canela-lanca-acao-para-atrair-turistas-na-baixa-temporada","status":"publish","type":"post","link":"https:\/\/www.travel3.com.br\/site\/sem-categoria\/canela-lanca-acao-para-atrair-turistas-na-baixa-temporada\/","title":{"rendered":"CANELA LAN\u00c7A A\u00c7\u00c3O PARA ATRAIR TURISTAS NA BAIXA TEMPORADA"},"content":{"rendered":"<p><span style=\"color: #40acad; font-family: -apple-system, system-ui, 'Segoe UI', Roboto, Oxygen-Sans, Ubuntu, Cantarell, 'Helvetica Neue', sans-serif; font-size: 12px; font-weight: bold;\"><\/p>\n<p style=\"text-align:justify\">Curtir f\u00e9rias em Canela, durante o ver\u00e3o \u00e9, al\u00e9m de descanso garantido, em meio \u00e0 natureza e \u00e0 tranquilidade que reina na cidade, um investimento econ\u00f4mico.<\/p>\n<p style=\"text-align:justify\">Esta \u00e9 a inten\u00e7\u00e3o do setor de turismo da regi\u00e3o:\u00a0mostrar aos turistas que a esta\u00e7\u00e3o que oferece muitos atrativos e \u00e9 t\u00e3o encantadora quanto o inverno.<\/p>\n<p style=\"text-align:justify\">Para isso, hot\u00e9is, parques e restaurantes se uniram e criaram uma promo\u00e7\u00e3o. Segundo a assessoria de comunica\u00e7\u00e3o da cidade da Serra Ga\u00facha, at\u00e9 o dia 31 de mar\u00e7o &#8220;o\u00a0turista pode encontrar v\u00e1rias op\u00e7\u00f5es, passando de di\u00e1rias free at\u00e9 pre\u00e7os\u00a0que podem chegar a 50% de desconto. Para encontrar estas facilidades \u00e9 importante pesquisar no site as informa\u00e7\u00f5es das empresas que aderiam a esta campanha.&#8221;<\/p>\n<p style=\"text-align:justify\">Diversas empresas j\u00e1 aderiram \u00e0 campanha e todas elas t\u00eam a liberdade de fazer sua a\u00e7\u00f5es promocionais.<\/p>\n<p style=\"text-align:justify\">Distante 115km de Porto Alegre, outra atra\u00e7\u00e3o de Canela nesta \u00e9poca s\u00e3o as temperaturas, mais amenas. A gastronomia \u00e9\u00a0outro ponto alto da cidade, com dezenas de restaurantes, bistr\u00f4s, caf\u00e9s e os mais variados estilos gastron\u00f4micos.<\/p>\n<p style=\"text-align:justify\">Para este per\u00edodo a Prefeitura e a Funda\u00e7\u00e3o Cultural de Canela prepararam uma gama de eventos culturais, tais como m\u00fasica, dan\u00e7a, teatro e cinema.<\/p>\n<p style=\"text-align:justify\">De acordo com Alexandre Dapper, presidente da ACIC &#8211; Associa\u00e7\u00e3o Cultural e Industrial de Canela, foi criada \u201cuma campanha institucional e outra comercial para que os turistas que gostam de estar em Canela\u00a0possam desfrutar da cidade com tudo\u00a0que ela oferece e ainda ter como benef\u00edcio produtos com pre\u00e7os irresist\u00edveis\u201d.<\/p>\n<p style=\"text-align:justify\">\u201cEncantar \u00e9 o que queremos\u201d, disse o Secret\u00e1rio de Turismo de Canela \u00c2ngelo Sanches, que completou:<\/p>\n<p style=\"text-align:justify\">&#8220;Iniciamos o governo h\u00e1 poucos dias, mas enxergamos nesta campanha uma alterativa para que o turista possa incluir Canela no seu roteiro, pois temos belezas naturais aliadas a excelente infraestrutura da cidade, com \u00f3timos hot\u00e9is, pousadas, rede gastron\u00f4mica, e amplo com\u00e9rcio, oferecendo tudo que o turista gosta\u201d.<\/p>\n<p style=\"text-align:justify\">J\u00e1 o Prefeito Constantino Orsolin, aposta que \u201co momento pede uni\u00e3o entre todas as classes para que possamos promover o destino, e o turismo \u00e9 uma mola propulsora do desenvolvimento da cidade\u201d, comentou.<\/p>\n<p style=\"text-align:justify\"><strong>Saiba mais =\u00a0<a href=\"http:\/\/www.veraoemcanela.com.br\">www.veraoemcanela.com.br<\/a><\/strong>\u00a0<\/p>\n<p><\/span><\/p>\n","protected":false},"excerpt":{"rendered":"<p>Setor de turismo se une e oferece at\u00e9 31 de mar\u00e7o, promo\u00e7\u00f5es com at\u00e9 50% de desconto em hot\u00e9is, parques e restaurantes<\/p>\n","protected":false},"author":1,"featured_media":0,"comment_status":"open","ping_status":"open","sticky":false,"template":"","format":"standard","meta":{"footnotes":""},"categories":[],"tags":[],"class_list":["post-2962","post","type-post","status-publish","format-standard","hentry"],"yoast_head":"<!-- This site is optimized with the Yoast SEO plugin v26.2 - https:\/\/yoast.com\/wordpress\/plugins\/seo\/ -->\n<title>CANELA LAN\u00c7A A\u00c7\u00c3O PARA ATRAIR TURISTAS NA BAIXA TEMPORADA - Travel3<\/title>\n<meta name=\"description\" content=\"A TRAVEL3 \u00e9 um portal de conte\u00fado voltado para o turismo, encontre destinos, viagens, hospedagem, passagens, guias, not\u00edcias sobre o mercado do turismo, dicas de viagem, v\u00eddeos e podcast.\" \/>\n<meta name=\"robots\" content=\"index, follow, max-snippet:-1, max-image-preview:large, max-video-preview:-1\" \/>\n<link rel=\"canonical\" href=\"https:\/\/www.travel3.com.br\/site\/sem-categoria\/canela-lanca-acao-para-atrair-turistas-na-baixa-temporada\/\" \/>\n<meta property=\"og:locale\" content=\"pt_BR\" \/>\n<meta property=\"og:type\" content=\"article\" \/>\n<meta property=\"og:title\" content=\"CANELA LAN\u00c7A A\u00c7\u00c3O PARA ATRAIR TURISTAS NA BAIXA TEMPORADA - Travel3\" \/>\n<meta property=\"og:description\" content=\"A TRAVEL3 \u00e9 um portal de conte\u00fado voltado para o turismo, encontre destinos, viagens, hospedagem, passagens, guias, not\u00edcias sobre o mercado do turismo, dicas de viagem, v\u00eddeos e podcast.\" \/>\n<meta property=\"og:url\" content=\"https:\/\/www.travel3.com.br\/site\/sem-categoria\/canela-lanca-acao-para-atrair-turistas-na-baixa-temporada\/\" \/>\n<meta property=\"og:site_name\" content=\"Travel3\" \/>\n<meta property=\"article:publisher\" content=\"https:\/\/www.facebook.com\/travel3media\/\" \/>\n<meta property=\"article:published_time\" content=\"2017-08-25T01:43:44+00:00\" \/>\n<meta property=\"article:modified_time\" content=\"2017-09-12T18:09:03+00:00\" \/>\n<meta name=\"author\" content=\"admin\" \/>\n<meta name=\"twitter:card\" content=\"summary_large_image\" \/>\n<meta name=\"twitter:label1\" content=\"Escrito por\" \/>\n\t<meta name=\"twitter:data1\" content=\"admin\" \/>\n\t<meta name=\"twitter:label2\" content=\"Est. tempo de leitura\" \/>\n\t<meta name=\"twitter:data2\" content=\"2 minutos\" \/>\n<script type=\"application\/ld+json\" class=\"yoast-schema-graph\">{\"@context\":\"https:\/\/schema.org\",\"@graph\":[{\"@type\":\"Article\",\"@id\":\"https:\/\/www.travel3.com.br\/site\/sem-categoria\/canela-lanca-acao-para-atrair-turistas-na-baixa-temporada\/#article\",\"isPartOf\":{\"@id\":\"https:\/\/www.travel3.com.br\/site\/sem-categoria\/canela-lanca-acao-para-atrair-turistas-na-baixa-temporada\/\"},\"author\":{\"name\":\"admin\",\"@id\":\"https:\/\/www.travel3.com.br\/site\/#\/schema\/person\/a69d71e41a024999b6ab82369ac0bd1e\"},\"headline\":\"CANELA LAN\u00c7A A\u00c7\u00c3O PARA ATRAIR TURISTAS NA BAIXA TEMPORADA\",\"datePublished\":\"2017-08-25T01:43:44+00:00\",\"dateModified\":\"2017-09-12T18:09:03+00:00\",\"mainEntityOfPage\":{\"@id\":\"https:\/\/www.travel3.com.br\/site\/sem-categoria\/canela-lanca-acao-para-atrair-turistas-na-baixa-temporada\/\"},\"wordCount\":385,\"commentCount\":0,\"publisher\":{\"@id\":\"https:\/\/www.travel3.com.br\/site\/#organization\"},\"inLanguage\":\"pt-BR\",\"potentialAction\":[{\"@type\":\"CommentAction\",\"name\":\"Comment\",\"target\":[\"https:\/\/www.travel3.com.br\/site\/sem-categoria\/canela-lanca-acao-para-atrair-turistas-na-baixa-temporada\/#respond\"]}]},{\"@type\":\"WebPage\",\"@id\":\"https:\/\/www.travel3.com.br\/site\/sem-categoria\/canela-lanca-acao-para-atrair-turistas-na-baixa-temporada\/\",\"url\":\"https:\/\/www.travel3.com.br\/site\/sem-categoria\/canela-lanca-acao-para-atrair-turistas-na-baixa-temporada\/\",\"name\":\"CANELA LAN\u00c7A A\u00c7\u00c3O PARA ATRAIR TURISTAS NA BAIXA TEMPORADA - Travel3\",\"isPartOf\":{\"@id\":\"https:\/\/www.travel3.com.br\/site\/#website\"},\"datePublished\":\"2017-08-25T01:43:44+00:00\",\"dateModified\":\"2017-09-12T18:09:03+00:00\",\"description\":\"A TRAVEL3 \u00e9 um portal de conte\u00fado voltado para o turismo, encontre destinos, viagens, hospedagem, passagens, guias, not\u00edcias sobre o mercado do turismo, dicas de viagem, v\u00eddeos e podcast.\",\"breadcrumb\":{\"@id\":\"https:\/\/www.travel3.com.br\/site\/sem-categoria\/canela-lanca-acao-para-atrair-turistas-na-baixa-temporada\/#breadcrumb\"},\"inLanguage\":\"pt-BR\",\"potentialAction\":[{\"@type\":\"ReadAction\",\"target\":[\"https:\/\/www.travel3.com.br\/site\/sem-categoria\/canela-lanca-acao-para-atrair-turistas-na-baixa-temporada\/\"]}]},{\"@type\":\"BreadcrumbList\",\"@id\":\"https:\/\/www.travel3.com.br\/site\/sem-categoria\/canela-lanca-acao-para-atrair-turistas-na-baixa-temporada\/#breadcrumb\",\"itemListElement\":[{\"@type\":\"ListItem\",\"position\":1,\"name\":\"In\u00edcio\",\"item\":\"https:\/\/www.travel3.com.br\/site\/\"},{\"@type\":\"ListItem\",\"position\":2,\"name\":\"CANELA LAN\u00c7A A\u00c7\u00c3O PARA ATRAIR TURISTAS NA BAIXA TEMPORADA\"}]},{\"@type\":\"WebSite\",\"@id\":\"https:\/\/www.travel3.com.br\/site\/#website\",\"url\":\"https:\/\/www.travel3.com.br\/site\/\",\"name\":\"Travel3\",\"description\":\"Lazer + Neg&oacute;cios + Aventura\",\"publisher\":{\"@id\":\"https:\/\/www.travel3.com.br\/site\/#organization\"},\"potentialAction\":[{\"@type\":\"SearchAction\",\"target\":{\"@type\":\"EntryPoint\",\"urlTemplate\":\"https:\/\/www.travel3.com.br\/site\/?s={search_term_string}\"},\"query-input\":{\"@type\":\"PropertyValueSpecification\",\"valueRequired\":true,\"valueName\":\"search_term_string\"}}],\"inLanguage\":\"pt-BR\"},{\"@type\":\"Organization\",\"@id\":\"https:\/\/www.travel3.com.br\/site\/#organization\",\"name\":\"Travel3\",\"url\":\"https:\/\/www.travel3.com.br\/site\/\",\"logo\":{\"@type\":\"ImageObject\",\"inLanguage\":\"pt-BR\",\"@id\":\"https:\/\/www.travel3.com.br\/site\/#\/schema\/logo\/image\/\",\"url\":\"https:\/\/www.travel3.com.br\/site\/wp-content\/uploads\/2020\/01\/logo-travel3-2020.png\",\"contentUrl\":\"https:\/\/www.travel3.com.br\/site\/wp-content\/uploads\/2020\/01\/logo-travel3-2020.png\",\"width\":232,\"height\":79,\"caption\":\"Travel3\"},\"image\":{\"@id\":\"https:\/\/www.travel3.com.br\/site\/#\/schema\/logo\/image\/\"},\"sameAs\":[\"https:\/\/www.facebook.com\/travel3media\/\",\"https:\/\/www.instagram.com\/revistatravel3\/\",\"https:\/\/www.youtube.com\/channel\/UCno7J4paGBR3VbZQzvoJ9Eg\"]},{\"@type\":\"Person\",\"@id\":\"https:\/\/www.travel3.com.br\/site\/#\/schema\/person\/a69d71e41a024999b6ab82369ac0bd1e\",\"name\":\"admin\",\"image\":{\"@type\":\"ImageObject\",\"inLanguage\":\"pt-BR\",\"@id\":\"https:\/\/www.travel3.com.br\/site\/#\/schema\/person\/image\/\",\"url\":\"https:\/\/secure.gravatar.com\/avatar\/732a67adfd764da2a47ba10ce731c4c0?s=96&d=mm&r=g\",\"contentUrl\":\"https:\/\/secure.gravatar.com\/avatar\/732a67adfd764da2a47ba10ce731c4c0?s=96&d=mm&r=g\",\"caption\":\"admin\"},\"url\":\"https:\/\/www.travel3.com.br\/site\/author\/admin\/\"}]}<\/script>\n<!-- \/ Yoast SEO plugin. -->","yoast_head_json":{"title":"CANELA LAN\u00c7A A\u00c7\u00c3O PARA ATRAIR TURISTAS NA BAIXA TEMPORADA - Travel3","description":"A TRAVEL3 \u00e9 um portal de conte\u00fado voltado para o turismo, encontre destinos, viagens, hospedagem, passagens, guias, not\u00edcias sobre o mercado do turismo, dicas de viagem, v\u00eddeos e podcast.","robots":{"index":"index","follow":"follow","max-snippet":"max-snippet:-1","max-image-preview":"max-image-preview:large","max-video-preview":"max-video-preview:-1"},"canonical":"https:\/\/www.travel3.com.br\/site\/sem-categoria\/canela-lanca-acao-para-atrair-turistas-na-baixa-temporada\/","og_locale":"pt_BR","og_type":"article","og_title":"CANELA LAN\u00c7A A\u00c7\u00c3O PARA ATRAIR TURISTAS NA BAIXA TEMPORADA - Travel3","og_description":"A TRAVEL3 \u00e9 um portal de conte\u00fado voltado para o turismo, encontre destinos, viagens, hospedagem, passagens, guias, not\u00edcias sobre o mercado do turismo, dicas de viagem, v\u00eddeos e podcast.","og_url":"https:\/\/www.travel3.com.br\/site\/sem-categoria\/canela-lanca-acao-para-atrair-turistas-na-baixa-temporada\/","og_site_name":"Travel3","article_publisher":"https:\/\/www.facebook.com\/travel3media\/","article_published_time":"2017-08-25T01:43:44+00:00","article_modified_time":"2017-09-12T18:09:03+00:00","author":"admin","twitter_card":"summary_large_image","twitter_misc":{"Escrito por":"admin","Est. tempo de leitura":"2 minutos"},"schema":{"@context":"https:\/\/schema.org","@graph":[{"@type":"Article","@id":"https:\/\/www.travel3.com.br\/site\/sem-categoria\/canela-lanca-acao-para-atrair-turistas-na-baixa-temporada\/#article","isPartOf":{"@id":"https:\/\/www.travel3.com.br\/site\/sem-categoria\/canela-lanca-acao-para-atrair-turistas-na-baixa-temporada\/"},"author":{"name":"admin","@id":"https:\/\/www.travel3.com.br\/site\/#\/schema\/person\/a69d71e41a024999b6ab82369ac0bd1e"},"headline":"CANELA LAN\u00c7A A\u00c7\u00c3O PARA ATRAIR TURISTAS NA BAIXA TEMPORADA","datePublished":"2017-08-25T01:43:44+00:00","dateModified":"2017-09-12T18:09:03+00:00","mainEntityOfPage":{"@id":"https:\/\/www.travel3.com.br\/site\/sem-categoria\/canela-lanca-acao-para-atrair-turistas-na-baixa-temporada\/"},"wordCount":385,"commentCount":0,"publisher":{"@id":"https:\/\/www.travel3.com.br\/site\/#organization"},"inLanguage":"pt-BR","potentialAction":[{"@type":"CommentAction","name":"Comment","target":["https:\/\/www.travel3.com.br\/site\/sem-categoria\/canela-lanca-acao-para-atrair-turistas-na-baixa-temporada\/#respond"]}]},{"@type":"WebPage","@id":"https:\/\/www.travel3.com.br\/site\/sem-categoria\/canela-lanca-acao-para-atrair-turistas-na-baixa-temporada\/","url":"https:\/\/www.travel3.com.br\/site\/sem-categoria\/canela-lanca-acao-para-atrair-turistas-na-baixa-temporada\/","name":"CANELA LAN\u00c7A A\u00c7\u00c3O PARA ATRAIR TURISTAS NA BAIXA TEMPORADA - Travel3","isPartOf":{"@id":"https:\/\/www.travel3.com.br\/site\/#website"},"datePublished":"2017-08-25T01:43:44+00:00","dateModified":"2017-09-12T18:09:03+00:00","description":"A TRAVEL3 \u00e9 um portal de conte\u00fado voltado para o turismo, encontre destinos, viagens, hospedagem, passagens, guias, not\u00edcias sobre o mercado do turismo, dicas de viagem, v\u00eddeos e podcast.","breadcrumb":{"@id":"https:\/\/www.travel3.com.br\/site\/sem-categoria\/canela-lanca-acao-para-atrair-turistas-na-baixa-temporada\/#breadcrumb"},"inLanguage":"pt-BR","potentialAction":[{"@type":"ReadAction","target":["https:\/\/www.travel3.com.br\/site\/sem-categoria\/canela-lanca-acao-para-atrair-turistas-na-baixa-temporada\/"]}]},{"@type":"BreadcrumbList","@id":"https:\/\/www.travel3.com.br\/site\/sem-categoria\/canela-lanca-acao-para-atrair-turistas-na-baixa-temporada\/#breadcrumb","itemListElement":[{"@type":"ListItem","position":1,"name":"In\u00edcio","item":"https:\/\/www.travel3.com.br\/site\/"},{"@type":"ListItem","position":2,"name":"CANELA LAN\u00c7A A\u00c7\u00c3O PARA ATRAIR TURISTAS NA BAIXA TEMPORADA"}]},{"@type":"WebSite","@id":"https:\/\/www.travel3.com.br\/site\/#website","url":"https:\/\/www.travel3.com.br\/site\/","name":"Travel3","description":"Lazer + Neg&oacute;cios + Aventura","publisher":{"@id":"https:\/\/www.travel3.com.br\/site\/#organization"},"potentialAction":[{"@type":"SearchAction","target":{"@type":"EntryPoint","urlTemplate":"https:\/\/www.travel3.com.br\/site\/?s={search_term_string}"},"query-input":{"@type":"PropertyValueSpecification","valueRequired":true,"valueName":"search_term_string"}}],"inLanguage":"pt-BR"},{"@type":"Organization","@id":"https:\/\/www.travel3.com.br\/site\/#organization","name":"Travel3","url":"https:\/\/www.travel3.com.br\/site\/","logo":{"@type":"ImageObject","inLanguage":"pt-BR","@id":"https:\/\/www.travel3.com.br\/site\/#\/schema\/logo\/image\/","url":"https:\/\/www.travel3.com.br\/site\/wp-content\/uploads\/2020\/01\/logo-travel3-2020.png","contentUrl":"https:\/\/www.travel3.com.br\/site\/wp-content\/uploads\/2020\/01\/logo-travel3-2020.png","width":232,"height":79,"caption":"Travel3"},"image":{"@id":"https:\/\/www.travel3.com.br\/site\/#\/schema\/logo\/image\/"},"sameAs":["https:\/\/www.facebook.com\/travel3media\/","https:\/\/www.instagram.com\/revistatravel3\/","https:\/\/www.youtube.com\/channel\/UCno7J4paGBR3VbZQzvoJ9Eg"]},{"@type":"Person","@id":"https:\/\/www.travel3.com.br\/site\/#\/schema\/person\/a69d71e41a024999b6ab82369ac0bd1e","name":"admin","image":{"@type":"ImageObject","inLanguage":"pt-BR","@id":"https:\/\/www.travel3.com.br\/site\/#\/schema\/person\/image\/","url":"https:\/\/secure.gravatar.com\/avatar\/732a67adfd764da2a47ba10ce731c4c0?s=96&d=mm&r=g","contentUrl":"https:\/\/secure.gravatar.com\/avatar\/732a67adfd764da2a47ba10ce731c4c0?s=96&d=mm&r=g","caption":"admin"},"url":"https:\/\/www.travel3.com.br\/site\/author\/admin\/"}]}},"_links":{"self":[{"href":"https:\/\/www.travel3.com.br\/site\/wp-json\/wp\/v2\/posts\/2962","targetHints":{"allow":["GET"]}}],"collection":[{"href":"https:\/\/www.travel3.com.br\/site\/wp-json\/wp\/v2\/posts"}],"about":[{"href":"https:\/\/www.travel3.com.br\/site\/wp-json\/wp\/v2\/types\/post"}],"author":[{"embeddable":true,"href":"https:\/\/www.travel3.com.br\/site\/wp-json\/wp\/v2\/users\/1"}],"replies":[{"embeddable":true,"href":"https:\/\/www.travel3.com.br\/site\/wp-json\/wp\/v2\/comments?post=2962"}],"version-history":[{"count":1,"href":"https:\/\/www.travel3.com.br\/site\/wp-json\/wp\/v2\/posts\/2962\/revisions"}],"predecessor-version":[{"id":3759,"href":"https:\/\/www.travel3.com.br\/site\/wp-json\/wp\/v2\/posts\/2962\/revisions\/3759"}],"wp:attachment":[{"href":"https:\/\/www.travel3.com.br\/site\/wp-json\/wp\/v2\/media?parent=2962"}],"wp:term":[{"taxonomy":"category","embeddable":true,"href":"https:\/\/www.travel3.com.br\/site\/wp-json\/wp\/v2\/categories?post=2962"},{"taxonomy":"post_tag","embeddable":true,"href":"https:\/\/www.travel3.com.br\/site\/wp-json\/wp\/v2\/tags?post=2962"}],"curies":[{"name":"wp","href":"https:\/\/api.w.org\/{rel}","templated":true}]}}