{"id":29613,"date":"2019-12-20T09:30:26","date_gmt":"2019-12-20T11:30:26","guid":{"rendered":"https:\/\/www.travel3.com.br\/?p=29613"},"modified":"2019-12-20T00:11:36","modified_gmt":"2019-12-20T02:11:36","slug":"arvores-de-natal","status":"publish","type":"post","link":"https:\/\/www.travel3.com.br\/site\/ferias-e-feriados\/arvores-de-natal\/","title":{"rendered":"\u00c1rvores de Natal luxuosas enfeitam o fim de ano europeu"},"content":{"rendered":"\n<h3 class=\"wp-block-heading\" style=\"text-align:center\">Decora\u00e7\u00f5es \u00fanicas s\u00e3o assinadas por grifes famosas, em alguns dos melhores hot\u00e9is da Europa<\/h3>\n\n\n\n<p>Com a chegada da \u00e9poca de Festas, hot\u00e9is de todo mundo ganham aspectos natalinos, com decora\u00e7\u00e3o tem\u00e1tica. E entre tantas \u00e1rvores de Natal, espalhadas pela Europa est\u00e3o aquelas que se destacam, e trazem o luxo de grifes famosas \u00e0s comemora\u00e7\u00f5es natalinas. Abaixo, conhe\u00e7a algumas das \u00e1rvores de Natal mais caras e luxuosas do mundo. <\/p>\n\n\n\n<p>Decoradas com elementos exclusivos, estas \u00e1rvores s\u00e3o desenhadas por grifes como Dior, Tiffany, e Baccarat.<\/p>\n\n\n\n<h2 class=\"wp-block-heading\">Conhe\u00e7a algumas das \u00e1rvores de Natal mais luxuosas da Europa<\/h2>\n\n\n\n<h4 class=\"wp-block-heading\">Hotel de Russie + Acqua di Parma <\/h4>\n\n\n\n<p>O Hotel de Russie, em Roma, \u00e9 um dos mais glamourosos da cidade, e tradicionalmente prepara \u00e1rvores de Natal memor\u00e1veis. Este ano, o hotel da Roco Forte Hotels se decorou em conjunto &nbsp;com a famosa grife italiana Acqua di Parma.<\/p>\n\n\n\n<p>A \u00e1rvore de Natal foi preparada em meio a um cen\u00e1rio natalino, e traz tamb\u00e9m elementos caracter\u00edsticos da grife italiana. O cen\u00e1rio de inverno completa o clima natalinodo hotel.<\/p>\n\n\n\n<figure class=\"wp-block-image\"><img loading=\"lazy\" decoding=\"async\" width=\"1024\" height=\"682\" src=\"https:\/\/www.travel3.com.br\/site\/wp-content\/uploads\/2019\/12\/RFH-Hotel-de-Russie-Festive-Decorations-0445-JG-Dec-19_Easy-Resize.com_-1024x682.jpg\" alt=\"\u00c1rvores de Natal\" class=\"wp-image-29615\" srcset=\"https:\/\/www.travel3.com.br\/site\/wp-content\/uploads\/2019\/12\/RFH-Hotel-de-Russie-Festive-Decorations-0445-JG-Dec-19_Easy-Resize.com_-1024x682.jpg 1024w, https:\/\/www.travel3.com.br\/site\/wp-content\/uploads\/2019\/12\/RFH-Hotel-de-Russie-Festive-Decorations-0445-JG-Dec-19_Easy-Resize.com_-300x200.jpg 300w, https:\/\/www.travel3.com.br\/site\/wp-content\/uploads\/2019\/12\/RFH-Hotel-de-Russie-Festive-Decorations-0445-JG-Dec-19_Easy-Resize.com_-768x512.jpg 768w, https:\/\/www.travel3.com.br\/site\/wp-content\/uploads\/2019\/12\/RFH-Hotel-de-Russie-Festive-Decorations-0445-JG-Dec-19_Easy-Resize.com_-750x500.jpg 750w, https:\/\/www.travel3.com.br\/site\/wp-content\/uploads\/2019\/12\/RFH-Hotel-de-Russie-Festive-Decorations-0445-JG-Dec-19_Easy-Resize.com_-1140x760.jpg 1140w, https:\/\/www.travel3.com.br\/site\/wp-content\/uploads\/2019\/12\/RFH-Hotel-de-Russie-Festive-Decorations-0445-JG-Dec-19_Easy-Resize.com_.jpg 1280w\" sizes=\"auto, (max-width: 1024px) 100vw, 1024px\" \/><figcaption>Foto: Divulga\u00e7\u00e3o<\/figcaption><\/figure>\n\n\n\n<h4 class=\"wp-block-heading\">Hotel Amigo + Tiffany &amp; Co. <\/h4>\n\n\n\n<p>O luxuoso Hotel Amigo, no cora\u00e7\u00e3o de Bruxelas, preparou-se para o Natal em parceria com a Tiffany &amp; Co. Logo ao entrar no hotel, os h\u00f3spedes se deparam com a bela \u00e1rvore, no lobby enfeitado tematicamente pela grife. <\/p>\n\n\n\n<p>E para completar o clima natalino, todo fim de tarde do hotel ser\u00e1 regado a chocolate quente. Tudo isso em meio a decora\u00e7\u00f5es no azul caracter\u00edstico da marca de luxo. <\/p>\n\n\n\n<figure class=\"wp-block-image\"><img loading=\"lazy\" decoding=\"async\" width=\"970\" height=\"1024\" src=\"https:\/\/www.travel3.com.br\/site\/wp-content\/uploads\/2019\/12\/SOCIAL-AND-WEB-JR_NoelAmigo-lobby-1-R-Jalkh-Dec-2019_Easy-Resize.com-1-970x1024.jpg\" alt=\"\u00c1rvores de Natal\" class=\"wp-image-29616\" srcset=\"https:\/\/www.travel3.com.br\/site\/wp-content\/uploads\/2019\/12\/SOCIAL-AND-WEB-JR_NoelAmigo-lobby-1-R-Jalkh-Dec-2019_Easy-Resize.com-1-970x1024.jpg 970w, https:\/\/www.travel3.com.br\/site\/wp-content\/uploads\/2019\/12\/SOCIAL-AND-WEB-JR_NoelAmigo-lobby-1-R-Jalkh-Dec-2019_Easy-Resize.com-1-284x300.jpg 284w, https:\/\/www.travel3.com.br\/site\/wp-content\/uploads\/2019\/12\/SOCIAL-AND-WEB-JR_NoelAmigo-lobby-1-R-Jalkh-Dec-2019_Easy-Resize.com-1-768x810.jpg 768w, https:\/\/www.travel3.com.br\/site\/wp-content\/uploads\/2019\/12\/SOCIAL-AND-WEB-JR_NoelAmigo-lobby-1-R-Jalkh-Dec-2019_Easy-Resize.com-1-750x791.jpg 750w, https:\/\/www.travel3.com.br\/site\/wp-content\/uploads\/2019\/12\/SOCIAL-AND-WEB-JR_NoelAmigo-lobby-1-R-Jalkh-Dec-2019_Easy-Resize.com-1-1140x1203.jpg 1140w, https:\/\/www.travel3.com.br\/site\/wp-content\/uploads\/2019\/12\/SOCIAL-AND-WEB-JR_NoelAmigo-lobby-1-R-Jalkh-Dec-2019_Easy-Resize.com-1.jpg 1213w\" sizes=\"auto, (max-width: 970px) 100vw, 970px\" \/><figcaption>Foto: Divulga\u00e7\u00e3o<\/figcaption><\/figure>\n\n\n\n<h4 class=\"wp-block-heading\">The Charles Hotel + Baccarat  <\/h4>\n\n\n\n<p>The Charles Hotel, em Munique, na Alemanha, ganha o brilho da Baccarat neste Natal. A grife \u00e9 mundialmente reconhecida por seus cristais, que enfeitam hot\u00e9is e restaurantes famosos.<\/p>\n\n\n\n<p>No hotel, enfeites de cristal da grife enfeitam uma \u00e1rvore de Natal de 5 metros de altura. Com o brilho dos cristais, a \u00e1rvore traz ao lobby do hotel uma atmosfera natalina incr\u00edvel.<\/p>\n\n\n\n<figure class=\"wp-block-image\"><img loading=\"lazy\" decoding=\"async\" width=\"1024\" height=\"682\" src=\"https:\/\/www.travel3.com.br\/site\/wp-content\/uploads\/2019\/12\/The-Charles-Hotel_SB_Dec19__0097_Easy-Resize.com_-1024x682.jpg\" alt=\"Natal\" class=\"wp-image-29618\" srcset=\"https:\/\/www.travel3.com.br\/site\/wp-content\/uploads\/2019\/12\/The-Charles-Hotel_SB_Dec19__0097_Easy-Resize.com_-1024x682.jpg 1024w, https:\/\/www.travel3.com.br\/site\/wp-content\/uploads\/2019\/12\/The-Charles-Hotel_SB_Dec19__0097_Easy-Resize.com_-300x200.jpg 300w, https:\/\/www.travel3.com.br\/site\/wp-content\/uploads\/2019\/12\/The-Charles-Hotel_SB_Dec19__0097_Easy-Resize.com_-768x512.jpg 768w, https:\/\/www.travel3.com.br\/site\/wp-content\/uploads\/2019\/12\/The-Charles-Hotel_SB_Dec19__0097_Easy-Resize.com_-750x500.jpg 750w, https:\/\/www.travel3.com.br\/site\/wp-content\/uploads\/2019\/12\/The-Charles-Hotel_SB_Dec19__0097_Easy-Resize.com_-1140x760.jpg 1140w, https:\/\/www.travel3.com.br\/site\/wp-content\/uploads\/2019\/12\/The-Charles-Hotel_SB_Dec19__0097_Easy-Resize.com_.jpg 1280w\" sizes=\"auto, (max-width: 1024px) 100vw, 1024px\" \/><figcaption>Foto: Divulga\u00e7\u00e3o<\/figcaption><\/figure>\n\n\n\n<h4 class=\"wp-block-heading\">Hotel Astoria + Dior<\/h4>\n\n\n\n<p>Todos os anos, o Hotel Astoria, em S\u00e3o Petersburgo, recebe uma decora\u00e7\u00e3o especialmente luxuosa para o Natal. E este ano, a grife que traz o luxo caracter\u00edstico da Russia \u00e0 decora\u00e7\u00e3o do hotel \u00e9 a Dior.<\/p>\n\n\n\n<p>A \u00e1rvore preparada adquire tons azulados, e homenageia a cole\u00e7\u00e3o cruise Dior 2020 &#8211; Toile De. <\/p>\n\n\n\n<figure class=\"wp-block-image\"><img loading=\"lazy\" decoding=\"async\" width=\"819\" height=\"1024\" src=\"https:\/\/www.travel3.com.br\/site\/wp-content\/uploads\/2019\/12\/Dior-20_Easy-Resize.com_-819x1024.jpg\" alt=\"Natal\" class=\"wp-image-29619\" srcset=\"https:\/\/www.travel3.com.br\/site\/wp-content\/uploads\/2019\/12\/Dior-20_Easy-Resize.com_-819x1024.jpg 819w, https:\/\/www.travel3.com.br\/site\/wp-content\/uploads\/2019\/12\/Dior-20_Easy-Resize.com_-240x300.jpg 240w, https:\/\/www.travel3.com.br\/site\/wp-content\/uploads\/2019\/12\/Dior-20_Easy-Resize.com_-768x960.jpg 768w, https:\/\/www.travel3.com.br\/site\/wp-content\/uploads\/2019\/12\/Dior-20_Easy-Resize.com_-750x938.jpg 750w, https:\/\/www.travel3.com.br\/site\/wp-content\/uploads\/2019\/12\/Dior-20_Easy-Resize.com_.jpg 1024w\" sizes=\"auto, (max-width: 819px) 100vw, 819px\" \/><figcaption>Foto: Divulga\u00e7\u00e3o<\/figcaption><\/figure>\n\n\n\n<h4 class=\"wp-block-heading\">Hotel Savoy + Aquazurra<\/h4>\n\n\n\n<p>O Hotel Savoy, em Floren\u00e7a, na It\u00e1lia, \u00e9 conhecido por suas parcerias com grifes famosas. E para a decora\u00e7\u00e3o de Natal deste ano, o hotel tem como parceira a grife de cal\u00e7ados de luxo Aquazzura.<\/p>\n\n\n\n<p>No hotel, v\u00e1rias \u00e1rvores de Natal de tamanhos diversos recebem os h\u00f3spedes. Os pinheiros foram decorados tematicamente, com ornamentos prateados e com o abacaxi que representa a grife italiana.<\/p>\n\n\n\n<figure class=\"wp-block-image\"><img loading=\"lazy\" decoding=\"async\" width=\"1024\" height=\"682\" src=\"https:\/\/www.travel3.com.br\/site\/wp-content\/uploads\/2019\/12\/Savoy-Christmas-Decorations-warm-001_Easy-Resize.com_-1024x682.jpg\" alt=\"Natal\" class=\"wp-image-29620\" srcset=\"https:\/\/www.travel3.com.br\/site\/wp-content\/uploads\/2019\/12\/Savoy-Christmas-Decorations-warm-001_Easy-Resize.com_-1024x682.jpg 1024w, https:\/\/www.travel3.com.br\/site\/wp-content\/uploads\/2019\/12\/Savoy-Christmas-Decorations-warm-001_Easy-Resize.com_-300x200.jpg 300w, https:\/\/www.travel3.com.br\/site\/wp-content\/uploads\/2019\/12\/Savoy-Christmas-Decorations-warm-001_Easy-Resize.com_-768x512.jpg 768w, https:\/\/www.travel3.com.br\/site\/wp-content\/uploads\/2019\/12\/Savoy-Christmas-Decorations-warm-001_Easy-Resize.com_-750x500.jpg 750w, https:\/\/www.travel3.com.br\/site\/wp-content\/uploads\/2019\/12\/Savoy-Christmas-Decorations-warm-001_Easy-Resize.com_-1140x760.jpg 1140w, https:\/\/www.travel3.com.br\/site\/wp-content\/uploads\/2019\/12\/Savoy-Christmas-Decorations-warm-001_Easy-Resize.com_.jpg 1280w\" sizes=\"auto, (max-width: 1024px) 100vw, 1024px\" \/><figcaption>Foto: Divulga\u00e7\u00e3o<\/figcaption><\/figure>\n\n\n\n<h4 class=\"wp-block-heading\">Brown\u2019s Hotel + Paul Smith<\/h4>\n\n\n\n<p>A decora\u00e7\u00e3o de natal projetada por Sir Paul Smith para o Brown&#8217;s Hotel rompe padr\u00f5es, e traz elementos tropicais ao hotel londrino. Isso ocorre pois, al\u00e9m de decora\u00e7\u00e3o tipicamente natalina, o hotel ganha tra\u00e7os que celebram 125 anos da publica\u00e7\u00e3o de <em>The Jungle Book.<\/em><\/p>\n\n\n\n<p>Escrito por Rudyard Kipling no pr\u00f3prio Brown&#8217;s, <em>O Livro da Selva<\/em> inspirou s\u00e9ries, desenhos e filmes que retratam Mogli, o menino lobo. Por isso, o hotel foi enfeitado com frutas tropicais e animais silvestres, que divertem os h\u00f3spedes.<\/p>\n\n\n\n<figure class=\"wp-block-image\"><img loading=\"lazy\" decoding=\"async\" width=\"1024\" height=\"682\" src=\"https:\/\/www.travel3.com.br\/site\/wp-content\/uploads\/2019\/12\/Christmas-Light00084-OK_Easy-Resize.com_-1024x682.jpg\" alt=\"Natal\" class=\"wp-image-29621\" srcset=\"https:\/\/www.travel3.com.br\/site\/wp-content\/uploads\/2019\/12\/Christmas-Light00084-OK_Easy-Resize.com_-1024x682.jpg 1024w, https:\/\/www.travel3.com.br\/site\/wp-content\/uploads\/2019\/12\/Christmas-Light00084-OK_Easy-Resize.com_-300x200.jpg 300w, https:\/\/www.travel3.com.br\/site\/wp-content\/uploads\/2019\/12\/Christmas-Light00084-OK_Easy-Resize.com_-768x512.jpg 768w, https:\/\/www.travel3.com.br\/site\/wp-content\/uploads\/2019\/12\/Christmas-Light00084-OK_Easy-Resize.com_-750x500.jpg 750w, https:\/\/www.travel3.com.br\/site\/wp-content\/uploads\/2019\/12\/Christmas-Light00084-OK_Easy-Resize.com_-1140x760.jpg 1140w, https:\/\/www.travel3.com.br\/site\/wp-content\/uploads\/2019\/12\/Christmas-Light00084-OK_Easy-Resize.com_.jpg 1280w\" sizes=\"auto, (max-width: 1024px) 100vw, 1024px\" \/><figcaption>Foto: Divulga\u00e7\u00e3o<\/figcaption><\/figure>\n\n\n\n<h4 class=\"wp-block-heading\">Hotel de la Ville + Missoni<\/h4>\n\n\n\n<p>Tamb\u00e9m na It\u00e1lia, o Hotel de la Ville fica no topo da Escadaria Espanhola, em Piazza di Spagna, Roma. E para alegrar sua decora\u00e7\u00e3o natalina, o hotel tem a ajuda da Missoni, marca italiana famosa por suas cores e estampas.<\/p>\n\n\n\n<p>O resultado da parceria \u00e9 uma bel\u00edssima \u00e1rvore de natal de 3 metros de altura, decorada com bolas de Natal coloridas. A decora\u00e7\u00e3o da \u00e1rvore \u00e9 exclusiva: foi desenhada por Luca Missoni para a \u00e1rvore de Natal da fam\u00edlia, em 1996.<\/p>\n\n\n\n<figure class=\"wp-block-image\"><img loading=\"lazy\" decoding=\"async\" width=\"1024\" height=\"682\" src=\"https:\/\/www.travel3.com.br\/site\/wp-content\/uploads\/2019\/12\/RFH-Hotel-de-la-Ville-Julep-Christmas-Decorations-0553-JG-Dec-19_Easy-Resize.com_-1024x682.jpg\" alt=\"\u00c1rvores de Natal\" class=\"wp-image-29617\" srcset=\"https:\/\/www.travel3.com.br\/site\/wp-content\/uploads\/2019\/12\/RFH-Hotel-de-la-Ville-Julep-Christmas-Decorations-0553-JG-Dec-19_Easy-Resize.com_-1024x682.jpg 1024w, https:\/\/www.travel3.com.br\/site\/wp-content\/uploads\/2019\/12\/RFH-Hotel-de-la-Ville-Julep-Christmas-Decorations-0553-JG-Dec-19_Easy-Resize.com_-300x200.jpg 300w, https:\/\/www.travel3.com.br\/site\/wp-content\/uploads\/2019\/12\/RFH-Hotel-de-la-Ville-Julep-Christmas-Decorations-0553-JG-Dec-19_Easy-Resize.com_-768x512.jpg 768w, https:\/\/www.travel3.com.br\/site\/wp-content\/uploads\/2019\/12\/RFH-Hotel-de-la-Ville-Julep-Christmas-Decorations-0553-JG-Dec-19_Easy-Resize.com_-750x500.jpg 750w, https:\/\/www.travel3.com.br\/site\/wp-content\/uploads\/2019\/12\/RFH-Hotel-de-la-Ville-Julep-Christmas-Decorations-0553-JG-Dec-19_Easy-Resize.com_-1140x760.jpg 1140w, https:\/\/www.travel3.com.br\/site\/wp-content\/uploads\/2019\/12\/RFH-Hotel-de-la-Ville-Julep-Christmas-Decorations-0553-JG-Dec-19_Easy-Resize.com_.jpg 1280w\" sizes=\"auto, (max-width: 1024px) 100vw, 1024px\" \/><figcaption>Foto: Divulga\u00e7\u00e3o<\/figcaption><\/figure>\n","protected":false},"excerpt":{"rendered":"<p>Decora\u00e7\u00f5es \u00fanicas s\u00e3o assinadas por grifes famosas, em alguns dos melhores hot\u00e9is da Europa Com a chegada da \u00e9poca de Festas, hot\u00e9is de todo mundo ganham aspectos natalinos, com decora\u00e7\u00e3o tem\u00e1tica. E entre tantas \u00e1rvores de Natal, espalhadas pela Europa est\u00e3o aquelas que se destacam, e trazem o luxo de grifes famosas \u00e0s comemora\u00e7\u00f5es natalinas. [&hellip;]<\/p>\n","protected":false},"author":6,"featured_media":29615,"comment_status":"open","ping_status":"open","sticky":false,"template":"","format":"standard","meta":{"footnotes":""},"categories":[226,10,170,162],"tags":[3823,239,935,504,389],"class_list":["post-29613","post","type-post","status-publish","format-standard","has-post-thumbnail","hentry","category-destaque","category-destinos","category-europa","category-ferias-e-feriados","tag-belgica","tag-europa","tag-inglaterra","tag-italia","tag-natal"],"yoast_head":"<!-- This site is optimized with the Yoast SEO plugin v26.2 - https:\/\/yoast.com\/wordpress\/plugins\/seo\/ -->\n<title>\u00c1rvores de Natal luxuosas enfeitam o fim de ano europeu - Travel3<\/title>\n<meta name=\"description\" content=\"\u00c1rvores de Natal luxuosas decoram o fim de ano europeu; Decora\u00e7\u00f5es \u00fanicas s\u00e3o assinadas por grifes famosas, em alguns dos melhores hot\u00e9is da Europa\" \/>\n<meta name=\"robots\" content=\"index, follow, max-snippet:-1, max-image-preview:large, max-video-preview:-1\" \/>\n<link rel=\"canonical\" href=\"https:\/\/www.travel3.com.br\/site\/ferias-e-feriados\/arvores-de-natal\/\" \/>\n<meta property=\"og:locale\" content=\"pt_BR\" \/>\n<meta property=\"og:type\" content=\"article\" \/>\n<meta property=\"og:title\" content=\"\u00c1rvores de Natal luxuosas enfeitam o fim de ano europeu - Travel3\" \/>\n<meta property=\"og:description\" content=\"\u00c1rvores de Natal luxuosas decoram o fim de ano europeu; Decora\u00e7\u00f5es \u00fanicas s\u00e3o assinadas por grifes famosas, em alguns dos melhores hot\u00e9is da Europa\" \/>\n<meta property=\"og:url\" content=\"https:\/\/www.travel3.com.br\/site\/ferias-e-feriados\/arvores-de-natal\/\" \/>\n<meta property=\"og:site_name\" content=\"Travel3\" \/>\n<meta property=\"article:publisher\" content=\"https:\/\/www.facebook.com\/travel3media\/\" \/>\n<meta property=\"article:published_time\" content=\"2019-12-20T11:30:26+00:00\" \/>\n<meta property=\"og:image\" content=\"https:\/\/www.travel3.com.br\/site\/wp-content\/uploads\/2019\/12\/RFH-Hotel-de-Russie-Festive-Decorations-0445-JG-Dec-19_Easy-Resize.com_.jpg\" \/>\n\t<meta property=\"og:image:width\" content=\"1280\" \/>\n\t<meta property=\"og:image:height\" content=\"853\" \/>\n\t<meta property=\"og:image:type\" content=\"image\/jpeg\" \/>\n<meta name=\"author\" content=\"Reda\u00e7\u00e3o Travel3\" \/>\n<meta name=\"twitter:card\" content=\"summary_large_image\" \/>\n<meta name=\"twitter:label1\" content=\"Escrito por\" \/>\n\t<meta name=\"twitter:data1\" content=\"Reda\u00e7\u00e3o Travel3\" \/>\n\t<meta name=\"twitter:label2\" content=\"Est. tempo de leitura\" \/>\n\t<meta name=\"twitter:data2\" content=\"3 minutos\" \/>\n<script type=\"application\/ld+json\" class=\"yoast-schema-graph\">{\"@context\":\"https:\/\/schema.org\",\"@graph\":[{\"@type\":\"Article\",\"@id\":\"https:\/\/www.travel3.com.br\/site\/ferias-e-feriados\/arvores-de-natal\/#article\",\"isPartOf\":{\"@id\":\"https:\/\/www.travel3.com.br\/site\/ferias-e-feriados\/arvores-de-natal\/\"},\"author\":{\"name\":\"Reda\u00e7\u00e3o Travel3\",\"@id\":\"https:\/\/www.travel3.com.br\/site\/#\/schema\/person\/9cff8daac0a2f1aa0799f827b8aa8308\"},\"headline\":\"\u00c1rvores de Natal luxuosas enfeitam o fim de ano europeu\",\"datePublished\":\"2019-12-20T11:30:26+00:00\",\"mainEntityOfPage\":{\"@id\":\"https:\/\/www.travel3.com.br\/site\/ferias-e-feriados\/arvores-de-natal\/\"},\"wordCount\":669,\"commentCount\":0,\"publisher\":{\"@id\":\"https:\/\/www.travel3.com.br\/site\/#organization\"},\"image\":{\"@id\":\"https:\/\/www.travel3.com.br\/site\/ferias-e-feriados\/arvores-de-natal\/#primaryimage\"},\"thumbnailUrl\":\"https:\/\/www.travel3.com.br\/site\/wp-content\/uploads\/2019\/12\/RFH-Hotel-de-Russie-Festive-Decorations-0445-JG-Dec-19_Easy-Resize.com_.jpg\",\"keywords\":[\"Belgica\",\"Europa\",\"inglaterra\",\"It\u00e1lia\",\"Natal\"],\"articleSection\":[\"Destaque\",\"Destinos\",\"Europa\",\"F\u00e9rias e Feriados\"],\"inLanguage\":\"pt-BR\",\"potentialAction\":[{\"@type\":\"CommentAction\",\"name\":\"Comment\",\"target\":[\"https:\/\/www.travel3.com.br\/site\/ferias-e-feriados\/arvores-de-natal\/#respond\"]}]},{\"@type\":\"WebPage\",\"@id\":\"https:\/\/www.travel3.com.br\/site\/ferias-e-feriados\/arvores-de-natal\/\",\"url\":\"https:\/\/www.travel3.com.br\/site\/ferias-e-feriados\/arvores-de-natal\/\",\"name\":\"\u00c1rvores de Natal luxuosas enfeitam o fim de ano europeu - Travel3\",\"isPartOf\":{\"@id\":\"https:\/\/www.travel3.com.br\/site\/#website\"},\"primaryImageOfPage\":{\"@id\":\"https:\/\/www.travel3.com.br\/site\/ferias-e-feriados\/arvores-de-natal\/#primaryimage\"},\"image\":{\"@id\":\"https:\/\/www.travel3.com.br\/site\/ferias-e-feriados\/arvores-de-natal\/#primaryimage\"},\"thumbnailUrl\":\"https:\/\/www.travel3.com.br\/site\/wp-content\/uploads\/2019\/12\/RFH-Hotel-de-Russie-Festive-Decorations-0445-JG-Dec-19_Easy-Resize.com_.jpg\",\"datePublished\":\"2019-12-20T11:30:26+00:00\",\"description\":\"\u00c1rvores de Natal luxuosas decoram o fim de ano europeu; Decora\u00e7\u00f5es \u00fanicas s\u00e3o assinadas por grifes famosas, em alguns dos melhores hot\u00e9is da Europa\",\"breadcrumb\":{\"@id\":\"https:\/\/www.travel3.com.br\/site\/ferias-e-feriados\/arvores-de-natal\/#breadcrumb\"},\"inLanguage\":\"pt-BR\",\"potentialAction\":[{\"@type\":\"ReadAction\",\"target\":[\"https:\/\/www.travel3.com.br\/site\/ferias-e-feriados\/arvores-de-natal\/\"]}]},{\"@type\":\"ImageObject\",\"inLanguage\":\"pt-BR\",\"@id\":\"https:\/\/www.travel3.com.br\/site\/ferias-e-feriados\/arvores-de-natal\/#primaryimage\",\"url\":\"https:\/\/www.travel3.com.br\/site\/wp-content\/uploads\/2019\/12\/RFH-Hotel-de-Russie-Festive-Decorations-0445-JG-Dec-19_Easy-Resize.com_.jpg\",\"contentUrl\":\"https:\/\/www.travel3.com.br\/site\/wp-content\/uploads\/2019\/12\/RFH-Hotel-de-Russie-Festive-Decorations-0445-JG-Dec-19_Easy-Resize.com_.jpg\",\"width\":1280,\"height\":853,\"caption\":\"Foto: Divulga\u00e7\u00e3o\"},{\"@type\":\"BreadcrumbList\",\"@id\":\"https:\/\/www.travel3.com.br\/site\/ferias-e-feriados\/arvores-de-natal\/#breadcrumb\",\"itemListElement\":[{\"@type\":\"ListItem\",\"position\":1,\"name\":\"In\u00edcio\",\"item\":\"https:\/\/www.travel3.com.br\/site\/\"},{\"@type\":\"ListItem\",\"position\":2,\"name\":\"\u00c1rvores de Natal luxuosas enfeitam o fim de ano europeu\"}]},{\"@type\":\"WebSite\",\"@id\":\"https:\/\/www.travel3.com.br\/site\/#website\",\"url\":\"https:\/\/www.travel3.com.br\/site\/\",\"name\":\"Travel3\",\"description\":\"Lazer + Neg&oacute;cios + Aventura\",\"publisher\":{\"@id\":\"https:\/\/www.travel3.com.br\/site\/#organization\"},\"potentialAction\":[{\"@type\":\"SearchAction\",\"target\":{\"@type\":\"EntryPoint\",\"urlTemplate\":\"https:\/\/www.travel3.com.br\/site\/?s={search_term_string}\"},\"query-input\":{\"@type\":\"PropertyValueSpecification\",\"valueRequired\":true,\"valueName\":\"search_term_string\"}}],\"inLanguage\":\"pt-BR\"},{\"@type\":\"Organization\",\"@id\":\"https:\/\/www.travel3.com.br\/site\/#organization\",\"name\":\"Travel3\",\"url\":\"https:\/\/www.travel3.com.br\/site\/\",\"logo\":{\"@type\":\"ImageObject\",\"inLanguage\":\"pt-BR\",\"@id\":\"https:\/\/www.travel3.com.br\/site\/#\/schema\/logo\/image\/\",\"url\":\"https:\/\/www.travel3.com.br\/site\/wp-content\/uploads\/2020\/01\/logo-travel3-2020.png\",\"contentUrl\":\"https:\/\/www.travel3.com.br\/site\/wp-content\/uploads\/2020\/01\/logo-travel3-2020.png\",\"width\":232,\"height\":79,\"caption\":\"Travel3\"},\"image\":{\"@id\":\"https:\/\/www.travel3.com.br\/site\/#\/schema\/logo\/image\/\"},\"sameAs\":[\"https:\/\/www.facebook.com\/travel3media\/\",\"https:\/\/www.instagram.com\/revistatravel3\/\",\"https:\/\/www.youtube.com\/channel\/UCno7J4paGBR3VbZQzvoJ9Eg\"]},{\"@type\":\"Person\",\"@id\":\"https:\/\/www.travel3.com.br\/site\/#\/schema\/person\/9cff8daac0a2f1aa0799f827b8aa8308\",\"name\":\"Reda\u00e7\u00e3o Travel3\",\"image\":{\"@type\":\"ImageObject\",\"inLanguage\":\"pt-BR\",\"@id\":\"https:\/\/www.travel3.com.br\/site\/#\/schema\/person\/image\/\",\"url\":\"https:\/\/secure.gravatar.com\/avatar\/6e6125525e1f04b7b8c607d71556e490?s=96&d=mm&r=g\",\"contentUrl\":\"https:\/\/secure.gravatar.com\/avatar\/6e6125525e1f04b7b8c607d71556e490?s=96&d=mm&r=g\",\"caption\":\"Reda\u00e7\u00e3o Travel3\"},\"sameAs\":[\"http:\/\/www.travel3.com.br\"],\"url\":\"https:\/\/www.travel3.com.br\/site\/author\/redacao2\/\"}]}<\/script>\n<!-- \/ Yoast SEO plugin. -->","yoast_head_json":{"title":"\u00c1rvores de Natal luxuosas enfeitam o fim de ano europeu - Travel3","description":"\u00c1rvores de Natal luxuosas decoram o fim de ano europeu; Decora\u00e7\u00f5es \u00fanicas s\u00e3o assinadas por grifes famosas, em alguns dos melhores hot\u00e9is da Europa","robots":{"index":"index","follow":"follow","max-snippet":"max-snippet:-1","max-image-preview":"max-image-preview:large","max-video-preview":"max-video-preview:-1"},"canonical":"https:\/\/www.travel3.com.br\/site\/ferias-e-feriados\/arvores-de-natal\/","og_locale":"pt_BR","og_type":"article","og_title":"\u00c1rvores de Natal luxuosas enfeitam o fim de ano europeu - Travel3","og_description":"\u00c1rvores de Natal luxuosas decoram o fim de ano europeu; Decora\u00e7\u00f5es \u00fanicas s\u00e3o assinadas por grifes famosas, em alguns dos melhores hot\u00e9is da Europa","og_url":"https:\/\/www.travel3.com.br\/site\/ferias-e-feriados\/arvores-de-natal\/","og_site_name":"Travel3","article_publisher":"https:\/\/www.facebook.com\/travel3media\/","article_published_time":"2019-12-20T11:30:26+00:00","og_image":[{"width":1280,"height":853,"url":"https:\/\/www.travel3.com.br\/site\/wp-content\/uploads\/2019\/12\/RFH-Hotel-de-Russie-Festive-Decorations-0445-JG-Dec-19_Easy-Resize.com_.jpg","type":"image\/jpeg"}],"author":"Reda\u00e7\u00e3o Travel3","twitter_card":"summary_large_image","twitter_misc":{"Escrito por":"Reda\u00e7\u00e3o Travel3","Est. tempo de leitura":"3 minutos"},"schema":{"@context":"https:\/\/schema.org","@graph":[{"@type":"Article","@id":"https:\/\/www.travel3.com.br\/site\/ferias-e-feriados\/arvores-de-natal\/#article","isPartOf":{"@id":"https:\/\/www.travel3.com.br\/site\/ferias-e-feriados\/arvores-de-natal\/"},"author":{"name":"Reda\u00e7\u00e3o Travel3","@id":"https:\/\/www.travel3.com.br\/site\/#\/schema\/person\/9cff8daac0a2f1aa0799f827b8aa8308"},"headline":"\u00c1rvores de Natal luxuosas enfeitam o fim de ano europeu","datePublished":"2019-12-20T11:30:26+00:00","mainEntityOfPage":{"@id":"https:\/\/www.travel3.com.br\/site\/ferias-e-feriados\/arvores-de-natal\/"},"wordCount":669,"commentCount":0,"publisher":{"@id":"https:\/\/www.travel3.com.br\/site\/#organization"},"image":{"@id":"https:\/\/www.travel3.com.br\/site\/ferias-e-feriados\/arvores-de-natal\/#primaryimage"},"thumbnailUrl":"https:\/\/www.travel3.com.br\/site\/wp-content\/uploads\/2019\/12\/RFH-Hotel-de-Russie-Festive-Decorations-0445-JG-Dec-19_Easy-Resize.com_.jpg","keywords":["Belgica","Europa","inglaterra","It\u00e1lia","Natal"],"articleSection":["Destaque","Destinos","Europa","F\u00e9rias e Feriados"],"inLanguage":"pt-BR","potentialAction":[{"@type":"CommentAction","name":"Comment","target":["https:\/\/www.travel3.com.br\/site\/ferias-e-feriados\/arvores-de-natal\/#respond"]}]},{"@type":"WebPage","@id":"https:\/\/www.travel3.com.br\/site\/ferias-e-feriados\/arvores-de-natal\/","url":"https:\/\/www.travel3.com.br\/site\/ferias-e-feriados\/arvores-de-natal\/","name":"\u00c1rvores de Natal luxuosas enfeitam o fim de ano europeu - Travel3","isPartOf":{"@id":"https:\/\/www.travel3.com.br\/site\/#website"},"primaryImageOfPage":{"@id":"https:\/\/www.travel3.com.br\/site\/ferias-e-feriados\/arvores-de-natal\/#primaryimage"},"image":{"@id":"https:\/\/www.travel3.com.br\/site\/ferias-e-feriados\/arvores-de-natal\/#primaryimage"},"thumbnailUrl":"https:\/\/www.travel3.com.br\/site\/wp-content\/uploads\/2019\/12\/RFH-Hotel-de-Russie-Festive-Decorations-0445-JG-Dec-19_Easy-Resize.com_.jpg","datePublished":"2019-12-20T11:30:26+00:00","description":"\u00c1rvores de Natal luxuosas decoram o fim de ano europeu; Decora\u00e7\u00f5es \u00fanicas s\u00e3o assinadas por grifes famosas, em alguns dos melhores hot\u00e9is da Europa","breadcrumb":{"@id":"https:\/\/www.travel3.com.br\/site\/ferias-e-feriados\/arvores-de-natal\/#breadcrumb"},"inLanguage":"pt-BR","potentialAction":[{"@type":"ReadAction","target":["https:\/\/www.travel3.com.br\/site\/ferias-e-feriados\/arvores-de-natal\/"]}]},{"@type":"ImageObject","inLanguage":"pt-BR","@id":"https:\/\/www.travel3.com.br\/site\/ferias-e-feriados\/arvores-de-natal\/#primaryimage","url":"https:\/\/www.travel3.com.br\/site\/wp-content\/uploads\/2019\/12\/RFH-Hotel-de-Russie-Festive-Decorations-0445-JG-Dec-19_Easy-Resize.com_.jpg","contentUrl":"https:\/\/www.travel3.com.br\/site\/wp-content\/uploads\/2019\/12\/RFH-Hotel-de-Russie-Festive-Decorations-0445-JG-Dec-19_Easy-Resize.com_.jpg","width":1280,"height":853,"caption":"Foto: Divulga\u00e7\u00e3o"},{"@type":"BreadcrumbList","@id":"https:\/\/www.travel3.com.br\/site\/ferias-e-feriados\/arvores-de-natal\/#breadcrumb","itemListElement":[{"@type":"ListItem","position":1,"name":"In\u00edcio","item":"https:\/\/www.travel3.com.br\/site\/"},{"@type":"ListItem","position":2,"name":"\u00c1rvores de Natal luxuosas enfeitam o fim de ano europeu"}]},{"@type":"WebSite","@id":"https:\/\/www.travel3.com.br\/site\/#website","url":"https:\/\/www.travel3.com.br\/site\/","name":"Travel3","description":"Lazer + Neg&oacute;cios + Aventura","publisher":{"@id":"https:\/\/www.travel3.com.br\/site\/#organization"},"potentialAction":[{"@type":"SearchAction","target":{"@type":"EntryPoint","urlTemplate":"https:\/\/www.travel3.com.br\/site\/?s={search_term_string}"},"query-input":{"@type":"PropertyValueSpecification","valueRequired":true,"valueName":"search_term_string"}}],"inLanguage":"pt-BR"},{"@type":"Organization","@id":"https:\/\/www.travel3.com.br\/site\/#organization","name":"Travel3","url":"https:\/\/www.travel3.com.br\/site\/","logo":{"@type":"ImageObject","inLanguage":"pt-BR","@id":"https:\/\/www.travel3.com.br\/site\/#\/schema\/logo\/image\/","url":"https:\/\/www.travel3.com.br\/site\/wp-content\/uploads\/2020\/01\/logo-travel3-2020.png","contentUrl":"https:\/\/www.travel3.com.br\/site\/wp-content\/uploads\/2020\/01\/logo-travel3-2020.png","width":232,"height":79,"caption":"Travel3"},"image":{"@id":"https:\/\/www.travel3.com.br\/site\/#\/schema\/logo\/image\/"},"sameAs":["https:\/\/www.facebook.com\/travel3media\/","https:\/\/www.instagram.com\/revistatravel3\/","https:\/\/www.youtube.com\/channel\/UCno7J4paGBR3VbZQzvoJ9Eg"]},{"@type":"Person","@id":"https:\/\/www.travel3.com.br\/site\/#\/schema\/person\/9cff8daac0a2f1aa0799f827b8aa8308","name":"Reda\u00e7\u00e3o Travel3","image":{"@type":"ImageObject","inLanguage":"pt-BR","@id":"https:\/\/www.travel3.com.br\/site\/#\/schema\/person\/image\/","url":"https:\/\/secure.gravatar.com\/avatar\/6e6125525e1f04b7b8c607d71556e490?s=96&d=mm&r=g","contentUrl":"https:\/\/secure.gravatar.com\/avatar\/6e6125525e1f04b7b8c607d71556e490?s=96&d=mm&r=g","caption":"Reda\u00e7\u00e3o Travel3"},"sameAs":["http:\/\/www.travel3.com.br"],"url":"https:\/\/www.travel3.com.br\/site\/author\/redacao2\/"}]}},"_links":{"self":[{"href":"https:\/\/www.travel3.com.br\/site\/wp-json\/wp\/v2\/posts\/29613","targetHints":{"allow":["GET"]}}],"collection":[{"href":"https:\/\/www.travel3.com.br\/site\/wp-json\/wp\/v2\/posts"}],"about":[{"href":"https:\/\/www.travel3.com.br\/site\/wp-json\/wp\/v2\/types\/post"}],"author":[{"embeddable":true,"href":"https:\/\/www.travel3.com.br\/site\/wp-json\/wp\/v2\/users\/6"}],"replies":[{"embeddable":true,"href":"https:\/\/www.travel3.com.br\/site\/wp-json\/wp\/v2\/comments?post=29613"}],"version-history":[{"count":4,"href":"https:\/\/www.travel3.com.br\/site\/wp-json\/wp\/v2\/posts\/29613\/revisions"}],"predecessor-version":[{"id":29678,"href":"https:\/\/www.travel3.com.br\/site\/wp-json\/wp\/v2\/posts\/29613\/revisions\/29678"}],"wp:featuredmedia":[{"embeddable":true,"href":"https:\/\/www.travel3.com.br\/site\/wp-json\/wp\/v2\/media\/29615"}],"wp:attachment":[{"href":"https:\/\/www.travel3.com.br\/site\/wp-json\/wp\/v2\/media?parent=29613"}],"wp:term":[{"taxonomy":"category","embeddable":true,"href":"https:\/\/www.travel3.com.br\/site\/wp-json\/wp\/v2\/categories?post=29613"},{"taxonomy":"post_tag","embeddable":true,"href":"https:\/\/www.travel3.com.br\/site\/wp-json\/wp\/v2\/tags?post=29613"}],"curies":[{"name":"wp","href":"https:\/\/api.w.org\/{rel}","templated":true}]}}