{"id":2949,"date":"2017-09-05T07:15:36","date_gmt":"2017-09-05T07:15:36","guid":{"rendered":"http:\/\/www.travel3.com.br\/site\/ir-e-vir\/ar\/na-argentina-avianca-estreara-em-marco-com-puerto-madryn\/"},"modified":"2017-09-12T18:08:50","modified_gmt":"2017-09-12T18:08:50","slug":"na-argentina-avianca-estreara-em-marco-com-puerto-madryn","status":"publish","type":"post","link":"https:\/\/www.travel3.com.br\/site\/sem-categoria\/na-argentina-avianca-estreara-em-marco-com-puerto-madryn\/","title":{"rendered":"NA ARGENTINA, AVIANCA ESTREAR\u00c1 EM MAR\u00c7O COM PUERTO MADRYN"},"content":{"rendered":"<p><span style=\"color: #40acad; font-family: -apple-system, system-ui, 'Segoe UI', Roboto, Oxygen-Sans, Ubuntu, Cantarell, 'Helvetica Neue', sans-serif; font-size: 12px; font-weight: bold;\"><\/p>\n<p style=\"text-align:justify\">A partir de mar\u00e7o \u2013 falta definir apenas a data, mas ser\u00e1 na segunda quinzena do m\u00eas \u2013 a Avian \u2013 Avianca Argentina- subsidi\u00e1ria da companhia internacional com sede na Colombia, iniciar\u00e1 opera\u00e7\u00f5es como uma das novas empresas a\u00e9reas na nova pol\u00edtica setorial do vizinho pais.<\/p>\n<p style=\"text-align:justify\">A primeira rota utilizando um dos 12 avi\u00f5es ATR 72-600 (72 lugares)\u00a0 adquiridos para a sua opera\u00e7\u00e3o ser\u00e1 com Puerto Madryn, na regi\u00e3o patag\u00f4nica, e o Aeroparque, no centro de Buenos Aires, com um voo di\u00e1rio.\u00a0<\/p>\n<p style=\"text-align:justify\"><a class=\"fancybox-media\" href=\"..\/_uploads\/_noticia\/2017-01\/puertomadrynpinguins.jpg\" rel=\"portfolio\"><img decoding=\"async\" alt=\"\" src=\"..\/_uploads\/_noticia\/2017-01\/puertomadrynpinguins.jpg\" \/><\/a><\/p>\n<p style=\"text-align:justify\"><strong>Puerto Madryn permite o acesso \u00e0 Peninsula Valdez onde h\u00e1 o espet\u00e1culo conjugado, parte do ano \u00e9 o reino dos pinguins em seu acasalamento, em outra \u00e9 a vez das gigantes baleias que v\u00e3o acompanhar os pri meiros meses de seus filhotes<\/strong><\/p>\n<p style=\"text-align:justify\"><a class=\"fancybox-media\" href=\"..\/_uploads\/_noticia\/2017-01\/puertomadrynpenvaldezbaleias.jpg\" rel=\"portfolio\"><img decoding=\"async\" alt=\"\" src=\"..\/_uploads\/_noticia\/2017-01\/puertomadrynpenvaldezbaleias.jpg\" \/><\/a><\/p>\n<p style=\"text-align:justify\">Um segundo voo tamb\u00e9m est\u00e1 previsto mas ainda sem\u00a0 a confirma\u00e7\u00e3o\u00a0 de imediato. O potencial de atrativos turisticos da regi\u00e3o, com aspectos incr\u00edveis da Natureza, \u00e9 um dos grandes atributos para alavancar esta primeira rota dom\u00e9stica da Avianca Argentina.<\/p>\n<p style=\"text-align:justify\">A id\u00e9ia da companhia \u00e9 avan\u00e7ar gradativamente nas rotas pelo interior, incluindo em uma segunda etapa a conex\u00e3o com Comodoro Rivadavia e Bahia Blanca.<\/p>\n<p style=\"text-align:justify\">Entre os projetos da Avian tamb\u00e9m est\u00e1 um voo com o Sul do Brasil, nas op\u00e7\u00f5es entre Florian\u00f3polis e Porto Alegre.<\/p>\n<p>\u00a0<\/p>\n<p>\u00a0<\/p>\n<p><\/span><\/p>\n","protected":false},"excerpt":{"rendered":"<p>Com o nome de Avian e bandeira argentina, empresa ter\u00e1 12 avi\u00f5es ATR 72-600 e foco no interior do Pais, al\u00e9m de liga\u00e7\u00e3o com o Brasil<\/p>\n","protected":false},"author":1,"featured_media":0,"comment_status":"open","ping_status":"open","sticky":false,"template":"","format":"standard","meta":{"footnotes":""},"categories":[],"tags":[],"class_list":["post-2949","post","type-post","status-publish","format-standard","hentry"],"yoast_head":"<!-- This site is optimized with the Yoast SEO plugin v26.2 - https:\/\/yoast.com\/wordpress\/plugins\/seo\/ -->\n<title>NA ARGENTINA, AVIANCA ESTREAR\u00c1 EM MAR\u00c7O COM PUERTO MADRYN - Travel3<\/title>\n<meta name=\"description\" content=\"A TRAVEL3 \u00e9 um portal de conte\u00fado voltado para o turismo, encontre destinos, viagens, hospedagem, passagens, guias, not\u00edcias sobre o mercado do turismo, dicas de viagem, v\u00eddeos e podcast.\" \/>\n<meta name=\"robots\" content=\"index, follow, max-snippet:-1, max-image-preview:large, max-video-preview:-1\" \/>\n<link rel=\"canonical\" href=\"https:\/\/www.travel3.com.br\/site\/sem-categoria\/na-argentina-avianca-estreara-em-marco-com-puerto-madryn\/\" \/>\n<meta property=\"og:locale\" content=\"pt_BR\" \/>\n<meta property=\"og:type\" content=\"article\" \/>\n<meta property=\"og:title\" content=\"NA ARGENTINA, AVIANCA ESTREAR\u00c1 EM MAR\u00c7O COM PUERTO MADRYN - Travel3\" \/>\n<meta property=\"og:description\" content=\"A TRAVEL3 \u00e9 um portal de conte\u00fado voltado para o turismo, encontre destinos, viagens, hospedagem, passagens, guias, not\u00edcias sobre o mercado do turismo, dicas de viagem, v\u00eddeos e podcast.\" \/>\n<meta property=\"og:url\" content=\"https:\/\/www.travel3.com.br\/site\/sem-categoria\/na-argentina-avianca-estreara-em-marco-com-puerto-madryn\/\" \/>\n<meta property=\"og:site_name\" content=\"Travel3\" \/>\n<meta property=\"article:publisher\" content=\"https:\/\/www.facebook.com\/travel3media\/\" \/>\n<meta property=\"article:published_time\" content=\"2017-09-05T07:15:36+00:00\" \/>\n<meta property=\"article:modified_time\" content=\"2017-09-12T18:08:50+00:00\" \/>\n<meta name=\"author\" content=\"admin\" \/>\n<meta name=\"twitter:card\" content=\"summary_large_image\" \/>\n<meta name=\"twitter:label1\" content=\"Escrito por\" \/>\n\t<meta name=\"twitter:data1\" content=\"admin\" \/>\n\t<meta name=\"twitter:label2\" content=\"Est. tempo de leitura\" \/>\n\t<meta name=\"twitter:data2\" content=\"1 minuto\" \/>\n<script type=\"application\/ld+json\" class=\"yoast-schema-graph\">{\"@context\":\"https:\/\/schema.org\",\"@graph\":[{\"@type\":\"Article\",\"@id\":\"https:\/\/www.travel3.com.br\/site\/sem-categoria\/na-argentina-avianca-estreara-em-marco-com-puerto-madryn\/#article\",\"isPartOf\":{\"@id\":\"https:\/\/www.travel3.com.br\/site\/sem-categoria\/na-argentina-avianca-estreara-em-marco-com-puerto-madryn\/\"},\"author\":{\"name\":\"admin\",\"@id\":\"https:\/\/www.travel3.com.br\/site\/#\/schema\/person\/a69d71e41a024999b6ab82369ac0bd1e\"},\"headline\":\"NA ARGENTINA, AVIANCA ESTREAR\u00c1 EM MAR\u00c7O COM PUERTO MADRYN\",\"datePublished\":\"2017-09-05T07:15:36+00:00\",\"dateModified\":\"2017-09-12T18:08:50+00:00\",\"mainEntityOfPage\":{\"@id\":\"https:\/\/www.travel3.com.br\/site\/sem-categoria\/na-argentina-avianca-estreara-em-marco-com-puerto-madryn\/\"},\"wordCount\":232,\"commentCount\":0,\"publisher\":{\"@id\":\"https:\/\/www.travel3.com.br\/site\/#organization\"},\"inLanguage\":\"pt-BR\",\"potentialAction\":[{\"@type\":\"CommentAction\",\"name\":\"Comment\",\"target\":[\"https:\/\/www.travel3.com.br\/site\/sem-categoria\/na-argentina-avianca-estreara-em-marco-com-puerto-madryn\/#respond\"]}]},{\"@type\":\"WebPage\",\"@id\":\"https:\/\/www.travel3.com.br\/site\/sem-categoria\/na-argentina-avianca-estreara-em-marco-com-puerto-madryn\/\",\"url\":\"https:\/\/www.travel3.com.br\/site\/sem-categoria\/na-argentina-avianca-estreara-em-marco-com-puerto-madryn\/\",\"name\":\"NA ARGENTINA, AVIANCA ESTREAR\u00c1 EM MAR\u00c7O COM PUERTO MADRYN - Travel3\",\"isPartOf\":{\"@id\":\"https:\/\/www.travel3.com.br\/site\/#website\"},\"datePublished\":\"2017-09-05T07:15:36+00:00\",\"dateModified\":\"2017-09-12T18:08:50+00:00\",\"description\":\"A TRAVEL3 \u00e9 um portal de conte\u00fado voltado para o turismo, encontre destinos, viagens, hospedagem, passagens, guias, not\u00edcias sobre o mercado do turismo, dicas de viagem, v\u00eddeos e podcast.\",\"breadcrumb\":{\"@id\":\"https:\/\/www.travel3.com.br\/site\/sem-categoria\/na-argentina-avianca-estreara-em-marco-com-puerto-madryn\/#breadcrumb\"},\"inLanguage\":\"pt-BR\",\"potentialAction\":[{\"@type\":\"ReadAction\",\"target\":[\"https:\/\/www.travel3.com.br\/site\/sem-categoria\/na-argentina-avianca-estreara-em-marco-com-puerto-madryn\/\"]}]},{\"@type\":\"BreadcrumbList\",\"@id\":\"https:\/\/www.travel3.com.br\/site\/sem-categoria\/na-argentina-avianca-estreara-em-marco-com-puerto-madryn\/#breadcrumb\",\"itemListElement\":[{\"@type\":\"ListItem\",\"position\":1,\"name\":\"In\u00edcio\",\"item\":\"https:\/\/www.travel3.com.br\/site\/\"},{\"@type\":\"ListItem\",\"position\":2,\"name\":\"NA ARGENTINA, AVIANCA ESTREAR\u00c1 EM MAR\u00c7O COM PUERTO MADRYN\"}]},{\"@type\":\"WebSite\",\"@id\":\"https:\/\/www.travel3.com.br\/site\/#website\",\"url\":\"https:\/\/www.travel3.com.br\/site\/\",\"name\":\"Travel3\",\"description\":\"Lazer + Neg&oacute;cios + Aventura\",\"publisher\":{\"@id\":\"https:\/\/www.travel3.com.br\/site\/#organization\"},\"potentialAction\":[{\"@type\":\"SearchAction\",\"target\":{\"@type\":\"EntryPoint\",\"urlTemplate\":\"https:\/\/www.travel3.com.br\/site\/?s={search_term_string}\"},\"query-input\":{\"@type\":\"PropertyValueSpecification\",\"valueRequired\":true,\"valueName\":\"search_term_string\"}}],\"inLanguage\":\"pt-BR\"},{\"@type\":\"Organization\",\"@id\":\"https:\/\/www.travel3.com.br\/site\/#organization\",\"name\":\"Travel3\",\"url\":\"https:\/\/www.travel3.com.br\/site\/\",\"logo\":{\"@type\":\"ImageObject\",\"inLanguage\":\"pt-BR\",\"@id\":\"https:\/\/www.travel3.com.br\/site\/#\/schema\/logo\/image\/\",\"url\":\"https:\/\/www.travel3.com.br\/site\/wp-content\/uploads\/2020\/01\/logo-travel3-2020.png\",\"contentUrl\":\"https:\/\/www.travel3.com.br\/site\/wp-content\/uploads\/2020\/01\/logo-travel3-2020.png\",\"width\":232,\"height\":79,\"caption\":\"Travel3\"},\"image\":{\"@id\":\"https:\/\/www.travel3.com.br\/site\/#\/schema\/logo\/image\/\"},\"sameAs\":[\"https:\/\/www.facebook.com\/travel3media\/\",\"https:\/\/www.instagram.com\/revistatravel3\/\",\"https:\/\/www.youtube.com\/channel\/UCno7J4paGBR3VbZQzvoJ9Eg\"]},{\"@type\":\"Person\",\"@id\":\"https:\/\/www.travel3.com.br\/site\/#\/schema\/person\/a69d71e41a024999b6ab82369ac0bd1e\",\"name\":\"admin\",\"image\":{\"@type\":\"ImageObject\",\"inLanguage\":\"pt-BR\",\"@id\":\"https:\/\/www.travel3.com.br\/site\/#\/schema\/person\/image\/\",\"url\":\"https:\/\/secure.gravatar.com\/avatar\/732a67adfd764da2a47ba10ce731c4c0?s=96&d=mm&r=g\",\"contentUrl\":\"https:\/\/secure.gravatar.com\/avatar\/732a67adfd764da2a47ba10ce731c4c0?s=96&d=mm&r=g\",\"caption\":\"admin\"},\"url\":\"https:\/\/www.travel3.com.br\/site\/author\/admin\/\"}]}<\/script>\n<!-- \/ Yoast SEO plugin. -->","yoast_head_json":{"title":"NA ARGENTINA, AVIANCA ESTREAR\u00c1 EM MAR\u00c7O COM PUERTO MADRYN - Travel3","description":"A TRAVEL3 \u00e9 um portal de conte\u00fado voltado para o turismo, encontre destinos, viagens, hospedagem, passagens, guias, not\u00edcias sobre o mercado do turismo, dicas de viagem, v\u00eddeos e podcast.","robots":{"index":"index","follow":"follow","max-snippet":"max-snippet:-1","max-image-preview":"max-image-preview:large","max-video-preview":"max-video-preview:-1"},"canonical":"https:\/\/www.travel3.com.br\/site\/sem-categoria\/na-argentina-avianca-estreara-em-marco-com-puerto-madryn\/","og_locale":"pt_BR","og_type":"article","og_title":"NA ARGENTINA, AVIANCA ESTREAR\u00c1 EM MAR\u00c7O COM PUERTO MADRYN - Travel3","og_description":"A TRAVEL3 \u00e9 um portal de conte\u00fado voltado para o turismo, encontre destinos, viagens, hospedagem, passagens, guias, not\u00edcias sobre o mercado do turismo, dicas de viagem, v\u00eddeos e podcast.","og_url":"https:\/\/www.travel3.com.br\/site\/sem-categoria\/na-argentina-avianca-estreara-em-marco-com-puerto-madryn\/","og_site_name":"Travel3","article_publisher":"https:\/\/www.facebook.com\/travel3media\/","article_published_time":"2017-09-05T07:15:36+00:00","article_modified_time":"2017-09-12T18:08:50+00:00","author":"admin","twitter_card":"summary_large_image","twitter_misc":{"Escrito por":"admin","Est. tempo de leitura":"1 minuto"},"schema":{"@context":"https:\/\/schema.org","@graph":[{"@type":"Article","@id":"https:\/\/www.travel3.com.br\/site\/sem-categoria\/na-argentina-avianca-estreara-em-marco-com-puerto-madryn\/#article","isPartOf":{"@id":"https:\/\/www.travel3.com.br\/site\/sem-categoria\/na-argentina-avianca-estreara-em-marco-com-puerto-madryn\/"},"author":{"name":"admin","@id":"https:\/\/www.travel3.com.br\/site\/#\/schema\/person\/a69d71e41a024999b6ab82369ac0bd1e"},"headline":"NA ARGENTINA, AVIANCA ESTREAR\u00c1 EM MAR\u00c7O COM PUERTO MADRYN","datePublished":"2017-09-05T07:15:36+00:00","dateModified":"2017-09-12T18:08:50+00:00","mainEntityOfPage":{"@id":"https:\/\/www.travel3.com.br\/site\/sem-categoria\/na-argentina-avianca-estreara-em-marco-com-puerto-madryn\/"},"wordCount":232,"commentCount":0,"publisher":{"@id":"https:\/\/www.travel3.com.br\/site\/#organization"},"inLanguage":"pt-BR","potentialAction":[{"@type":"CommentAction","name":"Comment","target":["https:\/\/www.travel3.com.br\/site\/sem-categoria\/na-argentina-avianca-estreara-em-marco-com-puerto-madryn\/#respond"]}]},{"@type":"WebPage","@id":"https:\/\/www.travel3.com.br\/site\/sem-categoria\/na-argentina-avianca-estreara-em-marco-com-puerto-madryn\/","url":"https:\/\/www.travel3.com.br\/site\/sem-categoria\/na-argentina-avianca-estreara-em-marco-com-puerto-madryn\/","name":"NA ARGENTINA, AVIANCA ESTREAR\u00c1 EM MAR\u00c7O COM PUERTO MADRYN - Travel3","isPartOf":{"@id":"https:\/\/www.travel3.com.br\/site\/#website"},"datePublished":"2017-09-05T07:15:36+00:00","dateModified":"2017-09-12T18:08:50+00:00","description":"A TRAVEL3 \u00e9 um portal de conte\u00fado voltado para o turismo, encontre destinos, viagens, hospedagem, passagens, guias, not\u00edcias sobre o mercado do turismo, dicas de viagem, v\u00eddeos e podcast.","breadcrumb":{"@id":"https:\/\/www.travel3.com.br\/site\/sem-categoria\/na-argentina-avianca-estreara-em-marco-com-puerto-madryn\/#breadcrumb"},"inLanguage":"pt-BR","potentialAction":[{"@type":"ReadAction","target":["https:\/\/www.travel3.com.br\/site\/sem-categoria\/na-argentina-avianca-estreara-em-marco-com-puerto-madryn\/"]}]},{"@type":"BreadcrumbList","@id":"https:\/\/www.travel3.com.br\/site\/sem-categoria\/na-argentina-avianca-estreara-em-marco-com-puerto-madryn\/#breadcrumb","itemListElement":[{"@type":"ListItem","position":1,"name":"In\u00edcio","item":"https:\/\/www.travel3.com.br\/site\/"},{"@type":"ListItem","position":2,"name":"NA ARGENTINA, AVIANCA ESTREAR\u00c1 EM MAR\u00c7O COM PUERTO MADRYN"}]},{"@type":"WebSite","@id":"https:\/\/www.travel3.com.br\/site\/#website","url":"https:\/\/www.travel3.com.br\/site\/","name":"Travel3","description":"Lazer + Neg&oacute;cios + Aventura","publisher":{"@id":"https:\/\/www.travel3.com.br\/site\/#organization"},"potentialAction":[{"@type":"SearchAction","target":{"@type":"EntryPoint","urlTemplate":"https:\/\/www.travel3.com.br\/site\/?s={search_term_string}"},"query-input":{"@type":"PropertyValueSpecification","valueRequired":true,"valueName":"search_term_string"}}],"inLanguage":"pt-BR"},{"@type":"Organization","@id":"https:\/\/www.travel3.com.br\/site\/#organization","name":"Travel3","url":"https:\/\/www.travel3.com.br\/site\/","logo":{"@type":"ImageObject","inLanguage":"pt-BR","@id":"https:\/\/www.travel3.com.br\/site\/#\/schema\/logo\/image\/","url":"https:\/\/www.travel3.com.br\/site\/wp-content\/uploads\/2020\/01\/logo-travel3-2020.png","contentUrl":"https:\/\/www.travel3.com.br\/site\/wp-content\/uploads\/2020\/01\/logo-travel3-2020.png","width":232,"height":79,"caption":"Travel3"},"image":{"@id":"https:\/\/www.travel3.com.br\/site\/#\/schema\/logo\/image\/"},"sameAs":["https:\/\/www.facebook.com\/travel3media\/","https:\/\/www.instagram.com\/revistatravel3\/","https:\/\/www.youtube.com\/channel\/UCno7J4paGBR3VbZQzvoJ9Eg"]},{"@type":"Person","@id":"https:\/\/www.travel3.com.br\/site\/#\/schema\/person\/a69d71e41a024999b6ab82369ac0bd1e","name":"admin","image":{"@type":"ImageObject","inLanguage":"pt-BR","@id":"https:\/\/www.travel3.com.br\/site\/#\/schema\/person\/image\/","url":"https:\/\/secure.gravatar.com\/avatar\/732a67adfd764da2a47ba10ce731c4c0?s=96&d=mm&r=g","contentUrl":"https:\/\/secure.gravatar.com\/avatar\/732a67adfd764da2a47ba10ce731c4c0?s=96&d=mm&r=g","caption":"admin"},"url":"https:\/\/www.travel3.com.br\/site\/author\/admin\/"}]}},"_links":{"self":[{"href":"https:\/\/www.travel3.com.br\/site\/wp-json\/wp\/v2\/posts\/2949","targetHints":{"allow":["GET"]}}],"collection":[{"href":"https:\/\/www.travel3.com.br\/site\/wp-json\/wp\/v2\/posts"}],"about":[{"href":"https:\/\/www.travel3.com.br\/site\/wp-json\/wp\/v2\/types\/post"}],"author":[{"embeddable":true,"href":"https:\/\/www.travel3.com.br\/site\/wp-json\/wp\/v2\/users\/1"}],"replies":[{"embeddable":true,"href":"https:\/\/www.travel3.com.br\/site\/wp-json\/wp\/v2\/comments?post=2949"}],"version-history":[{"count":1,"href":"https:\/\/www.travel3.com.br\/site\/wp-json\/wp\/v2\/posts\/2949\/revisions"}],"predecessor-version":[{"id":3746,"href":"https:\/\/www.travel3.com.br\/site\/wp-json\/wp\/v2\/posts\/2949\/revisions\/3746"}],"wp:attachment":[{"href":"https:\/\/www.travel3.com.br\/site\/wp-json\/wp\/v2\/media?parent=2949"}],"wp:term":[{"taxonomy":"category","embeddable":true,"href":"https:\/\/www.travel3.com.br\/site\/wp-json\/wp\/v2\/categories?post=2949"},{"taxonomy":"post_tag","embeddable":true,"href":"https:\/\/www.travel3.com.br\/site\/wp-json\/wp\/v2\/tags?post=2949"}],"curies":[{"name":"wp","href":"https:\/\/api.w.org\/{rel}","templated":true}]}}