{"id":2934,"date":"2017-08-19T12:35:46","date_gmt":"2017-08-19T12:35:46","guid":{"rendered":"http:\/\/www.travel3.com.br\/site\/ir-e-vir\/ar\/embratur-e-mtur-nas-acoes-dentro-do-ambiente-da-fitur\/"},"modified":"2017-09-12T18:08:34","modified_gmt":"2017-09-12T18:08:34","slug":"embratur-e-mtur-nas-acoes-dentro-do-ambiente-da-fitur","status":"publish","type":"post","link":"https:\/\/www.travel3.com.br\/site\/sem-categoria\/embratur-e-mtur-nas-acoes-dentro-do-ambiente-da-fitur\/","title":{"rendered":"EMBRATUR E MTUR NAS A\u00c7\u00d5ES DENTRO DO AMBIENTE DA FITUR"},"content":{"rendered":"<p><span style=\"color: #40acad; font-family: -apple-system, system-ui, 'Segoe UI', Roboto, Oxygen-Sans, Ubuntu, Cantarell, 'Helvetica Neue', sans-serif; font-size: 12px; font-weight: bold;\"><\/p>\n<p style=\"text-align:justify\"><a class=\"fancybox-media\" href=\"..\/_uploads\/_noticia\/2017-01\/image002--51-.jpg\" rel=\"portfolio\"><img decoding=\"async\" alt=\"\" src=\"..\/_uploads\/_noticia\/2017-01\/image002--51-.jpg\" \/><\/a><strong>Diante do pr\u00e9dio sede da OMT em Madri, Vinicius Lummertz, o ministro Max Beltr\u00e3o e o embaixador brasileiro na Espanha, Antonio Sim\u00f5es (Foto: Divulga\u00e7\u00e3o)<\/strong><\/p>\n<p style=\"text-align:justify\">MADRI\u00a0\u2013 A feira que come\u00e7ou hoje na capital espanhola, considerada como o 2<sup>o<\/sup>\u00a0maior evento mundial e o 1<sup>o<\/sup> para o mercado latino, tem muita import\u00e2ncia para o turismo brasileiro. Para MTur e Embratur (Instituto Brasileiro de Turismo) esta\u00a0\u00e9 a 1<sup>a<\/sup> grande a\u00e7\u00e3o de 2017 e a agenda da comitiva brasileira, que conta com o Vinicius Lummertz e o ministro do Turismo, Marx Beltr\u00e3o, come\u00e7ou com a participa\u00e7\u00e3o na 20<sup>a<\/sup>\u00a0Cimet (Confer\u00eancia Ibero-americana de Ministros e Empres\u00e1rios de Turismo).<\/p>\n<p style=\"text-align:justify\">Lummertz comentou que a competitividade faz parte da estrat\u00e9gia de marketing de cada pa\u00eds e que todos est\u00e3o na corrida em busca de atrair mais turistas. Encara essa disputa de uma forma salutar, e lembra que em muitos casos os pa\u00edses t\u00eam que se unir para enfrentar concorrentes mais fortes:<\/p>\n<p style=\"text-align:justify\">&#8220;Apesar da competi\u00e7\u00e3o, continuo acreditando que vale a pena nos unirmos, em especial quando se trata de turistas de pa\u00edses remotos&#8221;, afirmou o presidente da Embratur.<\/p>\n<p style=\"text-align:justify\">O presidente da Embratur disse que pretende continuar a investir em campanhas nos pa\u00edses da Am\u00e9rica do Sul, ao mesmo tempo que vai estreitar parcerias com esses pa\u00edses para buscar turistas que venham da \u00c1sia, por exemplo, e passem por dois ou tr\u00eas pa\u00edses do continente.<\/p>\n<p style=\"text-align:justify\">Nesta semana da Fitur, a Espanha comemora mais uma vez este encontro e os n\u00fameros espetaculares que obteve no ano passado. Em 2016, a Espanha bateu o recorde de visitantes estrangeiros, \u00a0chegou aos mais de 77 bilh\u00f5es de euros arrecadados nos gastos gerados.<\/p>\n<p style=\"text-align:justify\">A Espanha \u00e9 11\u00ba maior emissor de turistas para o Brasil. Entre os destinos mais visitados, os espanh\u00f3is t\u00eam prefer\u00eancia especial pelo Rio de Janeiro, Foz do Igua\u00e7u, S\u00e3o Paulo e Parati (RJ), quando se trata de viagem a lazer. A Espanha possui\u00a0mais de 30 voos semanais para o Brasil, \u00a0dispon\u00edveis para S\u00e3o Paulo, Rio de Janeiro e Salvador. Isto representa mais de 8600 lugares \u00a0para trazer turistas da Europa.<\/p>\n<p style=\"text-align:justify\">A expectativa \u00e9 de que mais de 230 mil pessoas passem pelo estande do Brasil na feira.<\/p>\n<p><\/span><\/p>\n","protected":false},"excerpt":{"rendered":"<p>Al\u00e9m de participa\u00e7\u00e3o na feira espanhola, organismos brasileiros t\u00eam agenda de encontros para tratativas do turismo internacional<\/p>\n","protected":false},"author":1,"featured_media":0,"comment_status":"open","ping_status":"open","sticky":false,"template":"","format":"standard","meta":{"footnotes":""},"categories":[],"tags":[],"class_list":["post-2934","post","type-post","status-publish","format-standard","hentry"],"yoast_head":"<!-- This site is optimized with the Yoast SEO plugin v26.2 - https:\/\/yoast.com\/wordpress\/plugins\/seo\/ -->\n<title>EMBRATUR E MTUR NAS A\u00c7\u00d5ES DENTRO DO AMBIENTE DA FITUR - Travel3<\/title>\n<meta name=\"description\" content=\"A TRAVEL3 \u00e9 um portal de conte\u00fado voltado para o turismo, encontre destinos, viagens, hospedagem, passagens, guias, not\u00edcias sobre o mercado do turismo, dicas de viagem, v\u00eddeos e podcast.\" \/>\n<meta name=\"robots\" content=\"index, follow, max-snippet:-1, max-image-preview:large, max-video-preview:-1\" \/>\n<link rel=\"canonical\" href=\"https:\/\/www.travel3.com.br\/site\/sem-categoria\/embratur-e-mtur-nas-acoes-dentro-do-ambiente-da-fitur\/\" \/>\n<meta property=\"og:locale\" content=\"pt_BR\" \/>\n<meta property=\"og:type\" content=\"article\" \/>\n<meta property=\"og:title\" content=\"EMBRATUR E MTUR NAS A\u00c7\u00d5ES DENTRO DO AMBIENTE DA FITUR - Travel3\" \/>\n<meta property=\"og:description\" content=\"A TRAVEL3 \u00e9 um portal de conte\u00fado voltado para o turismo, encontre destinos, viagens, hospedagem, passagens, guias, not\u00edcias sobre o mercado do turismo, dicas de viagem, v\u00eddeos e podcast.\" \/>\n<meta property=\"og:url\" content=\"https:\/\/www.travel3.com.br\/site\/sem-categoria\/embratur-e-mtur-nas-acoes-dentro-do-ambiente-da-fitur\/\" \/>\n<meta property=\"og:site_name\" content=\"Travel3\" \/>\n<meta property=\"article:publisher\" content=\"https:\/\/www.facebook.com\/travel3media\/\" \/>\n<meta property=\"article:published_time\" content=\"2017-08-19T12:35:46+00:00\" \/>\n<meta property=\"article:modified_time\" content=\"2017-09-12T18:08:34+00:00\" \/>\n<meta name=\"author\" content=\"admin\" \/>\n<meta name=\"twitter:card\" content=\"summary_large_image\" \/>\n<meta name=\"twitter:label1\" content=\"Escrito por\" \/>\n\t<meta name=\"twitter:data1\" content=\"admin\" \/>\n\t<meta name=\"twitter:label2\" content=\"Est. tempo de leitura\" \/>\n\t<meta name=\"twitter:data2\" content=\"2 minutos\" \/>\n<script type=\"application\/ld+json\" class=\"yoast-schema-graph\">{\"@context\":\"https:\/\/schema.org\",\"@graph\":[{\"@type\":\"Article\",\"@id\":\"https:\/\/www.travel3.com.br\/site\/sem-categoria\/embratur-e-mtur-nas-acoes-dentro-do-ambiente-da-fitur\/#article\",\"isPartOf\":{\"@id\":\"https:\/\/www.travel3.com.br\/site\/sem-categoria\/embratur-e-mtur-nas-acoes-dentro-do-ambiente-da-fitur\/\"},\"author\":{\"name\":\"admin\",\"@id\":\"https:\/\/www.travel3.com.br\/site\/#\/schema\/person\/a69d71e41a024999b6ab82369ac0bd1e\"},\"headline\":\"EMBRATUR E MTUR NAS A\u00c7\u00d5ES DENTRO DO AMBIENTE DA FITUR\",\"datePublished\":\"2017-08-19T12:35:46+00:00\",\"dateModified\":\"2017-09-12T18:08:34+00:00\",\"mainEntityOfPage\":{\"@id\":\"https:\/\/www.travel3.com.br\/site\/sem-categoria\/embratur-e-mtur-nas-acoes-dentro-do-ambiente-da-fitur\/\"},\"wordCount\":391,\"commentCount\":0,\"publisher\":{\"@id\":\"https:\/\/www.travel3.com.br\/site\/#organization\"},\"inLanguage\":\"pt-BR\",\"potentialAction\":[{\"@type\":\"CommentAction\",\"name\":\"Comment\",\"target\":[\"https:\/\/www.travel3.com.br\/site\/sem-categoria\/embratur-e-mtur-nas-acoes-dentro-do-ambiente-da-fitur\/#respond\"]}]},{\"@type\":\"WebPage\",\"@id\":\"https:\/\/www.travel3.com.br\/site\/sem-categoria\/embratur-e-mtur-nas-acoes-dentro-do-ambiente-da-fitur\/\",\"url\":\"https:\/\/www.travel3.com.br\/site\/sem-categoria\/embratur-e-mtur-nas-acoes-dentro-do-ambiente-da-fitur\/\",\"name\":\"EMBRATUR E MTUR NAS A\u00c7\u00d5ES DENTRO DO AMBIENTE DA FITUR - Travel3\",\"isPartOf\":{\"@id\":\"https:\/\/www.travel3.com.br\/site\/#website\"},\"datePublished\":\"2017-08-19T12:35:46+00:00\",\"dateModified\":\"2017-09-12T18:08:34+00:00\",\"description\":\"A TRAVEL3 \u00e9 um portal de conte\u00fado voltado para o turismo, encontre destinos, viagens, hospedagem, passagens, guias, not\u00edcias sobre o mercado do turismo, dicas de viagem, v\u00eddeos e podcast.\",\"breadcrumb\":{\"@id\":\"https:\/\/www.travel3.com.br\/site\/sem-categoria\/embratur-e-mtur-nas-acoes-dentro-do-ambiente-da-fitur\/#breadcrumb\"},\"inLanguage\":\"pt-BR\",\"potentialAction\":[{\"@type\":\"ReadAction\",\"target\":[\"https:\/\/www.travel3.com.br\/site\/sem-categoria\/embratur-e-mtur-nas-acoes-dentro-do-ambiente-da-fitur\/\"]}]},{\"@type\":\"BreadcrumbList\",\"@id\":\"https:\/\/www.travel3.com.br\/site\/sem-categoria\/embratur-e-mtur-nas-acoes-dentro-do-ambiente-da-fitur\/#breadcrumb\",\"itemListElement\":[{\"@type\":\"ListItem\",\"position\":1,\"name\":\"In\u00edcio\",\"item\":\"https:\/\/www.travel3.com.br\/site\/\"},{\"@type\":\"ListItem\",\"position\":2,\"name\":\"EMBRATUR E MTUR NAS A\u00c7\u00d5ES DENTRO DO AMBIENTE DA FITUR\"}]},{\"@type\":\"WebSite\",\"@id\":\"https:\/\/www.travel3.com.br\/site\/#website\",\"url\":\"https:\/\/www.travel3.com.br\/site\/\",\"name\":\"Travel3\",\"description\":\"Lazer + Neg&oacute;cios + Aventura\",\"publisher\":{\"@id\":\"https:\/\/www.travel3.com.br\/site\/#organization\"},\"potentialAction\":[{\"@type\":\"SearchAction\",\"target\":{\"@type\":\"EntryPoint\",\"urlTemplate\":\"https:\/\/www.travel3.com.br\/site\/?s={search_term_string}\"},\"query-input\":{\"@type\":\"PropertyValueSpecification\",\"valueRequired\":true,\"valueName\":\"search_term_string\"}}],\"inLanguage\":\"pt-BR\"},{\"@type\":\"Organization\",\"@id\":\"https:\/\/www.travel3.com.br\/site\/#organization\",\"name\":\"Travel3\",\"url\":\"https:\/\/www.travel3.com.br\/site\/\",\"logo\":{\"@type\":\"ImageObject\",\"inLanguage\":\"pt-BR\",\"@id\":\"https:\/\/www.travel3.com.br\/site\/#\/schema\/logo\/image\/\",\"url\":\"https:\/\/www.travel3.com.br\/site\/wp-content\/uploads\/2020\/01\/logo-travel3-2020.png\",\"contentUrl\":\"https:\/\/www.travel3.com.br\/site\/wp-content\/uploads\/2020\/01\/logo-travel3-2020.png\",\"width\":232,\"height\":79,\"caption\":\"Travel3\"},\"image\":{\"@id\":\"https:\/\/www.travel3.com.br\/site\/#\/schema\/logo\/image\/\"},\"sameAs\":[\"https:\/\/www.facebook.com\/travel3media\/\",\"https:\/\/www.instagram.com\/revistatravel3\/\",\"https:\/\/www.youtube.com\/channel\/UCno7J4paGBR3VbZQzvoJ9Eg\"]},{\"@type\":\"Person\",\"@id\":\"https:\/\/www.travel3.com.br\/site\/#\/schema\/person\/a69d71e41a024999b6ab82369ac0bd1e\",\"name\":\"admin\",\"image\":{\"@type\":\"ImageObject\",\"inLanguage\":\"pt-BR\",\"@id\":\"https:\/\/www.travel3.com.br\/site\/#\/schema\/person\/image\/\",\"url\":\"https:\/\/secure.gravatar.com\/avatar\/732a67adfd764da2a47ba10ce731c4c0?s=96&d=mm&r=g\",\"contentUrl\":\"https:\/\/secure.gravatar.com\/avatar\/732a67adfd764da2a47ba10ce731c4c0?s=96&d=mm&r=g\",\"caption\":\"admin\"},\"url\":\"https:\/\/www.travel3.com.br\/site\/author\/admin\/\"}]}<\/script>\n<!-- \/ Yoast SEO plugin. -->","yoast_head_json":{"title":"EMBRATUR E MTUR NAS A\u00c7\u00d5ES DENTRO DO AMBIENTE DA FITUR - Travel3","description":"A TRAVEL3 \u00e9 um portal de conte\u00fado voltado para o turismo, encontre destinos, viagens, hospedagem, passagens, guias, not\u00edcias sobre o mercado do turismo, dicas de viagem, v\u00eddeos e podcast.","robots":{"index":"index","follow":"follow","max-snippet":"max-snippet:-1","max-image-preview":"max-image-preview:large","max-video-preview":"max-video-preview:-1"},"canonical":"https:\/\/www.travel3.com.br\/site\/sem-categoria\/embratur-e-mtur-nas-acoes-dentro-do-ambiente-da-fitur\/","og_locale":"pt_BR","og_type":"article","og_title":"EMBRATUR E MTUR NAS A\u00c7\u00d5ES DENTRO DO AMBIENTE DA FITUR - Travel3","og_description":"A TRAVEL3 \u00e9 um portal de conte\u00fado voltado para o turismo, encontre destinos, viagens, hospedagem, passagens, guias, not\u00edcias sobre o mercado do turismo, dicas de viagem, v\u00eddeos e podcast.","og_url":"https:\/\/www.travel3.com.br\/site\/sem-categoria\/embratur-e-mtur-nas-acoes-dentro-do-ambiente-da-fitur\/","og_site_name":"Travel3","article_publisher":"https:\/\/www.facebook.com\/travel3media\/","article_published_time":"2017-08-19T12:35:46+00:00","article_modified_time":"2017-09-12T18:08:34+00:00","author":"admin","twitter_card":"summary_large_image","twitter_misc":{"Escrito por":"admin","Est. tempo de leitura":"2 minutos"},"schema":{"@context":"https:\/\/schema.org","@graph":[{"@type":"Article","@id":"https:\/\/www.travel3.com.br\/site\/sem-categoria\/embratur-e-mtur-nas-acoes-dentro-do-ambiente-da-fitur\/#article","isPartOf":{"@id":"https:\/\/www.travel3.com.br\/site\/sem-categoria\/embratur-e-mtur-nas-acoes-dentro-do-ambiente-da-fitur\/"},"author":{"name":"admin","@id":"https:\/\/www.travel3.com.br\/site\/#\/schema\/person\/a69d71e41a024999b6ab82369ac0bd1e"},"headline":"EMBRATUR E MTUR NAS A\u00c7\u00d5ES DENTRO DO AMBIENTE DA FITUR","datePublished":"2017-08-19T12:35:46+00:00","dateModified":"2017-09-12T18:08:34+00:00","mainEntityOfPage":{"@id":"https:\/\/www.travel3.com.br\/site\/sem-categoria\/embratur-e-mtur-nas-acoes-dentro-do-ambiente-da-fitur\/"},"wordCount":391,"commentCount":0,"publisher":{"@id":"https:\/\/www.travel3.com.br\/site\/#organization"},"inLanguage":"pt-BR","potentialAction":[{"@type":"CommentAction","name":"Comment","target":["https:\/\/www.travel3.com.br\/site\/sem-categoria\/embratur-e-mtur-nas-acoes-dentro-do-ambiente-da-fitur\/#respond"]}]},{"@type":"WebPage","@id":"https:\/\/www.travel3.com.br\/site\/sem-categoria\/embratur-e-mtur-nas-acoes-dentro-do-ambiente-da-fitur\/","url":"https:\/\/www.travel3.com.br\/site\/sem-categoria\/embratur-e-mtur-nas-acoes-dentro-do-ambiente-da-fitur\/","name":"EMBRATUR E MTUR NAS A\u00c7\u00d5ES DENTRO DO AMBIENTE DA FITUR - Travel3","isPartOf":{"@id":"https:\/\/www.travel3.com.br\/site\/#website"},"datePublished":"2017-08-19T12:35:46+00:00","dateModified":"2017-09-12T18:08:34+00:00","description":"A TRAVEL3 \u00e9 um portal de conte\u00fado voltado para o turismo, encontre destinos, viagens, hospedagem, passagens, guias, not\u00edcias sobre o mercado do turismo, dicas de viagem, v\u00eddeos e podcast.","breadcrumb":{"@id":"https:\/\/www.travel3.com.br\/site\/sem-categoria\/embratur-e-mtur-nas-acoes-dentro-do-ambiente-da-fitur\/#breadcrumb"},"inLanguage":"pt-BR","potentialAction":[{"@type":"ReadAction","target":["https:\/\/www.travel3.com.br\/site\/sem-categoria\/embratur-e-mtur-nas-acoes-dentro-do-ambiente-da-fitur\/"]}]},{"@type":"BreadcrumbList","@id":"https:\/\/www.travel3.com.br\/site\/sem-categoria\/embratur-e-mtur-nas-acoes-dentro-do-ambiente-da-fitur\/#breadcrumb","itemListElement":[{"@type":"ListItem","position":1,"name":"In\u00edcio","item":"https:\/\/www.travel3.com.br\/site\/"},{"@type":"ListItem","position":2,"name":"EMBRATUR E MTUR NAS A\u00c7\u00d5ES DENTRO DO AMBIENTE DA FITUR"}]},{"@type":"WebSite","@id":"https:\/\/www.travel3.com.br\/site\/#website","url":"https:\/\/www.travel3.com.br\/site\/","name":"Travel3","description":"Lazer + Neg&oacute;cios + Aventura","publisher":{"@id":"https:\/\/www.travel3.com.br\/site\/#organization"},"potentialAction":[{"@type":"SearchAction","target":{"@type":"EntryPoint","urlTemplate":"https:\/\/www.travel3.com.br\/site\/?s={search_term_string}"},"query-input":{"@type":"PropertyValueSpecification","valueRequired":true,"valueName":"search_term_string"}}],"inLanguage":"pt-BR"},{"@type":"Organization","@id":"https:\/\/www.travel3.com.br\/site\/#organization","name":"Travel3","url":"https:\/\/www.travel3.com.br\/site\/","logo":{"@type":"ImageObject","inLanguage":"pt-BR","@id":"https:\/\/www.travel3.com.br\/site\/#\/schema\/logo\/image\/","url":"https:\/\/www.travel3.com.br\/site\/wp-content\/uploads\/2020\/01\/logo-travel3-2020.png","contentUrl":"https:\/\/www.travel3.com.br\/site\/wp-content\/uploads\/2020\/01\/logo-travel3-2020.png","width":232,"height":79,"caption":"Travel3"},"image":{"@id":"https:\/\/www.travel3.com.br\/site\/#\/schema\/logo\/image\/"},"sameAs":["https:\/\/www.facebook.com\/travel3media\/","https:\/\/www.instagram.com\/revistatravel3\/","https:\/\/www.youtube.com\/channel\/UCno7J4paGBR3VbZQzvoJ9Eg"]},{"@type":"Person","@id":"https:\/\/www.travel3.com.br\/site\/#\/schema\/person\/a69d71e41a024999b6ab82369ac0bd1e","name":"admin","image":{"@type":"ImageObject","inLanguage":"pt-BR","@id":"https:\/\/www.travel3.com.br\/site\/#\/schema\/person\/image\/","url":"https:\/\/secure.gravatar.com\/avatar\/732a67adfd764da2a47ba10ce731c4c0?s=96&d=mm&r=g","contentUrl":"https:\/\/secure.gravatar.com\/avatar\/732a67adfd764da2a47ba10ce731c4c0?s=96&d=mm&r=g","caption":"admin"},"url":"https:\/\/www.travel3.com.br\/site\/author\/admin\/"}]}},"_links":{"self":[{"href":"https:\/\/www.travel3.com.br\/site\/wp-json\/wp\/v2\/posts\/2934","targetHints":{"allow":["GET"]}}],"collection":[{"href":"https:\/\/www.travel3.com.br\/site\/wp-json\/wp\/v2\/posts"}],"about":[{"href":"https:\/\/www.travel3.com.br\/site\/wp-json\/wp\/v2\/types\/post"}],"author":[{"embeddable":true,"href":"https:\/\/www.travel3.com.br\/site\/wp-json\/wp\/v2\/users\/1"}],"replies":[{"embeddable":true,"href":"https:\/\/www.travel3.com.br\/site\/wp-json\/wp\/v2\/comments?post=2934"}],"version-history":[{"count":1,"href":"https:\/\/www.travel3.com.br\/site\/wp-json\/wp\/v2\/posts\/2934\/revisions"}],"predecessor-version":[{"id":3731,"href":"https:\/\/www.travel3.com.br\/site\/wp-json\/wp\/v2\/posts\/2934\/revisions\/3731"}],"wp:attachment":[{"href":"https:\/\/www.travel3.com.br\/site\/wp-json\/wp\/v2\/media?parent=2934"}],"wp:term":[{"taxonomy":"category","embeddable":true,"href":"https:\/\/www.travel3.com.br\/site\/wp-json\/wp\/v2\/categories?post=2934"},{"taxonomy":"post_tag","embeddable":true,"href":"https:\/\/www.travel3.com.br\/site\/wp-json\/wp\/v2\/tags?post=2934"}],"curies":[{"name":"wp","href":"https:\/\/api.w.org\/{rel}","templated":true}]}}