{"id":2922,"date":"2017-09-12T09:19:52","date_gmt":"2017-09-12T09:19:52","guid":{"rendered":"http:\/\/www.travel3.com.br\/site\/ir-e-vir\/ar\/brasil-e-argentina-em-acoes-conjuntas-para-mais-turistas\/"},"modified":"2017-09-12T18:08:21","modified_gmt":"2017-09-12T18:08:21","slug":"brasil-e-argentina-em-acoes-conjuntas-para-mais-turistas","status":"publish","type":"post","link":"https:\/\/www.travel3.com.br\/site\/sem-categoria\/brasil-e-argentina-em-acoes-conjuntas-para-mais-turistas\/","title":{"rendered":"BRASIL E ARGENTINA EM A\u00c7\u00d5ES CONJUNTAS PARA MAIS TURISTAS"},"content":{"rendered":"<p><span style=\"color: #40acad; font-family: -apple-system, system-ui, 'Segoe UI', Roboto, Oxygen-Sans, Ubuntu, Cantarell, 'Helvetica Neue', sans-serif; font-size: 12px; font-weight: bold;\"><\/p>\n<p style=\"text-align:justify\">Brasil e Argentina querem mais turistas do mundo inteiro, de prefer\u00eancia que aproveitem a proximidade e atrativos conjuntos dos dois pa\u00edses. Neste jogo, \u00a0partiram definitivamente para a ofensiva, e de forma alinhada. Os ministros Marx Beltr\u00e3o (Brasil) e Gustavo Santos (Argentina), reunidos com o presidente da Embratur, Vinicius Lummertz, definiram as pr\u00f3ximas a\u00e7\u00f5es conjuntas envolvendo os dois principais pa\u00edses no mercado tur\u00edstico da Am\u00e9rica do Sul.\u00a0<\/p>\n<p style=\"text-align:justify\">Os turistas que viajam entre \u00a0ambos deixam cerca de US$ 2 bilh\u00f5es. Um numero razo\u00e1vel, pouco para o que ambos deveriam arrecadar. Da\u00ed a ofensiva conjunta,\u00a0que j\u00e1 vem se delineando h\u00e1 alguns meses e que teve um primeiro passo estrat\u00e9gico durante esta quarta, primeiro dia da Fitur \u2013 que tem os dias profissionais at\u00e9 sexta, j\u00e1 que no s\u00e1bado e domingo a feira \u00e9 aberta ao publico.<\/p>\n<p style=\"text-align:justify\">Os dois pa\u00edses fazem a promo\u00e7\u00e3o conjunta do destino &#8220;Roteiro das miss\u00f5es jesu\u00edticas&#8221;, onde os visitantes poder\u00e3o conhecer ru\u00ednas e saber um pouco mais da hist\u00f3ria dessas miss\u00f5es instaladas h\u00e1 mais de 400 anos no Sul do \u00a0Brasil e nos vizinhos Argentina, Uruguai e Paraguai, por padres jesu\u00edtas espanh\u00f3is. A proposta: organizar caminhadas e passeios cicl\u00edsticos num raio de 600 quil\u00f4metros, no estilo do famoso Caminho de Santiago.<\/p>\n<p style=\"text-align:justify\"><a class=\"fancybox-media\" href=\"..\/_uploads\/_noticia\/2017-01\/image003--38-.jpg\" rel=\"portfolio\"><img decoding=\"async\" alt=\"\" src=\"..\/_uploads\/_noticia\/2017-01\/image003--38-.jpg\" \/><\/a><\/p>\n<p style=\"text-align:justify\">Lummertz, Santos e Beltr\u00e3o, acompanhados de Valentin Gilligan, secret\u00e1rio-geral da Presid\u00eancia da Argentina, definiram um cronograma que envolve quatro pontos de atua\u00e7\u00e3o e este \u00e9 o primeiro. O ministro argentino tentar\u00e1 a presen\u00e7a do Papa Francisco, no lan\u00e7amento do roteiro, em setembro. \u00a0<\/p>\n<p style=\"text-align:justify\">O ministro argentino encaminhar\u00e1 um documento ao Itamaraty pedindo apoio\u00a0\u00e0 ideia de estender aos turistas norte-americanos, isentos de visto na Argentina, a possibilidade de passar para o Brasil e ficar alguns dias. &#8220;Somos totalmente favor\u00e1veis. Para o turismo, em especial da regi\u00e3o de Foz do Igua\u00e7u, isso \u00e9 fundamental. Podemos fazer uma experi\u00eancia por dois anos. Se der certo, continuamos. Tenho certeza que o Itamaraty vai entender&#8221;, salientou Lummertz.<\/p>\n<p style=\"text-align:justify\">Outra a\u00e7\u00e3o \u00e9 a\u00a0forma\u00e7\u00e3o de um grupo bilateral para fazer uma visita de trabalho com a inten\u00e7\u00e3o de atrair os turistas chineses. \u00a0Os 120 milh\u00f5es de turistas \u00a0da China s\u00e3o um mercado e tanto. Para o Brasil s\u00f3 vem 55 mil. A Argentina tem um pouco mais e j\u00e1 abriu um entendimento governamental que pode gerar bons resultados.\u00a0<\/p>\n<p style=\"text-align:justify\">Brasil e Argentina v\u00e3o ainda se lan\u00e7ar, de forma conjunta, para sediar a edi\u00e7\u00e3o de 2018 do\u00a0Global Tourism Economy Forum, grande evento do setor que, em 2016, aconteceu em Macau, na \u00c1sia.<\/p>\n<p style=\"text-align:justify\">Al\u00e9m desta identidade em propostas diretas, o Brasil tamb\u00e9m j\u00e1 assegura apoio integral \u00e0 intensa promo\u00e7\u00e3o que a Argentina est\u00e1 iniciando para o lan\u00e7amento de sua candidatura como pais sede da Copa do Mundo de 1930, onde pretende realizar um esquema conjunto com o Uruguai.<\/p>\n<p>\u00a0<\/p>\n<p>\u00a0<\/p>\n<p>\u00a0<\/p>\n<p><\/span><\/p>\n","protected":false},"excerpt":{"rendered":"<p>Ofensiva internacional durante a Fitur prepara incremento para as Miss\u00f5es, tem a\u00e7\u00f5es para os dois maiores  mercados emissores e se estende \u00e0 Copa de 2030<\/p>\n","protected":false},"author":1,"featured_media":0,"comment_status":"open","ping_status":"open","sticky":false,"template":"","format":"standard","meta":{"footnotes":""},"categories":[],"tags":[],"class_list":["post-2922","post","type-post","status-publish","format-standard","hentry"],"yoast_head":"<!-- This site is optimized with the Yoast SEO plugin v26.2 - https:\/\/yoast.com\/wordpress\/plugins\/seo\/ -->\n<title>BRASIL E ARGENTINA EM A\u00c7\u00d5ES CONJUNTAS PARA MAIS TURISTAS - Travel3<\/title>\n<meta name=\"description\" content=\"A TRAVEL3 \u00e9 um portal de conte\u00fado voltado para o turismo, encontre destinos, viagens, hospedagem, passagens, guias, not\u00edcias sobre o mercado do turismo, dicas de viagem, v\u00eddeos e podcast.\" \/>\n<meta name=\"robots\" content=\"index, follow, max-snippet:-1, max-image-preview:large, max-video-preview:-1\" \/>\n<link rel=\"canonical\" href=\"https:\/\/www.travel3.com.br\/site\/sem-categoria\/brasil-e-argentina-em-acoes-conjuntas-para-mais-turistas\/\" \/>\n<meta property=\"og:locale\" content=\"pt_BR\" \/>\n<meta property=\"og:type\" content=\"article\" \/>\n<meta property=\"og:title\" content=\"BRASIL E ARGENTINA EM A\u00c7\u00d5ES CONJUNTAS PARA MAIS TURISTAS - Travel3\" \/>\n<meta property=\"og:description\" content=\"A TRAVEL3 \u00e9 um portal de conte\u00fado voltado para o turismo, encontre destinos, viagens, hospedagem, passagens, guias, not\u00edcias sobre o mercado do turismo, dicas de viagem, v\u00eddeos e podcast.\" \/>\n<meta property=\"og:url\" content=\"https:\/\/www.travel3.com.br\/site\/sem-categoria\/brasil-e-argentina-em-acoes-conjuntas-para-mais-turistas\/\" \/>\n<meta property=\"og:site_name\" content=\"Travel3\" \/>\n<meta property=\"article:publisher\" content=\"https:\/\/www.facebook.com\/travel3media\/\" \/>\n<meta property=\"article:published_time\" content=\"2017-09-12T09:19:52+00:00\" \/>\n<meta property=\"article:modified_time\" content=\"2017-09-12T18:08:21+00:00\" \/>\n<meta name=\"author\" content=\"admin\" \/>\n<meta name=\"twitter:card\" content=\"summary_large_image\" \/>\n<meta name=\"twitter:label1\" content=\"Escrito por\" \/>\n\t<meta name=\"twitter:data1\" content=\"admin\" \/>\n\t<meta name=\"twitter:label2\" content=\"Est. tempo de leitura\" \/>\n\t<meta name=\"twitter:data2\" content=\"2 minutos\" \/>\n<script type=\"application\/ld+json\" class=\"yoast-schema-graph\">{\"@context\":\"https:\/\/schema.org\",\"@graph\":[{\"@type\":\"Article\",\"@id\":\"https:\/\/www.travel3.com.br\/site\/sem-categoria\/brasil-e-argentina-em-acoes-conjuntas-para-mais-turistas\/#article\",\"isPartOf\":{\"@id\":\"https:\/\/www.travel3.com.br\/site\/sem-categoria\/brasil-e-argentina-em-acoes-conjuntas-para-mais-turistas\/\"},\"author\":{\"name\":\"admin\",\"@id\":\"https:\/\/www.travel3.com.br\/site\/#\/schema\/person\/a69d71e41a024999b6ab82369ac0bd1e\"},\"headline\":\"BRASIL E ARGENTINA EM A\u00c7\u00d5ES CONJUNTAS PARA MAIS TURISTAS\",\"datePublished\":\"2017-09-12T09:19:52+00:00\",\"dateModified\":\"2017-09-12T18:08:21+00:00\",\"mainEntityOfPage\":{\"@id\":\"https:\/\/www.travel3.com.br\/site\/sem-categoria\/brasil-e-argentina-em-acoes-conjuntas-para-mais-turistas\/\"},\"wordCount\":492,\"commentCount\":0,\"publisher\":{\"@id\":\"https:\/\/www.travel3.com.br\/site\/#organization\"},\"inLanguage\":\"pt-BR\",\"potentialAction\":[{\"@type\":\"CommentAction\",\"name\":\"Comment\",\"target\":[\"https:\/\/www.travel3.com.br\/site\/sem-categoria\/brasil-e-argentina-em-acoes-conjuntas-para-mais-turistas\/#respond\"]}]},{\"@type\":\"WebPage\",\"@id\":\"https:\/\/www.travel3.com.br\/site\/sem-categoria\/brasil-e-argentina-em-acoes-conjuntas-para-mais-turistas\/\",\"url\":\"https:\/\/www.travel3.com.br\/site\/sem-categoria\/brasil-e-argentina-em-acoes-conjuntas-para-mais-turistas\/\",\"name\":\"BRASIL E ARGENTINA EM A\u00c7\u00d5ES CONJUNTAS PARA MAIS TURISTAS - Travel3\",\"isPartOf\":{\"@id\":\"https:\/\/www.travel3.com.br\/site\/#website\"},\"datePublished\":\"2017-09-12T09:19:52+00:00\",\"dateModified\":\"2017-09-12T18:08:21+00:00\",\"description\":\"A TRAVEL3 \u00e9 um portal de conte\u00fado voltado para o turismo, encontre destinos, viagens, hospedagem, passagens, guias, not\u00edcias sobre o mercado do turismo, dicas de viagem, v\u00eddeos e podcast.\",\"breadcrumb\":{\"@id\":\"https:\/\/www.travel3.com.br\/site\/sem-categoria\/brasil-e-argentina-em-acoes-conjuntas-para-mais-turistas\/#breadcrumb\"},\"inLanguage\":\"pt-BR\",\"potentialAction\":[{\"@type\":\"ReadAction\",\"target\":[\"https:\/\/www.travel3.com.br\/site\/sem-categoria\/brasil-e-argentina-em-acoes-conjuntas-para-mais-turistas\/\"]}]},{\"@type\":\"BreadcrumbList\",\"@id\":\"https:\/\/www.travel3.com.br\/site\/sem-categoria\/brasil-e-argentina-em-acoes-conjuntas-para-mais-turistas\/#breadcrumb\",\"itemListElement\":[{\"@type\":\"ListItem\",\"position\":1,\"name\":\"In\u00edcio\",\"item\":\"https:\/\/www.travel3.com.br\/site\/\"},{\"@type\":\"ListItem\",\"position\":2,\"name\":\"BRASIL E ARGENTINA EM A\u00c7\u00d5ES CONJUNTAS PARA MAIS TURISTAS\"}]},{\"@type\":\"WebSite\",\"@id\":\"https:\/\/www.travel3.com.br\/site\/#website\",\"url\":\"https:\/\/www.travel3.com.br\/site\/\",\"name\":\"Travel3\",\"description\":\"Lazer + Neg&oacute;cios + Aventura\",\"publisher\":{\"@id\":\"https:\/\/www.travel3.com.br\/site\/#organization\"},\"potentialAction\":[{\"@type\":\"SearchAction\",\"target\":{\"@type\":\"EntryPoint\",\"urlTemplate\":\"https:\/\/www.travel3.com.br\/site\/?s={search_term_string}\"},\"query-input\":{\"@type\":\"PropertyValueSpecification\",\"valueRequired\":true,\"valueName\":\"search_term_string\"}}],\"inLanguage\":\"pt-BR\"},{\"@type\":\"Organization\",\"@id\":\"https:\/\/www.travel3.com.br\/site\/#organization\",\"name\":\"Travel3\",\"url\":\"https:\/\/www.travel3.com.br\/site\/\",\"logo\":{\"@type\":\"ImageObject\",\"inLanguage\":\"pt-BR\",\"@id\":\"https:\/\/www.travel3.com.br\/site\/#\/schema\/logo\/image\/\",\"url\":\"https:\/\/www.travel3.com.br\/site\/wp-content\/uploads\/2020\/01\/logo-travel3-2020.png\",\"contentUrl\":\"https:\/\/www.travel3.com.br\/site\/wp-content\/uploads\/2020\/01\/logo-travel3-2020.png\",\"width\":232,\"height\":79,\"caption\":\"Travel3\"},\"image\":{\"@id\":\"https:\/\/www.travel3.com.br\/site\/#\/schema\/logo\/image\/\"},\"sameAs\":[\"https:\/\/www.facebook.com\/travel3media\/\",\"https:\/\/www.instagram.com\/revistatravel3\/\",\"https:\/\/www.youtube.com\/channel\/UCno7J4paGBR3VbZQzvoJ9Eg\"]},{\"@type\":\"Person\",\"@id\":\"https:\/\/www.travel3.com.br\/site\/#\/schema\/person\/a69d71e41a024999b6ab82369ac0bd1e\",\"name\":\"admin\",\"image\":{\"@type\":\"ImageObject\",\"inLanguage\":\"pt-BR\",\"@id\":\"https:\/\/www.travel3.com.br\/site\/#\/schema\/person\/image\/\",\"url\":\"https:\/\/secure.gravatar.com\/avatar\/732a67adfd764da2a47ba10ce731c4c0?s=96&d=mm&r=g\",\"contentUrl\":\"https:\/\/secure.gravatar.com\/avatar\/732a67adfd764da2a47ba10ce731c4c0?s=96&d=mm&r=g\",\"caption\":\"admin\"},\"url\":\"https:\/\/www.travel3.com.br\/site\/author\/admin\/\"}]}<\/script>\n<!-- \/ Yoast SEO plugin. -->","yoast_head_json":{"title":"BRASIL E ARGENTINA EM A\u00c7\u00d5ES CONJUNTAS PARA MAIS TURISTAS - Travel3","description":"A TRAVEL3 \u00e9 um portal de conte\u00fado voltado para o turismo, encontre destinos, viagens, hospedagem, passagens, guias, not\u00edcias sobre o mercado do turismo, dicas de viagem, v\u00eddeos e podcast.","robots":{"index":"index","follow":"follow","max-snippet":"max-snippet:-1","max-image-preview":"max-image-preview:large","max-video-preview":"max-video-preview:-1"},"canonical":"https:\/\/www.travel3.com.br\/site\/sem-categoria\/brasil-e-argentina-em-acoes-conjuntas-para-mais-turistas\/","og_locale":"pt_BR","og_type":"article","og_title":"BRASIL E ARGENTINA EM A\u00c7\u00d5ES CONJUNTAS PARA MAIS TURISTAS - Travel3","og_description":"A TRAVEL3 \u00e9 um portal de conte\u00fado voltado para o turismo, encontre destinos, viagens, hospedagem, passagens, guias, not\u00edcias sobre o mercado do turismo, dicas de viagem, v\u00eddeos e podcast.","og_url":"https:\/\/www.travel3.com.br\/site\/sem-categoria\/brasil-e-argentina-em-acoes-conjuntas-para-mais-turistas\/","og_site_name":"Travel3","article_publisher":"https:\/\/www.facebook.com\/travel3media\/","article_published_time":"2017-09-12T09:19:52+00:00","article_modified_time":"2017-09-12T18:08:21+00:00","author":"admin","twitter_card":"summary_large_image","twitter_misc":{"Escrito por":"admin","Est. tempo de leitura":"2 minutos"},"schema":{"@context":"https:\/\/schema.org","@graph":[{"@type":"Article","@id":"https:\/\/www.travel3.com.br\/site\/sem-categoria\/brasil-e-argentina-em-acoes-conjuntas-para-mais-turistas\/#article","isPartOf":{"@id":"https:\/\/www.travel3.com.br\/site\/sem-categoria\/brasil-e-argentina-em-acoes-conjuntas-para-mais-turistas\/"},"author":{"name":"admin","@id":"https:\/\/www.travel3.com.br\/site\/#\/schema\/person\/a69d71e41a024999b6ab82369ac0bd1e"},"headline":"BRASIL E ARGENTINA EM A\u00c7\u00d5ES CONJUNTAS PARA MAIS TURISTAS","datePublished":"2017-09-12T09:19:52+00:00","dateModified":"2017-09-12T18:08:21+00:00","mainEntityOfPage":{"@id":"https:\/\/www.travel3.com.br\/site\/sem-categoria\/brasil-e-argentina-em-acoes-conjuntas-para-mais-turistas\/"},"wordCount":492,"commentCount":0,"publisher":{"@id":"https:\/\/www.travel3.com.br\/site\/#organization"},"inLanguage":"pt-BR","potentialAction":[{"@type":"CommentAction","name":"Comment","target":["https:\/\/www.travel3.com.br\/site\/sem-categoria\/brasil-e-argentina-em-acoes-conjuntas-para-mais-turistas\/#respond"]}]},{"@type":"WebPage","@id":"https:\/\/www.travel3.com.br\/site\/sem-categoria\/brasil-e-argentina-em-acoes-conjuntas-para-mais-turistas\/","url":"https:\/\/www.travel3.com.br\/site\/sem-categoria\/brasil-e-argentina-em-acoes-conjuntas-para-mais-turistas\/","name":"BRASIL E ARGENTINA EM A\u00c7\u00d5ES CONJUNTAS PARA MAIS TURISTAS - Travel3","isPartOf":{"@id":"https:\/\/www.travel3.com.br\/site\/#website"},"datePublished":"2017-09-12T09:19:52+00:00","dateModified":"2017-09-12T18:08:21+00:00","description":"A TRAVEL3 \u00e9 um portal de conte\u00fado voltado para o turismo, encontre destinos, viagens, hospedagem, passagens, guias, not\u00edcias sobre o mercado do turismo, dicas de viagem, v\u00eddeos e podcast.","breadcrumb":{"@id":"https:\/\/www.travel3.com.br\/site\/sem-categoria\/brasil-e-argentina-em-acoes-conjuntas-para-mais-turistas\/#breadcrumb"},"inLanguage":"pt-BR","potentialAction":[{"@type":"ReadAction","target":["https:\/\/www.travel3.com.br\/site\/sem-categoria\/brasil-e-argentina-em-acoes-conjuntas-para-mais-turistas\/"]}]},{"@type":"BreadcrumbList","@id":"https:\/\/www.travel3.com.br\/site\/sem-categoria\/brasil-e-argentina-em-acoes-conjuntas-para-mais-turistas\/#breadcrumb","itemListElement":[{"@type":"ListItem","position":1,"name":"In\u00edcio","item":"https:\/\/www.travel3.com.br\/site\/"},{"@type":"ListItem","position":2,"name":"BRASIL E ARGENTINA EM A\u00c7\u00d5ES CONJUNTAS PARA MAIS TURISTAS"}]},{"@type":"WebSite","@id":"https:\/\/www.travel3.com.br\/site\/#website","url":"https:\/\/www.travel3.com.br\/site\/","name":"Travel3","description":"Lazer + Neg&oacute;cios + Aventura","publisher":{"@id":"https:\/\/www.travel3.com.br\/site\/#organization"},"potentialAction":[{"@type":"SearchAction","target":{"@type":"EntryPoint","urlTemplate":"https:\/\/www.travel3.com.br\/site\/?s={search_term_string}"},"query-input":{"@type":"PropertyValueSpecification","valueRequired":true,"valueName":"search_term_string"}}],"inLanguage":"pt-BR"},{"@type":"Organization","@id":"https:\/\/www.travel3.com.br\/site\/#organization","name":"Travel3","url":"https:\/\/www.travel3.com.br\/site\/","logo":{"@type":"ImageObject","inLanguage":"pt-BR","@id":"https:\/\/www.travel3.com.br\/site\/#\/schema\/logo\/image\/","url":"https:\/\/www.travel3.com.br\/site\/wp-content\/uploads\/2020\/01\/logo-travel3-2020.png","contentUrl":"https:\/\/www.travel3.com.br\/site\/wp-content\/uploads\/2020\/01\/logo-travel3-2020.png","width":232,"height":79,"caption":"Travel3"},"image":{"@id":"https:\/\/www.travel3.com.br\/site\/#\/schema\/logo\/image\/"},"sameAs":["https:\/\/www.facebook.com\/travel3media\/","https:\/\/www.instagram.com\/revistatravel3\/","https:\/\/www.youtube.com\/channel\/UCno7J4paGBR3VbZQzvoJ9Eg"]},{"@type":"Person","@id":"https:\/\/www.travel3.com.br\/site\/#\/schema\/person\/a69d71e41a024999b6ab82369ac0bd1e","name":"admin","image":{"@type":"ImageObject","inLanguage":"pt-BR","@id":"https:\/\/www.travel3.com.br\/site\/#\/schema\/person\/image\/","url":"https:\/\/secure.gravatar.com\/avatar\/732a67adfd764da2a47ba10ce731c4c0?s=96&d=mm&r=g","contentUrl":"https:\/\/secure.gravatar.com\/avatar\/732a67adfd764da2a47ba10ce731c4c0?s=96&d=mm&r=g","caption":"admin"},"url":"https:\/\/www.travel3.com.br\/site\/author\/admin\/"}]}},"_links":{"self":[{"href":"https:\/\/www.travel3.com.br\/site\/wp-json\/wp\/v2\/posts\/2922","targetHints":{"allow":["GET"]}}],"collection":[{"href":"https:\/\/www.travel3.com.br\/site\/wp-json\/wp\/v2\/posts"}],"about":[{"href":"https:\/\/www.travel3.com.br\/site\/wp-json\/wp\/v2\/types\/post"}],"author":[{"embeddable":true,"href":"https:\/\/www.travel3.com.br\/site\/wp-json\/wp\/v2\/users\/1"}],"replies":[{"embeddable":true,"href":"https:\/\/www.travel3.com.br\/site\/wp-json\/wp\/v2\/comments?post=2922"}],"version-history":[{"count":1,"href":"https:\/\/www.travel3.com.br\/site\/wp-json\/wp\/v2\/posts\/2922\/revisions"}],"predecessor-version":[{"id":3719,"href":"https:\/\/www.travel3.com.br\/site\/wp-json\/wp\/v2\/posts\/2922\/revisions\/3719"}],"wp:attachment":[{"href":"https:\/\/www.travel3.com.br\/site\/wp-json\/wp\/v2\/media?parent=2922"}],"wp:term":[{"taxonomy":"category","embeddable":true,"href":"https:\/\/www.travel3.com.br\/site\/wp-json\/wp\/v2\/categories?post=2922"},{"taxonomy":"post_tag","embeddable":true,"href":"https:\/\/www.travel3.com.br\/site\/wp-json\/wp\/v2\/tags?post=2922"}],"curies":[{"name":"wp","href":"https:\/\/api.w.org\/{rel}","templated":true}]}}