{"id":2910,"date":"2017-09-12T09:04:15","date_gmt":"2017-09-12T09:04:15","guid":{"rendered":"http:\/\/www.travel3.com.br\/site\/ir-e-vir\/ar\/uma-bela-festa-abre-a-edicao-2017-do-bento-em-vindima\/"},"modified":"2017-09-12T18:08:08","modified_gmt":"2017-09-12T18:08:08","slug":"uma-bela-festa-abre-a-edicao-2017-do-bento-em-vindima","status":"publish","type":"post","link":"https:\/\/www.travel3.com.br\/site\/sem-categoria\/uma-bela-festa-abre-a-edicao-2017-do-bento-em-vindima\/","title":{"rendered":"UMA BELA FESTA ABRE A EDI\u00c7\u00c3O 2017 DO BENTO EM VINDIMA"},"content":{"rendered":"<p><span style=\"color: #40acad; font-family: -apple-system, system-ui, 'Segoe UI', Roboto, Oxygen-Sans, Ubuntu, Cantarell, 'Helvetica Neue', sans-serif; font-size: 12px; font-weight: bold;\"><\/p>\n<p style=\"text-align:justify\"><strong>BENTO GON\u00c7ALVES (RS<\/strong>) \u2013 Um dos locais mais bonitos do munic\u00edpio, entre vales verdes, emoldurados por uma tarde e in\u00edcio de noite com c\u00e9u azul sem uma nuvem, um cen\u00e1rio que n\u00e3o poderia ser mais bonito para a homenagem \u00e0 promissora safra deste ano, que abriu a programa\u00e7\u00e3o da 8<sup>a<\/sup> <em>Bento em Vindima<\/em>, que vai se estender por 60 dias, at\u00e9 19 de mar\u00e7o, com in\u00fameras atra\u00e7\u00f5es da cidade, no alto da Serra Ga\u00facha, famosa pela designa\u00e7\u00e3o de Regi\u00e3o Uva e Vinho.<\/p>\n<p style=\"text-align:justify\">A solenidade de inaugura\u00e7\u00e3o teve uma escolha elogiada por todos os participantes convidados, produtores vitivin\u00edcolas, o trade tur\u00edstico e dirigentes pol\u00edticos. A Vin\u00edcola Estrelas do Brasil brilhou mais ainda na cerim\u00f4nia de recep\u00e7\u00e3o que contou com in\u00fameros pronunciamentos, muitos evocando a trajet\u00f3ria anual que se repete por 142 anos desde a chegada do primeiro imigrante.<\/p>\n<p style=\"text-align:justify\">O Vinho \u00e9 Vida em Bento,\u00a0a Uva \u00e9 o s\u00edmbolo maior da for\u00e7a de produto da cidade e esta \u00e9 uma realidade que salta aos olhos, aos gostos e sabores que foram ainda mais enaltecidos nesta confraterniza\u00e7\u00e3o. A colheita, com os simbolismos que tem, \u00e9 uma programa\u00e7\u00e3o para ser festejada.<\/p>\n<p style=\"text-align:justify\"><a class=\"fancybox-media\" href=\"..\/_uploads\/_noticia\/2017-01\/img-0562.jpg\" rel=\"portfolio\"><img decoding=\"async\" alt=\"\" src=\"..\/_uploads\/_noticia\/2017-01\/img-0562.jpg\" \/><\/a><strong>A rainha Rochelle e as princesas Julia e Graziela, com o prefeito de Bento, Guilherme Pazzin e\u00a0 o secret\u00e1rio de turismo Gilberto Durante<\/strong><\/p>\n<p style=\"text-align:justify\">No pronunciamento de sauda\u00e7\u00e3o, o secret\u00e1rio &#8211; confirmado no posto para o novo per\u00edodo da administra\u00e7\u00e3o municipal &#8211; alinhou os aspectos positivos da Vindima para o Enoturismo de Bento e regi\u00e3o e destacou dois itens da extensa programa\u00e7\u00e3o destes dois meses, a Maratona do Vinho (dia 12), e o Jantar sob as estrelas (dia 17), al\u00e9m dos atrativos gerais do turismo rural, cultura, de aventura e n\u00e1utico<\/p>\n<p style=\"text-align:justify\"><a class=\"fancybox-media\" href=\"..\/_uploads\/_noticia\/2017-01\/img-0587.jpg\" rel=\"portfolio\"><img decoding=\"async\" alt=\"\" src=\"..\/_uploads\/_noticia\/2017-01\/img-0587.jpg\" \/><\/a><strong>Tradicional pisada de uva, o antigo modo de produzir vinho, foi mais um momento descontra\u00eddo da cerimonia de inaugura\u00e7\u00e3o da Vindima<\/strong><\/p>\n<p><em>A <strong>TRAVEL3<\/strong> \u00e9 o veiculo nacional de m\u00eddia turistica convidado para a cobertura do inicio da Vindima 2017.<\/em><\/p>\n<p><em>Esta cobertura tem o apoio do Vinocap Hotel, Giordani Turismo e Laghetto Viverone Bento Gon\u00e7alves.<\/em><\/p>\n<p><a class=\"fancybox-media\" href=\"..\/_uploads\/_noticia\/2017-01\/banner-coobrand-april-travel3--2-.jpg\" rel=\"portfolio\"><img decoding=\"async\" alt=\"\" src=\"..\/_uploads\/_noticia\/2017-01\/banner-coobrand-april-travel3--2-.jpg\" \/><\/a><\/p>\n<p><\/span><\/p>\n","protected":false},"excerpt":{"rendered":"<p>Capital brasileira do vinho e de destaque no enoturismo brasileiro inicia programa\u00e7\u00e3o de 60 dias para festejar principal  produto tur\u00edstico<\/p>\n","protected":false},"author":1,"featured_media":0,"comment_status":"open","ping_status":"open","sticky":false,"template":"","format":"standard","meta":{"footnotes":""},"categories":[],"tags":[],"class_list":["post-2910","post","type-post","status-publish","format-standard","hentry"],"yoast_head":"<!-- This site is optimized with the Yoast SEO plugin v26.2 - https:\/\/yoast.com\/wordpress\/plugins\/seo\/ -->\n<title>UMA BELA FESTA ABRE A EDI\u00c7\u00c3O 2017 DO BENTO EM VINDIMA - Travel3<\/title>\n<meta name=\"description\" content=\"A TRAVEL3 \u00e9 um portal de conte\u00fado voltado para o turismo, encontre destinos, viagens, hospedagem, passagens, guias, not\u00edcias sobre o mercado do turismo, dicas de viagem, v\u00eddeos e podcast.\" \/>\n<meta name=\"robots\" content=\"index, follow, max-snippet:-1, max-image-preview:large, max-video-preview:-1\" \/>\n<link rel=\"canonical\" href=\"https:\/\/www.travel3.com.br\/site\/sem-categoria\/uma-bela-festa-abre-a-edicao-2017-do-bento-em-vindima\/\" \/>\n<meta property=\"og:locale\" content=\"pt_BR\" \/>\n<meta property=\"og:type\" content=\"article\" \/>\n<meta property=\"og:title\" content=\"UMA BELA FESTA ABRE A EDI\u00c7\u00c3O 2017 DO BENTO EM VINDIMA - Travel3\" \/>\n<meta property=\"og:description\" content=\"A TRAVEL3 \u00e9 um portal de conte\u00fado voltado para o turismo, encontre destinos, viagens, hospedagem, passagens, guias, not\u00edcias sobre o mercado do turismo, dicas de viagem, v\u00eddeos e podcast.\" \/>\n<meta property=\"og:url\" content=\"https:\/\/www.travel3.com.br\/site\/sem-categoria\/uma-bela-festa-abre-a-edicao-2017-do-bento-em-vindima\/\" \/>\n<meta property=\"og:site_name\" content=\"Travel3\" \/>\n<meta property=\"article:publisher\" content=\"https:\/\/www.facebook.com\/travel3media\/\" \/>\n<meta property=\"article:published_time\" content=\"2017-09-12T09:04:15+00:00\" \/>\n<meta property=\"article:modified_time\" content=\"2017-09-12T18:08:08+00:00\" \/>\n<meta name=\"author\" content=\"admin\" \/>\n<meta name=\"twitter:card\" content=\"summary_large_image\" \/>\n<meta name=\"twitter:label1\" content=\"Escrito por\" \/>\n\t<meta name=\"twitter:data1\" content=\"admin\" \/>\n\t<meta name=\"twitter:label2\" content=\"Est. tempo de leitura\" \/>\n\t<meta name=\"twitter:data2\" content=\"2 minutos\" \/>\n<script type=\"application\/ld+json\" class=\"yoast-schema-graph\">{\"@context\":\"https:\/\/schema.org\",\"@graph\":[{\"@type\":\"Article\",\"@id\":\"https:\/\/www.travel3.com.br\/site\/sem-categoria\/uma-bela-festa-abre-a-edicao-2017-do-bento-em-vindima\/#article\",\"isPartOf\":{\"@id\":\"https:\/\/www.travel3.com.br\/site\/sem-categoria\/uma-bela-festa-abre-a-edicao-2017-do-bento-em-vindima\/\"},\"author\":{\"name\":\"admin\",\"@id\":\"https:\/\/www.travel3.com.br\/site\/#\/schema\/person\/a69d71e41a024999b6ab82369ac0bd1e\"},\"headline\":\"UMA BELA FESTA ABRE A EDI\u00c7\u00c3O 2017 DO BENTO EM VINDIMA\",\"datePublished\":\"2017-09-12T09:04:15+00:00\",\"dateModified\":\"2017-09-12T18:08:08+00:00\",\"mainEntityOfPage\":{\"@id\":\"https:\/\/www.travel3.com.br\/site\/sem-categoria\/uma-bela-festa-abre-a-edicao-2017-do-bento-em-vindima\/\"},\"wordCount\":369,\"commentCount\":0,\"publisher\":{\"@id\":\"https:\/\/www.travel3.com.br\/site\/#organization\"},\"inLanguage\":\"pt-BR\",\"potentialAction\":[{\"@type\":\"CommentAction\",\"name\":\"Comment\",\"target\":[\"https:\/\/www.travel3.com.br\/site\/sem-categoria\/uma-bela-festa-abre-a-edicao-2017-do-bento-em-vindima\/#respond\"]}]},{\"@type\":\"WebPage\",\"@id\":\"https:\/\/www.travel3.com.br\/site\/sem-categoria\/uma-bela-festa-abre-a-edicao-2017-do-bento-em-vindima\/\",\"url\":\"https:\/\/www.travel3.com.br\/site\/sem-categoria\/uma-bela-festa-abre-a-edicao-2017-do-bento-em-vindima\/\",\"name\":\"UMA BELA FESTA ABRE A EDI\u00c7\u00c3O 2017 DO BENTO EM VINDIMA - Travel3\",\"isPartOf\":{\"@id\":\"https:\/\/www.travel3.com.br\/site\/#website\"},\"datePublished\":\"2017-09-12T09:04:15+00:00\",\"dateModified\":\"2017-09-12T18:08:08+00:00\",\"description\":\"A TRAVEL3 \u00e9 um portal de conte\u00fado voltado para o turismo, encontre destinos, viagens, hospedagem, passagens, guias, not\u00edcias sobre o mercado do turismo, dicas de viagem, v\u00eddeos e podcast.\",\"breadcrumb\":{\"@id\":\"https:\/\/www.travel3.com.br\/site\/sem-categoria\/uma-bela-festa-abre-a-edicao-2017-do-bento-em-vindima\/#breadcrumb\"},\"inLanguage\":\"pt-BR\",\"potentialAction\":[{\"@type\":\"ReadAction\",\"target\":[\"https:\/\/www.travel3.com.br\/site\/sem-categoria\/uma-bela-festa-abre-a-edicao-2017-do-bento-em-vindima\/\"]}]},{\"@type\":\"BreadcrumbList\",\"@id\":\"https:\/\/www.travel3.com.br\/site\/sem-categoria\/uma-bela-festa-abre-a-edicao-2017-do-bento-em-vindima\/#breadcrumb\",\"itemListElement\":[{\"@type\":\"ListItem\",\"position\":1,\"name\":\"In\u00edcio\",\"item\":\"https:\/\/www.travel3.com.br\/site\/\"},{\"@type\":\"ListItem\",\"position\":2,\"name\":\"UMA BELA FESTA ABRE A EDI\u00c7\u00c3O 2017 DO BENTO EM VINDIMA\"}]},{\"@type\":\"WebSite\",\"@id\":\"https:\/\/www.travel3.com.br\/site\/#website\",\"url\":\"https:\/\/www.travel3.com.br\/site\/\",\"name\":\"Travel3\",\"description\":\"Lazer + Neg&oacute;cios + Aventura\",\"publisher\":{\"@id\":\"https:\/\/www.travel3.com.br\/site\/#organization\"},\"potentialAction\":[{\"@type\":\"SearchAction\",\"target\":{\"@type\":\"EntryPoint\",\"urlTemplate\":\"https:\/\/www.travel3.com.br\/site\/?s={search_term_string}\"},\"query-input\":{\"@type\":\"PropertyValueSpecification\",\"valueRequired\":true,\"valueName\":\"search_term_string\"}}],\"inLanguage\":\"pt-BR\"},{\"@type\":\"Organization\",\"@id\":\"https:\/\/www.travel3.com.br\/site\/#organization\",\"name\":\"Travel3\",\"url\":\"https:\/\/www.travel3.com.br\/site\/\",\"logo\":{\"@type\":\"ImageObject\",\"inLanguage\":\"pt-BR\",\"@id\":\"https:\/\/www.travel3.com.br\/site\/#\/schema\/logo\/image\/\",\"url\":\"https:\/\/www.travel3.com.br\/site\/wp-content\/uploads\/2020\/01\/logo-travel3-2020.png\",\"contentUrl\":\"https:\/\/www.travel3.com.br\/site\/wp-content\/uploads\/2020\/01\/logo-travel3-2020.png\",\"width\":232,\"height\":79,\"caption\":\"Travel3\"},\"image\":{\"@id\":\"https:\/\/www.travel3.com.br\/site\/#\/schema\/logo\/image\/\"},\"sameAs\":[\"https:\/\/www.facebook.com\/travel3media\/\",\"https:\/\/www.instagram.com\/revistatravel3\/\",\"https:\/\/www.youtube.com\/channel\/UCno7J4paGBR3VbZQzvoJ9Eg\"]},{\"@type\":\"Person\",\"@id\":\"https:\/\/www.travel3.com.br\/site\/#\/schema\/person\/a69d71e41a024999b6ab82369ac0bd1e\",\"name\":\"admin\",\"image\":{\"@type\":\"ImageObject\",\"inLanguage\":\"pt-BR\",\"@id\":\"https:\/\/www.travel3.com.br\/site\/#\/schema\/person\/image\/\",\"url\":\"https:\/\/secure.gravatar.com\/avatar\/732a67adfd764da2a47ba10ce731c4c0?s=96&d=mm&r=g\",\"contentUrl\":\"https:\/\/secure.gravatar.com\/avatar\/732a67adfd764da2a47ba10ce731c4c0?s=96&d=mm&r=g\",\"caption\":\"admin\"},\"url\":\"https:\/\/www.travel3.com.br\/site\/author\/admin\/\"}]}<\/script>\n<!-- \/ Yoast SEO plugin. -->","yoast_head_json":{"title":"UMA BELA FESTA ABRE A EDI\u00c7\u00c3O 2017 DO BENTO EM VINDIMA - Travel3","description":"A TRAVEL3 \u00e9 um portal de conte\u00fado voltado para o turismo, encontre destinos, viagens, hospedagem, passagens, guias, not\u00edcias sobre o mercado do turismo, dicas de viagem, v\u00eddeos e podcast.","robots":{"index":"index","follow":"follow","max-snippet":"max-snippet:-1","max-image-preview":"max-image-preview:large","max-video-preview":"max-video-preview:-1"},"canonical":"https:\/\/www.travel3.com.br\/site\/sem-categoria\/uma-bela-festa-abre-a-edicao-2017-do-bento-em-vindima\/","og_locale":"pt_BR","og_type":"article","og_title":"UMA BELA FESTA ABRE A EDI\u00c7\u00c3O 2017 DO BENTO EM VINDIMA - Travel3","og_description":"A TRAVEL3 \u00e9 um portal de conte\u00fado voltado para o turismo, encontre destinos, viagens, hospedagem, passagens, guias, not\u00edcias sobre o mercado do turismo, dicas de viagem, v\u00eddeos e podcast.","og_url":"https:\/\/www.travel3.com.br\/site\/sem-categoria\/uma-bela-festa-abre-a-edicao-2017-do-bento-em-vindima\/","og_site_name":"Travel3","article_publisher":"https:\/\/www.facebook.com\/travel3media\/","article_published_time":"2017-09-12T09:04:15+00:00","article_modified_time":"2017-09-12T18:08:08+00:00","author":"admin","twitter_card":"summary_large_image","twitter_misc":{"Escrito por":"admin","Est. tempo de leitura":"2 minutos"},"schema":{"@context":"https:\/\/schema.org","@graph":[{"@type":"Article","@id":"https:\/\/www.travel3.com.br\/site\/sem-categoria\/uma-bela-festa-abre-a-edicao-2017-do-bento-em-vindima\/#article","isPartOf":{"@id":"https:\/\/www.travel3.com.br\/site\/sem-categoria\/uma-bela-festa-abre-a-edicao-2017-do-bento-em-vindima\/"},"author":{"name":"admin","@id":"https:\/\/www.travel3.com.br\/site\/#\/schema\/person\/a69d71e41a024999b6ab82369ac0bd1e"},"headline":"UMA BELA FESTA ABRE A EDI\u00c7\u00c3O 2017 DO BENTO EM VINDIMA","datePublished":"2017-09-12T09:04:15+00:00","dateModified":"2017-09-12T18:08:08+00:00","mainEntityOfPage":{"@id":"https:\/\/www.travel3.com.br\/site\/sem-categoria\/uma-bela-festa-abre-a-edicao-2017-do-bento-em-vindima\/"},"wordCount":369,"commentCount":0,"publisher":{"@id":"https:\/\/www.travel3.com.br\/site\/#organization"},"inLanguage":"pt-BR","potentialAction":[{"@type":"CommentAction","name":"Comment","target":["https:\/\/www.travel3.com.br\/site\/sem-categoria\/uma-bela-festa-abre-a-edicao-2017-do-bento-em-vindima\/#respond"]}]},{"@type":"WebPage","@id":"https:\/\/www.travel3.com.br\/site\/sem-categoria\/uma-bela-festa-abre-a-edicao-2017-do-bento-em-vindima\/","url":"https:\/\/www.travel3.com.br\/site\/sem-categoria\/uma-bela-festa-abre-a-edicao-2017-do-bento-em-vindima\/","name":"UMA BELA FESTA ABRE A EDI\u00c7\u00c3O 2017 DO BENTO EM VINDIMA - Travel3","isPartOf":{"@id":"https:\/\/www.travel3.com.br\/site\/#website"},"datePublished":"2017-09-12T09:04:15+00:00","dateModified":"2017-09-12T18:08:08+00:00","description":"A TRAVEL3 \u00e9 um portal de conte\u00fado voltado para o turismo, encontre destinos, viagens, hospedagem, passagens, guias, not\u00edcias sobre o mercado do turismo, dicas de viagem, v\u00eddeos e podcast.","breadcrumb":{"@id":"https:\/\/www.travel3.com.br\/site\/sem-categoria\/uma-bela-festa-abre-a-edicao-2017-do-bento-em-vindima\/#breadcrumb"},"inLanguage":"pt-BR","potentialAction":[{"@type":"ReadAction","target":["https:\/\/www.travel3.com.br\/site\/sem-categoria\/uma-bela-festa-abre-a-edicao-2017-do-bento-em-vindima\/"]}]},{"@type":"BreadcrumbList","@id":"https:\/\/www.travel3.com.br\/site\/sem-categoria\/uma-bela-festa-abre-a-edicao-2017-do-bento-em-vindima\/#breadcrumb","itemListElement":[{"@type":"ListItem","position":1,"name":"In\u00edcio","item":"https:\/\/www.travel3.com.br\/site\/"},{"@type":"ListItem","position":2,"name":"UMA BELA FESTA ABRE A EDI\u00c7\u00c3O 2017 DO BENTO EM VINDIMA"}]},{"@type":"WebSite","@id":"https:\/\/www.travel3.com.br\/site\/#website","url":"https:\/\/www.travel3.com.br\/site\/","name":"Travel3","description":"Lazer + Neg&oacute;cios + Aventura","publisher":{"@id":"https:\/\/www.travel3.com.br\/site\/#organization"},"potentialAction":[{"@type":"SearchAction","target":{"@type":"EntryPoint","urlTemplate":"https:\/\/www.travel3.com.br\/site\/?s={search_term_string}"},"query-input":{"@type":"PropertyValueSpecification","valueRequired":true,"valueName":"search_term_string"}}],"inLanguage":"pt-BR"},{"@type":"Organization","@id":"https:\/\/www.travel3.com.br\/site\/#organization","name":"Travel3","url":"https:\/\/www.travel3.com.br\/site\/","logo":{"@type":"ImageObject","inLanguage":"pt-BR","@id":"https:\/\/www.travel3.com.br\/site\/#\/schema\/logo\/image\/","url":"https:\/\/www.travel3.com.br\/site\/wp-content\/uploads\/2020\/01\/logo-travel3-2020.png","contentUrl":"https:\/\/www.travel3.com.br\/site\/wp-content\/uploads\/2020\/01\/logo-travel3-2020.png","width":232,"height":79,"caption":"Travel3"},"image":{"@id":"https:\/\/www.travel3.com.br\/site\/#\/schema\/logo\/image\/"},"sameAs":["https:\/\/www.facebook.com\/travel3media\/","https:\/\/www.instagram.com\/revistatravel3\/","https:\/\/www.youtube.com\/channel\/UCno7J4paGBR3VbZQzvoJ9Eg"]},{"@type":"Person","@id":"https:\/\/www.travel3.com.br\/site\/#\/schema\/person\/a69d71e41a024999b6ab82369ac0bd1e","name":"admin","image":{"@type":"ImageObject","inLanguage":"pt-BR","@id":"https:\/\/www.travel3.com.br\/site\/#\/schema\/person\/image\/","url":"https:\/\/secure.gravatar.com\/avatar\/732a67adfd764da2a47ba10ce731c4c0?s=96&d=mm&r=g","contentUrl":"https:\/\/secure.gravatar.com\/avatar\/732a67adfd764da2a47ba10ce731c4c0?s=96&d=mm&r=g","caption":"admin"},"url":"https:\/\/www.travel3.com.br\/site\/author\/admin\/"}]}},"_links":{"self":[{"href":"https:\/\/www.travel3.com.br\/site\/wp-json\/wp\/v2\/posts\/2910","targetHints":{"allow":["GET"]}}],"collection":[{"href":"https:\/\/www.travel3.com.br\/site\/wp-json\/wp\/v2\/posts"}],"about":[{"href":"https:\/\/www.travel3.com.br\/site\/wp-json\/wp\/v2\/types\/post"}],"author":[{"embeddable":true,"href":"https:\/\/www.travel3.com.br\/site\/wp-json\/wp\/v2\/users\/1"}],"replies":[{"embeddable":true,"href":"https:\/\/www.travel3.com.br\/site\/wp-json\/wp\/v2\/comments?post=2910"}],"version-history":[{"count":1,"href":"https:\/\/www.travel3.com.br\/site\/wp-json\/wp\/v2\/posts\/2910\/revisions"}],"predecessor-version":[{"id":3707,"href":"https:\/\/www.travel3.com.br\/site\/wp-json\/wp\/v2\/posts\/2910\/revisions\/3707"}],"wp:attachment":[{"href":"https:\/\/www.travel3.com.br\/site\/wp-json\/wp\/v2\/media?parent=2910"}],"wp:term":[{"taxonomy":"category","embeddable":true,"href":"https:\/\/www.travel3.com.br\/site\/wp-json\/wp\/v2\/categories?post=2910"},{"taxonomy":"post_tag","embeddable":true,"href":"https:\/\/www.travel3.com.br\/site\/wp-json\/wp\/v2\/tags?post=2910"}],"curies":[{"name":"wp","href":"https:\/\/api.w.org\/{rel}","templated":true}]}}