{"id":2900,"date":"2017-08-18T03:44:59","date_gmt":"2017-08-18T03:44:59","guid":{"rendered":"http:\/\/www.travel3.com.br\/site\/ir-e-vir\/ar\/sobre-a-acao-de-resgate-dos-sobreviventes-na-avalanche-do-hotel\/"},"modified":"2017-09-12T18:07:58","modified_gmt":"2017-09-12T18:07:58","slug":"sobre-a-acao-de-resgate-dos-sobreviventes-na-avalanche-do-hotel","status":"publish","type":"post","link":"https:\/\/www.travel3.com.br\/site\/sem-categoria\/sobre-a-acao-de-resgate-dos-sobreviventes-na-avalanche-do-hotel\/","title":{"rendered":"SOBRE A A\u00c7\u00c3O  DE RESGATE DOS SOBREVIVENTES NA AVALANCHE DO HOTEL"},"content":{"rendered":"<p><span style=\"color: #40acad; font-family: -apple-system, system-ui, 'Segoe UI', Roboto, Oxygen-Sans, Ubuntu, Cantarell, 'Helvetica Neue', sans-serif; font-size: 12px; font-weight: bold;\"><\/p>\n<p style=\"text-align:justify\">Dez pessoas foram encontradas com vida depois da avalanche que praticamente soterroU o hotel Rigopiano, na regi\u00e3o central da It\u00e1lia. Dois grupos de sobreviventes foram localizados, um com seis e outro com cinco pessoas, entre as quais tr\u00eas crian\u00e7as.<\/p>\n<p style=\"text-align:justify\">Mat\u00e9ria do\u00a0<em>Corriere della Sera<\/em>\u00a0informa que o primeiro grupo de seis pessoas estava protegido na zona da cozinha do hotel e conseguiu acender uma fogueira para se aquecer, o que lhe permitiu sobreviver at\u00e9 43 horas ap\u00f3s a avalanche. Os sobreviventes foram ainda capazes de encontrar comida para se alimentarem.<\/p>\n<p style=\"text-align:justify\">Foram localizados pela equipe de c\u00e3es pisteiros dos bombeiros. O segundo grupo de sobreviventes deu sinal de vida poucas horas depois.<\/p>\n<p style=\"text-align:justify\">Nas buscas e resgates foram utilizados helic\u00f3pteros, que \u00a0levaram para Pescara, \u00a0m\u00e9dicos, cobertores e outros materiais para o aux\u00edlio necess\u00e1rio.\u00a0Foram estes helic\u00f3pteros que transportaram os sobreviventes para o hospital.<\/p>\n<p style=\"text-align:justify\">As buscas para encontrar os cerca de 30 desaparecidos que se encontravam no hotel de luxo quando a estrutura foi atingida pela avalanche prosseguiram durante at\u00e9 o fim de semana: apesar de ter parado de nevar, uma pequena subida da temperatura, acima dos zero graus, fez com que a neve que j\u00e1 caiu e atingiu at\u00e9 cinco metros de altura, se tornasse mais pesada, dificultando as opera\u00e7\u00f5es.<\/p>\n<p style=\"text-align:justify\">Do hotel inteiro, apenas a piscina e a zona do spa ficaram intactas. O estabelecimento fica a 45 km. de Pescara, na regi\u00e3o dos montes Apeninos.<\/p>\n<p style=\"text-align:justify\">\u201cFoi uma cat\u00e1strofe natural como um mini terramoto. Nunca vi nada do g\u00e9nero&#8221;, Walter Milan, porta-voz dos servi\u00e7os de socorro alpinos,. Apesar dos esfor\u00e7os, dos 30 desaparecidos, poucos devem ter condi\u00e7\u00f5es de sobreviv\u00eancia.<\/p>\n<p style=\"text-align:justify\">Foi aberta uma investiga\u00e7\u00e3o no Minist\u00e9rio P\u00fablico de Pescara, diante das acusa\u00e7\u00f5es de que houve demora na presta\u00e7\u00e3o de aux\u00edlio. Os primeiros socorristas s\u00f3 chegaram ao local na madrugada de ter\u00e7a-feira, cerca de onze horas depois da avalanche ter ocorrido.<\/p>\n<p style=\"text-align:justify\">E ai entra a fatalidade. Devido \u00e0s condi\u00e7\u00f5es do tempo, a maioria dos h\u00f3spedes j\u00e1 tinham fechado a conta e \u00a0estavam prontos para abandonar o local, aguardando apenas a passagem do carro limpa-neve que deveria ter chegado ao estabelecimento pelo meio da tarde da quarta (dia 18) . Por\u00e9m, a chegada foi adiada para as 19:00 e, nesse intervalo de tempo, ocorreu a avalanche, que soterrou todas as pessoas que se encontravam dentro do edif\u00edcio.<\/p>\n<p style=\"text-align:justify\">\u00a0<\/p>\n<p><\/span><\/p>\n","protected":false},"excerpt":{"rendered":"<p>Entre as pessoas resgatas estavam tres crian\u00e7as, j\u00e1 foi aberto inqu\u00e9rito sobre a demora na chegada de auxilio<\/p>\n","protected":false},"author":1,"featured_media":0,"comment_status":"open","ping_status":"open","sticky":false,"template":"","format":"standard","meta":{"footnotes":""},"categories":[],"tags":[],"class_list":["post-2900","post","type-post","status-publish","format-standard","hentry"],"yoast_head":"<!-- This site is optimized with the Yoast SEO plugin v26.2 - https:\/\/yoast.com\/wordpress\/plugins\/seo\/ -->\n<title>SOBRE A A\u00c7\u00c3O DE RESGATE DOS SOBREVIVENTES NA AVALANCHE DO HOTEL - Travel3<\/title>\n<meta name=\"description\" content=\"A TRAVEL3 \u00e9 um portal de conte\u00fado voltado para o turismo, encontre destinos, viagens, hospedagem, passagens, guias, not\u00edcias sobre o mercado do turismo, dicas de viagem, v\u00eddeos e podcast.\" \/>\n<meta name=\"robots\" content=\"index, follow, max-snippet:-1, max-image-preview:large, max-video-preview:-1\" \/>\n<link rel=\"canonical\" href=\"https:\/\/www.travel3.com.br\/site\/sem-categoria\/sobre-a-acao-de-resgate-dos-sobreviventes-na-avalanche-do-hotel\/\" \/>\n<meta property=\"og:locale\" content=\"pt_BR\" \/>\n<meta property=\"og:type\" content=\"article\" \/>\n<meta property=\"og:title\" content=\"SOBRE A A\u00c7\u00c3O DE RESGATE DOS SOBREVIVENTES NA AVALANCHE DO HOTEL - Travel3\" \/>\n<meta property=\"og:description\" content=\"A TRAVEL3 \u00e9 um portal de conte\u00fado voltado para o turismo, encontre destinos, viagens, hospedagem, passagens, guias, not\u00edcias sobre o mercado do turismo, dicas de viagem, v\u00eddeos e podcast.\" \/>\n<meta property=\"og:url\" content=\"https:\/\/www.travel3.com.br\/site\/sem-categoria\/sobre-a-acao-de-resgate-dos-sobreviventes-na-avalanche-do-hotel\/\" \/>\n<meta property=\"og:site_name\" content=\"Travel3\" \/>\n<meta property=\"article:publisher\" content=\"https:\/\/www.facebook.com\/travel3media\/\" \/>\n<meta property=\"article:published_time\" content=\"2017-08-18T03:44:59+00:00\" \/>\n<meta property=\"article:modified_time\" content=\"2017-09-12T18:07:58+00:00\" \/>\n<meta name=\"author\" content=\"admin\" \/>\n<meta name=\"twitter:card\" content=\"summary_large_image\" \/>\n<meta name=\"twitter:label1\" content=\"Escrito por\" \/>\n\t<meta name=\"twitter:data1\" content=\"admin\" \/>\n\t<meta name=\"twitter:label2\" content=\"Est. tempo de leitura\" \/>\n\t<meta name=\"twitter:data2\" content=\"2 minutos\" \/>\n<script type=\"application\/ld+json\" class=\"yoast-schema-graph\">{\"@context\":\"https:\/\/schema.org\",\"@graph\":[{\"@type\":\"Article\",\"@id\":\"https:\/\/www.travel3.com.br\/site\/sem-categoria\/sobre-a-acao-de-resgate-dos-sobreviventes-na-avalanche-do-hotel\/#article\",\"isPartOf\":{\"@id\":\"https:\/\/www.travel3.com.br\/site\/sem-categoria\/sobre-a-acao-de-resgate-dos-sobreviventes-na-avalanche-do-hotel\/\"},\"author\":{\"name\":\"admin\",\"@id\":\"https:\/\/www.travel3.com.br\/site\/#\/schema\/person\/a69d71e41a024999b6ab82369ac0bd1e\"},\"headline\":\"SOBRE A A\u00c7\u00c3O DE RESGATE DOS SOBREVIVENTES NA AVALANCHE DO HOTEL\",\"datePublished\":\"2017-08-18T03:44:59+00:00\",\"dateModified\":\"2017-09-12T18:07:58+00:00\",\"mainEntityOfPage\":{\"@id\":\"https:\/\/www.travel3.com.br\/site\/sem-categoria\/sobre-a-acao-de-resgate-dos-sobreviventes-na-avalanche-do-hotel\/\"},\"wordCount\":418,\"commentCount\":0,\"publisher\":{\"@id\":\"https:\/\/www.travel3.com.br\/site\/#organization\"},\"inLanguage\":\"pt-BR\",\"potentialAction\":[{\"@type\":\"CommentAction\",\"name\":\"Comment\",\"target\":[\"https:\/\/www.travel3.com.br\/site\/sem-categoria\/sobre-a-acao-de-resgate-dos-sobreviventes-na-avalanche-do-hotel\/#respond\"]}]},{\"@type\":\"WebPage\",\"@id\":\"https:\/\/www.travel3.com.br\/site\/sem-categoria\/sobre-a-acao-de-resgate-dos-sobreviventes-na-avalanche-do-hotel\/\",\"url\":\"https:\/\/www.travel3.com.br\/site\/sem-categoria\/sobre-a-acao-de-resgate-dos-sobreviventes-na-avalanche-do-hotel\/\",\"name\":\"SOBRE A A\u00c7\u00c3O DE RESGATE DOS SOBREVIVENTES NA AVALANCHE DO HOTEL - Travel3\",\"isPartOf\":{\"@id\":\"https:\/\/www.travel3.com.br\/site\/#website\"},\"datePublished\":\"2017-08-18T03:44:59+00:00\",\"dateModified\":\"2017-09-12T18:07:58+00:00\",\"description\":\"A TRAVEL3 \u00e9 um portal de conte\u00fado voltado para o turismo, encontre destinos, viagens, hospedagem, passagens, guias, not\u00edcias sobre o mercado do turismo, dicas de viagem, v\u00eddeos e podcast.\",\"breadcrumb\":{\"@id\":\"https:\/\/www.travel3.com.br\/site\/sem-categoria\/sobre-a-acao-de-resgate-dos-sobreviventes-na-avalanche-do-hotel\/#breadcrumb\"},\"inLanguage\":\"pt-BR\",\"potentialAction\":[{\"@type\":\"ReadAction\",\"target\":[\"https:\/\/www.travel3.com.br\/site\/sem-categoria\/sobre-a-acao-de-resgate-dos-sobreviventes-na-avalanche-do-hotel\/\"]}]},{\"@type\":\"BreadcrumbList\",\"@id\":\"https:\/\/www.travel3.com.br\/site\/sem-categoria\/sobre-a-acao-de-resgate-dos-sobreviventes-na-avalanche-do-hotel\/#breadcrumb\",\"itemListElement\":[{\"@type\":\"ListItem\",\"position\":1,\"name\":\"In\u00edcio\",\"item\":\"https:\/\/www.travel3.com.br\/site\/\"},{\"@type\":\"ListItem\",\"position\":2,\"name\":\"SOBRE A A\u00c7\u00c3O DE RESGATE DOS SOBREVIVENTES NA AVALANCHE DO HOTEL\"}]},{\"@type\":\"WebSite\",\"@id\":\"https:\/\/www.travel3.com.br\/site\/#website\",\"url\":\"https:\/\/www.travel3.com.br\/site\/\",\"name\":\"Travel3\",\"description\":\"Lazer + Neg&oacute;cios + Aventura\",\"publisher\":{\"@id\":\"https:\/\/www.travel3.com.br\/site\/#organization\"},\"potentialAction\":[{\"@type\":\"SearchAction\",\"target\":{\"@type\":\"EntryPoint\",\"urlTemplate\":\"https:\/\/www.travel3.com.br\/site\/?s={search_term_string}\"},\"query-input\":{\"@type\":\"PropertyValueSpecification\",\"valueRequired\":true,\"valueName\":\"search_term_string\"}}],\"inLanguage\":\"pt-BR\"},{\"@type\":\"Organization\",\"@id\":\"https:\/\/www.travel3.com.br\/site\/#organization\",\"name\":\"Travel3\",\"url\":\"https:\/\/www.travel3.com.br\/site\/\",\"logo\":{\"@type\":\"ImageObject\",\"inLanguage\":\"pt-BR\",\"@id\":\"https:\/\/www.travel3.com.br\/site\/#\/schema\/logo\/image\/\",\"url\":\"https:\/\/www.travel3.com.br\/site\/wp-content\/uploads\/2020\/01\/logo-travel3-2020.png\",\"contentUrl\":\"https:\/\/www.travel3.com.br\/site\/wp-content\/uploads\/2020\/01\/logo-travel3-2020.png\",\"width\":232,\"height\":79,\"caption\":\"Travel3\"},\"image\":{\"@id\":\"https:\/\/www.travel3.com.br\/site\/#\/schema\/logo\/image\/\"},\"sameAs\":[\"https:\/\/www.facebook.com\/travel3media\/\",\"https:\/\/www.instagram.com\/revistatravel3\/\",\"https:\/\/www.youtube.com\/channel\/UCno7J4paGBR3VbZQzvoJ9Eg\"]},{\"@type\":\"Person\",\"@id\":\"https:\/\/www.travel3.com.br\/site\/#\/schema\/person\/a69d71e41a024999b6ab82369ac0bd1e\",\"name\":\"admin\",\"image\":{\"@type\":\"ImageObject\",\"inLanguage\":\"pt-BR\",\"@id\":\"https:\/\/www.travel3.com.br\/site\/#\/schema\/person\/image\/\",\"url\":\"https:\/\/secure.gravatar.com\/avatar\/732a67adfd764da2a47ba10ce731c4c0?s=96&d=mm&r=g\",\"contentUrl\":\"https:\/\/secure.gravatar.com\/avatar\/732a67adfd764da2a47ba10ce731c4c0?s=96&d=mm&r=g\",\"caption\":\"admin\"},\"url\":\"https:\/\/www.travel3.com.br\/site\/author\/admin\/\"}]}<\/script>\n<!-- \/ Yoast SEO plugin. -->","yoast_head_json":{"title":"SOBRE A A\u00c7\u00c3O DE RESGATE DOS SOBREVIVENTES NA AVALANCHE DO HOTEL - Travel3","description":"A TRAVEL3 \u00e9 um portal de conte\u00fado voltado para o turismo, encontre destinos, viagens, hospedagem, passagens, guias, not\u00edcias sobre o mercado do turismo, dicas de viagem, v\u00eddeos e podcast.","robots":{"index":"index","follow":"follow","max-snippet":"max-snippet:-1","max-image-preview":"max-image-preview:large","max-video-preview":"max-video-preview:-1"},"canonical":"https:\/\/www.travel3.com.br\/site\/sem-categoria\/sobre-a-acao-de-resgate-dos-sobreviventes-na-avalanche-do-hotel\/","og_locale":"pt_BR","og_type":"article","og_title":"SOBRE A A\u00c7\u00c3O DE RESGATE DOS SOBREVIVENTES NA AVALANCHE DO HOTEL - Travel3","og_description":"A TRAVEL3 \u00e9 um portal de conte\u00fado voltado para o turismo, encontre destinos, viagens, hospedagem, passagens, guias, not\u00edcias sobre o mercado do turismo, dicas de viagem, v\u00eddeos e podcast.","og_url":"https:\/\/www.travel3.com.br\/site\/sem-categoria\/sobre-a-acao-de-resgate-dos-sobreviventes-na-avalanche-do-hotel\/","og_site_name":"Travel3","article_publisher":"https:\/\/www.facebook.com\/travel3media\/","article_published_time":"2017-08-18T03:44:59+00:00","article_modified_time":"2017-09-12T18:07:58+00:00","author":"admin","twitter_card":"summary_large_image","twitter_misc":{"Escrito por":"admin","Est. tempo de leitura":"2 minutos"},"schema":{"@context":"https:\/\/schema.org","@graph":[{"@type":"Article","@id":"https:\/\/www.travel3.com.br\/site\/sem-categoria\/sobre-a-acao-de-resgate-dos-sobreviventes-na-avalanche-do-hotel\/#article","isPartOf":{"@id":"https:\/\/www.travel3.com.br\/site\/sem-categoria\/sobre-a-acao-de-resgate-dos-sobreviventes-na-avalanche-do-hotel\/"},"author":{"name":"admin","@id":"https:\/\/www.travel3.com.br\/site\/#\/schema\/person\/a69d71e41a024999b6ab82369ac0bd1e"},"headline":"SOBRE A A\u00c7\u00c3O DE RESGATE DOS SOBREVIVENTES NA AVALANCHE DO HOTEL","datePublished":"2017-08-18T03:44:59+00:00","dateModified":"2017-09-12T18:07:58+00:00","mainEntityOfPage":{"@id":"https:\/\/www.travel3.com.br\/site\/sem-categoria\/sobre-a-acao-de-resgate-dos-sobreviventes-na-avalanche-do-hotel\/"},"wordCount":418,"commentCount":0,"publisher":{"@id":"https:\/\/www.travel3.com.br\/site\/#organization"},"inLanguage":"pt-BR","potentialAction":[{"@type":"CommentAction","name":"Comment","target":["https:\/\/www.travel3.com.br\/site\/sem-categoria\/sobre-a-acao-de-resgate-dos-sobreviventes-na-avalanche-do-hotel\/#respond"]}]},{"@type":"WebPage","@id":"https:\/\/www.travel3.com.br\/site\/sem-categoria\/sobre-a-acao-de-resgate-dos-sobreviventes-na-avalanche-do-hotel\/","url":"https:\/\/www.travel3.com.br\/site\/sem-categoria\/sobre-a-acao-de-resgate-dos-sobreviventes-na-avalanche-do-hotel\/","name":"SOBRE A A\u00c7\u00c3O DE RESGATE DOS SOBREVIVENTES NA AVALANCHE DO HOTEL - Travel3","isPartOf":{"@id":"https:\/\/www.travel3.com.br\/site\/#website"},"datePublished":"2017-08-18T03:44:59+00:00","dateModified":"2017-09-12T18:07:58+00:00","description":"A TRAVEL3 \u00e9 um portal de conte\u00fado voltado para o turismo, encontre destinos, viagens, hospedagem, passagens, guias, not\u00edcias sobre o mercado do turismo, dicas de viagem, v\u00eddeos e podcast.","breadcrumb":{"@id":"https:\/\/www.travel3.com.br\/site\/sem-categoria\/sobre-a-acao-de-resgate-dos-sobreviventes-na-avalanche-do-hotel\/#breadcrumb"},"inLanguage":"pt-BR","potentialAction":[{"@type":"ReadAction","target":["https:\/\/www.travel3.com.br\/site\/sem-categoria\/sobre-a-acao-de-resgate-dos-sobreviventes-na-avalanche-do-hotel\/"]}]},{"@type":"BreadcrumbList","@id":"https:\/\/www.travel3.com.br\/site\/sem-categoria\/sobre-a-acao-de-resgate-dos-sobreviventes-na-avalanche-do-hotel\/#breadcrumb","itemListElement":[{"@type":"ListItem","position":1,"name":"In\u00edcio","item":"https:\/\/www.travel3.com.br\/site\/"},{"@type":"ListItem","position":2,"name":"SOBRE A A\u00c7\u00c3O DE RESGATE DOS SOBREVIVENTES NA AVALANCHE DO HOTEL"}]},{"@type":"WebSite","@id":"https:\/\/www.travel3.com.br\/site\/#website","url":"https:\/\/www.travel3.com.br\/site\/","name":"Travel3","description":"Lazer + Neg&oacute;cios + Aventura","publisher":{"@id":"https:\/\/www.travel3.com.br\/site\/#organization"},"potentialAction":[{"@type":"SearchAction","target":{"@type":"EntryPoint","urlTemplate":"https:\/\/www.travel3.com.br\/site\/?s={search_term_string}"},"query-input":{"@type":"PropertyValueSpecification","valueRequired":true,"valueName":"search_term_string"}}],"inLanguage":"pt-BR"},{"@type":"Organization","@id":"https:\/\/www.travel3.com.br\/site\/#organization","name":"Travel3","url":"https:\/\/www.travel3.com.br\/site\/","logo":{"@type":"ImageObject","inLanguage":"pt-BR","@id":"https:\/\/www.travel3.com.br\/site\/#\/schema\/logo\/image\/","url":"https:\/\/www.travel3.com.br\/site\/wp-content\/uploads\/2020\/01\/logo-travel3-2020.png","contentUrl":"https:\/\/www.travel3.com.br\/site\/wp-content\/uploads\/2020\/01\/logo-travel3-2020.png","width":232,"height":79,"caption":"Travel3"},"image":{"@id":"https:\/\/www.travel3.com.br\/site\/#\/schema\/logo\/image\/"},"sameAs":["https:\/\/www.facebook.com\/travel3media\/","https:\/\/www.instagram.com\/revistatravel3\/","https:\/\/www.youtube.com\/channel\/UCno7J4paGBR3VbZQzvoJ9Eg"]},{"@type":"Person","@id":"https:\/\/www.travel3.com.br\/site\/#\/schema\/person\/a69d71e41a024999b6ab82369ac0bd1e","name":"admin","image":{"@type":"ImageObject","inLanguage":"pt-BR","@id":"https:\/\/www.travel3.com.br\/site\/#\/schema\/person\/image\/","url":"https:\/\/secure.gravatar.com\/avatar\/732a67adfd764da2a47ba10ce731c4c0?s=96&d=mm&r=g","contentUrl":"https:\/\/secure.gravatar.com\/avatar\/732a67adfd764da2a47ba10ce731c4c0?s=96&d=mm&r=g","caption":"admin"},"url":"https:\/\/www.travel3.com.br\/site\/author\/admin\/"}]}},"_links":{"self":[{"href":"https:\/\/www.travel3.com.br\/site\/wp-json\/wp\/v2\/posts\/2900","targetHints":{"allow":["GET"]}}],"collection":[{"href":"https:\/\/www.travel3.com.br\/site\/wp-json\/wp\/v2\/posts"}],"about":[{"href":"https:\/\/www.travel3.com.br\/site\/wp-json\/wp\/v2\/types\/post"}],"author":[{"embeddable":true,"href":"https:\/\/www.travel3.com.br\/site\/wp-json\/wp\/v2\/users\/1"}],"replies":[{"embeddable":true,"href":"https:\/\/www.travel3.com.br\/site\/wp-json\/wp\/v2\/comments?post=2900"}],"version-history":[{"count":1,"href":"https:\/\/www.travel3.com.br\/site\/wp-json\/wp\/v2\/posts\/2900\/revisions"}],"predecessor-version":[{"id":3692,"href":"https:\/\/www.travel3.com.br\/site\/wp-json\/wp\/v2\/posts\/2900\/revisions\/3692"}],"wp:attachment":[{"href":"https:\/\/www.travel3.com.br\/site\/wp-json\/wp\/v2\/media?parent=2900"}],"wp:term":[{"taxonomy":"category","embeddable":true,"href":"https:\/\/www.travel3.com.br\/site\/wp-json\/wp\/v2\/categories?post=2900"},{"taxonomy":"post_tag","embeddable":true,"href":"https:\/\/www.travel3.com.br\/site\/wp-json\/wp\/v2\/tags?post=2900"}],"curies":[{"name":"wp","href":"https:\/\/api.w.org\/{rel}","templated":true}]}}