{"id":2893,"date":"2017-08-19T11:17:11","date_gmt":"2017-08-19T11:17:11","guid":{"rendered":"http:\/\/www.travel3.com.br\/site\/ir-e-vir\/ar\/gloria-guevara-e-candidata-para-a-sucessao-na-omt\/"},"modified":"2017-09-12T18:07:51","modified_gmt":"2017-09-12T18:07:51","slug":"gloria-guevara-e-candidata-para-a-sucessao-na-omt","status":"publish","type":"post","link":"https:\/\/www.travel3.com.br\/site\/sem-categoria\/gloria-guevara-e-candidata-para-a-sucessao-na-omt\/","title":{"rendered":"GLORIA GUEVARA \u00c9  CANDIDATA PARA A SUCESS\u00c3O NA OMT"},"content":{"rendered":"<p><span style=\"color: #40acad; font-family: -apple-system, system-ui, 'Segoe UI', Roboto, Oxygen-Sans, Ubuntu, Cantarell, 'Helvetica Neue', sans-serif; font-size: 12px; font-weight: bold;\"><\/p>\n<p style=\"text-align:justify\">Ela j\u00e1 apresentou uma carta do governo do M\u00e9xico que outorga o seu apoio e assim, a ex-secret\u00e1ria de turismo Gloria Guevara Manzo j\u00e1 se habilita na postura de candidata dentro do panorama sucess\u00f3rio da Organiza\u00e7\u00e3o Mundial do Turismo que est\u00e1 s\u00f3 come\u00e7ando e promete uma acesa disputa no decorrer dos pr\u00f3ximos meses.<\/p>\n<p style=\"text-align:justify\">O nome do brasileiro M\u00e1rcio Favilla \u00e9 quase que natural em uma sucess\u00e3o para o posto, depois do trabalho realizado como um dos bra\u00e7os direitos da administra\u00e7\u00e3o do organismo mundial\u00a0 Outros candidatos j\u00e1 relacionados s\u00e3o dirigentes da Cor\u00e9ia do Sul, das Ilhas Seychelles e um africano, enquanto o ministro da Ge\u00f3rgia \u2013 que realizou o ano passado com grande \u00eaxito o primeiro congresso mundial do Enoturismo patrocinado pela OMT \u2013 tamb\u00e9m j\u00e1 garantiu apoios v\u00e1lidos.<\/p>\n<p style=\"text-align:justify\">Ao t\u00e9rmino da atual gest\u00e3o de dois mandatos de Taleb Rifai, o processo de disputa tem inicio. Segundo apoiadores da candidata mexicana, ele j\u00e1 teria declarado o seu apoio \u00e0 candidatura de Gl\u00f3ria Guevara.<\/p>\n<p style=\"text-align:justify\">Ela toma por base o fato de Rifai ter oferecido o cargo de representante da OMT para as Am\u00e9ricas logo depois de ter deixado o cargo de titular da Sectur mexicana entre 2010 e 2012, durante o governo de Felipe Calderon.<\/p>\n<p style=\"text-align:justify\">A executiva que tamb\u00e9m foi vicepresidente e diretora geral do Sabre Travel Networ Mexico, realizou um forte trabalho de bastidores durante sua participa\u00e7\u00e3o na Fitur encerrada neste final de semana em Madrid. Ela participou de uma s\u00e9rie de eventos.<\/p>\n<p style=\"text-align:justify\"><a class=\"fancybox-media\" href=\"..\/_uploads\/_noticia\/2017-01\/sucessaoomgloriaguevaracomluisgallego.jpg\" rel=\"portfolio\"><img decoding=\"async\" alt=\"\" src=\"..\/_uploads\/_noticia\/2017-01\/sucessaoomgloriaguevaracomluisgallego.jpg\" \/><\/a>.<strong>Gloria Guevara \u00a0em conversa com o \u00a0presidente de Iberia, Luis Gallego,<\/strong><\/p>\n<p>\u00a0<\/p>\n<p><\/span><\/p>\n","protected":false},"excerpt":{"rendered":"<p>Disputa come\u00e7a a sair dos bastidores, candidata mexicana diz ter apoio do atual secret\u00e1rio geral Taleb Rifai<\/p>\n","protected":false},"author":1,"featured_media":0,"comment_status":"open","ping_status":"open","sticky":false,"template":"","format":"standard","meta":{"footnotes":""},"categories":[],"tags":[],"class_list":["post-2893","post","type-post","status-publish","format-standard","hentry"],"yoast_head":"<!-- This site is optimized with the Yoast SEO plugin v26.2 - https:\/\/yoast.com\/wordpress\/plugins\/seo\/ -->\n<title>GLORIA GUEVARA \u00c9 CANDIDATA PARA A SUCESS\u00c3O NA OMT - Travel3<\/title>\n<meta name=\"description\" content=\"A TRAVEL3 \u00e9 um portal de conte\u00fado voltado para o turismo, encontre destinos, viagens, hospedagem, passagens, guias, not\u00edcias sobre o mercado do turismo, dicas de viagem, v\u00eddeos e podcast.\" \/>\n<meta name=\"robots\" content=\"index, follow, max-snippet:-1, max-image-preview:large, max-video-preview:-1\" \/>\n<link rel=\"canonical\" href=\"https:\/\/www.travel3.com.br\/site\/sem-categoria\/gloria-guevara-e-candidata-para-a-sucessao-na-omt\/\" \/>\n<meta property=\"og:locale\" content=\"pt_BR\" \/>\n<meta property=\"og:type\" content=\"article\" \/>\n<meta property=\"og:title\" content=\"GLORIA GUEVARA \u00c9 CANDIDATA PARA A SUCESS\u00c3O NA OMT - Travel3\" \/>\n<meta property=\"og:description\" content=\"A TRAVEL3 \u00e9 um portal de conte\u00fado voltado para o turismo, encontre destinos, viagens, hospedagem, passagens, guias, not\u00edcias sobre o mercado do turismo, dicas de viagem, v\u00eddeos e podcast.\" \/>\n<meta property=\"og:url\" content=\"https:\/\/www.travel3.com.br\/site\/sem-categoria\/gloria-guevara-e-candidata-para-a-sucessao-na-omt\/\" \/>\n<meta property=\"og:site_name\" content=\"Travel3\" \/>\n<meta property=\"article:publisher\" content=\"https:\/\/www.facebook.com\/travel3media\/\" \/>\n<meta property=\"article:published_time\" content=\"2017-08-19T11:17:11+00:00\" \/>\n<meta property=\"article:modified_time\" content=\"2017-09-12T18:07:51+00:00\" \/>\n<meta name=\"author\" content=\"admin\" \/>\n<meta name=\"twitter:card\" content=\"summary_large_image\" \/>\n<meta name=\"twitter:label1\" content=\"Escrito por\" \/>\n\t<meta name=\"twitter:data1\" content=\"admin\" \/>\n\t<meta name=\"twitter:label2\" content=\"Est. tempo de leitura\" \/>\n\t<meta name=\"twitter:data2\" content=\"1 minuto\" \/>\n<script type=\"application\/ld+json\" class=\"yoast-schema-graph\">{\"@context\":\"https:\/\/schema.org\",\"@graph\":[{\"@type\":\"Article\",\"@id\":\"https:\/\/www.travel3.com.br\/site\/sem-categoria\/gloria-guevara-e-candidata-para-a-sucessao-na-omt\/#article\",\"isPartOf\":{\"@id\":\"https:\/\/www.travel3.com.br\/site\/sem-categoria\/gloria-guevara-e-candidata-para-a-sucessao-na-omt\/\"},\"author\":{\"name\":\"admin\",\"@id\":\"https:\/\/www.travel3.com.br\/site\/#\/schema\/person\/a69d71e41a024999b6ab82369ac0bd1e\"},\"headline\":\"GLORIA GUEVARA \u00c9 CANDIDATA PARA A SUCESS\u00c3O NA OMT\",\"datePublished\":\"2017-08-19T11:17:11+00:00\",\"dateModified\":\"2017-09-12T18:07:51+00:00\",\"mainEntityOfPage\":{\"@id\":\"https:\/\/www.travel3.com.br\/site\/sem-categoria\/gloria-guevara-e-candidata-para-a-sucessao-na-omt\/\"},\"wordCount\":278,\"commentCount\":0,\"publisher\":{\"@id\":\"https:\/\/www.travel3.com.br\/site\/#organization\"},\"inLanguage\":\"pt-BR\",\"potentialAction\":[{\"@type\":\"CommentAction\",\"name\":\"Comment\",\"target\":[\"https:\/\/www.travel3.com.br\/site\/sem-categoria\/gloria-guevara-e-candidata-para-a-sucessao-na-omt\/#respond\"]}]},{\"@type\":\"WebPage\",\"@id\":\"https:\/\/www.travel3.com.br\/site\/sem-categoria\/gloria-guevara-e-candidata-para-a-sucessao-na-omt\/\",\"url\":\"https:\/\/www.travel3.com.br\/site\/sem-categoria\/gloria-guevara-e-candidata-para-a-sucessao-na-omt\/\",\"name\":\"GLORIA GUEVARA \u00c9 CANDIDATA PARA A SUCESS\u00c3O NA OMT - Travel3\",\"isPartOf\":{\"@id\":\"https:\/\/www.travel3.com.br\/site\/#website\"},\"datePublished\":\"2017-08-19T11:17:11+00:00\",\"dateModified\":\"2017-09-12T18:07:51+00:00\",\"description\":\"A TRAVEL3 \u00e9 um portal de conte\u00fado voltado para o turismo, encontre destinos, viagens, hospedagem, passagens, guias, not\u00edcias sobre o mercado do turismo, dicas de viagem, v\u00eddeos e podcast.\",\"breadcrumb\":{\"@id\":\"https:\/\/www.travel3.com.br\/site\/sem-categoria\/gloria-guevara-e-candidata-para-a-sucessao-na-omt\/#breadcrumb\"},\"inLanguage\":\"pt-BR\",\"potentialAction\":[{\"@type\":\"ReadAction\",\"target\":[\"https:\/\/www.travel3.com.br\/site\/sem-categoria\/gloria-guevara-e-candidata-para-a-sucessao-na-omt\/\"]}]},{\"@type\":\"BreadcrumbList\",\"@id\":\"https:\/\/www.travel3.com.br\/site\/sem-categoria\/gloria-guevara-e-candidata-para-a-sucessao-na-omt\/#breadcrumb\",\"itemListElement\":[{\"@type\":\"ListItem\",\"position\":1,\"name\":\"In\u00edcio\",\"item\":\"https:\/\/www.travel3.com.br\/site\/\"},{\"@type\":\"ListItem\",\"position\":2,\"name\":\"GLORIA GUEVARA \u00c9 CANDIDATA PARA A SUCESS\u00c3O NA OMT\"}]},{\"@type\":\"WebSite\",\"@id\":\"https:\/\/www.travel3.com.br\/site\/#website\",\"url\":\"https:\/\/www.travel3.com.br\/site\/\",\"name\":\"Travel3\",\"description\":\"Lazer + Neg&oacute;cios + Aventura\",\"publisher\":{\"@id\":\"https:\/\/www.travel3.com.br\/site\/#organization\"},\"potentialAction\":[{\"@type\":\"SearchAction\",\"target\":{\"@type\":\"EntryPoint\",\"urlTemplate\":\"https:\/\/www.travel3.com.br\/site\/?s={search_term_string}\"},\"query-input\":{\"@type\":\"PropertyValueSpecification\",\"valueRequired\":true,\"valueName\":\"search_term_string\"}}],\"inLanguage\":\"pt-BR\"},{\"@type\":\"Organization\",\"@id\":\"https:\/\/www.travel3.com.br\/site\/#organization\",\"name\":\"Travel3\",\"url\":\"https:\/\/www.travel3.com.br\/site\/\",\"logo\":{\"@type\":\"ImageObject\",\"inLanguage\":\"pt-BR\",\"@id\":\"https:\/\/www.travel3.com.br\/site\/#\/schema\/logo\/image\/\",\"url\":\"https:\/\/www.travel3.com.br\/site\/wp-content\/uploads\/2020\/01\/logo-travel3-2020.png\",\"contentUrl\":\"https:\/\/www.travel3.com.br\/site\/wp-content\/uploads\/2020\/01\/logo-travel3-2020.png\",\"width\":232,\"height\":79,\"caption\":\"Travel3\"},\"image\":{\"@id\":\"https:\/\/www.travel3.com.br\/site\/#\/schema\/logo\/image\/\"},\"sameAs\":[\"https:\/\/www.facebook.com\/travel3media\/\",\"https:\/\/www.instagram.com\/revistatravel3\/\",\"https:\/\/www.youtube.com\/channel\/UCno7J4paGBR3VbZQzvoJ9Eg\"]},{\"@type\":\"Person\",\"@id\":\"https:\/\/www.travel3.com.br\/site\/#\/schema\/person\/a69d71e41a024999b6ab82369ac0bd1e\",\"name\":\"admin\",\"image\":{\"@type\":\"ImageObject\",\"inLanguage\":\"pt-BR\",\"@id\":\"https:\/\/www.travel3.com.br\/site\/#\/schema\/person\/image\/\",\"url\":\"https:\/\/secure.gravatar.com\/avatar\/732a67adfd764da2a47ba10ce731c4c0?s=96&d=mm&r=g\",\"contentUrl\":\"https:\/\/secure.gravatar.com\/avatar\/732a67adfd764da2a47ba10ce731c4c0?s=96&d=mm&r=g\",\"caption\":\"admin\"},\"url\":\"https:\/\/www.travel3.com.br\/site\/author\/admin\/\"}]}<\/script>\n<!-- \/ Yoast SEO plugin. -->","yoast_head_json":{"title":"GLORIA GUEVARA \u00c9 CANDIDATA PARA A SUCESS\u00c3O NA OMT - Travel3","description":"A TRAVEL3 \u00e9 um portal de conte\u00fado voltado para o turismo, encontre destinos, viagens, hospedagem, passagens, guias, not\u00edcias sobre o mercado do turismo, dicas de viagem, v\u00eddeos e podcast.","robots":{"index":"index","follow":"follow","max-snippet":"max-snippet:-1","max-image-preview":"max-image-preview:large","max-video-preview":"max-video-preview:-1"},"canonical":"https:\/\/www.travel3.com.br\/site\/sem-categoria\/gloria-guevara-e-candidata-para-a-sucessao-na-omt\/","og_locale":"pt_BR","og_type":"article","og_title":"GLORIA GUEVARA \u00c9 CANDIDATA PARA A SUCESS\u00c3O NA OMT - Travel3","og_description":"A TRAVEL3 \u00e9 um portal de conte\u00fado voltado para o turismo, encontre destinos, viagens, hospedagem, passagens, guias, not\u00edcias sobre o mercado do turismo, dicas de viagem, v\u00eddeos e podcast.","og_url":"https:\/\/www.travel3.com.br\/site\/sem-categoria\/gloria-guevara-e-candidata-para-a-sucessao-na-omt\/","og_site_name":"Travel3","article_publisher":"https:\/\/www.facebook.com\/travel3media\/","article_published_time":"2017-08-19T11:17:11+00:00","article_modified_time":"2017-09-12T18:07:51+00:00","author":"admin","twitter_card":"summary_large_image","twitter_misc":{"Escrito por":"admin","Est. tempo de leitura":"1 minuto"},"schema":{"@context":"https:\/\/schema.org","@graph":[{"@type":"Article","@id":"https:\/\/www.travel3.com.br\/site\/sem-categoria\/gloria-guevara-e-candidata-para-a-sucessao-na-omt\/#article","isPartOf":{"@id":"https:\/\/www.travel3.com.br\/site\/sem-categoria\/gloria-guevara-e-candidata-para-a-sucessao-na-omt\/"},"author":{"name":"admin","@id":"https:\/\/www.travel3.com.br\/site\/#\/schema\/person\/a69d71e41a024999b6ab82369ac0bd1e"},"headline":"GLORIA GUEVARA \u00c9 CANDIDATA PARA A SUCESS\u00c3O NA OMT","datePublished":"2017-08-19T11:17:11+00:00","dateModified":"2017-09-12T18:07:51+00:00","mainEntityOfPage":{"@id":"https:\/\/www.travel3.com.br\/site\/sem-categoria\/gloria-guevara-e-candidata-para-a-sucessao-na-omt\/"},"wordCount":278,"commentCount":0,"publisher":{"@id":"https:\/\/www.travel3.com.br\/site\/#organization"},"inLanguage":"pt-BR","potentialAction":[{"@type":"CommentAction","name":"Comment","target":["https:\/\/www.travel3.com.br\/site\/sem-categoria\/gloria-guevara-e-candidata-para-a-sucessao-na-omt\/#respond"]}]},{"@type":"WebPage","@id":"https:\/\/www.travel3.com.br\/site\/sem-categoria\/gloria-guevara-e-candidata-para-a-sucessao-na-omt\/","url":"https:\/\/www.travel3.com.br\/site\/sem-categoria\/gloria-guevara-e-candidata-para-a-sucessao-na-omt\/","name":"GLORIA GUEVARA \u00c9 CANDIDATA PARA A SUCESS\u00c3O NA OMT - Travel3","isPartOf":{"@id":"https:\/\/www.travel3.com.br\/site\/#website"},"datePublished":"2017-08-19T11:17:11+00:00","dateModified":"2017-09-12T18:07:51+00:00","description":"A TRAVEL3 \u00e9 um portal de conte\u00fado voltado para o turismo, encontre destinos, viagens, hospedagem, passagens, guias, not\u00edcias sobre o mercado do turismo, dicas de viagem, v\u00eddeos e podcast.","breadcrumb":{"@id":"https:\/\/www.travel3.com.br\/site\/sem-categoria\/gloria-guevara-e-candidata-para-a-sucessao-na-omt\/#breadcrumb"},"inLanguage":"pt-BR","potentialAction":[{"@type":"ReadAction","target":["https:\/\/www.travel3.com.br\/site\/sem-categoria\/gloria-guevara-e-candidata-para-a-sucessao-na-omt\/"]}]},{"@type":"BreadcrumbList","@id":"https:\/\/www.travel3.com.br\/site\/sem-categoria\/gloria-guevara-e-candidata-para-a-sucessao-na-omt\/#breadcrumb","itemListElement":[{"@type":"ListItem","position":1,"name":"In\u00edcio","item":"https:\/\/www.travel3.com.br\/site\/"},{"@type":"ListItem","position":2,"name":"GLORIA GUEVARA \u00c9 CANDIDATA PARA A SUCESS\u00c3O NA OMT"}]},{"@type":"WebSite","@id":"https:\/\/www.travel3.com.br\/site\/#website","url":"https:\/\/www.travel3.com.br\/site\/","name":"Travel3","description":"Lazer + Neg&oacute;cios + Aventura","publisher":{"@id":"https:\/\/www.travel3.com.br\/site\/#organization"},"potentialAction":[{"@type":"SearchAction","target":{"@type":"EntryPoint","urlTemplate":"https:\/\/www.travel3.com.br\/site\/?s={search_term_string}"},"query-input":{"@type":"PropertyValueSpecification","valueRequired":true,"valueName":"search_term_string"}}],"inLanguage":"pt-BR"},{"@type":"Organization","@id":"https:\/\/www.travel3.com.br\/site\/#organization","name":"Travel3","url":"https:\/\/www.travel3.com.br\/site\/","logo":{"@type":"ImageObject","inLanguage":"pt-BR","@id":"https:\/\/www.travel3.com.br\/site\/#\/schema\/logo\/image\/","url":"https:\/\/www.travel3.com.br\/site\/wp-content\/uploads\/2020\/01\/logo-travel3-2020.png","contentUrl":"https:\/\/www.travel3.com.br\/site\/wp-content\/uploads\/2020\/01\/logo-travel3-2020.png","width":232,"height":79,"caption":"Travel3"},"image":{"@id":"https:\/\/www.travel3.com.br\/site\/#\/schema\/logo\/image\/"},"sameAs":["https:\/\/www.facebook.com\/travel3media\/","https:\/\/www.instagram.com\/revistatravel3\/","https:\/\/www.youtube.com\/channel\/UCno7J4paGBR3VbZQzvoJ9Eg"]},{"@type":"Person","@id":"https:\/\/www.travel3.com.br\/site\/#\/schema\/person\/a69d71e41a024999b6ab82369ac0bd1e","name":"admin","image":{"@type":"ImageObject","inLanguage":"pt-BR","@id":"https:\/\/www.travel3.com.br\/site\/#\/schema\/person\/image\/","url":"https:\/\/secure.gravatar.com\/avatar\/732a67adfd764da2a47ba10ce731c4c0?s=96&d=mm&r=g","contentUrl":"https:\/\/secure.gravatar.com\/avatar\/732a67adfd764da2a47ba10ce731c4c0?s=96&d=mm&r=g","caption":"admin"},"url":"https:\/\/www.travel3.com.br\/site\/author\/admin\/"}]}},"_links":{"self":[{"href":"https:\/\/www.travel3.com.br\/site\/wp-json\/wp\/v2\/posts\/2893","targetHints":{"allow":["GET"]}}],"collection":[{"href":"https:\/\/www.travel3.com.br\/site\/wp-json\/wp\/v2\/posts"}],"about":[{"href":"https:\/\/www.travel3.com.br\/site\/wp-json\/wp\/v2\/types\/post"}],"author":[{"embeddable":true,"href":"https:\/\/www.travel3.com.br\/site\/wp-json\/wp\/v2\/users\/1"}],"replies":[{"embeddable":true,"href":"https:\/\/www.travel3.com.br\/site\/wp-json\/wp\/v2\/comments?post=2893"}],"version-history":[{"count":1,"href":"https:\/\/www.travel3.com.br\/site\/wp-json\/wp\/v2\/posts\/2893\/revisions"}],"predecessor-version":[{"id":3685,"href":"https:\/\/www.travel3.com.br\/site\/wp-json\/wp\/v2\/posts\/2893\/revisions\/3685"}],"wp:attachment":[{"href":"https:\/\/www.travel3.com.br\/site\/wp-json\/wp\/v2\/media?parent=2893"}],"wp:term":[{"taxonomy":"category","embeddable":true,"href":"https:\/\/www.travel3.com.br\/site\/wp-json\/wp\/v2\/categories?post=2893"},{"taxonomy":"post_tag","embeddable":true,"href":"https:\/\/www.travel3.com.br\/site\/wp-json\/wp\/v2\/tags?post=2893"}],"curies":[{"name":"wp","href":"https:\/\/api.w.org\/{rel}","templated":true}]}}