{"id":2854,"date":"2017-08-24T22:13:45","date_gmt":"2017-08-24T22:13:45","guid":{"rendered":"http:\/\/www.travel3.com.br\/site\/ir-e-vir\/ar\/incendios-florestais-devastam-enoturismo-chileno\/"},"modified":"2017-09-12T18:07:09","modified_gmt":"2017-09-12T18:07:09","slug":"incendios-florestais-devastam-enoturismo-chileno","status":"publish","type":"post","link":"https:\/\/www.travel3.com.br\/site\/sem-categoria\/incendios-florestais-devastam-enoturismo-chileno\/","title":{"rendered":"INC\u00caNDIOS FLORESTAIS DEVASTAM ENOTURISMO CHILENO"},"content":{"rendered":"<p><span style=\"color: #40acad; font-family: -apple-system, system-ui, 'Segoe UI', Roboto, Oxygen-Sans, Ubuntu, Cantarell, 'Helvetica Neue', sans-serif; font-size: 12px; font-weight: bold;\"><\/p>\n<p style=\"text-align:justify\">A ind\u00fastria vitivin\u00edcola chilena tem muitos motivos para lamentar a trag\u00e9dia que o pa\u00eds vive por causa dos inc\u00eandios na zona centro-sul e os danos causados \u200b\u200ba vilas e vinhedos, especialmente para pequenos produtores nas regi\u00f5es de O&#39;Higgins e Maule. Uma reuni\u00e3o emergencial foi realizada com representantes de todo o setor, para colaborar na identifica\u00e7\u00e3o de necessidades, definir a\u00e7\u00f5es a serem seguidas e buscar a melhor forma de ajudar os produtores afetados.<\/p>\n<p style=\"text-align:justify\">Para identificar com precis\u00e3o os preju\u00edzos e canalizar adequadamente a ajuda, a Wines of Chile, juntamente com outras associa\u00e7\u00f5es do setor, est\u00e1 preparando um relat\u00f3rio sobre os poss\u00edveis danos causados \u200b\u200b\u00e0s vin\u00edcolas pelos inc\u00eandios. A visita\u00e7\u00e3o tur\u00edstica do Enoturismo, por exemplo, est\u00e1 prejudicada em mais de 80%.<\/p>\n<p style=\"text-align:justify\">At\u00e9 agora, a investiga\u00e7\u00e3o apontou que os principais danos foram em colinas, florestas e pastagens. As \u00e1reas cultivadas queimadas t\u00eam sido proporcionalmente baixas: cerca de 45 hectares de vitis vinifera, considerando um total de 141.000 hectares em todo o pa\u00eds.<\/p>\n<p style=\"text-align:justify\">&#8220;As perdas t\u00eam sido concentradas nas antigas planta\u00e7\u00f5es de pequenos produtores em regi\u00f5es pr\u00f3ximas de colinas e florestas, algumas das quais t\u00eam videiras com mais de 100 anos&#8221;, comentou o presidente da Wines of Chile, Mario Pablo Silva. &#8220;Todo o setor vitivin\u00edcola est\u00e1 atento e estamos tomando medidas concretas para identificar os problemas e apoi\u00e1-los na busca de solu\u00e7\u00f5es reais.&#8221;<\/p>\n<p style=\"text-align:justify\">De acordo com informa\u00e7\u00f5es preliminares, nenhum dano foi identificado em vinhedos no Vale de Casablanca, Curic\u00f3 e B\u00edo B\u00edo, embora permane\u00e7am em alerta. Atualmente, a perda \u00e9 concentrada no Vale do Maule (27 hectares), Vale do Maipo (10 hectares) e Vale de Colchagua (7 hectares).<\/p>\n<p style=\"text-align:justify\"><a class=\"fancybox-media\" href=\"..\/_uploads\/_noticia\/2017-01\/aviaocisternaincendionochile.jpg\" rel=\"portfolio\"><img decoding=\"async\" alt=\"\" src=\"..\/_uploads\/_noticia\/2017-01\/aviaocisternaincendionochile.jpg\" \/><\/a>Esta aeronave Boeing 747-400 Super Tanker, o maior avi\u00e3o cisterna do mundo, com capacidade para transportar 75 mil litros foi alugado por uma funda\u00e7\u00e3o privada, a Ventos do Sul, e chegou hoje a Santiago\u00a0 para ajudar o combate aos inc\u00eandios florestais chilenos.<\/p>\n<p style=\"text-align:justify\">S\u00e3o US$ 2 milh\u00f5es de d\u00f3lares que a psic\u00f3loga chilena radicada h\u00e1 dez anos nos EUA, Lucy Ana Avil\u00e9s, e o marido, Ben Walton (neto do fundador da cadeia de lojas Walmart e herdeiro da sua fortuna), v\u00e3o pagar pelo uso do avi\u00e3o que inicialmente atuar\u00e1 na regi\u00e3o de Maule, uma das mais atingidas nos avan\u00e7os do fogo.<\/p>\n<p style=\"text-align:justify\">&#8220;Nunca vimos uma coisa desde tamanho, nunca na hist\u00f3ria do Chile&#8221;, disse a presidente chilena, Michelle Bachelet, que visitou a regi\u00e3o. Alguns dos inc\u00eandios est\u00e3o sob suspeita de terem sido propositais.<\/p>\n<p style=\"text-align:justify\">Os inc\u00eandios florestais s\u00e3o comuns durante os longos, quente e \u00e1ridos ver\u00f5es chilenos, mas a seca que dura h\u00e1 quase uma d\u00e9cada, conjugada com temperaturas elevadas de modo anormal, criaram as condi\u00e7\u00f5es para o cen\u00e1rio atual que est\u00e1 afetando atividades gerais, e o turismo\u00a0 chileno est\u00e1 sendo uma das vitimas.<\/p>\n<p style=\"text-align:justify\">Entre as ajudas do exterior, Brasil, \u00a0Fran\u00e7a, Estados Unidos, M\u00e9xico, \u00a0Peru \u00a0e Portugal j\u00e1 se manifestaram. Portugal envia ainda hoje uma for\u00e7a especial de combate a inc\u00eandios com 50 bombeiros.<\/p>\n<p style=\"text-align:justify\"><a class=\"fancybox-media\" href=\"..\/_uploads\/_noticia\/2017-01\/chileincendiocombatebombeiros.jpg\" rel=\"portfolio\"><img decoding=\"async\" alt=\"\" src=\"..\/_uploads\/_noticia\/2017-01\/chileincendiocombatebombeiros.jpg\" \/><\/a> Uma cidade de seis mil habitantes foi inteiramente destru\u00edda pelas chamas. Santa Clara, a 360 km de Santiago do Chile e pr\u00f3xima de Constitucion, foi completamente consumida pelas chamas na noite de ontem, com destrui\u00e7\u00e3o de mil resid\u00eancias e pr\u00e9dios dos servi\u00e7os publicos.<\/p>\n<p style=\"text-align:justify\">At\u00e9 ao momento, os piores inc\u00eandios florestais no Chile j\u00e1 destru\u00edram cerca de 160 mil hectares de floresta: os fogos alastraram no centro do pa\u00eds devido aos ventos fortes, temperaturas altas e seca prolongada. H\u00e1 v\u00e1rios dias que os servi\u00e7os de emerg\u00eancia combatem as chamas sem interrup\u00e7\u00e3o, centenas de bombeiros e meios a\u00e9reos.<\/p>\n<p style=\"text-align:justify\"><a class=\"fancybox-media\" href=\"..\/_uploads\/_noticia\/2017-01\/chileincendiosambientais.jpg\" rel=\"portfolio\"><img decoding=\"async\" alt=\"\" src=\"..\/_uploads\/_noticia\/2017-01\/chileincendiosambientais.jpg\" \/><\/a><\/p>\n<p style=\"text-align:justify\"><strong>O estado de emerg\u00eancia est\u00e1 declarado para v\u00e1rias regi\u00f5es -Valparaiso, Metropolitana, O&#39;Higgins, Maule, Biobio, La Araucania e Los Lagos<\/strong><\/p>\n<p>\u00a0<\/p>\n<p>\u00a0<\/p>\n<p>\u00a0<\/p>\n<p>\u00a0<\/p>\n<p>\u00a0<\/p>\n<p>\u00a0<\/p>\n<p>\u00a0<\/p>\n<p><\/span><\/p>\n","protected":false},"excerpt":{"rendered":"<p>50 focos continuam ativos no maior desastre ambiental do pais, ind\u00fastria vin\u00edcola tamb\u00e9m se mobiliza e uma cidade \u00e9 inteiramente destruida pelo fogo<\/p>\n","protected":false},"author":1,"featured_media":0,"comment_status":"open","ping_status":"open","sticky":false,"template":"","format":"standard","meta":{"footnotes":""},"categories":[],"tags":[],"class_list":["post-2854","post","type-post","status-publish","format-standard","hentry"],"yoast_head":"<!-- This site is optimized with the Yoast SEO plugin v26.2 - https:\/\/yoast.com\/wordpress\/plugins\/seo\/ -->\n<title>INC\u00caNDIOS FLORESTAIS DEVASTAM ENOTURISMO CHILENO - Travel3<\/title>\n<meta name=\"description\" content=\"A TRAVEL3 \u00e9 um portal de conte\u00fado voltado para o turismo, encontre destinos, viagens, hospedagem, passagens, guias, not\u00edcias sobre o mercado do turismo, dicas de viagem, v\u00eddeos e podcast.\" \/>\n<meta name=\"robots\" content=\"index, follow, max-snippet:-1, max-image-preview:large, max-video-preview:-1\" \/>\n<link rel=\"canonical\" href=\"https:\/\/www.travel3.com.br\/site\/sem-categoria\/incendios-florestais-devastam-enoturismo-chileno\/\" \/>\n<meta property=\"og:locale\" content=\"pt_BR\" \/>\n<meta property=\"og:type\" content=\"article\" \/>\n<meta property=\"og:title\" content=\"INC\u00caNDIOS FLORESTAIS DEVASTAM ENOTURISMO CHILENO - Travel3\" \/>\n<meta property=\"og:description\" content=\"A TRAVEL3 \u00e9 um portal de conte\u00fado voltado para o turismo, encontre destinos, viagens, hospedagem, passagens, guias, not\u00edcias sobre o mercado do turismo, dicas de viagem, v\u00eddeos e podcast.\" \/>\n<meta property=\"og:url\" content=\"https:\/\/www.travel3.com.br\/site\/sem-categoria\/incendios-florestais-devastam-enoturismo-chileno\/\" \/>\n<meta property=\"og:site_name\" content=\"Travel3\" \/>\n<meta property=\"article:publisher\" content=\"https:\/\/www.facebook.com\/travel3media\/\" \/>\n<meta property=\"article:published_time\" content=\"2017-08-24T22:13:45+00:00\" \/>\n<meta property=\"article:modified_time\" content=\"2017-09-12T18:07:09+00:00\" \/>\n<meta name=\"author\" content=\"admin\" \/>\n<meta name=\"twitter:card\" content=\"summary_large_image\" \/>\n<meta name=\"twitter:label1\" content=\"Escrito por\" \/>\n\t<meta name=\"twitter:data1\" content=\"admin\" \/>\n\t<meta name=\"twitter:label2\" content=\"Est. tempo de leitura\" \/>\n\t<meta name=\"twitter:data2\" content=\"3 minutos\" \/>\n<script type=\"application\/ld+json\" class=\"yoast-schema-graph\">{\"@context\":\"https:\/\/schema.org\",\"@graph\":[{\"@type\":\"Article\",\"@id\":\"https:\/\/www.travel3.com.br\/site\/sem-categoria\/incendios-florestais-devastam-enoturismo-chileno\/#article\",\"isPartOf\":{\"@id\":\"https:\/\/www.travel3.com.br\/site\/sem-categoria\/incendios-florestais-devastam-enoturismo-chileno\/\"},\"author\":{\"name\":\"admin\",\"@id\":\"https:\/\/www.travel3.com.br\/site\/#\/schema\/person\/a69d71e41a024999b6ab82369ac0bd1e\"},\"headline\":\"INC\u00caNDIOS FLORESTAIS DEVASTAM ENOTURISMO CHILENO\",\"datePublished\":\"2017-08-24T22:13:45+00:00\",\"dateModified\":\"2017-09-12T18:07:09+00:00\",\"mainEntityOfPage\":{\"@id\":\"https:\/\/www.travel3.com.br\/site\/sem-categoria\/incendios-florestais-devastam-enoturismo-chileno\/\"},\"wordCount\":661,\"commentCount\":0,\"publisher\":{\"@id\":\"https:\/\/www.travel3.com.br\/site\/#organization\"},\"inLanguage\":\"pt-BR\",\"potentialAction\":[{\"@type\":\"CommentAction\",\"name\":\"Comment\",\"target\":[\"https:\/\/www.travel3.com.br\/site\/sem-categoria\/incendios-florestais-devastam-enoturismo-chileno\/#respond\"]}]},{\"@type\":\"WebPage\",\"@id\":\"https:\/\/www.travel3.com.br\/site\/sem-categoria\/incendios-florestais-devastam-enoturismo-chileno\/\",\"url\":\"https:\/\/www.travel3.com.br\/site\/sem-categoria\/incendios-florestais-devastam-enoturismo-chileno\/\",\"name\":\"INC\u00caNDIOS FLORESTAIS DEVASTAM ENOTURISMO CHILENO - Travel3\",\"isPartOf\":{\"@id\":\"https:\/\/www.travel3.com.br\/site\/#website\"},\"datePublished\":\"2017-08-24T22:13:45+00:00\",\"dateModified\":\"2017-09-12T18:07:09+00:00\",\"description\":\"A TRAVEL3 \u00e9 um portal de conte\u00fado voltado para o turismo, encontre destinos, viagens, hospedagem, passagens, guias, not\u00edcias sobre o mercado do turismo, dicas de viagem, v\u00eddeos e podcast.\",\"breadcrumb\":{\"@id\":\"https:\/\/www.travel3.com.br\/site\/sem-categoria\/incendios-florestais-devastam-enoturismo-chileno\/#breadcrumb\"},\"inLanguage\":\"pt-BR\",\"potentialAction\":[{\"@type\":\"ReadAction\",\"target\":[\"https:\/\/www.travel3.com.br\/site\/sem-categoria\/incendios-florestais-devastam-enoturismo-chileno\/\"]}]},{\"@type\":\"BreadcrumbList\",\"@id\":\"https:\/\/www.travel3.com.br\/site\/sem-categoria\/incendios-florestais-devastam-enoturismo-chileno\/#breadcrumb\",\"itemListElement\":[{\"@type\":\"ListItem\",\"position\":1,\"name\":\"In\u00edcio\",\"item\":\"https:\/\/www.travel3.com.br\/site\/\"},{\"@type\":\"ListItem\",\"position\":2,\"name\":\"INC\u00caNDIOS FLORESTAIS DEVASTAM ENOTURISMO CHILENO\"}]},{\"@type\":\"WebSite\",\"@id\":\"https:\/\/www.travel3.com.br\/site\/#website\",\"url\":\"https:\/\/www.travel3.com.br\/site\/\",\"name\":\"Travel3\",\"description\":\"Lazer + Neg&oacute;cios + Aventura\",\"publisher\":{\"@id\":\"https:\/\/www.travel3.com.br\/site\/#organization\"},\"potentialAction\":[{\"@type\":\"SearchAction\",\"target\":{\"@type\":\"EntryPoint\",\"urlTemplate\":\"https:\/\/www.travel3.com.br\/site\/?s={search_term_string}\"},\"query-input\":{\"@type\":\"PropertyValueSpecification\",\"valueRequired\":true,\"valueName\":\"search_term_string\"}}],\"inLanguage\":\"pt-BR\"},{\"@type\":\"Organization\",\"@id\":\"https:\/\/www.travel3.com.br\/site\/#organization\",\"name\":\"Travel3\",\"url\":\"https:\/\/www.travel3.com.br\/site\/\",\"logo\":{\"@type\":\"ImageObject\",\"inLanguage\":\"pt-BR\",\"@id\":\"https:\/\/www.travel3.com.br\/site\/#\/schema\/logo\/image\/\",\"url\":\"https:\/\/www.travel3.com.br\/site\/wp-content\/uploads\/2020\/01\/logo-travel3-2020.png\",\"contentUrl\":\"https:\/\/www.travel3.com.br\/site\/wp-content\/uploads\/2020\/01\/logo-travel3-2020.png\",\"width\":232,\"height\":79,\"caption\":\"Travel3\"},\"image\":{\"@id\":\"https:\/\/www.travel3.com.br\/site\/#\/schema\/logo\/image\/\"},\"sameAs\":[\"https:\/\/www.facebook.com\/travel3media\/\",\"https:\/\/www.instagram.com\/revistatravel3\/\",\"https:\/\/www.youtube.com\/channel\/UCno7J4paGBR3VbZQzvoJ9Eg\"]},{\"@type\":\"Person\",\"@id\":\"https:\/\/www.travel3.com.br\/site\/#\/schema\/person\/a69d71e41a024999b6ab82369ac0bd1e\",\"name\":\"admin\",\"image\":{\"@type\":\"ImageObject\",\"inLanguage\":\"pt-BR\",\"@id\":\"https:\/\/www.travel3.com.br\/site\/#\/schema\/person\/image\/\",\"url\":\"https:\/\/secure.gravatar.com\/avatar\/732a67adfd764da2a47ba10ce731c4c0?s=96&d=mm&r=g\",\"contentUrl\":\"https:\/\/secure.gravatar.com\/avatar\/732a67adfd764da2a47ba10ce731c4c0?s=96&d=mm&r=g\",\"caption\":\"admin\"},\"url\":\"https:\/\/www.travel3.com.br\/site\/author\/admin\/\"}]}<\/script>\n<!-- \/ Yoast SEO plugin. -->","yoast_head_json":{"title":"INC\u00caNDIOS FLORESTAIS DEVASTAM ENOTURISMO CHILENO - Travel3","description":"A TRAVEL3 \u00e9 um portal de conte\u00fado voltado para o turismo, encontre destinos, viagens, hospedagem, passagens, guias, not\u00edcias sobre o mercado do turismo, dicas de viagem, v\u00eddeos e podcast.","robots":{"index":"index","follow":"follow","max-snippet":"max-snippet:-1","max-image-preview":"max-image-preview:large","max-video-preview":"max-video-preview:-1"},"canonical":"https:\/\/www.travel3.com.br\/site\/sem-categoria\/incendios-florestais-devastam-enoturismo-chileno\/","og_locale":"pt_BR","og_type":"article","og_title":"INC\u00caNDIOS FLORESTAIS DEVASTAM ENOTURISMO CHILENO - Travel3","og_description":"A TRAVEL3 \u00e9 um portal de conte\u00fado voltado para o turismo, encontre destinos, viagens, hospedagem, passagens, guias, not\u00edcias sobre o mercado do turismo, dicas de viagem, v\u00eddeos e podcast.","og_url":"https:\/\/www.travel3.com.br\/site\/sem-categoria\/incendios-florestais-devastam-enoturismo-chileno\/","og_site_name":"Travel3","article_publisher":"https:\/\/www.facebook.com\/travel3media\/","article_published_time":"2017-08-24T22:13:45+00:00","article_modified_time":"2017-09-12T18:07:09+00:00","author":"admin","twitter_card":"summary_large_image","twitter_misc":{"Escrito por":"admin","Est. tempo de leitura":"3 minutos"},"schema":{"@context":"https:\/\/schema.org","@graph":[{"@type":"Article","@id":"https:\/\/www.travel3.com.br\/site\/sem-categoria\/incendios-florestais-devastam-enoturismo-chileno\/#article","isPartOf":{"@id":"https:\/\/www.travel3.com.br\/site\/sem-categoria\/incendios-florestais-devastam-enoturismo-chileno\/"},"author":{"name":"admin","@id":"https:\/\/www.travel3.com.br\/site\/#\/schema\/person\/a69d71e41a024999b6ab82369ac0bd1e"},"headline":"INC\u00caNDIOS FLORESTAIS DEVASTAM ENOTURISMO CHILENO","datePublished":"2017-08-24T22:13:45+00:00","dateModified":"2017-09-12T18:07:09+00:00","mainEntityOfPage":{"@id":"https:\/\/www.travel3.com.br\/site\/sem-categoria\/incendios-florestais-devastam-enoturismo-chileno\/"},"wordCount":661,"commentCount":0,"publisher":{"@id":"https:\/\/www.travel3.com.br\/site\/#organization"},"inLanguage":"pt-BR","potentialAction":[{"@type":"CommentAction","name":"Comment","target":["https:\/\/www.travel3.com.br\/site\/sem-categoria\/incendios-florestais-devastam-enoturismo-chileno\/#respond"]}]},{"@type":"WebPage","@id":"https:\/\/www.travel3.com.br\/site\/sem-categoria\/incendios-florestais-devastam-enoturismo-chileno\/","url":"https:\/\/www.travel3.com.br\/site\/sem-categoria\/incendios-florestais-devastam-enoturismo-chileno\/","name":"INC\u00caNDIOS FLORESTAIS DEVASTAM ENOTURISMO CHILENO - Travel3","isPartOf":{"@id":"https:\/\/www.travel3.com.br\/site\/#website"},"datePublished":"2017-08-24T22:13:45+00:00","dateModified":"2017-09-12T18:07:09+00:00","description":"A TRAVEL3 \u00e9 um portal de conte\u00fado voltado para o turismo, encontre destinos, viagens, hospedagem, passagens, guias, not\u00edcias sobre o mercado do turismo, dicas de viagem, v\u00eddeos e podcast.","breadcrumb":{"@id":"https:\/\/www.travel3.com.br\/site\/sem-categoria\/incendios-florestais-devastam-enoturismo-chileno\/#breadcrumb"},"inLanguage":"pt-BR","potentialAction":[{"@type":"ReadAction","target":["https:\/\/www.travel3.com.br\/site\/sem-categoria\/incendios-florestais-devastam-enoturismo-chileno\/"]}]},{"@type":"BreadcrumbList","@id":"https:\/\/www.travel3.com.br\/site\/sem-categoria\/incendios-florestais-devastam-enoturismo-chileno\/#breadcrumb","itemListElement":[{"@type":"ListItem","position":1,"name":"In\u00edcio","item":"https:\/\/www.travel3.com.br\/site\/"},{"@type":"ListItem","position":2,"name":"INC\u00caNDIOS FLORESTAIS DEVASTAM ENOTURISMO CHILENO"}]},{"@type":"WebSite","@id":"https:\/\/www.travel3.com.br\/site\/#website","url":"https:\/\/www.travel3.com.br\/site\/","name":"Travel3","description":"Lazer + Neg&oacute;cios + Aventura","publisher":{"@id":"https:\/\/www.travel3.com.br\/site\/#organization"},"potentialAction":[{"@type":"SearchAction","target":{"@type":"EntryPoint","urlTemplate":"https:\/\/www.travel3.com.br\/site\/?s={search_term_string}"},"query-input":{"@type":"PropertyValueSpecification","valueRequired":true,"valueName":"search_term_string"}}],"inLanguage":"pt-BR"},{"@type":"Organization","@id":"https:\/\/www.travel3.com.br\/site\/#organization","name":"Travel3","url":"https:\/\/www.travel3.com.br\/site\/","logo":{"@type":"ImageObject","inLanguage":"pt-BR","@id":"https:\/\/www.travel3.com.br\/site\/#\/schema\/logo\/image\/","url":"https:\/\/www.travel3.com.br\/site\/wp-content\/uploads\/2020\/01\/logo-travel3-2020.png","contentUrl":"https:\/\/www.travel3.com.br\/site\/wp-content\/uploads\/2020\/01\/logo-travel3-2020.png","width":232,"height":79,"caption":"Travel3"},"image":{"@id":"https:\/\/www.travel3.com.br\/site\/#\/schema\/logo\/image\/"},"sameAs":["https:\/\/www.facebook.com\/travel3media\/","https:\/\/www.instagram.com\/revistatravel3\/","https:\/\/www.youtube.com\/channel\/UCno7J4paGBR3VbZQzvoJ9Eg"]},{"@type":"Person","@id":"https:\/\/www.travel3.com.br\/site\/#\/schema\/person\/a69d71e41a024999b6ab82369ac0bd1e","name":"admin","image":{"@type":"ImageObject","inLanguage":"pt-BR","@id":"https:\/\/www.travel3.com.br\/site\/#\/schema\/person\/image\/","url":"https:\/\/secure.gravatar.com\/avatar\/732a67adfd764da2a47ba10ce731c4c0?s=96&d=mm&r=g","contentUrl":"https:\/\/secure.gravatar.com\/avatar\/732a67adfd764da2a47ba10ce731c4c0?s=96&d=mm&r=g","caption":"admin"},"url":"https:\/\/www.travel3.com.br\/site\/author\/admin\/"}]}},"_links":{"self":[{"href":"https:\/\/www.travel3.com.br\/site\/wp-json\/wp\/v2\/posts\/2854","targetHints":{"allow":["GET"]}}],"collection":[{"href":"https:\/\/www.travel3.com.br\/site\/wp-json\/wp\/v2\/posts"}],"about":[{"href":"https:\/\/www.travel3.com.br\/site\/wp-json\/wp\/v2\/types\/post"}],"author":[{"embeddable":true,"href":"https:\/\/www.travel3.com.br\/site\/wp-json\/wp\/v2\/users\/1"}],"replies":[{"embeddable":true,"href":"https:\/\/www.travel3.com.br\/site\/wp-json\/wp\/v2\/comments?post=2854"}],"version-history":[{"count":1,"href":"https:\/\/www.travel3.com.br\/site\/wp-json\/wp\/v2\/posts\/2854\/revisions"}],"predecessor-version":[{"id":3646,"href":"https:\/\/www.travel3.com.br\/site\/wp-json\/wp\/v2\/posts\/2854\/revisions\/3646"}],"wp:attachment":[{"href":"https:\/\/www.travel3.com.br\/site\/wp-json\/wp\/v2\/media?parent=2854"}],"wp:term":[{"taxonomy":"category","embeddable":true,"href":"https:\/\/www.travel3.com.br\/site\/wp-json\/wp\/v2\/categories?post=2854"},{"taxonomy":"post_tag","embeddable":true,"href":"https:\/\/www.travel3.com.br\/site\/wp-json\/wp\/v2\/tags?post=2854"}],"curies":[{"name":"wp","href":"https:\/\/api.w.org\/{rel}","templated":true}]}}