{"id":2846,"date":"2017-08-08T13:30:57","date_gmt":"2017-08-08T13:30:57","guid":{"rendered":"http:\/\/www.travel3.com.br\/site\/ir-e-vir\/ar\/turismo-tera-mutirao-de-limpeza-colaborando-no-projeto-lindeza-de-sp\/"},"modified":"2017-09-12T18:07:00","modified_gmt":"2017-09-12T18:07:00","slug":"turismo-tera-mutirao-de-limpeza-colaborando-no-projeto-lindeza-de-sp","status":"publish","type":"post","link":"https:\/\/www.travel3.com.br\/site\/sem-categoria\/turismo-tera-mutirao-de-limpeza-colaborando-no-projeto-lindeza-de-sp\/","title":{"rendered":"TURISMO TER\u00c1 MUTIR\u00c3O DE LIMPEZA COLABORANDO NO PROJETO LINDEZA DE SP"},"content":{"rendered":"<p><span style=\"color: #40acad; font-family: -apple-system, system-ui, 'Segoe UI', Roboto, Oxygen-Sans, Ubuntu, Cantarell, 'Helvetica Neue', sans-serif; font-size: 12px; font-weight: bold;\"><\/p>\n<p style=\"text-align:justify\">Nesta segunda-feira (30) \u00e0 tarde, na sala de reuni\u00f5es da Maring\u00e1 Turismo, (Avenida S\u00e3o Luis, 165), associa\u00e7\u00f5es do setor tur\u00edstico v\u00e3o se reunir para confirmar os planos do mutir\u00e3o j\u00e1 programado para o dia 11 de fevereiro, quando o Turismo mostrar\u00e1 sua ades\u00e3o completa ao projeto \u2018Lindeza\u2019 que est\u00e1 em desenvolvimento pela prefeitura de S\u00e3o Paulo com a sua nova gest\u00e3o.<\/p>\n<p style=\"text-align:justify\">O trecho escolhido tem tudo a ver com a tradi\u00e7\u00e3o do desenvolvimento do mercado tur\u00edstico da capital paulista, o maior do Brasil. Entre as duas avenidas, no Terra\u00e7o It\u00e1lia e em outros edif\u00edcios do entorno, nasceram, cresceram e se desenvolveram algumas das principais empresas, especialmente operadoras e ag\u00eancias.<\/p>\n<p style=\"text-align:justify\">\u201cVamos em frente por uma S\u00e3o Paulo Linda!\u201d, proclamam lideres do setor. A iniciativa tem a coordena\u00e7\u00e3o do Skal-SP e o apoio imediato e irrestrito de v\u00e1rias entidades, como a Academia Brasileira de Eventos.<\/p>\n<p style=\"text-align:justify\">\u201cO turismo, com sua for\u00e7a importante de atua\u00e7\u00e3o e que tem nos segmentos diversos uma presen\u00e7a efetiva na economia paulistana, tem a obriga\u00e7\u00e3o de tamb\u00e9m se inserir nesta a\u00e7\u00e3o construtiva que a nova administra\u00e7\u00e3o da cidade est\u00e1 desenvolvendo e j\u00e1 com evidencias no primeiro m\u00eas da gest\u00e3o Jo\u00e3o D\u00f3ria Jr.\u201d, comenta Aristides Cury, presidente do Skal-SP e um dos idealizadores desta primeira a\u00e7\u00e3o.<\/p>\n<p style=\"text-align:justify\"><a class=\"fancybox-media\" href=\"..\/_uploads\/_noticia\/2017-01\/dscn7056--2-.jpg\" rel=\"portfolio\"><img decoding=\"async\" alt=\"\" src=\"..\/_uploads\/_noticia\/2017-01\/dscn7056--2-.jpg\" \/><\/a><\/p>\n<p style=\"text-align:justify\"><strong>A ECO-PRA\u00c7A DA VERGONHA<\/strong><\/p>\n<p style=\"text-align:justify\">Muitas outras ser\u00e3o desenvolvidas e sugeridas com a inser\u00e7\u00e3o do Turismo no projeto de tornar S\u00e3o Paulo cada vez mais apresent\u00e1vel e bonita para a sua popula\u00e7\u00e3o e os visitantes. Ainda mais neste ano quando existe a comemora\u00e7\u00e3o oficial de 2017 como \u2018Ano Internacional do Desevolvimento do Turismo Sustent\u00e1vel.\u2019<\/p>\n<p style=\"text-align:justify\">Por isto mesmo \u2013 \u00e9 uma das raz\u00f5es \u2013 torna-se inconceb\u00edvel o aspecto que tem a primeira EcoPra\u00e7a de S\u00e3o Paulo, na regi\u00e3o pr\u00f3xima \u00e0 Marginal Tiet\u00ea, na avenida Castelo Branco com rua Java\u00e9s (regi\u00e3o do Bom Retiro), em frente ao centro de esportes radicais.<\/p>\n<p style=\"text-align:justify\"><a class=\"fancybox-media\" href=\"..\/_uploads\/_noticia\/2017-01\/dscn7060--2-.jpg\" rel=\"portfolio\"><img decoding=\"async\" alt=\"\" src=\"..\/_uploads\/_noticia\/2017-01\/dscn7060--2-.jpg\" \/><\/a><\/p>\n<p style=\"text-align:justify\">Entregue pela administra\u00e7\u00e3o passada como modelo a ser repetido em outras \u00e1reas da metr\u00f3pole, est\u00e1 tomada pelo lixo, ocupada por indigentes, sendo local de tr\u00e1fico de drogas, e mesmo de inseguran\u00e7a comprovada. Durante o ano passado, denuncias foram feitas e nenhuma provid\u00eancia foi tomada.<\/p>\n<p style=\"text-align:justify\"><a class=\"fancybox-media\" href=\"..\/_uploads\/_noticia\/2017-01\/dscn7057--2-.jpg\" rel=\"portfolio\"><img decoding=\"async\" alt=\"\" src=\"..\/_uploads\/_noticia\/2017-01\/dscn7057--2-.jpg\" \/><\/a><\/p>\n<p style=\"text-align:justify\">Neste domingo, ao tentar a obten\u00e7\u00e3o de fotos para mostrar as condi\u00e7\u00f5es da EcoPra\u00e7a, a reportagem <strong>TRAVEL3<\/strong> chegou a ser amea\u00e7ada por ocupantes do local.<\/p>\n<p style=\"text-align:justify\">\u201c\u00c9 uma aut\u00eantica vergonha as condi\u00e7\u00f5es do local\u201d, repudiam v\u00e1rios moradores das ruas pr\u00f3ximas. Assaltos tamb\u00e9m s\u00e3o creditados no local mas \u00e9 realmente a sujeira e lixo acumulado que mais dep\u00f5em contra a ecosustentabilidade que era a proposta inicial da pra\u00e7a.<\/p>\n<p style=\"text-align:justify\"><a class=\"fancybox-media\" href=\"..\/_uploads\/_noticia\/2017-01\/dscn7063--2-.jpg\" rel=\"portfolio\"><img decoding=\"async\" alt=\"\" src=\"..\/_uploads\/_noticia\/2017-01\/dscn7063--2-.jpg\" \/><\/a><\/p>\n<p style=\"text-align:justify\">\u00a0\u00a0<\/p>\n<p style=\"text-align:justify\">\u00a0<\/p>\n<p>\u00a0<\/p>\n<p>\u00a0<\/p>\n<p>\u00a0<\/p>\n<p>\u00a0<\/p>\n<p><\/span><\/p>\n","protected":false},"excerpt":{"rendered":"<p>A\u00e7\u00e3o ser\u00e1 no dia 11 de fevereiro, entre as esquinas das avenidas Ipiranga e S\u00e3o Luis, al\u00e9m de mais atitudes engajadas na campanha municipal<\/p>\n","protected":false},"author":1,"featured_media":0,"comment_status":"open","ping_status":"open","sticky":false,"template":"","format":"standard","meta":{"footnotes":""},"categories":[],"tags":[],"class_list":["post-2846","post","type-post","status-publish","format-standard","hentry"],"yoast_head":"<!-- This site is optimized with the Yoast SEO plugin v26.2 - https:\/\/yoast.com\/wordpress\/plugins\/seo\/ -->\n<title>TURISMO TER\u00c1 MUTIR\u00c3O DE LIMPEZA COLABORANDO NO PROJETO LINDEZA DE SP - Travel3<\/title>\n<meta name=\"description\" content=\"A TRAVEL3 \u00e9 um portal de conte\u00fado voltado para o turismo, encontre destinos, viagens, hospedagem, passagens, guias, not\u00edcias sobre o mercado do turismo, dicas de viagem, v\u00eddeos e podcast.\" \/>\n<meta name=\"robots\" content=\"index, follow, max-snippet:-1, max-image-preview:large, max-video-preview:-1\" \/>\n<link rel=\"canonical\" href=\"https:\/\/www.travel3.com.br\/site\/sem-categoria\/turismo-tera-mutirao-de-limpeza-colaborando-no-projeto-lindeza-de-sp\/\" \/>\n<meta property=\"og:locale\" content=\"pt_BR\" \/>\n<meta property=\"og:type\" content=\"article\" \/>\n<meta property=\"og:title\" content=\"TURISMO TER\u00c1 MUTIR\u00c3O DE LIMPEZA COLABORANDO NO PROJETO LINDEZA DE SP - Travel3\" \/>\n<meta property=\"og:description\" content=\"A TRAVEL3 \u00e9 um portal de conte\u00fado voltado para o turismo, encontre destinos, viagens, hospedagem, passagens, guias, not\u00edcias sobre o mercado do turismo, dicas de viagem, v\u00eddeos e podcast.\" \/>\n<meta property=\"og:url\" content=\"https:\/\/www.travel3.com.br\/site\/sem-categoria\/turismo-tera-mutirao-de-limpeza-colaborando-no-projeto-lindeza-de-sp\/\" \/>\n<meta property=\"og:site_name\" content=\"Travel3\" \/>\n<meta property=\"article:publisher\" content=\"https:\/\/www.facebook.com\/travel3media\/\" \/>\n<meta property=\"article:published_time\" content=\"2017-08-08T13:30:57+00:00\" \/>\n<meta property=\"article:modified_time\" content=\"2017-09-12T18:07:00+00:00\" \/>\n<meta name=\"author\" content=\"admin\" \/>\n<meta name=\"twitter:card\" content=\"summary_large_image\" \/>\n<meta name=\"twitter:label1\" content=\"Escrito por\" \/>\n\t<meta name=\"twitter:data1\" content=\"admin\" \/>\n\t<meta name=\"twitter:label2\" content=\"Est. tempo de leitura\" \/>\n\t<meta name=\"twitter:data2\" content=\"2 minutos\" \/>\n<script type=\"application\/ld+json\" class=\"yoast-schema-graph\">{\"@context\":\"https:\/\/schema.org\",\"@graph\":[{\"@type\":\"Article\",\"@id\":\"https:\/\/www.travel3.com.br\/site\/sem-categoria\/turismo-tera-mutirao-de-limpeza-colaborando-no-projeto-lindeza-de-sp\/#article\",\"isPartOf\":{\"@id\":\"https:\/\/www.travel3.com.br\/site\/sem-categoria\/turismo-tera-mutirao-de-limpeza-colaborando-no-projeto-lindeza-de-sp\/\"},\"author\":{\"name\":\"admin\",\"@id\":\"https:\/\/www.travel3.com.br\/site\/#\/schema\/person\/a69d71e41a024999b6ab82369ac0bd1e\"},\"headline\":\"TURISMO TER\u00c1 MUTIR\u00c3O DE LIMPEZA COLABORANDO NO PROJETO LINDEZA DE SP\",\"datePublished\":\"2017-08-08T13:30:57+00:00\",\"dateModified\":\"2017-09-12T18:07:00+00:00\",\"mainEntityOfPage\":{\"@id\":\"https:\/\/www.travel3.com.br\/site\/sem-categoria\/turismo-tera-mutirao-de-limpeza-colaborando-no-projeto-lindeza-de-sp\/\"},\"wordCount\":478,\"commentCount\":0,\"publisher\":{\"@id\":\"https:\/\/www.travel3.com.br\/site\/#organization\"},\"inLanguage\":\"pt-BR\",\"potentialAction\":[{\"@type\":\"CommentAction\",\"name\":\"Comment\",\"target\":[\"https:\/\/www.travel3.com.br\/site\/sem-categoria\/turismo-tera-mutirao-de-limpeza-colaborando-no-projeto-lindeza-de-sp\/#respond\"]}]},{\"@type\":\"WebPage\",\"@id\":\"https:\/\/www.travel3.com.br\/site\/sem-categoria\/turismo-tera-mutirao-de-limpeza-colaborando-no-projeto-lindeza-de-sp\/\",\"url\":\"https:\/\/www.travel3.com.br\/site\/sem-categoria\/turismo-tera-mutirao-de-limpeza-colaborando-no-projeto-lindeza-de-sp\/\",\"name\":\"TURISMO TER\u00c1 MUTIR\u00c3O DE LIMPEZA COLABORANDO NO PROJETO LINDEZA DE SP - Travel3\",\"isPartOf\":{\"@id\":\"https:\/\/www.travel3.com.br\/site\/#website\"},\"datePublished\":\"2017-08-08T13:30:57+00:00\",\"dateModified\":\"2017-09-12T18:07:00+00:00\",\"description\":\"A TRAVEL3 \u00e9 um portal de conte\u00fado voltado para o turismo, encontre destinos, viagens, hospedagem, passagens, guias, not\u00edcias sobre o mercado do turismo, dicas de viagem, v\u00eddeos e podcast.\",\"breadcrumb\":{\"@id\":\"https:\/\/www.travel3.com.br\/site\/sem-categoria\/turismo-tera-mutirao-de-limpeza-colaborando-no-projeto-lindeza-de-sp\/#breadcrumb\"},\"inLanguage\":\"pt-BR\",\"potentialAction\":[{\"@type\":\"ReadAction\",\"target\":[\"https:\/\/www.travel3.com.br\/site\/sem-categoria\/turismo-tera-mutirao-de-limpeza-colaborando-no-projeto-lindeza-de-sp\/\"]}]},{\"@type\":\"BreadcrumbList\",\"@id\":\"https:\/\/www.travel3.com.br\/site\/sem-categoria\/turismo-tera-mutirao-de-limpeza-colaborando-no-projeto-lindeza-de-sp\/#breadcrumb\",\"itemListElement\":[{\"@type\":\"ListItem\",\"position\":1,\"name\":\"In\u00edcio\",\"item\":\"https:\/\/www.travel3.com.br\/site\/\"},{\"@type\":\"ListItem\",\"position\":2,\"name\":\"TURISMO TER\u00c1 MUTIR\u00c3O DE LIMPEZA COLABORANDO NO PROJETO LINDEZA DE SP\"}]},{\"@type\":\"WebSite\",\"@id\":\"https:\/\/www.travel3.com.br\/site\/#website\",\"url\":\"https:\/\/www.travel3.com.br\/site\/\",\"name\":\"Travel3\",\"description\":\"Lazer + Neg&oacute;cios + Aventura\",\"publisher\":{\"@id\":\"https:\/\/www.travel3.com.br\/site\/#organization\"},\"potentialAction\":[{\"@type\":\"SearchAction\",\"target\":{\"@type\":\"EntryPoint\",\"urlTemplate\":\"https:\/\/www.travel3.com.br\/site\/?s={search_term_string}\"},\"query-input\":{\"@type\":\"PropertyValueSpecification\",\"valueRequired\":true,\"valueName\":\"search_term_string\"}}],\"inLanguage\":\"pt-BR\"},{\"@type\":\"Organization\",\"@id\":\"https:\/\/www.travel3.com.br\/site\/#organization\",\"name\":\"Travel3\",\"url\":\"https:\/\/www.travel3.com.br\/site\/\",\"logo\":{\"@type\":\"ImageObject\",\"inLanguage\":\"pt-BR\",\"@id\":\"https:\/\/www.travel3.com.br\/site\/#\/schema\/logo\/image\/\",\"url\":\"https:\/\/www.travel3.com.br\/site\/wp-content\/uploads\/2020\/01\/logo-travel3-2020.png\",\"contentUrl\":\"https:\/\/www.travel3.com.br\/site\/wp-content\/uploads\/2020\/01\/logo-travel3-2020.png\",\"width\":232,\"height\":79,\"caption\":\"Travel3\"},\"image\":{\"@id\":\"https:\/\/www.travel3.com.br\/site\/#\/schema\/logo\/image\/\"},\"sameAs\":[\"https:\/\/www.facebook.com\/travel3media\/\",\"https:\/\/www.instagram.com\/revistatravel3\/\",\"https:\/\/www.youtube.com\/channel\/UCno7J4paGBR3VbZQzvoJ9Eg\"]},{\"@type\":\"Person\",\"@id\":\"https:\/\/www.travel3.com.br\/site\/#\/schema\/person\/a69d71e41a024999b6ab82369ac0bd1e\",\"name\":\"admin\",\"image\":{\"@type\":\"ImageObject\",\"inLanguage\":\"pt-BR\",\"@id\":\"https:\/\/www.travel3.com.br\/site\/#\/schema\/person\/image\/\",\"url\":\"https:\/\/secure.gravatar.com\/avatar\/732a67adfd764da2a47ba10ce731c4c0?s=96&d=mm&r=g\",\"contentUrl\":\"https:\/\/secure.gravatar.com\/avatar\/732a67adfd764da2a47ba10ce731c4c0?s=96&d=mm&r=g\",\"caption\":\"admin\"},\"url\":\"https:\/\/www.travel3.com.br\/site\/author\/admin\/\"}]}<\/script>\n<!-- \/ Yoast SEO plugin. -->","yoast_head_json":{"title":"TURISMO TER\u00c1 MUTIR\u00c3O DE LIMPEZA COLABORANDO NO PROJETO LINDEZA DE SP - Travel3","description":"A TRAVEL3 \u00e9 um portal de conte\u00fado voltado para o turismo, encontre destinos, viagens, hospedagem, passagens, guias, not\u00edcias sobre o mercado do turismo, dicas de viagem, v\u00eddeos e podcast.","robots":{"index":"index","follow":"follow","max-snippet":"max-snippet:-1","max-image-preview":"max-image-preview:large","max-video-preview":"max-video-preview:-1"},"canonical":"https:\/\/www.travel3.com.br\/site\/sem-categoria\/turismo-tera-mutirao-de-limpeza-colaborando-no-projeto-lindeza-de-sp\/","og_locale":"pt_BR","og_type":"article","og_title":"TURISMO TER\u00c1 MUTIR\u00c3O DE LIMPEZA COLABORANDO NO PROJETO LINDEZA DE SP - Travel3","og_description":"A TRAVEL3 \u00e9 um portal de conte\u00fado voltado para o turismo, encontre destinos, viagens, hospedagem, passagens, guias, not\u00edcias sobre o mercado do turismo, dicas de viagem, v\u00eddeos e podcast.","og_url":"https:\/\/www.travel3.com.br\/site\/sem-categoria\/turismo-tera-mutirao-de-limpeza-colaborando-no-projeto-lindeza-de-sp\/","og_site_name":"Travel3","article_publisher":"https:\/\/www.facebook.com\/travel3media\/","article_published_time":"2017-08-08T13:30:57+00:00","article_modified_time":"2017-09-12T18:07:00+00:00","author":"admin","twitter_card":"summary_large_image","twitter_misc":{"Escrito por":"admin","Est. tempo de leitura":"2 minutos"},"schema":{"@context":"https:\/\/schema.org","@graph":[{"@type":"Article","@id":"https:\/\/www.travel3.com.br\/site\/sem-categoria\/turismo-tera-mutirao-de-limpeza-colaborando-no-projeto-lindeza-de-sp\/#article","isPartOf":{"@id":"https:\/\/www.travel3.com.br\/site\/sem-categoria\/turismo-tera-mutirao-de-limpeza-colaborando-no-projeto-lindeza-de-sp\/"},"author":{"name":"admin","@id":"https:\/\/www.travel3.com.br\/site\/#\/schema\/person\/a69d71e41a024999b6ab82369ac0bd1e"},"headline":"TURISMO TER\u00c1 MUTIR\u00c3O DE LIMPEZA COLABORANDO NO PROJETO LINDEZA DE SP","datePublished":"2017-08-08T13:30:57+00:00","dateModified":"2017-09-12T18:07:00+00:00","mainEntityOfPage":{"@id":"https:\/\/www.travel3.com.br\/site\/sem-categoria\/turismo-tera-mutirao-de-limpeza-colaborando-no-projeto-lindeza-de-sp\/"},"wordCount":478,"commentCount":0,"publisher":{"@id":"https:\/\/www.travel3.com.br\/site\/#organization"},"inLanguage":"pt-BR","potentialAction":[{"@type":"CommentAction","name":"Comment","target":["https:\/\/www.travel3.com.br\/site\/sem-categoria\/turismo-tera-mutirao-de-limpeza-colaborando-no-projeto-lindeza-de-sp\/#respond"]}]},{"@type":"WebPage","@id":"https:\/\/www.travel3.com.br\/site\/sem-categoria\/turismo-tera-mutirao-de-limpeza-colaborando-no-projeto-lindeza-de-sp\/","url":"https:\/\/www.travel3.com.br\/site\/sem-categoria\/turismo-tera-mutirao-de-limpeza-colaborando-no-projeto-lindeza-de-sp\/","name":"TURISMO TER\u00c1 MUTIR\u00c3O DE LIMPEZA COLABORANDO NO PROJETO LINDEZA DE SP - Travel3","isPartOf":{"@id":"https:\/\/www.travel3.com.br\/site\/#website"},"datePublished":"2017-08-08T13:30:57+00:00","dateModified":"2017-09-12T18:07:00+00:00","description":"A TRAVEL3 \u00e9 um portal de conte\u00fado voltado para o turismo, encontre destinos, viagens, hospedagem, passagens, guias, not\u00edcias sobre o mercado do turismo, dicas de viagem, v\u00eddeos e podcast.","breadcrumb":{"@id":"https:\/\/www.travel3.com.br\/site\/sem-categoria\/turismo-tera-mutirao-de-limpeza-colaborando-no-projeto-lindeza-de-sp\/#breadcrumb"},"inLanguage":"pt-BR","potentialAction":[{"@type":"ReadAction","target":["https:\/\/www.travel3.com.br\/site\/sem-categoria\/turismo-tera-mutirao-de-limpeza-colaborando-no-projeto-lindeza-de-sp\/"]}]},{"@type":"BreadcrumbList","@id":"https:\/\/www.travel3.com.br\/site\/sem-categoria\/turismo-tera-mutirao-de-limpeza-colaborando-no-projeto-lindeza-de-sp\/#breadcrumb","itemListElement":[{"@type":"ListItem","position":1,"name":"In\u00edcio","item":"https:\/\/www.travel3.com.br\/site\/"},{"@type":"ListItem","position":2,"name":"TURISMO TER\u00c1 MUTIR\u00c3O DE LIMPEZA COLABORANDO NO PROJETO LINDEZA DE SP"}]},{"@type":"WebSite","@id":"https:\/\/www.travel3.com.br\/site\/#website","url":"https:\/\/www.travel3.com.br\/site\/","name":"Travel3","description":"Lazer + Neg&oacute;cios + Aventura","publisher":{"@id":"https:\/\/www.travel3.com.br\/site\/#organization"},"potentialAction":[{"@type":"SearchAction","target":{"@type":"EntryPoint","urlTemplate":"https:\/\/www.travel3.com.br\/site\/?s={search_term_string}"},"query-input":{"@type":"PropertyValueSpecification","valueRequired":true,"valueName":"search_term_string"}}],"inLanguage":"pt-BR"},{"@type":"Organization","@id":"https:\/\/www.travel3.com.br\/site\/#organization","name":"Travel3","url":"https:\/\/www.travel3.com.br\/site\/","logo":{"@type":"ImageObject","inLanguage":"pt-BR","@id":"https:\/\/www.travel3.com.br\/site\/#\/schema\/logo\/image\/","url":"https:\/\/www.travel3.com.br\/site\/wp-content\/uploads\/2020\/01\/logo-travel3-2020.png","contentUrl":"https:\/\/www.travel3.com.br\/site\/wp-content\/uploads\/2020\/01\/logo-travel3-2020.png","width":232,"height":79,"caption":"Travel3"},"image":{"@id":"https:\/\/www.travel3.com.br\/site\/#\/schema\/logo\/image\/"},"sameAs":["https:\/\/www.facebook.com\/travel3media\/","https:\/\/www.instagram.com\/revistatravel3\/","https:\/\/www.youtube.com\/channel\/UCno7J4paGBR3VbZQzvoJ9Eg"]},{"@type":"Person","@id":"https:\/\/www.travel3.com.br\/site\/#\/schema\/person\/a69d71e41a024999b6ab82369ac0bd1e","name":"admin","image":{"@type":"ImageObject","inLanguage":"pt-BR","@id":"https:\/\/www.travel3.com.br\/site\/#\/schema\/person\/image\/","url":"https:\/\/secure.gravatar.com\/avatar\/732a67adfd764da2a47ba10ce731c4c0?s=96&d=mm&r=g","contentUrl":"https:\/\/secure.gravatar.com\/avatar\/732a67adfd764da2a47ba10ce731c4c0?s=96&d=mm&r=g","caption":"admin"},"url":"https:\/\/www.travel3.com.br\/site\/author\/admin\/"}]}},"_links":{"self":[{"href":"https:\/\/www.travel3.com.br\/site\/wp-json\/wp\/v2\/posts\/2846","targetHints":{"allow":["GET"]}}],"collection":[{"href":"https:\/\/www.travel3.com.br\/site\/wp-json\/wp\/v2\/posts"}],"about":[{"href":"https:\/\/www.travel3.com.br\/site\/wp-json\/wp\/v2\/types\/post"}],"author":[{"embeddable":true,"href":"https:\/\/www.travel3.com.br\/site\/wp-json\/wp\/v2\/users\/1"}],"replies":[{"embeddable":true,"href":"https:\/\/www.travel3.com.br\/site\/wp-json\/wp\/v2\/comments?post=2846"}],"version-history":[{"count":1,"href":"https:\/\/www.travel3.com.br\/site\/wp-json\/wp\/v2\/posts\/2846\/revisions"}],"predecessor-version":[{"id":3638,"href":"https:\/\/www.travel3.com.br\/site\/wp-json\/wp\/v2\/posts\/2846\/revisions\/3638"}],"wp:attachment":[{"href":"https:\/\/www.travel3.com.br\/site\/wp-json\/wp\/v2\/media?parent=2846"}],"wp:term":[{"taxonomy":"category","embeddable":true,"href":"https:\/\/www.travel3.com.br\/site\/wp-json\/wp\/v2\/categories?post=2846"},{"taxonomy":"post_tag","embeddable":true,"href":"https:\/\/www.travel3.com.br\/site\/wp-json\/wp\/v2\/tags?post=2846"}],"curies":[{"name":"wp","href":"https:\/\/api.w.org\/{rel}","templated":true}]}}