{"id":2845,"date":"2017-08-19T14:56:23","date_gmt":"2017-08-19T14:56:23","guid":{"rendered":"http:\/\/www.travel3.com.br\/site\/ir-e-vir\/ar\/rejeicao-contra-trump-protestos-aumentam-nos-eua-e-pelo-mundo\/"},"modified":"2017-09-12T18:06:58","modified_gmt":"2017-09-12T18:06:58","slug":"rejeicao-contra-trump-protestos-aumentam-nos-eua-e-pelo-mundo","status":"publish","type":"post","link":"https:\/\/www.travel3.com.br\/site\/sem-categoria\/rejeicao-contra-trump-protestos-aumentam-nos-eua-e-pelo-mundo\/","title":{"rendered":"REJEI\u00c7\u00c3O CONTRA TRUMP, PROTESTOS AUMENTAM NOS EUA E PELO MUNDO"},"content":{"rendered":"<p><span style=\"color: #40acad; font-family: -apple-system, system-ui, 'Segoe UI', Roboto, Oxygen-Sans, Ubuntu, Cantarell, 'Helvetica Neue', sans-serif; font-size: 12px; font-weight: bold;\"><\/p>\n<p style=\"text-align:justify\">O domingo foi de manifesta\u00e7\u00f5es crescentes \u2013 as mais diversas \u2013 contra o decreto do presidente Donald Trump que ele tentou justificar como uma atitude contra a falta de regula\u00e7\u00e3o que gera \u2018bagun\u00e7a\u2019. Agora \u00e0 noite divulgou uma nota dizendo que o veto contra cidad\u00e3os dos sete pa\u00edses n\u00e3o \u00e9 uma a\u00e7\u00e3o contra os mu\u00e7ulmanos, n\u00e3o \u00e9 uma atitude religiosa.<\/p>\n<p style=\"text-align:justify\">Tudo indica que o presidente recuou parcialmente depois dos manifestos em alguns dos principais aeroportos norteamericanos, em dez deles, \u00a0e com a defini\u00e7\u00e3o da justi\u00e7a de que os cidad\u00e3os com o <em>\u2018green card\u2019 <\/em>estejam liberados.<\/p>\n<p style=\"text-align:justify\">Dentro do pr\u00f3prio Partido Republicano, o decreto de Trump criou profundo mal-estar e tem contesta\u00e7\u00e3o dos principais nomes, o que deve demandar em pronunciamentos no Congresso a partir desta segunda.<\/p>\n<p style=\"text-align:justify\">Em Nova York, as manifesta\u00e7\u00f5es reuniram milhares de pessoas, uma no aeroporto John F. Kennedy e outra na \u00e1rea ao sul de Manhattan, pr\u00f3ximo da Est\u00e1tua da Liberdade.<\/p>\n<p style=\"text-align:justify\"><a class=\"fancybox-media\" href=\"..\/_uploads\/_noticia\/2017-01\/estatuadaliberdadecombandeira--2-.jpg\" rel=\"portfolio\"><img decoding=\"async\" alt=\"\" src=\"..\/_uploads\/_noticia\/2017-01\/estatuadaliberdadecombandeira--2-.jpg\" \/><\/a><\/p>\n<p style=\"text-align:justify\">Em Miami, Chicago e Washington elas tamb\u00e9m foram intensas.<\/p>\n<p style=\"text-align:justify\">Autoridades internacionais se manifestaram diretamente contra a decis\u00e3o anunciada por Trump. A primeira ministra alem\u00e3 Angela Merkel lembrou em conversa com o dirigente americano sobre a Conven\u00e7\u00e3o Mundial de Genebra que trata exatamente de uma legisla\u00e7\u00e3o internacional sobre emigrantes.<\/p>\n<p style=\"text-align:justify\">O presidente franc\u00eas Hollandre disse que \u00e9 preciso assumir com \u00a0\u2018dever e solidariedade\u2019, um papel que a Europa tem que representar neste momento.<\/p>\n<p style=\"text-align:justify\">No Reino Unido, a prov\u00e1vel visita a convite da primeira ministra Thereza May \u2013 que esteve na semana em Washington \u2013 j\u00e1 recebe criticas pesadas, o Partido Trabalhista garante que vai bloquear a confirma\u00e7\u00e3o da visita.<\/p>\n<p style=\"text-align:justify\"><a class=\"fancybox-media\" href=\"..\/_uploads\/_noticia\/2017-01\/canadaprimeiroministro.jpg\" rel=\"portfolio\"><img decoding=\"async\" alt=\"\" src=\"..\/_uploads\/_noticia\/2017-01\/canadaprimeiroministro.jpg\" \/><\/a><\/p>\n<p style=\"text-align:justify\">No Canad\u00e1, o primeiro ministro Justin Trudeau, que \u00e9 educador e lidera o Partido Liberal, tamb\u00e9m manifestou rep\u00fadio e declarou o pais que governa como aberto a quem tiver necessidade. Na noite deste domingo,\u00a0 o governo canadense decidiu conceder visto tempor\u00e1rio\u00a0 a quem tenha ficado retido pela decis\u00e3o do decreto americano de anti-imigra\u00e7\u00e3o.<\/p>\n<p style=\"text-align:start\">O ministro da Imigra\u00e7\u00e3o, Refugiados e Cidadania, Ahmed Hussen, anunciou a medida durante uma confer\u00eancia de imprensa.e confirmou que a Casa Branca esclareceu o governo de Otawa de que os cidad\u00e3os canadianos com dupla nacionalidade e os residentes permanentes no Canad\u00e1 oriundos dos pa\u00edses afetados n\u00e3o s\u00e3o alcan\u00e7ados pela proibi\u00e7\u00e3o.<\/p>\n<p style=\"text-align:start\">Hussen, que nasceu na Som\u00e1lia, um dos pa\u00edses afetados pela medida norte-americana, negou-se a expressar a sua opini\u00e3o sobre a decis\u00e3o de Trump e sublinhou que o Canad\u00e1 vai continuar a ser um pa\u00eds aberto aos refugiados e imigrantes.<\/p>\n<p>H\u00e1 um n\u00famero reduzido de estrangeiros bloqueado nos aeroportos do Canad\u00e1\u00a0 devido \u00e0 proibi\u00e7\u00e3o. H\u00e1 uma grande manifesta\u00e7\u00e3o programada para este inicio de semana em Toronto.<br \/>\n\u00a0<\/p>\n<p>\u00a0<\/p>\n<p>\u00a0<\/p>\n<p><\/span><\/p>\n","protected":false},"excerpt":{"rendered":"<p>Nas principais cidades e nos grandes aeroportos, norteamericanos e pessoas de v\u00e1rias nacionalidades; pelo mundo, autoridades de grande prestigio<\/p>\n","protected":false},"author":1,"featured_media":0,"comment_status":"open","ping_status":"open","sticky":false,"template":"","format":"standard","meta":{"footnotes":""},"categories":[],"tags":[],"class_list":["post-2845","post","type-post","status-publish","format-standard","hentry"],"yoast_head":"<!-- This site is optimized with the Yoast SEO plugin v26.2 - https:\/\/yoast.com\/wordpress\/plugins\/seo\/ -->\n<title>REJEI\u00c7\u00c3O CONTRA TRUMP, PROTESTOS AUMENTAM NOS EUA E PELO MUNDO - Travel3<\/title>\n<meta name=\"description\" content=\"A TRAVEL3 \u00e9 um portal de conte\u00fado voltado para o turismo, encontre destinos, viagens, hospedagem, passagens, guias, not\u00edcias sobre o mercado do turismo, dicas de viagem, v\u00eddeos e podcast.\" \/>\n<meta name=\"robots\" content=\"index, follow, max-snippet:-1, max-image-preview:large, max-video-preview:-1\" \/>\n<link rel=\"canonical\" href=\"https:\/\/www.travel3.com.br\/site\/sem-categoria\/rejeicao-contra-trump-protestos-aumentam-nos-eua-e-pelo-mundo\/\" \/>\n<meta property=\"og:locale\" content=\"pt_BR\" \/>\n<meta property=\"og:type\" content=\"article\" \/>\n<meta property=\"og:title\" content=\"REJEI\u00c7\u00c3O CONTRA TRUMP, PROTESTOS AUMENTAM NOS EUA E PELO MUNDO - Travel3\" \/>\n<meta property=\"og:description\" content=\"A TRAVEL3 \u00e9 um portal de conte\u00fado voltado para o turismo, encontre destinos, viagens, hospedagem, passagens, guias, not\u00edcias sobre o mercado do turismo, dicas de viagem, v\u00eddeos e podcast.\" \/>\n<meta property=\"og:url\" content=\"https:\/\/www.travel3.com.br\/site\/sem-categoria\/rejeicao-contra-trump-protestos-aumentam-nos-eua-e-pelo-mundo\/\" \/>\n<meta property=\"og:site_name\" content=\"Travel3\" \/>\n<meta property=\"article:publisher\" content=\"https:\/\/www.facebook.com\/travel3media\/\" \/>\n<meta property=\"article:published_time\" content=\"2017-08-19T14:56:23+00:00\" \/>\n<meta property=\"article:modified_time\" content=\"2017-09-12T18:06:58+00:00\" \/>\n<meta name=\"author\" content=\"admin\" \/>\n<meta name=\"twitter:card\" content=\"summary_large_image\" \/>\n<meta name=\"twitter:label1\" content=\"Escrito por\" \/>\n\t<meta name=\"twitter:data1\" content=\"admin\" \/>\n\t<meta name=\"twitter:label2\" content=\"Est. tempo de leitura\" \/>\n\t<meta name=\"twitter:data2\" content=\"2 minutos\" \/>\n<script type=\"application\/ld+json\" class=\"yoast-schema-graph\">{\"@context\":\"https:\/\/schema.org\",\"@graph\":[{\"@type\":\"Article\",\"@id\":\"https:\/\/www.travel3.com.br\/site\/sem-categoria\/rejeicao-contra-trump-protestos-aumentam-nos-eua-e-pelo-mundo\/#article\",\"isPartOf\":{\"@id\":\"https:\/\/www.travel3.com.br\/site\/sem-categoria\/rejeicao-contra-trump-protestos-aumentam-nos-eua-e-pelo-mundo\/\"},\"author\":{\"name\":\"admin\",\"@id\":\"https:\/\/www.travel3.com.br\/site\/#\/schema\/person\/a69d71e41a024999b6ab82369ac0bd1e\"},\"headline\":\"REJEI\u00c7\u00c3O CONTRA TRUMP, PROTESTOS AUMENTAM NOS EUA E PELO MUNDO\",\"datePublished\":\"2017-08-19T14:56:23+00:00\",\"dateModified\":\"2017-09-12T18:06:58+00:00\",\"mainEntityOfPage\":{\"@id\":\"https:\/\/www.travel3.com.br\/site\/sem-categoria\/rejeicao-contra-trump-protestos-aumentam-nos-eua-e-pelo-mundo\/\"},\"wordCount\":475,\"commentCount\":0,\"publisher\":{\"@id\":\"https:\/\/www.travel3.com.br\/site\/#organization\"},\"inLanguage\":\"pt-BR\",\"potentialAction\":[{\"@type\":\"CommentAction\",\"name\":\"Comment\",\"target\":[\"https:\/\/www.travel3.com.br\/site\/sem-categoria\/rejeicao-contra-trump-protestos-aumentam-nos-eua-e-pelo-mundo\/#respond\"]}]},{\"@type\":\"WebPage\",\"@id\":\"https:\/\/www.travel3.com.br\/site\/sem-categoria\/rejeicao-contra-trump-protestos-aumentam-nos-eua-e-pelo-mundo\/\",\"url\":\"https:\/\/www.travel3.com.br\/site\/sem-categoria\/rejeicao-contra-trump-protestos-aumentam-nos-eua-e-pelo-mundo\/\",\"name\":\"REJEI\u00c7\u00c3O CONTRA TRUMP, PROTESTOS AUMENTAM NOS EUA E PELO MUNDO - Travel3\",\"isPartOf\":{\"@id\":\"https:\/\/www.travel3.com.br\/site\/#website\"},\"datePublished\":\"2017-08-19T14:56:23+00:00\",\"dateModified\":\"2017-09-12T18:06:58+00:00\",\"description\":\"A TRAVEL3 \u00e9 um portal de conte\u00fado voltado para o turismo, encontre destinos, viagens, hospedagem, passagens, guias, not\u00edcias sobre o mercado do turismo, dicas de viagem, v\u00eddeos e podcast.\",\"breadcrumb\":{\"@id\":\"https:\/\/www.travel3.com.br\/site\/sem-categoria\/rejeicao-contra-trump-protestos-aumentam-nos-eua-e-pelo-mundo\/#breadcrumb\"},\"inLanguage\":\"pt-BR\",\"potentialAction\":[{\"@type\":\"ReadAction\",\"target\":[\"https:\/\/www.travel3.com.br\/site\/sem-categoria\/rejeicao-contra-trump-protestos-aumentam-nos-eua-e-pelo-mundo\/\"]}]},{\"@type\":\"BreadcrumbList\",\"@id\":\"https:\/\/www.travel3.com.br\/site\/sem-categoria\/rejeicao-contra-trump-protestos-aumentam-nos-eua-e-pelo-mundo\/#breadcrumb\",\"itemListElement\":[{\"@type\":\"ListItem\",\"position\":1,\"name\":\"In\u00edcio\",\"item\":\"https:\/\/www.travel3.com.br\/site\/\"},{\"@type\":\"ListItem\",\"position\":2,\"name\":\"REJEI\u00c7\u00c3O CONTRA TRUMP, PROTESTOS AUMENTAM NOS EUA E PELO MUNDO\"}]},{\"@type\":\"WebSite\",\"@id\":\"https:\/\/www.travel3.com.br\/site\/#website\",\"url\":\"https:\/\/www.travel3.com.br\/site\/\",\"name\":\"Travel3\",\"description\":\"Lazer + Neg&oacute;cios + Aventura\",\"publisher\":{\"@id\":\"https:\/\/www.travel3.com.br\/site\/#organization\"},\"potentialAction\":[{\"@type\":\"SearchAction\",\"target\":{\"@type\":\"EntryPoint\",\"urlTemplate\":\"https:\/\/www.travel3.com.br\/site\/?s={search_term_string}\"},\"query-input\":{\"@type\":\"PropertyValueSpecification\",\"valueRequired\":true,\"valueName\":\"search_term_string\"}}],\"inLanguage\":\"pt-BR\"},{\"@type\":\"Organization\",\"@id\":\"https:\/\/www.travel3.com.br\/site\/#organization\",\"name\":\"Travel3\",\"url\":\"https:\/\/www.travel3.com.br\/site\/\",\"logo\":{\"@type\":\"ImageObject\",\"inLanguage\":\"pt-BR\",\"@id\":\"https:\/\/www.travel3.com.br\/site\/#\/schema\/logo\/image\/\",\"url\":\"https:\/\/www.travel3.com.br\/site\/wp-content\/uploads\/2020\/01\/logo-travel3-2020.png\",\"contentUrl\":\"https:\/\/www.travel3.com.br\/site\/wp-content\/uploads\/2020\/01\/logo-travel3-2020.png\",\"width\":232,\"height\":79,\"caption\":\"Travel3\"},\"image\":{\"@id\":\"https:\/\/www.travel3.com.br\/site\/#\/schema\/logo\/image\/\"},\"sameAs\":[\"https:\/\/www.facebook.com\/travel3media\/\",\"https:\/\/www.instagram.com\/revistatravel3\/\",\"https:\/\/www.youtube.com\/channel\/UCno7J4paGBR3VbZQzvoJ9Eg\"]},{\"@type\":\"Person\",\"@id\":\"https:\/\/www.travel3.com.br\/site\/#\/schema\/person\/a69d71e41a024999b6ab82369ac0bd1e\",\"name\":\"admin\",\"image\":{\"@type\":\"ImageObject\",\"inLanguage\":\"pt-BR\",\"@id\":\"https:\/\/www.travel3.com.br\/site\/#\/schema\/person\/image\/\",\"url\":\"https:\/\/secure.gravatar.com\/avatar\/732a67adfd764da2a47ba10ce731c4c0?s=96&d=mm&r=g\",\"contentUrl\":\"https:\/\/secure.gravatar.com\/avatar\/732a67adfd764da2a47ba10ce731c4c0?s=96&d=mm&r=g\",\"caption\":\"admin\"},\"url\":\"https:\/\/www.travel3.com.br\/site\/author\/admin\/\"}]}<\/script>\n<!-- \/ Yoast SEO plugin. -->","yoast_head_json":{"title":"REJEI\u00c7\u00c3O CONTRA TRUMP, PROTESTOS AUMENTAM NOS EUA E PELO MUNDO - Travel3","description":"A TRAVEL3 \u00e9 um portal de conte\u00fado voltado para o turismo, encontre destinos, viagens, hospedagem, passagens, guias, not\u00edcias sobre o mercado do turismo, dicas de viagem, v\u00eddeos e podcast.","robots":{"index":"index","follow":"follow","max-snippet":"max-snippet:-1","max-image-preview":"max-image-preview:large","max-video-preview":"max-video-preview:-1"},"canonical":"https:\/\/www.travel3.com.br\/site\/sem-categoria\/rejeicao-contra-trump-protestos-aumentam-nos-eua-e-pelo-mundo\/","og_locale":"pt_BR","og_type":"article","og_title":"REJEI\u00c7\u00c3O CONTRA TRUMP, PROTESTOS AUMENTAM NOS EUA E PELO MUNDO - Travel3","og_description":"A TRAVEL3 \u00e9 um portal de conte\u00fado voltado para o turismo, encontre destinos, viagens, hospedagem, passagens, guias, not\u00edcias sobre o mercado do turismo, dicas de viagem, v\u00eddeos e podcast.","og_url":"https:\/\/www.travel3.com.br\/site\/sem-categoria\/rejeicao-contra-trump-protestos-aumentam-nos-eua-e-pelo-mundo\/","og_site_name":"Travel3","article_publisher":"https:\/\/www.facebook.com\/travel3media\/","article_published_time":"2017-08-19T14:56:23+00:00","article_modified_time":"2017-09-12T18:06:58+00:00","author":"admin","twitter_card":"summary_large_image","twitter_misc":{"Escrito por":"admin","Est. tempo de leitura":"2 minutos"},"schema":{"@context":"https:\/\/schema.org","@graph":[{"@type":"Article","@id":"https:\/\/www.travel3.com.br\/site\/sem-categoria\/rejeicao-contra-trump-protestos-aumentam-nos-eua-e-pelo-mundo\/#article","isPartOf":{"@id":"https:\/\/www.travel3.com.br\/site\/sem-categoria\/rejeicao-contra-trump-protestos-aumentam-nos-eua-e-pelo-mundo\/"},"author":{"name":"admin","@id":"https:\/\/www.travel3.com.br\/site\/#\/schema\/person\/a69d71e41a024999b6ab82369ac0bd1e"},"headline":"REJEI\u00c7\u00c3O CONTRA TRUMP, PROTESTOS AUMENTAM NOS EUA E PELO MUNDO","datePublished":"2017-08-19T14:56:23+00:00","dateModified":"2017-09-12T18:06:58+00:00","mainEntityOfPage":{"@id":"https:\/\/www.travel3.com.br\/site\/sem-categoria\/rejeicao-contra-trump-protestos-aumentam-nos-eua-e-pelo-mundo\/"},"wordCount":475,"commentCount":0,"publisher":{"@id":"https:\/\/www.travel3.com.br\/site\/#organization"},"inLanguage":"pt-BR","potentialAction":[{"@type":"CommentAction","name":"Comment","target":["https:\/\/www.travel3.com.br\/site\/sem-categoria\/rejeicao-contra-trump-protestos-aumentam-nos-eua-e-pelo-mundo\/#respond"]}]},{"@type":"WebPage","@id":"https:\/\/www.travel3.com.br\/site\/sem-categoria\/rejeicao-contra-trump-protestos-aumentam-nos-eua-e-pelo-mundo\/","url":"https:\/\/www.travel3.com.br\/site\/sem-categoria\/rejeicao-contra-trump-protestos-aumentam-nos-eua-e-pelo-mundo\/","name":"REJEI\u00c7\u00c3O CONTRA TRUMP, PROTESTOS AUMENTAM NOS EUA E PELO MUNDO - Travel3","isPartOf":{"@id":"https:\/\/www.travel3.com.br\/site\/#website"},"datePublished":"2017-08-19T14:56:23+00:00","dateModified":"2017-09-12T18:06:58+00:00","description":"A TRAVEL3 \u00e9 um portal de conte\u00fado voltado para o turismo, encontre destinos, viagens, hospedagem, passagens, guias, not\u00edcias sobre o mercado do turismo, dicas de viagem, v\u00eddeos e podcast.","breadcrumb":{"@id":"https:\/\/www.travel3.com.br\/site\/sem-categoria\/rejeicao-contra-trump-protestos-aumentam-nos-eua-e-pelo-mundo\/#breadcrumb"},"inLanguage":"pt-BR","potentialAction":[{"@type":"ReadAction","target":["https:\/\/www.travel3.com.br\/site\/sem-categoria\/rejeicao-contra-trump-protestos-aumentam-nos-eua-e-pelo-mundo\/"]}]},{"@type":"BreadcrumbList","@id":"https:\/\/www.travel3.com.br\/site\/sem-categoria\/rejeicao-contra-trump-protestos-aumentam-nos-eua-e-pelo-mundo\/#breadcrumb","itemListElement":[{"@type":"ListItem","position":1,"name":"In\u00edcio","item":"https:\/\/www.travel3.com.br\/site\/"},{"@type":"ListItem","position":2,"name":"REJEI\u00c7\u00c3O CONTRA TRUMP, PROTESTOS AUMENTAM NOS EUA E PELO MUNDO"}]},{"@type":"WebSite","@id":"https:\/\/www.travel3.com.br\/site\/#website","url":"https:\/\/www.travel3.com.br\/site\/","name":"Travel3","description":"Lazer + Neg&oacute;cios + Aventura","publisher":{"@id":"https:\/\/www.travel3.com.br\/site\/#organization"},"potentialAction":[{"@type":"SearchAction","target":{"@type":"EntryPoint","urlTemplate":"https:\/\/www.travel3.com.br\/site\/?s={search_term_string}"},"query-input":{"@type":"PropertyValueSpecification","valueRequired":true,"valueName":"search_term_string"}}],"inLanguage":"pt-BR"},{"@type":"Organization","@id":"https:\/\/www.travel3.com.br\/site\/#organization","name":"Travel3","url":"https:\/\/www.travel3.com.br\/site\/","logo":{"@type":"ImageObject","inLanguage":"pt-BR","@id":"https:\/\/www.travel3.com.br\/site\/#\/schema\/logo\/image\/","url":"https:\/\/www.travel3.com.br\/site\/wp-content\/uploads\/2020\/01\/logo-travel3-2020.png","contentUrl":"https:\/\/www.travel3.com.br\/site\/wp-content\/uploads\/2020\/01\/logo-travel3-2020.png","width":232,"height":79,"caption":"Travel3"},"image":{"@id":"https:\/\/www.travel3.com.br\/site\/#\/schema\/logo\/image\/"},"sameAs":["https:\/\/www.facebook.com\/travel3media\/","https:\/\/www.instagram.com\/revistatravel3\/","https:\/\/www.youtube.com\/channel\/UCno7J4paGBR3VbZQzvoJ9Eg"]},{"@type":"Person","@id":"https:\/\/www.travel3.com.br\/site\/#\/schema\/person\/a69d71e41a024999b6ab82369ac0bd1e","name":"admin","image":{"@type":"ImageObject","inLanguage":"pt-BR","@id":"https:\/\/www.travel3.com.br\/site\/#\/schema\/person\/image\/","url":"https:\/\/secure.gravatar.com\/avatar\/732a67adfd764da2a47ba10ce731c4c0?s=96&d=mm&r=g","contentUrl":"https:\/\/secure.gravatar.com\/avatar\/732a67adfd764da2a47ba10ce731c4c0?s=96&d=mm&r=g","caption":"admin"},"url":"https:\/\/www.travel3.com.br\/site\/author\/admin\/"}]}},"_links":{"self":[{"href":"https:\/\/www.travel3.com.br\/site\/wp-json\/wp\/v2\/posts\/2845","targetHints":{"allow":["GET"]}}],"collection":[{"href":"https:\/\/www.travel3.com.br\/site\/wp-json\/wp\/v2\/posts"}],"about":[{"href":"https:\/\/www.travel3.com.br\/site\/wp-json\/wp\/v2\/types\/post"}],"author":[{"embeddable":true,"href":"https:\/\/www.travel3.com.br\/site\/wp-json\/wp\/v2\/users\/1"}],"replies":[{"embeddable":true,"href":"https:\/\/www.travel3.com.br\/site\/wp-json\/wp\/v2\/comments?post=2845"}],"version-history":[{"count":1,"href":"https:\/\/www.travel3.com.br\/site\/wp-json\/wp\/v2\/posts\/2845\/revisions"}],"predecessor-version":[{"id":3637,"href":"https:\/\/www.travel3.com.br\/site\/wp-json\/wp\/v2\/posts\/2845\/revisions\/3637"}],"wp:attachment":[{"href":"https:\/\/www.travel3.com.br\/site\/wp-json\/wp\/v2\/media?parent=2845"}],"wp:term":[{"taxonomy":"category","embeddable":true,"href":"https:\/\/www.travel3.com.br\/site\/wp-json\/wp\/v2\/categories?post=2845"},{"taxonomy":"post_tag","embeddable":true,"href":"https:\/\/www.travel3.com.br\/site\/wp-json\/wp\/v2\/tags?post=2845"}],"curies":[{"name":"wp","href":"https:\/\/api.w.org\/{rel}","templated":true}]}}