{"id":2835,"date":"2017-08-09T03:32:22","date_gmt":"2017-08-09T03:32:22","guid":{"rendered":"http:\/\/www.travel3.com.br\/site\/ir-e-vir\/ar\/no-algarve-tivoli-carvoeiro-reabre-suas-portas-em-1o-de-abril\/"},"modified":"2017-08-09T03:32:22","modified_gmt":"2017-08-09T03:32:22","slug":"no-algarve-tivoli-carvoeiro-reabre-suas-portas-em-1o-de-abril","status":"publish","type":"post","link":"https:\/\/www.travel3.com.br\/site\/sem-categoria\/no-algarve-tivoli-carvoeiro-reabre-suas-portas-em-1o-de-abril\/","title":{"rendered":"NO ALGARVE, TIVOLI CARVOEIRO REABRE SUAS PORTAS EM 1o DE ABRIL"},"content":{"rendered":"<p><span style=\"color: #40acad; font-family: -apple-system, system-ui, 'Segoe UI', Roboto, Oxygen-Sans, Ubuntu, Cantarell, 'Helvetica Neue', sans-serif; font-size: 12px; font-weight: bold;\"><\/p>\n<p style=\"text-align:justify\"><strong>Perspectiva arquitet\u00f4nica da nova fachada do Tivoli Carvoeiro, localizado no Algarve, em Portugual (Fotos: Tivoli Hotels\/Divulga\u00e7\u00e3o)<\/strong><\/p>\n<p style=\"text-align:justify\">Localizado em uma das mais bonitas praias da regi\u00e3o do Algarve, o\u00a0Tivoli Carvoeiro vai surpreender os h\u00f3spedes exigentes do mundo inteiro ao reabrir suas portas, depois de terminada a renova\u00e7\u00e3o que vai transform\u00e1-lo em um 5 estrelas contempor\u00e2neo e descontra\u00eddo.<\/p>\n<p style=\"text-align:justify\">A reinaugura\u00e7\u00e3o est\u00e1 prevista para 1<sup>o<\/sup> de abril e j\u00e1 \u00e9 aguardada com ansiedade. O entorno do Tivoli Carvoeiro poderia muito bem ser uma loca\u00e7\u00e3o de uma supreprodu\u00e7\u00e3o de Hollywood, gra\u00e7as ao colorido sui generis da pequena vila de casas brancas com as tradicionais barras azuis, que vai dar em um litoral pontilhado de barquinhos.<\/p>\n<p style=\"text-align:justify\"><a class=\"fancybox-media\" href=\"..\/_uploads\/_noticia\/2017-01\/304389-676941-new-tivolicarvoeiro-lobby.jpg\" rel=\"portfolio\"><img decoding=\"async\" alt=\"\" src=\"..\/_uploads\/_noticia\/2017-01\/304389-676941-new-tivolicarvoeiro-lobby.jpg\" \/><\/a><strong>Lobby do resort<\/strong><\/p>\n<p style=\"text-align:justify\">Pois o resort ressurge com nova est\u00e9tica + quartos remodelados + 3 novos restaurantes + 1 bar de piscina + o t\u00e3o aguardado Sky Bar Carvoeiro + 1 spa e\u00a01 centro fitness, ambos com o selo de qualidade Tivoli.<\/p>\n<p style=\"text-align:justify\">Contrastando com os agitados centros tur\u00edsticos da costa algarvia, esta antiga aldeia de pescadores a apenas 40 minutos do Aeroporto de Faro, \u00e9 o lugar perfeito para dias inesquec\u00edveis de f\u00e9rias em fam\u00edlia.\u00a0<\/p>\n<p style=\"text-align:justify\">O Tivoli Carvoeiro \u00e9 um convite para\u00a0desfrutar da paisagem atl\u00e2ntica, alugar um barco para visitar as praias dos arredores, conhecer o Algarve, saborear as famosas sardinhas assadas ou a sopa de peixe fresco, entre outros pratos t\u00edpicos.<\/p>\n<p style=\"text-align:justify\"><a class=\"fancybox-media\" href=\"..\/_uploads\/_noticia\/2017-01\/304389-676942-new-tivolicarvoeiro-mockuproom.jpg\" rel=\"portfolio\"><img decoding=\"async\" alt=\"\" src=\"..\/_uploads\/_noticia\/2017-01\/304389-676942-new-tivolicarvoeiro-mockuproom.jpg\" \/><\/a><strong>Os quartos agora s\u00e3o mais amplos e foi criada a categoria <em>Family Rooms<\/em><\/strong><\/p>\n<p style=\"text-align:justify\">Em terra, as paisagens\u00a0seduzem pelo charme, com seus campos de golfe do mais alto n\u00edvel competitivo e as quintas de produ\u00e7\u00e3o local de vinho que tornam a regi\u00e3o t\u00e3o reconhecida.<\/p>\n<p style=\"text-align:justify\">Ap\u00f3s uma remodela\u00e7\u00e3o prevista de 5\u00a0meses, o Tivoli Carvoeiro ter\u00e1 agora quartos mais amplos e confort\u00e1veis, com varandas panor\u00e2micas.<\/p>\n<p style=\"text-align:justify\">Foi criada uma nova categoria de habita\u00e7\u00f5es, os <em>Family Rooms,\u00a0<\/em>para atender a grande demanda. Assim,\u00a0fam\u00edlias de at\u00e9 4\u00a0pessoas poder\u00e3o hospedar no mesmo espa\u00e7o, com muito conforto e comodidade.<\/p>\n<p style=\"text-align:justify\">No quesito gastronomia as surpresas seguem no mesmo alto n\u00edvel. O restaurante Varanda foi remodelado e, do 5<sup>o<\/sup> andar, o h\u00f3spede ter\u00e1 uma vista incr\u00edvel do Oceano Atl\u00e2ntico aos p\u00e9s.<\/p>\n<p style=\"text-align:justify\">O restaurante Gourmet \u00e9 dedicado \u00e0 aut\u00eantica gastronomia portuguesa e o Palmeira ser\u00e1 o local ideal para apreciar uma refei\u00e7\u00e3o r\u00e1pida ou desfrutar de uma bebida refrescante com boa vista.<\/p>\n<p style=\"text-align:justify\">O Sky bar, na cobertura do hotel, tem vista de 360\u00ba para o mar e para as fal\u00e9sias. Com um ambiente vibrante, transformar\u00e1 os finais de tarde no Algarve, fundindo-as com o nascer da noite e toda a divers\u00e3o que ela traz.\u00a0<\/p>\n<p style=\"text-align:justify\"><a class=\"fancybox-media\" href=\"..\/_uploads\/_noticia\/2017-01\/304389-676944-new-tivolicarvoeiro-restaurant.jpg\" rel=\"portfolio\"><img decoding=\"async\" alt=\"\" src=\"..\/_uploads\/_noticia\/2017-01\/304389-676944-new-tivolicarvoeiro-restaurant.jpg\" \/><\/a><strong>A gastronomia mereceu total aten\u00e7\u00e3o e s\u00e3o 3 novos e deliciosos restaurantes<\/strong><\/p>\n<p style=\"text-align:justify\">Para os adeptos de um estilo de vida saud\u00e1vel, o Tivoli Carvoeiro ter\u00e1 um centro fitness, o Tivoli Active, que al\u00e9m de equipamentos topo de linha e instrumentos de monitoriza\u00e7\u00e3o f\u00edsica e nutricional, proporciona a oportunidade de treinar num inspirador espa\u00e7o rodeado por um extenso jardim.\u00a0<\/p>\n<p style=\"text-align:justify\">O verdadeiro equil\u00edbrio conquista-se, contudo, no Tivoli Spa do Carvoeiro, uma experi\u00eancia de spa baseada na cura hol\u00edstica, usando t\u00e9cnicas atemporais e enraizadas nos elementos e produtos locais.<\/p>\n<p style=\"text-align:justify\">As crian\u00e7as poder\u00e3o viver aventuras especiais no T\/KIDS, que proporciona momentos de entretenimento que ficar\u00e3o gravados nas suas mem\u00f3rias como f\u00e9rias inesquec\u00edveis.<\/p>\n<p><\/span><\/p>\n","protected":false},"excerpt":{"rendered":"<p>Depois de passar por uma completa renova\u00e7\u00e3o durante 5 meses, o hotel portugu\u00eas foi transformado num 5 estrelas contempor\u00e2neo<\/p>\n","protected":false},"author":1,"featured_media":0,"comment_status":"open","ping_status":"open","sticky":false,"template":"","format":"standard","meta":{"footnotes":""},"categories":[],"tags":[],"class_list":["post-2835","post","type-post","status-publish","format-standard","hentry"],"yoast_head":"<!-- This site is optimized with the Yoast SEO plugin v26.2 - https:\/\/yoast.com\/wordpress\/plugins\/seo\/ -->\n<title>NO ALGARVE, TIVOLI CARVOEIRO REABRE SUAS PORTAS EM 1o DE ABRIL - Travel3<\/title>\n<meta name=\"description\" content=\"A TRAVEL3 \u00e9 um portal de conte\u00fado voltado para o turismo, encontre destinos, viagens, hospedagem, passagens, guias, not\u00edcias sobre o mercado do turismo, dicas de viagem, v\u00eddeos e podcast.\" \/>\n<meta name=\"robots\" content=\"index, follow, max-snippet:-1, max-image-preview:large, max-video-preview:-1\" \/>\n<link rel=\"canonical\" href=\"https:\/\/www.travel3.com.br\/site\/sem-categoria\/no-algarve-tivoli-carvoeiro-reabre-suas-portas-em-1o-de-abril\/\" \/>\n<meta property=\"og:locale\" content=\"pt_BR\" \/>\n<meta property=\"og:type\" content=\"article\" \/>\n<meta property=\"og:title\" content=\"NO ALGARVE, TIVOLI CARVOEIRO REABRE SUAS PORTAS EM 1o DE ABRIL - Travel3\" \/>\n<meta property=\"og:description\" content=\"A TRAVEL3 \u00e9 um portal de conte\u00fado voltado para o turismo, encontre destinos, viagens, hospedagem, passagens, guias, not\u00edcias sobre o mercado do turismo, dicas de viagem, v\u00eddeos e podcast.\" \/>\n<meta property=\"og:url\" content=\"https:\/\/www.travel3.com.br\/site\/sem-categoria\/no-algarve-tivoli-carvoeiro-reabre-suas-portas-em-1o-de-abril\/\" \/>\n<meta property=\"og:site_name\" content=\"Travel3\" \/>\n<meta property=\"article:publisher\" content=\"https:\/\/www.facebook.com\/travel3media\/\" \/>\n<meta property=\"article:published_time\" content=\"2017-08-09T03:32:22+00:00\" \/>\n<meta name=\"author\" content=\"admin\" \/>\n<meta name=\"twitter:card\" content=\"summary_large_image\" \/>\n<meta name=\"twitter:label1\" content=\"Escrito por\" \/>\n\t<meta name=\"twitter:data1\" content=\"admin\" \/>\n\t<meta name=\"twitter:label2\" content=\"Est. tempo de leitura\" \/>\n\t<meta name=\"twitter:data2\" content=\"3 minutos\" \/>\n<script type=\"application\/ld+json\" class=\"yoast-schema-graph\">{\"@context\":\"https:\/\/schema.org\",\"@graph\":[{\"@type\":\"Article\",\"@id\":\"https:\/\/www.travel3.com.br\/site\/sem-categoria\/no-algarve-tivoli-carvoeiro-reabre-suas-portas-em-1o-de-abril\/#article\",\"isPartOf\":{\"@id\":\"https:\/\/www.travel3.com.br\/site\/sem-categoria\/no-algarve-tivoli-carvoeiro-reabre-suas-portas-em-1o-de-abril\/\"},\"author\":{\"name\":\"admin\",\"@id\":\"https:\/\/www.travel3.com.br\/site\/#\/schema\/person\/a69d71e41a024999b6ab82369ac0bd1e\"},\"headline\":\"NO ALGARVE, TIVOLI CARVOEIRO REABRE SUAS PORTAS EM 1o DE ABRIL\",\"datePublished\":\"2017-08-09T03:32:22+00:00\",\"mainEntityOfPage\":{\"@id\":\"https:\/\/www.travel3.com.br\/site\/sem-categoria\/no-algarve-tivoli-carvoeiro-reabre-suas-portas-em-1o-de-abril\/\"},\"wordCount\":584,\"commentCount\":0,\"publisher\":{\"@id\":\"https:\/\/www.travel3.com.br\/site\/#organization\"},\"inLanguage\":\"pt-BR\",\"potentialAction\":[{\"@type\":\"CommentAction\",\"name\":\"Comment\",\"target\":[\"https:\/\/www.travel3.com.br\/site\/sem-categoria\/no-algarve-tivoli-carvoeiro-reabre-suas-portas-em-1o-de-abril\/#respond\"]}]},{\"@type\":\"WebPage\",\"@id\":\"https:\/\/www.travel3.com.br\/site\/sem-categoria\/no-algarve-tivoli-carvoeiro-reabre-suas-portas-em-1o-de-abril\/\",\"url\":\"https:\/\/www.travel3.com.br\/site\/sem-categoria\/no-algarve-tivoli-carvoeiro-reabre-suas-portas-em-1o-de-abril\/\",\"name\":\"NO ALGARVE, TIVOLI CARVOEIRO REABRE SUAS PORTAS EM 1o DE ABRIL - Travel3\",\"isPartOf\":{\"@id\":\"https:\/\/www.travel3.com.br\/site\/#website\"},\"datePublished\":\"2017-08-09T03:32:22+00:00\",\"description\":\"A TRAVEL3 \u00e9 um portal de conte\u00fado voltado para o turismo, encontre destinos, viagens, hospedagem, passagens, guias, not\u00edcias sobre o mercado do turismo, dicas de viagem, v\u00eddeos e podcast.\",\"breadcrumb\":{\"@id\":\"https:\/\/www.travel3.com.br\/site\/sem-categoria\/no-algarve-tivoli-carvoeiro-reabre-suas-portas-em-1o-de-abril\/#breadcrumb\"},\"inLanguage\":\"pt-BR\",\"potentialAction\":[{\"@type\":\"ReadAction\",\"target\":[\"https:\/\/www.travel3.com.br\/site\/sem-categoria\/no-algarve-tivoli-carvoeiro-reabre-suas-portas-em-1o-de-abril\/\"]}]},{\"@type\":\"BreadcrumbList\",\"@id\":\"https:\/\/www.travel3.com.br\/site\/sem-categoria\/no-algarve-tivoli-carvoeiro-reabre-suas-portas-em-1o-de-abril\/#breadcrumb\",\"itemListElement\":[{\"@type\":\"ListItem\",\"position\":1,\"name\":\"In\u00edcio\",\"item\":\"https:\/\/www.travel3.com.br\/site\/\"},{\"@type\":\"ListItem\",\"position\":2,\"name\":\"NO ALGARVE, TIVOLI CARVOEIRO REABRE SUAS PORTAS EM 1o DE ABRIL\"}]},{\"@type\":\"WebSite\",\"@id\":\"https:\/\/www.travel3.com.br\/site\/#website\",\"url\":\"https:\/\/www.travel3.com.br\/site\/\",\"name\":\"Travel3\",\"description\":\"Lazer + Neg&oacute;cios + Aventura\",\"publisher\":{\"@id\":\"https:\/\/www.travel3.com.br\/site\/#organization\"},\"potentialAction\":[{\"@type\":\"SearchAction\",\"target\":{\"@type\":\"EntryPoint\",\"urlTemplate\":\"https:\/\/www.travel3.com.br\/site\/?s={search_term_string}\"},\"query-input\":{\"@type\":\"PropertyValueSpecification\",\"valueRequired\":true,\"valueName\":\"search_term_string\"}}],\"inLanguage\":\"pt-BR\"},{\"@type\":\"Organization\",\"@id\":\"https:\/\/www.travel3.com.br\/site\/#organization\",\"name\":\"Travel3\",\"url\":\"https:\/\/www.travel3.com.br\/site\/\",\"logo\":{\"@type\":\"ImageObject\",\"inLanguage\":\"pt-BR\",\"@id\":\"https:\/\/www.travel3.com.br\/site\/#\/schema\/logo\/image\/\",\"url\":\"https:\/\/www.travel3.com.br\/site\/wp-content\/uploads\/2020\/01\/logo-travel3-2020.png\",\"contentUrl\":\"https:\/\/www.travel3.com.br\/site\/wp-content\/uploads\/2020\/01\/logo-travel3-2020.png\",\"width\":232,\"height\":79,\"caption\":\"Travel3\"},\"image\":{\"@id\":\"https:\/\/www.travel3.com.br\/site\/#\/schema\/logo\/image\/\"},\"sameAs\":[\"https:\/\/www.facebook.com\/travel3media\/\",\"https:\/\/www.instagram.com\/revistatravel3\/\",\"https:\/\/www.youtube.com\/channel\/UCno7J4paGBR3VbZQzvoJ9Eg\"]},{\"@type\":\"Person\",\"@id\":\"https:\/\/www.travel3.com.br\/site\/#\/schema\/person\/a69d71e41a024999b6ab82369ac0bd1e\",\"name\":\"admin\",\"image\":{\"@type\":\"ImageObject\",\"inLanguage\":\"pt-BR\",\"@id\":\"https:\/\/www.travel3.com.br\/site\/#\/schema\/person\/image\/\",\"url\":\"https:\/\/secure.gravatar.com\/avatar\/732a67adfd764da2a47ba10ce731c4c0?s=96&d=mm&r=g\",\"contentUrl\":\"https:\/\/secure.gravatar.com\/avatar\/732a67adfd764da2a47ba10ce731c4c0?s=96&d=mm&r=g\",\"caption\":\"admin\"},\"url\":\"https:\/\/www.travel3.com.br\/site\/author\/admin\/\"}]}<\/script>\n<!-- \/ Yoast SEO plugin. -->","yoast_head_json":{"title":"NO ALGARVE, TIVOLI CARVOEIRO REABRE SUAS PORTAS EM 1o DE ABRIL - Travel3","description":"A TRAVEL3 \u00e9 um portal de conte\u00fado voltado para o turismo, encontre destinos, viagens, hospedagem, passagens, guias, not\u00edcias sobre o mercado do turismo, dicas de viagem, v\u00eddeos e podcast.","robots":{"index":"index","follow":"follow","max-snippet":"max-snippet:-1","max-image-preview":"max-image-preview:large","max-video-preview":"max-video-preview:-1"},"canonical":"https:\/\/www.travel3.com.br\/site\/sem-categoria\/no-algarve-tivoli-carvoeiro-reabre-suas-portas-em-1o-de-abril\/","og_locale":"pt_BR","og_type":"article","og_title":"NO ALGARVE, TIVOLI CARVOEIRO REABRE SUAS PORTAS EM 1o DE ABRIL - Travel3","og_description":"A TRAVEL3 \u00e9 um portal de conte\u00fado voltado para o turismo, encontre destinos, viagens, hospedagem, passagens, guias, not\u00edcias sobre o mercado do turismo, dicas de viagem, v\u00eddeos e podcast.","og_url":"https:\/\/www.travel3.com.br\/site\/sem-categoria\/no-algarve-tivoli-carvoeiro-reabre-suas-portas-em-1o-de-abril\/","og_site_name":"Travel3","article_publisher":"https:\/\/www.facebook.com\/travel3media\/","article_published_time":"2017-08-09T03:32:22+00:00","author":"admin","twitter_card":"summary_large_image","twitter_misc":{"Escrito por":"admin","Est. tempo de leitura":"3 minutos"},"schema":{"@context":"https:\/\/schema.org","@graph":[{"@type":"Article","@id":"https:\/\/www.travel3.com.br\/site\/sem-categoria\/no-algarve-tivoli-carvoeiro-reabre-suas-portas-em-1o-de-abril\/#article","isPartOf":{"@id":"https:\/\/www.travel3.com.br\/site\/sem-categoria\/no-algarve-tivoli-carvoeiro-reabre-suas-portas-em-1o-de-abril\/"},"author":{"name":"admin","@id":"https:\/\/www.travel3.com.br\/site\/#\/schema\/person\/a69d71e41a024999b6ab82369ac0bd1e"},"headline":"NO ALGARVE, TIVOLI CARVOEIRO REABRE SUAS PORTAS EM 1o DE ABRIL","datePublished":"2017-08-09T03:32:22+00:00","mainEntityOfPage":{"@id":"https:\/\/www.travel3.com.br\/site\/sem-categoria\/no-algarve-tivoli-carvoeiro-reabre-suas-portas-em-1o-de-abril\/"},"wordCount":584,"commentCount":0,"publisher":{"@id":"https:\/\/www.travel3.com.br\/site\/#organization"},"inLanguage":"pt-BR","potentialAction":[{"@type":"CommentAction","name":"Comment","target":["https:\/\/www.travel3.com.br\/site\/sem-categoria\/no-algarve-tivoli-carvoeiro-reabre-suas-portas-em-1o-de-abril\/#respond"]}]},{"@type":"WebPage","@id":"https:\/\/www.travel3.com.br\/site\/sem-categoria\/no-algarve-tivoli-carvoeiro-reabre-suas-portas-em-1o-de-abril\/","url":"https:\/\/www.travel3.com.br\/site\/sem-categoria\/no-algarve-tivoli-carvoeiro-reabre-suas-portas-em-1o-de-abril\/","name":"NO ALGARVE, TIVOLI CARVOEIRO REABRE SUAS PORTAS EM 1o DE ABRIL - Travel3","isPartOf":{"@id":"https:\/\/www.travel3.com.br\/site\/#website"},"datePublished":"2017-08-09T03:32:22+00:00","description":"A TRAVEL3 \u00e9 um portal de conte\u00fado voltado para o turismo, encontre destinos, viagens, hospedagem, passagens, guias, not\u00edcias sobre o mercado do turismo, dicas de viagem, v\u00eddeos e podcast.","breadcrumb":{"@id":"https:\/\/www.travel3.com.br\/site\/sem-categoria\/no-algarve-tivoli-carvoeiro-reabre-suas-portas-em-1o-de-abril\/#breadcrumb"},"inLanguage":"pt-BR","potentialAction":[{"@type":"ReadAction","target":["https:\/\/www.travel3.com.br\/site\/sem-categoria\/no-algarve-tivoli-carvoeiro-reabre-suas-portas-em-1o-de-abril\/"]}]},{"@type":"BreadcrumbList","@id":"https:\/\/www.travel3.com.br\/site\/sem-categoria\/no-algarve-tivoli-carvoeiro-reabre-suas-portas-em-1o-de-abril\/#breadcrumb","itemListElement":[{"@type":"ListItem","position":1,"name":"In\u00edcio","item":"https:\/\/www.travel3.com.br\/site\/"},{"@type":"ListItem","position":2,"name":"NO ALGARVE, TIVOLI CARVOEIRO REABRE SUAS PORTAS EM 1o DE ABRIL"}]},{"@type":"WebSite","@id":"https:\/\/www.travel3.com.br\/site\/#website","url":"https:\/\/www.travel3.com.br\/site\/","name":"Travel3","description":"Lazer + Neg&oacute;cios + Aventura","publisher":{"@id":"https:\/\/www.travel3.com.br\/site\/#organization"},"potentialAction":[{"@type":"SearchAction","target":{"@type":"EntryPoint","urlTemplate":"https:\/\/www.travel3.com.br\/site\/?s={search_term_string}"},"query-input":{"@type":"PropertyValueSpecification","valueRequired":true,"valueName":"search_term_string"}}],"inLanguage":"pt-BR"},{"@type":"Organization","@id":"https:\/\/www.travel3.com.br\/site\/#organization","name":"Travel3","url":"https:\/\/www.travel3.com.br\/site\/","logo":{"@type":"ImageObject","inLanguage":"pt-BR","@id":"https:\/\/www.travel3.com.br\/site\/#\/schema\/logo\/image\/","url":"https:\/\/www.travel3.com.br\/site\/wp-content\/uploads\/2020\/01\/logo-travel3-2020.png","contentUrl":"https:\/\/www.travel3.com.br\/site\/wp-content\/uploads\/2020\/01\/logo-travel3-2020.png","width":232,"height":79,"caption":"Travel3"},"image":{"@id":"https:\/\/www.travel3.com.br\/site\/#\/schema\/logo\/image\/"},"sameAs":["https:\/\/www.facebook.com\/travel3media\/","https:\/\/www.instagram.com\/revistatravel3\/","https:\/\/www.youtube.com\/channel\/UCno7J4paGBR3VbZQzvoJ9Eg"]},{"@type":"Person","@id":"https:\/\/www.travel3.com.br\/site\/#\/schema\/person\/a69d71e41a024999b6ab82369ac0bd1e","name":"admin","image":{"@type":"ImageObject","inLanguage":"pt-BR","@id":"https:\/\/www.travel3.com.br\/site\/#\/schema\/person\/image\/","url":"https:\/\/secure.gravatar.com\/avatar\/732a67adfd764da2a47ba10ce731c4c0?s=96&d=mm&r=g","contentUrl":"https:\/\/secure.gravatar.com\/avatar\/732a67adfd764da2a47ba10ce731c4c0?s=96&d=mm&r=g","caption":"admin"},"url":"https:\/\/www.travel3.com.br\/site\/author\/admin\/"}]}},"_links":{"self":[{"href":"https:\/\/www.travel3.com.br\/site\/wp-json\/wp\/v2\/posts\/2835","targetHints":{"allow":["GET"]}}],"collection":[{"href":"https:\/\/www.travel3.com.br\/site\/wp-json\/wp\/v2\/posts"}],"about":[{"href":"https:\/\/www.travel3.com.br\/site\/wp-json\/wp\/v2\/types\/post"}],"author":[{"embeddable":true,"href":"https:\/\/www.travel3.com.br\/site\/wp-json\/wp\/v2\/users\/1"}],"replies":[{"embeddable":true,"href":"https:\/\/www.travel3.com.br\/site\/wp-json\/wp\/v2\/comments?post=2835"}],"version-history":[{"count":0,"href":"https:\/\/www.travel3.com.br\/site\/wp-json\/wp\/v2\/posts\/2835\/revisions"}],"wp:attachment":[{"href":"https:\/\/www.travel3.com.br\/site\/wp-json\/wp\/v2\/media?parent=2835"}],"wp:term":[{"taxonomy":"category","embeddable":true,"href":"https:\/\/www.travel3.com.br\/site\/wp-json\/wp\/v2\/categories?post=2835"},{"taxonomy":"post_tag","embeddable":true,"href":"https:\/\/www.travel3.com.br\/site\/wp-json\/wp\/v2\/tags?post=2835"}],"curies":[{"name":"wp","href":"https:\/\/api.w.org\/{rel}","templated":true}]}}