{"id":28168,"date":"2019-10-31T06:00:10","date_gmt":"2019-10-31T09:00:10","guid":{"rendered":"https:\/\/www.travel3.com.br\/?p=28168"},"modified":"2019-10-30T21:01:54","modified_gmt":"2019-10-31T00:01:54","slug":"peru-week","status":"publish","type":"post","link":"https:\/\/www.travel3.com.br\/site\/comece-a-viajar\/peru-week\/","title":{"rendered":"Peru Week enche o paladar dos brasileiros com cultura gastron\u00f4mica"},"content":{"rendered":"\n<h3 class=\"wp-block-heading\" style=\"text-align:center\">7\u00aa edi\u00e7\u00e3o do evento acontece de 5 a 20 de novembro<\/h3>\n\n\n\n<p>O Peru Week est\u00e1 se preparando para retornar, em sua 7\u00aa edi\u00e7\u00e3o, aos restaurantes brasileiros. O evento que ocorre entre os dias 5 e 20 de novembro apresenta aos brasileiros uma das melhores cozinhas da atualidade.<\/p>\n\n\n\n<h2 class=\"wp-block-heading\">Peru Week apresenta uma das melhores cozinhas da atualidade<\/h2>\n\n\n\n<p>A 7\u00aa edi\u00e7\u00e3o da Peru Week tamb\u00e9m oferece condi\u00e7\u00f5es especiais para quem sonha em viajar para o Peru.<\/p>\n\n\n\n<p>Promovida pela PROMPER\u00da (Comiss\u00e3o de Promo\u00e7\u00e3o do Peru para a Exporta\u00e7\u00e3o e o Turismo), a campanha conta com a participa\u00e7\u00e3o de 156 empresas, entre operadoras, companhias a\u00e9reas e restaurantes. E \u00e9 a maior a\u00e7\u00e3o de promo\u00e7\u00e3o do turismo e da gastronomia do Peru.\u00a0<\/p>\n\n\n\n<div class=\"wp-block-image\"><figure class=\"aligncenter\"><img loading=\"lazy\" decoding=\"async\" width=\"1024\" height=\"683\" src=\"https:\/\/www.travel3.com.br\/site\/wp-content\/uploads\/2019\/10\/MICE-Food-3142-1024x683.jpg\" alt=\"Peru Week 2019\" class=\"wp-image-28175\" srcset=\"https:\/\/www.travel3.com.br\/site\/wp-content\/uploads\/2019\/10\/MICE-Food-3142-1024x683.jpg 1024w, https:\/\/www.travel3.com.br\/site\/wp-content\/uploads\/2019\/10\/MICE-Food-3142-300x200.jpg 300w, https:\/\/www.travel3.com.br\/site\/wp-content\/uploads\/2019\/10\/MICE-Food-3142-768x512.jpg 768w, https:\/\/www.travel3.com.br\/site\/wp-content\/uploads\/2019\/10\/MICE-Food-3142-750x500.jpg 750w, https:\/\/www.travel3.com.br\/site\/wp-content\/uploads\/2019\/10\/MICE-Food-3142-1140x761.jpg 1140w, https:\/\/www.travel3.com.br\/site\/wp-content\/uploads\/2019\/10\/MICE-Food-3142.jpg 1920w\" sizes=\"auto, (max-width: 1024px) 100vw, 1024px\" \/><figcaption>(Foto: PROMPER\u00da\/Divulga\u00e7\u00e3o)<\/figcaption><\/figure><\/div>\n\n\n\n<h2 class=\"wp-block-heading\">17 estados + Distrito Federal participam do evento<\/h2>\n\n\n\n<p>Al\u00e9m da participa\u00e7\u00e3o de restaurantes especializados na culin\u00e1ria peruana em 17 estados e no Distrito Federal, interessados podem adquirir pacotes de viagem e passagens a\u00e9reas com condi\u00e7\u00f5es especiais nas lojas f\u00edsicas e nos sites participantes.<\/p>\n\n\n\n<p>No site oficial da Peru Week 2019 =  <a href=\"http:\/\/www.peruweek.com.br\/\">www.peruweek.com.br<\/a>, voc\u00ea pode conferir a lista completa de empresas participantes, bem como informa\u00e7\u00f5es referentes a pacotes de viagem e passagens a\u00e9reas em promo\u00e7\u00e3o.<\/p>\n\n\n\n<p>Pelo site tamb\u00e9m \u00e9 poss\u00edvel acessar a lista de restaurantes participantes, com os respectivos menus especiais oferecidos enquanto durar a campanha.<\/p>\n","protected":false},"excerpt":{"rendered":"<p>7\u00aa edi\u00e7\u00e3o do evento acontece de 5 a 20 de novembro O Peru Week est\u00e1 se preparando para retornar, em sua 7\u00aa edi\u00e7\u00e3o, aos restaurantes brasileiros. O evento que ocorre entre os dias 5 e 20 de novembro apresenta aos brasileiros uma das melhores cozinhas da atualidade. Peru Week apresenta uma das melhores cozinhas da [&hellip;]<\/p>\n","protected":false},"author":6,"featured_media":28174,"comment_status":"open","ping_status":"open","sticky":false,"template":"","format":"standard","meta":{"footnotes":""},"categories":[884,226,7,6],"tags":[272,962,3738,1021],"class_list":["post-28168","post","type-post","status-publish","format-standard","has-post-thumbnail","hentry","category-comece-a-viajar","category-destaque","category-dicas","category-gastronomia","tag-gastronomia","tag-peru","tag-peru-week","tag-promperu"],"yoast_head":"<!-- This site is optimized with the Yoast SEO plugin v26.2 - https:\/\/yoast.com\/wordpress\/plugins\/seo\/ -->\n<title>Peru Week enche o paladar dos brasileiros com cultura gastron\u00f4mica -<\/title>\n<meta name=\"description\" content=\"Peru Week enche o paladar dos brasileiros de cultura gastron\u00f4mica; 7\u00aa edi\u00e7\u00e3o do evento acontece de 5 a 20 de novembro nos restaurantes do Brasil\" \/>\n<meta name=\"robots\" content=\"index, follow, max-snippet:-1, max-image-preview:large, max-video-preview:-1\" \/>\n<link rel=\"canonical\" href=\"https:\/\/www.travel3.com.br\/site\/comece-a-viajar\/peru-week\/\" \/>\n<meta property=\"og:locale\" content=\"pt_BR\" \/>\n<meta property=\"og:type\" content=\"article\" \/>\n<meta property=\"og:title\" content=\"Peru Week enche o paladar dos brasileiros com cultura gastron\u00f4mica -\" \/>\n<meta property=\"og:description\" content=\"Peru Week enche o paladar dos brasileiros de cultura gastron\u00f4mica; 7\u00aa edi\u00e7\u00e3o do evento acontece de 5 a 20 de novembro nos restaurantes do Brasil\" \/>\n<meta property=\"og:url\" content=\"https:\/\/www.travel3.com.br\/site\/comece-a-viajar\/peru-week\/\" \/>\n<meta property=\"og:site_name\" content=\"Travel3\" \/>\n<meta property=\"article:publisher\" content=\"https:\/\/www.facebook.com\/travel3media\/\" \/>\n<meta property=\"article:published_time\" content=\"2019-10-31T09:00:10+00:00\" \/>\n<meta property=\"og:image\" content=\"https:\/\/www.travel3.com.br\/site\/wp-content\/uploads\/2019\/10\/Machu-Picchu_peq.jpg\" \/>\n\t<meta property=\"og:image:width\" content=\"600\" \/>\n\t<meta property=\"og:image:height\" content=\"400\" \/>\n\t<meta property=\"og:image:type\" content=\"image\/jpeg\" \/>\n<meta name=\"author\" content=\"Reda\u00e7\u00e3o Travel3\" \/>\n<meta name=\"twitter:card\" content=\"summary_large_image\" \/>\n<meta name=\"twitter:label1\" content=\"Escrito por\" \/>\n\t<meta name=\"twitter:data1\" content=\"Reda\u00e7\u00e3o Travel3\" \/>\n\t<meta name=\"twitter:label2\" content=\"Est. tempo de leitura\" \/>\n\t<meta name=\"twitter:data2\" content=\"1 minuto\" \/>\n<script type=\"application\/ld+json\" class=\"yoast-schema-graph\">{\"@context\":\"https:\/\/schema.org\",\"@graph\":[{\"@type\":\"Article\",\"@id\":\"https:\/\/www.travel3.com.br\/site\/comece-a-viajar\/peru-week\/#article\",\"isPartOf\":{\"@id\":\"https:\/\/www.travel3.com.br\/site\/comece-a-viajar\/peru-week\/\"},\"author\":{\"name\":\"Reda\u00e7\u00e3o Travel3\",\"@id\":\"https:\/\/www.travel3.com.br\/site\/#\/schema\/person\/9cff8daac0a2f1aa0799f827b8aa8308\"},\"headline\":\"Peru Week enche o paladar dos brasileiros com cultura gastron\u00f4mica\",\"datePublished\":\"2019-10-31T09:00:10+00:00\",\"mainEntityOfPage\":{\"@id\":\"https:\/\/www.travel3.com.br\/site\/comece-a-viajar\/peru-week\/\"},\"wordCount\":238,\"commentCount\":0,\"publisher\":{\"@id\":\"https:\/\/www.travel3.com.br\/site\/#organization\"},\"image\":{\"@id\":\"https:\/\/www.travel3.com.br\/site\/comece-a-viajar\/peru-week\/#primaryimage\"},\"thumbnailUrl\":\"https:\/\/www.travel3.com.br\/site\/wp-content\/uploads\/2019\/10\/Machu-Picchu_peq.jpg\",\"keywords\":[\"gastronomia\",\"peru\",\"Peru Week\",\"Promperu\"],\"articleSection\":[\"Comece a Viajar\",\"Destaque\",\"Dicas\",\"Gastronomia\"],\"inLanguage\":\"pt-BR\",\"potentialAction\":[{\"@type\":\"CommentAction\",\"name\":\"Comment\",\"target\":[\"https:\/\/www.travel3.com.br\/site\/comece-a-viajar\/peru-week\/#respond\"]}]},{\"@type\":\"WebPage\",\"@id\":\"https:\/\/www.travel3.com.br\/site\/comece-a-viajar\/peru-week\/\",\"url\":\"https:\/\/www.travel3.com.br\/site\/comece-a-viajar\/peru-week\/\",\"name\":\"Peru Week enche o paladar dos brasileiros com cultura gastron\u00f4mica -\",\"isPartOf\":{\"@id\":\"https:\/\/www.travel3.com.br\/site\/#website\"},\"primaryImageOfPage\":{\"@id\":\"https:\/\/www.travel3.com.br\/site\/comece-a-viajar\/peru-week\/#primaryimage\"},\"image\":{\"@id\":\"https:\/\/www.travel3.com.br\/site\/comece-a-viajar\/peru-week\/#primaryimage\"},\"thumbnailUrl\":\"https:\/\/www.travel3.com.br\/site\/wp-content\/uploads\/2019\/10\/Machu-Picchu_peq.jpg\",\"datePublished\":\"2019-10-31T09:00:10+00:00\",\"description\":\"Peru Week enche o paladar dos brasileiros de cultura gastron\u00f4mica; 7\u00aa edi\u00e7\u00e3o do evento acontece de 5 a 20 de novembro nos restaurantes do Brasil\",\"breadcrumb\":{\"@id\":\"https:\/\/www.travel3.com.br\/site\/comece-a-viajar\/peru-week\/#breadcrumb\"},\"inLanguage\":\"pt-BR\",\"potentialAction\":[{\"@type\":\"ReadAction\",\"target\":[\"https:\/\/www.travel3.com.br\/site\/comece-a-viajar\/peru-week\/\"]}]},{\"@type\":\"ImageObject\",\"inLanguage\":\"pt-BR\",\"@id\":\"https:\/\/www.travel3.com.br\/site\/comece-a-viajar\/peru-week\/#primaryimage\",\"url\":\"https:\/\/www.travel3.com.br\/site\/wp-content\/uploads\/2019\/10\/Machu-Picchu_peq.jpg\",\"contentUrl\":\"https:\/\/www.travel3.com.br\/site\/wp-content\/uploads\/2019\/10\/Machu-Picchu_peq.jpg\",\"width\":600,\"height\":400,\"caption\":\"(Foto: Divulga\u00e7\u00e3o)\"},{\"@type\":\"BreadcrumbList\",\"@id\":\"https:\/\/www.travel3.com.br\/site\/comece-a-viajar\/peru-week\/#breadcrumb\",\"itemListElement\":[{\"@type\":\"ListItem\",\"position\":1,\"name\":\"In\u00edcio\",\"item\":\"https:\/\/www.travel3.com.br\/site\/\"},{\"@type\":\"ListItem\",\"position\":2,\"name\":\"Peru Week enche o paladar dos brasileiros com cultura gastron\u00f4mica\"}]},{\"@type\":\"WebSite\",\"@id\":\"https:\/\/www.travel3.com.br\/site\/#website\",\"url\":\"https:\/\/www.travel3.com.br\/site\/\",\"name\":\"Travel3\",\"description\":\"Lazer + Neg&oacute;cios + Aventura\",\"publisher\":{\"@id\":\"https:\/\/www.travel3.com.br\/site\/#organization\"},\"potentialAction\":[{\"@type\":\"SearchAction\",\"target\":{\"@type\":\"EntryPoint\",\"urlTemplate\":\"https:\/\/www.travel3.com.br\/site\/?s={search_term_string}\"},\"query-input\":{\"@type\":\"PropertyValueSpecification\",\"valueRequired\":true,\"valueName\":\"search_term_string\"}}],\"inLanguage\":\"pt-BR\"},{\"@type\":\"Organization\",\"@id\":\"https:\/\/www.travel3.com.br\/site\/#organization\",\"name\":\"Travel3\",\"url\":\"https:\/\/www.travel3.com.br\/site\/\",\"logo\":{\"@type\":\"ImageObject\",\"inLanguage\":\"pt-BR\",\"@id\":\"https:\/\/www.travel3.com.br\/site\/#\/schema\/logo\/image\/\",\"url\":\"https:\/\/www.travel3.com.br\/site\/wp-content\/uploads\/2020\/01\/logo-travel3-2020.png\",\"contentUrl\":\"https:\/\/www.travel3.com.br\/site\/wp-content\/uploads\/2020\/01\/logo-travel3-2020.png\",\"width\":232,\"height\":79,\"caption\":\"Travel3\"},\"image\":{\"@id\":\"https:\/\/www.travel3.com.br\/site\/#\/schema\/logo\/image\/\"},\"sameAs\":[\"https:\/\/www.facebook.com\/travel3media\/\",\"https:\/\/www.instagram.com\/revistatravel3\/\",\"https:\/\/www.youtube.com\/channel\/UCno7J4paGBR3VbZQzvoJ9Eg\"]},{\"@type\":\"Person\",\"@id\":\"https:\/\/www.travel3.com.br\/site\/#\/schema\/person\/9cff8daac0a2f1aa0799f827b8aa8308\",\"name\":\"Reda\u00e7\u00e3o Travel3\",\"image\":{\"@type\":\"ImageObject\",\"inLanguage\":\"pt-BR\",\"@id\":\"https:\/\/www.travel3.com.br\/site\/#\/schema\/person\/image\/\",\"url\":\"https:\/\/secure.gravatar.com\/avatar\/6e6125525e1f04b7b8c607d71556e490?s=96&d=mm&r=g\",\"contentUrl\":\"https:\/\/secure.gravatar.com\/avatar\/6e6125525e1f04b7b8c607d71556e490?s=96&d=mm&r=g\",\"caption\":\"Reda\u00e7\u00e3o Travel3\"},\"sameAs\":[\"http:\/\/www.travel3.com.br\"],\"url\":\"https:\/\/www.travel3.com.br\/site\/author\/redacao2\/\"}]}<\/script>\n<!-- \/ Yoast SEO plugin. -->","yoast_head_json":{"title":"Peru Week enche o paladar dos brasileiros com cultura gastron\u00f4mica -","description":"Peru Week enche o paladar dos brasileiros de cultura gastron\u00f4mica; 7\u00aa edi\u00e7\u00e3o do evento acontece de 5 a 20 de novembro nos restaurantes do Brasil","robots":{"index":"index","follow":"follow","max-snippet":"max-snippet:-1","max-image-preview":"max-image-preview:large","max-video-preview":"max-video-preview:-1"},"canonical":"https:\/\/www.travel3.com.br\/site\/comece-a-viajar\/peru-week\/","og_locale":"pt_BR","og_type":"article","og_title":"Peru Week enche o paladar dos brasileiros com cultura gastron\u00f4mica -","og_description":"Peru Week enche o paladar dos brasileiros de cultura gastron\u00f4mica; 7\u00aa edi\u00e7\u00e3o do evento acontece de 5 a 20 de novembro nos restaurantes do Brasil","og_url":"https:\/\/www.travel3.com.br\/site\/comece-a-viajar\/peru-week\/","og_site_name":"Travel3","article_publisher":"https:\/\/www.facebook.com\/travel3media\/","article_published_time":"2019-10-31T09:00:10+00:00","og_image":[{"width":600,"height":400,"url":"https:\/\/www.travel3.com.br\/site\/wp-content\/uploads\/2019\/10\/Machu-Picchu_peq.jpg","type":"image\/jpeg"}],"author":"Reda\u00e7\u00e3o Travel3","twitter_card":"summary_large_image","twitter_misc":{"Escrito por":"Reda\u00e7\u00e3o Travel3","Est. tempo de leitura":"1 minuto"},"schema":{"@context":"https:\/\/schema.org","@graph":[{"@type":"Article","@id":"https:\/\/www.travel3.com.br\/site\/comece-a-viajar\/peru-week\/#article","isPartOf":{"@id":"https:\/\/www.travel3.com.br\/site\/comece-a-viajar\/peru-week\/"},"author":{"name":"Reda\u00e7\u00e3o Travel3","@id":"https:\/\/www.travel3.com.br\/site\/#\/schema\/person\/9cff8daac0a2f1aa0799f827b8aa8308"},"headline":"Peru Week enche o paladar dos brasileiros com cultura gastron\u00f4mica","datePublished":"2019-10-31T09:00:10+00:00","mainEntityOfPage":{"@id":"https:\/\/www.travel3.com.br\/site\/comece-a-viajar\/peru-week\/"},"wordCount":238,"commentCount":0,"publisher":{"@id":"https:\/\/www.travel3.com.br\/site\/#organization"},"image":{"@id":"https:\/\/www.travel3.com.br\/site\/comece-a-viajar\/peru-week\/#primaryimage"},"thumbnailUrl":"https:\/\/www.travel3.com.br\/site\/wp-content\/uploads\/2019\/10\/Machu-Picchu_peq.jpg","keywords":["gastronomia","peru","Peru Week","Promperu"],"articleSection":["Comece a Viajar","Destaque","Dicas","Gastronomia"],"inLanguage":"pt-BR","potentialAction":[{"@type":"CommentAction","name":"Comment","target":["https:\/\/www.travel3.com.br\/site\/comece-a-viajar\/peru-week\/#respond"]}]},{"@type":"WebPage","@id":"https:\/\/www.travel3.com.br\/site\/comece-a-viajar\/peru-week\/","url":"https:\/\/www.travel3.com.br\/site\/comece-a-viajar\/peru-week\/","name":"Peru Week enche o paladar dos brasileiros com cultura gastron\u00f4mica -","isPartOf":{"@id":"https:\/\/www.travel3.com.br\/site\/#website"},"primaryImageOfPage":{"@id":"https:\/\/www.travel3.com.br\/site\/comece-a-viajar\/peru-week\/#primaryimage"},"image":{"@id":"https:\/\/www.travel3.com.br\/site\/comece-a-viajar\/peru-week\/#primaryimage"},"thumbnailUrl":"https:\/\/www.travel3.com.br\/site\/wp-content\/uploads\/2019\/10\/Machu-Picchu_peq.jpg","datePublished":"2019-10-31T09:00:10+00:00","description":"Peru Week enche o paladar dos brasileiros de cultura gastron\u00f4mica; 7\u00aa edi\u00e7\u00e3o do evento acontece de 5 a 20 de novembro nos restaurantes do Brasil","breadcrumb":{"@id":"https:\/\/www.travel3.com.br\/site\/comece-a-viajar\/peru-week\/#breadcrumb"},"inLanguage":"pt-BR","potentialAction":[{"@type":"ReadAction","target":["https:\/\/www.travel3.com.br\/site\/comece-a-viajar\/peru-week\/"]}]},{"@type":"ImageObject","inLanguage":"pt-BR","@id":"https:\/\/www.travel3.com.br\/site\/comece-a-viajar\/peru-week\/#primaryimage","url":"https:\/\/www.travel3.com.br\/site\/wp-content\/uploads\/2019\/10\/Machu-Picchu_peq.jpg","contentUrl":"https:\/\/www.travel3.com.br\/site\/wp-content\/uploads\/2019\/10\/Machu-Picchu_peq.jpg","width":600,"height":400,"caption":"(Foto: Divulga\u00e7\u00e3o)"},{"@type":"BreadcrumbList","@id":"https:\/\/www.travel3.com.br\/site\/comece-a-viajar\/peru-week\/#breadcrumb","itemListElement":[{"@type":"ListItem","position":1,"name":"In\u00edcio","item":"https:\/\/www.travel3.com.br\/site\/"},{"@type":"ListItem","position":2,"name":"Peru Week enche o paladar dos brasileiros com cultura gastron\u00f4mica"}]},{"@type":"WebSite","@id":"https:\/\/www.travel3.com.br\/site\/#website","url":"https:\/\/www.travel3.com.br\/site\/","name":"Travel3","description":"Lazer + Neg&oacute;cios + Aventura","publisher":{"@id":"https:\/\/www.travel3.com.br\/site\/#organization"},"potentialAction":[{"@type":"SearchAction","target":{"@type":"EntryPoint","urlTemplate":"https:\/\/www.travel3.com.br\/site\/?s={search_term_string}"},"query-input":{"@type":"PropertyValueSpecification","valueRequired":true,"valueName":"search_term_string"}}],"inLanguage":"pt-BR"},{"@type":"Organization","@id":"https:\/\/www.travel3.com.br\/site\/#organization","name":"Travel3","url":"https:\/\/www.travel3.com.br\/site\/","logo":{"@type":"ImageObject","inLanguage":"pt-BR","@id":"https:\/\/www.travel3.com.br\/site\/#\/schema\/logo\/image\/","url":"https:\/\/www.travel3.com.br\/site\/wp-content\/uploads\/2020\/01\/logo-travel3-2020.png","contentUrl":"https:\/\/www.travel3.com.br\/site\/wp-content\/uploads\/2020\/01\/logo-travel3-2020.png","width":232,"height":79,"caption":"Travel3"},"image":{"@id":"https:\/\/www.travel3.com.br\/site\/#\/schema\/logo\/image\/"},"sameAs":["https:\/\/www.facebook.com\/travel3media\/","https:\/\/www.instagram.com\/revistatravel3\/","https:\/\/www.youtube.com\/channel\/UCno7J4paGBR3VbZQzvoJ9Eg"]},{"@type":"Person","@id":"https:\/\/www.travel3.com.br\/site\/#\/schema\/person\/9cff8daac0a2f1aa0799f827b8aa8308","name":"Reda\u00e7\u00e3o Travel3","image":{"@type":"ImageObject","inLanguage":"pt-BR","@id":"https:\/\/www.travel3.com.br\/site\/#\/schema\/person\/image\/","url":"https:\/\/secure.gravatar.com\/avatar\/6e6125525e1f04b7b8c607d71556e490?s=96&d=mm&r=g","contentUrl":"https:\/\/secure.gravatar.com\/avatar\/6e6125525e1f04b7b8c607d71556e490?s=96&d=mm&r=g","caption":"Reda\u00e7\u00e3o Travel3"},"sameAs":["http:\/\/www.travel3.com.br"],"url":"https:\/\/www.travel3.com.br\/site\/author\/redacao2\/"}]}},"_links":{"self":[{"href":"https:\/\/www.travel3.com.br\/site\/wp-json\/wp\/v2\/posts\/28168","targetHints":{"allow":["GET"]}}],"collection":[{"href":"https:\/\/www.travel3.com.br\/site\/wp-json\/wp\/v2\/posts"}],"about":[{"href":"https:\/\/www.travel3.com.br\/site\/wp-json\/wp\/v2\/types\/post"}],"author":[{"embeddable":true,"href":"https:\/\/www.travel3.com.br\/site\/wp-json\/wp\/v2\/users\/6"}],"replies":[{"embeddable":true,"href":"https:\/\/www.travel3.com.br\/site\/wp-json\/wp\/v2\/comments?post=28168"}],"version-history":[{"count":7,"href":"https:\/\/www.travel3.com.br\/site\/wp-json\/wp\/v2\/posts\/28168\/revisions"}],"predecessor-version":[{"id":28177,"href":"https:\/\/www.travel3.com.br\/site\/wp-json\/wp\/v2\/posts\/28168\/revisions\/28177"}],"wp:featuredmedia":[{"embeddable":true,"href":"https:\/\/www.travel3.com.br\/site\/wp-json\/wp\/v2\/media\/28174"}],"wp:attachment":[{"href":"https:\/\/www.travel3.com.br\/site\/wp-json\/wp\/v2\/media?parent=28168"}],"wp:term":[{"taxonomy":"category","embeddable":true,"href":"https:\/\/www.travel3.com.br\/site\/wp-json\/wp\/v2\/categories?post=28168"},{"taxonomy":"post_tag","embeddable":true,"href":"https:\/\/www.travel3.com.br\/site\/wp-json\/wp\/v2\/tags?post=28168"}],"curies":[{"name":"wp","href":"https:\/\/api.w.org\/{rel}","templated":true}]}}