{"id":2810,"date":"2017-02-01T19:27:11","date_gmt":"2017-02-01T19:27:11","guid":{"rendered":"http:\/\/www.travel3.com.br\/site\/ir-e-vir\/ar\/palacio-tangara-sera-inaugurado-em-maio-com-abertura-da-travelweek\/"},"modified":"2017-02-01T19:27:11","modified_gmt":"2017-02-01T19:27:11","slug":"palacio-tangara-sera-inaugurado-em-maio-com-abertura-da-travelweek","status":"publish","type":"post","link":"https:\/\/www.travel3.com.br\/site\/sem-categoria\/palacio-tangara-sera-inaugurado-em-maio-com-abertura-da-travelweek\/","title":{"rendered":"PAL\u00c1CIO TANGAR\u00c1 SER\u00c1 INAUGURADO EM MAIO COM ABERTURA DA TRAVELWEEK"},"content":{"rendered":"<p><span style=\"color: #40acad; font-family: -apple-system, system-ui, 'Segoe UI', Roboto, Oxygen-Sans, Ubuntu, Cantarell, 'Helvetica Neue', sans-serif; font-size: 12px; font-weight: bold;\"><\/p>\n<p style=\"text-align: justify;\"><a class=\"fancybox-media\" href=\"..\/_uploads\/_noticia\/2017-02\/304382-676880-travelweeksp.jpg\" rel=\"portfolio\"><img decoding=\"async\" alt=\"\" src=\"..\/_uploads\/_noticia\/2017-02\/304382-676880-travelweeksp.jpg\" \/><\/a><\/p>\n<p style=\"text-align: justify;\">O mais novo hotel de S\u00e3o Paulo, o Pal\u00e1cio Tangar\u00e1, poder\u00e1 ser visto em primeira m\u00e3o pelos convidados da Travelweek, no dia 25 de abril, evento que dar\u00e1 in\u00edcio \u00e0 feira que re\u00fane marcas do segmento de viagens.<\/p>\n<p style=\"text-align: justify;\">Simon Mayle, gerente geral da Travelweek Sao Paulo by ILTM, comenta: &#8220;N\u00f3s estamos muito felizes de poder proporcionar essa experi\u00eancia aos melhores agentes de viagens, buyers e m\u00eddia da Am\u00e9rica Latina, assim como aos principais fornecedores mundiais, que poder\u00e3o desvendar um hotel que j\u00e1 \u00e9 considerado uma obra prima e um cart\u00e3o postal de S\u00e3o Paulo antes mesmo de sua inaugura\u00e7\u00e3o&#8221;.<\/p>\n<p style=\"text-align: justify;\"><a class=\"fancybox-media\" href=\"..\/_uploads\/_noticia\/2017-02\/304382-676881-pala-cio-tangara-exterior.jpg\" rel=\"portfolio\"><img decoding=\"async\" alt=\"\" src=\"..\/_uploads\/_noticia\/2017-02\/304382-676881-pala-cio-tangara-exterior.jpg\" \/><\/a><\/p>\n<p style=\"text-align: justify;\">O Pal\u00e1cio Tangar\u00e1 est\u00e1 localizado junto ao parque Burle Marx, em uma das \u00e1reas mais nobres de S\u00e3o Paulo. Seu nome homenageia uma colorida ave nativa da Am\u00e9rica do Sul que faz parte da identidade visual da Travelweek. O hotel \u00e9 considerado um santu\u00e1rio verde dentro da maior metr\u00f3pole brasileira e oferecer\u00e1 141 espa\u00e7osos quartos (incluindo 59 su\u00edtes) com belas vistas para a paisagem ao redor. O complexo tamb\u00e9m inclui nove salas privadas para reuni\u00f5es, incluindo um sal\u00e3o de festas que acomodar\u00e1 at\u00e9 530 pessoas. O centro fitness e o spa Sisley ter\u00e3o um jardim reservado e a infraestutura contar\u00e1 tamb\u00e9m com piscinas cobertas e ao ar livre, e ainda um clube infantil.<\/p>\n<p><\/span><\/p>\n","protected":false},"excerpt":{"rendered":"<p>O empreendimento da Oetker Collection poder\u00e1 ser visto em primeira m\u00e3o pelos convidados do evento no dia 25 de abril<\/p>\n","protected":false},"author":1,"featured_media":0,"comment_status":"open","ping_status":"open","sticky":false,"template":"","format":"standard","meta":{"footnotes":""},"categories":[],"tags":[],"class_list":["post-2810","post","type-post","status-publish","format-standard","hentry"],"yoast_head":"<!-- This site is optimized with the Yoast SEO plugin v26.2 - https:\/\/yoast.com\/wordpress\/plugins\/seo\/ -->\n<title>PAL\u00c1CIO TANGAR\u00c1 SER\u00c1 INAUGURADO EM MAIO COM ABERTURA DA TRAVELWEEK - Travel3<\/title>\n<meta name=\"description\" content=\"A TRAVEL3 \u00e9 um portal de conte\u00fado voltado para o turismo, encontre destinos, viagens, hospedagem, passagens, guias, not\u00edcias sobre o mercado do turismo, dicas de viagem, v\u00eddeos e podcast.\" \/>\n<meta name=\"robots\" content=\"index, follow, max-snippet:-1, max-image-preview:large, max-video-preview:-1\" \/>\n<link rel=\"canonical\" href=\"https:\/\/www.travel3.com.br\/site\/sem-categoria\/palacio-tangara-sera-inaugurado-em-maio-com-abertura-da-travelweek\/\" \/>\n<meta property=\"og:locale\" content=\"pt_BR\" \/>\n<meta property=\"og:type\" content=\"article\" \/>\n<meta property=\"og:title\" content=\"PAL\u00c1CIO TANGAR\u00c1 SER\u00c1 INAUGURADO EM MAIO COM ABERTURA DA TRAVELWEEK - Travel3\" \/>\n<meta property=\"og:description\" content=\"A TRAVEL3 \u00e9 um portal de conte\u00fado voltado para o turismo, encontre destinos, viagens, hospedagem, passagens, guias, not\u00edcias sobre o mercado do turismo, dicas de viagem, v\u00eddeos e podcast.\" \/>\n<meta property=\"og:url\" content=\"https:\/\/www.travel3.com.br\/site\/sem-categoria\/palacio-tangara-sera-inaugurado-em-maio-com-abertura-da-travelweek\/\" \/>\n<meta property=\"og:site_name\" content=\"Travel3\" \/>\n<meta property=\"article:publisher\" content=\"https:\/\/www.facebook.com\/travel3media\/\" \/>\n<meta property=\"article:published_time\" content=\"2017-02-01T19:27:11+00:00\" \/>\n<meta name=\"author\" content=\"admin\" \/>\n<meta name=\"twitter:card\" content=\"summary_large_image\" \/>\n<meta name=\"twitter:label1\" content=\"Escrito por\" \/>\n\t<meta name=\"twitter:data1\" content=\"admin\" \/>\n\t<meta name=\"twitter:label2\" content=\"Est. tempo de leitura\" \/>\n\t<meta name=\"twitter:data2\" content=\"1 minuto\" \/>\n<script type=\"application\/ld+json\" class=\"yoast-schema-graph\">{\"@context\":\"https:\/\/schema.org\",\"@graph\":[{\"@type\":\"Article\",\"@id\":\"https:\/\/www.travel3.com.br\/site\/sem-categoria\/palacio-tangara-sera-inaugurado-em-maio-com-abertura-da-travelweek\/#article\",\"isPartOf\":{\"@id\":\"https:\/\/www.travel3.com.br\/site\/sem-categoria\/palacio-tangara-sera-inaugurado-em-maio-com-abertura-da-travelweek\/\"},\"author\":{\"name\":\"admin\",\"@id\":\"https:\/\/www.travel3.com.br\/site\/#\/schema\/person\/a69d71e41a024999b6ab82369ac0bd1e\"},\"headline\":\"PAL\u00c1CIO TANGAR\u00c1 SER\u00c1 INAUGURADO EM MAIO COM ABERTURA DA TRAVELWEEK\",\"datePublished\":\"2017-02-01T19:27:11+00:00\",\"mainEntityOfPage\":{\"@id\":\"https:\/\/www.travel3.com.br\/site\/sem-categoria\/palacio-tangara-sera-inaugurado-em-maio-com-abertura-da-travelweek\/\"},\"wordCount\":241,\"commentCount\":0,\"publisher\":{\"@id\":\"https:\/\/www.travel3.com.br\/site\/#organization\"},\"inLanguage\":\"pt-BR\",\"potentialAction\":[{\"@type\":\"CommentAction\",\"name\":\"Comment\",\"target\":[\"https:\/\/www.travel3.com.br\/site\/sem-categoria\/palacio-tangara-sera-inaugurado-em-maio-com-abertura-da-travelweek\/#respond\"]}]},{\"@type\":\"WebPage\",\"@id\":\"https:\/\/www.travel3.com.br\/site\/sem-categoria\/palacio-tangara-sera-inaugurado-em-maio-com-abertura-da-travelweek\/\",\"url\":\"https:\/\/www.travel3.com.br\/site\/sem-categoria\/palacio-tangara-sera-inaugurado-em-maio-com-abertura-da-travelweek\/\",\"name\":\"PAL\u00c1CIO TANGAR\u00c1 SER\u00c1 INAUGURADO EM MAIO COM ABERTURA DA TRAVELWEEK - Travel3\",\"isPartOf\":{\"@id\":\"https:\/\/www.travel3.com.br\/site\/#website\"},\"datePublished\":\"2017-02-01T19:27:11+00:00\",\"description\":\"A TRAVEL3 \u00e9 um portal de conte\u00fado voltado para o turismo, encontre destinos, viagens, hospedagem, passagens, guias, not\u00edcias sobre o mercado do turismo, dicas de viagem, v\u00eddeos e podcast.\",\"breadcrumb\":{\"@id\":\"https:\/\/www.travel3.com.br\/site\/sem-categoria\/palacio-tangara-sera-inaugurado-em-maio-com-abertura-da-travelweek\/#breadcrumb\"},\"inLanguage\":\"pt-BR\",\"potentialAction\":[{\"@type\":\"ReadAction\",\"target\":[\"https:\/\/www.travel3.com.br\/site\/sem-categoria\/palacio-tangara-sera-inaugurado-em-maio-com-abertura-da-travelweek\/\"]}]},{\"@type\":\"BreadcrumbList\",\"@id\":\"https:\/\/www.travel3.com.br\/site\/sem-categoria\/palacio-tangara-sera-inaugurado-em-maio-com-abertura-da-travelweek\/#breadcrumb\",\"itemListElement\":[{\"@type\":\"ListItem\",\"position\":1,\"name\":\"In\u00edcio\",\"item\":\"https:\/\/www.travel3.com.br\/site\/\"},{\"@type\":\"ListItem\",\"position\":2,\"name\":\"PAL\u00c1CIO TANGAR\u00c1 SER\u00c1 INAUGURADO EM MAIO COM ABERTURA DA TRAVELWEEK\"}]},{\"@type\":\"WebSite\",\"@id\":\"https:\/\/www.travel3.com.br\/site\/#website\",\"url\":\"https:\/\/www.travel3.com.br\/site\/\",\"name\":\"Travel3\",\"description\":\"Lazer + Neg&oacute;cios + Aventura\",\"publisher\":{\"@id\":\"https:\/\/www.travel3.com.br\/site\/#organization\"},\"potentialAction\":[{\"@type\":\"SearchAction\",\"target\":{\"@type\":\"EntryPoint\",\"urlTemplate\":\"https:\/\/www.travel3.com.br\/site\/?s={search_term_string}\"},\"query-input\":{\"@type\":\"PropertyValueSpecification\",\"valueRequired\":true,\"valueName\":\"search_term_string\"}}],\"inLanguage\":\"pt-BR\"},{\"@type\":\"Organization\",\"@id\":\"https:\/\/www.travel3.com.br\/site\/#organization\",\"name\":\"Travel3\",\"url\":\"https:\/\/www.travel3.com.br\/site\/\",\"logo\":{\"@type\":\"ImageObject\",\"inLanguage\":\"pt-BR\",\"@id\":\"https:\/\/www.travel3.com.br\/site\/#\/schema\/logo\/image\/\",\"url\":\"https:\/\/www.travel3.com.br\/site\/wp-content\/uploads\/2020\/01\/logo-travel3-2020.png\",\"contentUrl\":\"https:\/\/www.travel3.com.br\/site\/wp-content\/uploads\/2020\/01\/logo-travel3-2020.png\",\"width\":232,\"height\":79,\"caption\":\"Travel3\"},\"image\":{\"@id\":\"https:\/\/www.travel3.com.br\/site\/#\/schema\/logo\/image\/\"},\"sameAs\":[\"https:\/\/www.facebook.com\/travel3media\/\",\"https:\/\/www.instagram.com\/revistatravel3\/\",\"https:\/\/www.youtube.com\/channel\/UCno7J4paGBR3VbZQzvoJ9Eg\"]},{\"@type\":\"Person\",\"@id\":\"https:\/\/www.travel3.com.br\/site\/#\/schema\/person\/a69d71e41a024999b6ab82369ac0bd1e\",\"name\":\"admin\",\"image\":{\"@type\":\"ImageObject\",\"inLanguage\":\"pt-BR\",\"@id\":\"https:\/\/www.travel3.com.br\/site\/#\/schema\/person\/image\/\",\"url\":\"https:\/\/secure.gravatar.com\/avatar\/732a67adfd764da2a47ba10ce731c4c0?s=96&d=mm&r=g\",\"contentUrl\":\"https:\/\/secure.gravatar.com\/avatar\/732a67adfd764da2a47ba10ce731c4c0?s=96&d=mm&r=g\",\"caption\":\"admin\"},\"url\":\"https:\/\/www.travel3.com.br\/site\/author\/admin\/\"}]}<\/script>\n<!-- \/ Yoast SEO plugin. -->","yoast_head_json":{"title":"PAL\u00c1CIO TANGAR\u00c1 SER\u00c1 INAUGURADO EM MAIO COM ABERTURA DA TRAVELWEEK - Travel3","description":"A TRAVEL3 \u00e9 um portal de conte\u00fado voltado para o turismo, encontre destinos, viagens, hospedagem, passagens, guias, not\u00edcias sobre o mercado do turismo, dicas de viagem, v\u00eddeos e podcast.","robots":{"index":"index","follow":"follow","max-snippet":"max-snippet:-1","max-image-preview":"max-image-preview:large","max-video-preview":"max-video-preview:-1"},"canonical":"https:\/\/www.travel3.com.br\/site\/sem-categoria\/palacio-tangara-sera-inaugurado-em-maio-com-abertura-da-travelweek\/","og_locale":"pt_BR","og_type":"article","og_title":"PAL\u00c1CIO TANGAR\u00c1 SER\u00c1 INAUGURADO EM MAIO COM ABERTURA DA TRAVELWEEK - Travel3","og_description":"A TRAVEL3 \u00e9 um portal de conte\u00fado voltado para o turismo, encontre destinos, viagens, hospedagem, passagens, guias, not\u00edcias sobre o mercado do turismo, dicas de viagem, v\u00eddeos e podcast.","og_url":"https:\/\/www.travel3.com.br\/site\/sem-categoria\/palacio-tangara-sera-inaugurado-em-maio-com-abertura-da-travelweek\/","og_site_name":"Travel3","article_publisher":"https:\/\/www.facebook.com\/travel3media\/","article_published_time":"2017-02-01T19:27:11+00:00","author":"admin","twitter_card":"summary_large_image","twitter_misc":{"Escrito por":"admin","Est. tempo de leitura":"1 minuto"},"schema":{"@context":"https:\/\/schema.org","@graph":[{"@type":"Article","@id":"https:\/\/www.travel3.com.br\/site\/sem-categoria\/palacio-tangara-sera-inaugurado-em-maio-com-abertura-da-travelweek\/#article","isPartOf":{"@id":"https:\/\/www.travel3.com.br\/site\/sem-categoria\/palacio-tangara-sera-inaugurado-em-maio-com-abertura-da-travelweek\/"},"author":{"name":"admin","@id":"https:\/\/www.travel3.com.br\/site\/#\/schema\/person\/a69d71e41a024999b6ab82369ac0bd1e"},"headline":"PAL\u00c1CIO TANGAR\u00c1 SER\u00c1 INAUGURADO EM MAIO COM ABERTURA DA TRAVELWEEK","datePublished":"2017-02-01T19:27:11+00:00","mainEntityOfPage":{"@id":"https:\/\/www.travel3.com.br\/site\/sem-categoria\/palacio-tangara-sera-inaugurado-em-maio-com-abertura-da-travelweek\/"},"wordCount":241,"commentCount":0,"publisher":{"@id":"https:\/\/www.travel3.com.br\/site\/#organization"},"inLanguage":"pt-BR","potentialAction":[{"@type":"CommentAction","name":"Comment","target":["https:\/\/www.travel3.com.br\/site\/sem-categoria\/palacio-tangara-sera-inaugurado-em-maio-com-abertura-da-travelweek\/#respond"]}]},{"@type":"WebPage","@id":"https:\/\/www.travel3.com.br\/site\/sem-categoria\/palacio-tangara-sera-inaugurado-em-maio-com-abertura-da-travelweek\/","url":"https:\/\/www.travel3.com.br\/site\/sem-categoria\/palacio-tangara-sera-inaugurado-em-maio-com-abertura-da-travelweek\/","name":"PAL\u00c1CIO TANGAR\u00c1 SER\u00c1 INAUGURADO EM MAIO COM ABERTURA DA TRAVELWEEK - Travel3","isPartOf":{"@id":"https:\/\/www.travel3.com.br\/site\/#website"},"datePublished":"2017-02-01T19:27:11+00:00","description":"A TRAVEL3 \u00e9 um portal de conte\u00fado voltado para o turismo, encontre destinos, viagens, hospedagem, passagens, guias, not\u00edcias sobre o mercado do turismo, dicas de viagem, v\u00eddeos e podcast.","breadcrumb":{"@id":"https:\/\/www.travel3.com.br\/site\/sem-categoria\/palacio-tangara-sera-inaugurado-em-maio-com-abertura-da-travelweek\/#breadcrumb"},"inLanguage":"pt-BR","potentialAction":[{"@type":"ReadAction","target":["https:\/\/www.travel3.com.br\/site\/sem-categoria\/palacio-tangara-sera-inaugurado-em-maio-com-abertura-da-travelweek\/"]}]},{"@type":"BreadcrumbList","@id":"https:\/\/www.travel3.com.br\/site\/sem-categoria\/palacio-tangara-sera-inaugurado-em-maio-com-abertura-da-travelweek\/#breadcrumb","itemListElement":[{"@type":"ListItem","position":1,"name":"In\u00edcio","item":"https:\/\/www.travel3.com.br\/site\/"},{"@type":"ListItem","position":2,"name":"PAL\u00c1CIO TANGAR\u00c1 SER\u00c1 INAUGURADO EM MAIO COM ABERTURA DA TRAVELWEEK"}]},{"@type":"WebSite","@id":"https:\/\/www.travel3.com.br\/site\/#website","url":"https:\/\/www.travel3.com.br\/site\/","name":"Travel3","description":"Lazer + Neg&oacute;cios + Aventura","publisher":{"@id":"https:\/\/www.travel3.com.br\/site\/#organization"},"potentialAction":[{"@type":"SearchAction","target":{"@type":"EntryPoint","urlTemplate":"https:\/\/www.travel3.com.br\/site\/?s={search_term_string}"},"query-input":{"@type":"PropertyValueSpecification","valueRequired":true,"valueName":"search_term_string"}}],"inLanguage":"pt-BR"},{"@type":"Organization","@id":"https:\/\/www.travel3.com.br\/site\/#organization","name":"Travel3","url":"https:\/\/www.travel3.com.br\/site\/","logo":{"@type":"ImageObject","inLanguage":"pt-BR","@id":"https:\/\/www.travel3.com.br\/site\/#\/schema\/logo\/image\/","url":"https:\/\/www.travel3.com.br\/site\/wp-content\/uploads\/2020\/01\/logo-travel3-2020.png","contentUrl":"https:\/\/www.travel3.com.br\/site\/wp-content\/uploads\/2020\/01\/logo-travel3-2020.png","width":232,"height":79,"caption":"Travel3"},"image":{"@id":"https:\/\/www.travel3.com.br\/site\/#\/schema\/logo\/image\/"},"sameAs":["https:\/\/www.facebook.com\/travel3media\/","https:\/\/www.instagram.com\/revistatravel3\/","https:\/\/www.youtube.com\/channel\/UCno7J4paGBR3VbZQzvoJ9Eg"]},{"@type":"Person","@id":"https:\/\/www.travel3.com.br\/site\/#\/schema\/person\/a69d71e41a024999b6ab82369ac0bd1e","name":"admin","image":{"@type":"ImageObject","inLanguage":"pt-BR","@id":"https:\/\/www.travel3.com.br\/site\/#\/schema\/person\/image\/","url":"https:\/\/secure.gravatar.com\/avatar\/732a67adfd764da2a47ba10ce731c4c0?s=96&d=mm&r=g","contentUrl":"https:\/\/secure.gravatar.com\/avatar\/732a67adfd764da2a47ba10ce731c4c0?s=96&d=mm&r=g","caption":"admin"},"url":"https:\/\/www.travel3.com.br\/site\/author\/admin\/"}]}},"_links":{"self":[{"href":"https:\/\/www.travel3.com.br\/site\/wp-json\/wp\/v2\/posts\/2810","targetHints":{"allow":["GET"]}}],"collection":[{"href":"https:\/\/www.travel3.com.br\/site\/wp-json\/wp\/v2\/posts"}],"about":[{"href":"https:\/\/www.travel3.com.br\/site\/wp-json\/wp\/v2\/types\/post"}],"author":[{"embeddable":true,"href":"https:\/\/www.travel3.com.br\/site\/wp-json\/wp\/v2\/users\/1"}],"replies":[{"embeddable":true,"href":"https:\/\/www.travel3.com.br\/site\/wp-json\/wp\/v2\/comments?post=2810"}],"version-history":[{"count":0,"href":"https:\/\/www.travel3.com.br\/site\/wp-json\/wp\/v2\/posts\/2810\/revisions"}],"wp:attachment":[{"href":"https:\/\/www.travel3.com.br\/site\/wp-json\/wp\/v2\/media?parent=2810"}],"wp:term":[{"taxonomy":"category","embeddable":true,"href":"https:\/\/www.travel3.com.br\/site\/wp-json\/wp\/v2\/categories?post=2810"},{"taxonomy":"post_tag","embeddable":true,"href":"https:\/\/www.travel3.com.br\/site\/wp-json\/wp\/v2\/tags?post=2810"}],"curies":[{"name":"wp","href":"https:\/\/api.w.org\/{rel}","templated":true}]}}