{"id":2779,"date":"2017-08-26T02:29:25","date_gmt":"2017-08-26T02:29:25","guid":{"rendered":"http:\/\/www.travel3.com.br\/site\/ir-e-vir\/ar\/entidades-se-unem-e-assinam-carta-aberta-em-defesa-do-turismo\/"},"modified":"2017-08-26T02:29:25","modified_gmt":"2017-08-26T02:29:25","slug":"entidades-se-unem-e-assinam-carta-aberta-em-defesa-do-turismo","status":"publish","type":"post","link":"https:\/\/www.travel3.com.br\/site\/sem-categoria\/entidades-se-unem-e-assinam-carta-aberta-em-defesa-do-turismo\/","title":{"rendered":"ENTIDADES SE UNEM E ASSINAM CARTA ABERTA EM DEFESA DO TURISMO"},"content":{"rendered":"<p><span style=\"color: #40acad; font-family: -apple-system, system-ui, 'Segoe UI', Roboto, Oxygen-Sans, Ubuntu, Cantarell, 'Helvetica Neue', sans-serif; font-size: 12px; font-weight: bold;\"><\/p>\n<p style=\"text-align:justify\">Leia abaixo o documento assinado por 28 entidades ligadas ao turismo&#8221;<\/p>\n<p style=\"text-align:justify\"><em>No momento em que o Brasil amarga o mais alto \u00edndice de desemprego desde 2012 e sofre com uma das maiores crises econ\u00f4micas do pa\u00eds, \u00e9 hora de finalmente corrigir a neglig\u00eancia hist\u00f3rica com o turismo.<\/em><\/p>\n<p style=\"text-align:justify\"><em>As entidades representativas de classe t\u00eam uma s\u00e9rie de medidas j\u00e1 demandadas para o governo no sentido de destravar os gargalos que h\u00e1 tempos impedem o desenvolvimento do setor de viagens. Medidas simples que dependem apenas de vontade pol\u00edtica e t\u00eam grande impacto no setor.<\/em><\/p>\n<p style=\"text-align:justify\"><em>A m\u00eddia tem veiculado que o governo federal pretende recuar e n\u00e3o mais isentar o visto para turistas de pa\u00edses estrat\u00e9gicos como os Estados Unidos, Canad\u00e1, Jap\u00e3o e Austr\u00e1lia. Trata-se de um pleito antigo do mercado que, de acordo com proje\u00e7\u00f5es do Minist\u00e9rio do Turismo, pode injetar R$ 1,4 bilh\u00e3o na economia nacional.<\/em><\/p>\n<p style=\"text-align:justify\"><em>As entidades representativas de classe do turismo v\u00eam, por meio desta carta aberta, defender n\u00e3o apenas a dispensa de visto para pa\u00edses estrat\u00e9gicos como ocorreu na Olimp\u00edada com um impacto extremamente positivo, como tamb\u00e9m a elabora\u00e7\u00e3o de um pacote mais amplo que inclua de uma vez por todas o turismo na agenda estrat\u00e9gica e econ\u00f4mica do governo.<\/em><\/p>\n<p style=\"text-align:justify\"><em>J\u00e1 est\u00e1 dispon\u00edvel uma s\u00e9rie de estudos e documentos que apontam com clareza quais os gargalos da atividade no pa\u00eds. O turismo no Brasil precisa ultrapassar a marca de 6\u00a0milh\u00f5es de visitantes estrangeiros, enquanto mais de 1,2 bilh\u00e3o de viagens s\u00e3o realizadas no planeta, segundo a Organiza\u00e7\u00e3o Mundial do Turismo.<\/em><\/p>\n<p style=\"text-align:justify\">Assinam a Carta Aberta:<\/p>\n<p style=\"text-align:justify\"><strong>Abav Nacional =<\/strong> Associa\u00e7\u00e3o Brasileira das Ag\u00eancias de Viagem<\/p>\n<p style=\"text-align:justify\"><strong>Abav SP = <\/strong>Associa\u00e7\u00e3o Brasileira de Ag\u00eancias de Viagens de S\u00e3o Paulo<\/p>\n<p style=\"text-align:justify\"><strong>Abear =<\/strong> Associa\u00e7\u00e3o Brasileira de Empresas A\u00e9reas<\/p>\n<p style=\"text-align:justify\"><strong>Abeoc =<\/strong> Associa\u00e7\u00e3o Brasileira de Empresas de Turismo<\/p>\n<p style=\"text-align:justify\"><strong>Abeta =<\/strong> Associa\u00e7\u00e3o Brasileira de Empresas de Ecoturismo e Turismo de Aventura<\/p>\n<p style=\"text-align:justify\"><strong>Abih Nacional =<\/strong> Associa\u00e7\u00e3o Brasileira da Ind\u00fastira de Hot\u00e9is<\/p>\n<p style=\"text-align:justify\"><strong>ABLA =<\/strong> Associa\u00e7\u00e3o Brasileira das Locadoras de Autom\u00f3veis<\/p>\n<p style=\"text-align:justify\"><strong>ABOTTC =<\/strong> Associa\u00e7\u00e3o Brasileira das Operadoras de Trens Tur\u00edsticos e Culturais<\/p>\n<p style=\"text-align:justify\"><strong>ABR =<\/strong> Associa\u00e7\u00e3o Brasileira de Resorts &#8211; Resorts Brasil<\/p>\n<p style=\"text-align:justify\"><strong>Abraccef =<\/strong> Associa\u00e7\u00e3o Brasileira de Centros de Conven\u00e7\u00f5es e Feiras<\/p>\n<p style=\"text-align:justify\"><strong>Abrasel Nacional =<\/strong> Associa\u00e7\u00e3o Brasileira de Bares e Restaurantes<\/p>\n<p style=\"text-align:justify\"><strong>Abrastur =<\/strong> Associa\u00e7\u00e3o Brasileira de Turismo Social<\/p>\n<p style=\"text-align:justify\"><strong>Abraturr =<\/strong> Associa\u00e7\u00e3o Brasileira de Turismo Rural<\/p>\n<p style=\"text-align:justify\"><strong>Abracorp =<\/strong> Associa\u00e7\u00e3o Brasileira de Ag\u00eancias de Viagens Corporativas<\/p>\n<p style=\"text-align:justify\"><strong>Alagev =<\/strong> Associa\u00e7\u00e3o Latino Americana de Gestores de Eventos e Viagens Corporativas<\/p>\n<p style=\"text-align:justify\"><strong>Anttur =<\/strong> Associa\u00e7\u00e3o Nacional dos Transportes de Turismo e Fretamento<\/p>\n<p style=\"text-align:justify\"><strong>Aviesp =<\/strong> Associa\u00e7\u00e3o das Ag\u00eancias de Viagens Independentes do Interior do Estado de S\u00e3o Paulo\u00a0\u00a0\u00a0<\/p>\n<p style=\"text-align:justify\"><strong>Avirrp =<\/strong> Associa\u00e7\u00e3o das Ag\u00eancias de Viagens de Ribeir\u00e3o Preto e Regi\u00e3o\u00a0\u00a0\u00a0\u00a0\u00a0\u00a0\u00a0\u00a0<\/p>\n<p style=\"text-align:justify\"><strong>Braztoa =<\/strong> Associa\u00e7\u00e3o Brasileira das Operadoras de Turismo<\/p>\n<p style=\"text-align:justify\"><strong>Bito = <\/strong>Associa\u00e7\u00e3o Brasileira de Turismo Receptivo Internacional<\/p>\n<p style=\"text-align:justify\"><strong>CBC&#038;VB =<\/strong> Confedera\u00e7\u00e3o Brasileira de Conventions &#038; Visitors Bureaux<\/p>\n<p style=\"text-align:justify\"><strong>Cetur =<\/strong> Conselho Empresarial de Turismo e Hospitalidade da Confedera\u00e7\u00e3o Nacional do Com\u00e9rcio de Bens, Servi\u00e7os e Turismo (CNC)<\/p>\n<p style=\"text-align:justify\"><strong>Clia Brasil =<\/strong> Associa\u00e7\u00e3o Brasileira de Cruzeiros Mar\u00edtimos<\/p>\n<p style=\"text-align:justify\"><strong>CVC =<\/strong> Ag\u00eancia de viagens, via presidente do Conselho de Administra\u00e7\u00e3o da CVC, Guilherme Paulus, que \u00e9 conselheiro consultivo do Cetur\/CNC<\/p>\n<p style=\"text-align:justify\"><strong>FBHA =<\/strong> Federa\u00e7\u00e3o Brasileira de Hospedagem e Alimenta\u00e7\u00e3o<\/p>\n<p style=\"text-align:justify\"><strong>Fohb\u00a0=<\/strong> F\u00f3rum de Operadores Hoteleiros do Brasil<\/p>\n<p style=\"text-align:justify\"><strong>Sindepat =<\/strong> Sistema Integrado de Parques Tem\u00e1ticos e Atra\u00e7\u00f5es Tur\u00edsticas do Brasil<\/p>\n<p style=\"text-align:justify\"><strong>Ubrafe =<\/strong> Uni\u00e3o Brasileira de Promotores de Feiras<\/p>\n<p style=\"text-align:justify\"><strong>UneDestinos =<\/strong> Uni\u00e3o Nacional dos Convention &#038; Visitors Bureauz e Entidade de Destinos<\/p>\n<p><\/span><\/p>\n","protected":false},"excerpt":{"rendered":"<p>A TRAVEL3 publica, na \u00edntegra, documento que pede fim da &#8220;neglig\u00eancia hist\u00f3rica&#8221; para com a Ind\u00fastria do Turismo para combater a crise<\/p>\n","protected":false},"author":1,"featured_media":0,"comment_status":"open","ping_status":"open","sticky":false,"template":"","format":"standard","meta":{"footnotes":""},"categories":[],"tags":[],"class_list":["post-2779","post","type-post","status-publish","format-standard","hentry"],"yoast_head":"<!-- This site is optimized with the Yoast SEO plugin v26.2 - https:\/\/yoast.com\/wordpress\/plugins\/seo\/ -->\n<title>ENTIDADES SE UNEM E ASSINAM CARTA ABERTA EM DEFESA DO TURISMO - Travel3<\/title>\n<meta name=\"description\" content=\"A TRAVEL3 \u00e9 um portal de conte\u00fado voltado para o turismo, encontre destinos, viagens, hospedagem, passagens, guias, not\u00edcias sobre o mercado do turismo, dicas de viagem, v\u00eddeos e podcast.\" \/>\n<meta name=\"robots\" content=\"index, follow, max-snippet:-1, max-image-preview:large, max-video-preview:-1\" \/>\n<link rel=\"canonical\" href=\"https:\/\/www.travel3.com.br\/site\/sem-categoria\/entidades-se-unem-e-assinam-carta-aberta-em-defesa-do-turismo\/\" \/>\n<meta property=\"og:locale\" content=\"pt_BR\" \/>\n<meta property=\"og:type\" content=\"article\" \/>\n<meta property=\"og:title\" content=\"ENTIDADES SE UNEM E ASSINAM CARTA ABERTA EM DEFESA DO TURISMO - Travel3\" \/>\n<meta property=\"og:description\" content=\"A TRAVEL3 \u00e9 um portal de conte\u00fado voltado para o turismo, encontre destinos, viagens, hospedagem, passagens, guias, not\u00edcias sobre o mercado do turismo, dicas de viagem, v\u00eddeos e podcast.\" \/>\n<meta property=\"og:url\" content=\"https:\/\/www.travel3.com.br\/site\/sem-categoria\/entidades-se-unem-e-assinam-carta-aberta-em-defesa-do-turismo\/\" \/>\n<meta property=\"og:site_name\" content=\"Travel3\" \/>\n<meta property=\"article:publisher\" content=\"https:\/\/www.facebook.com\/travel3media\/\" \/>\n<meta property=\"article:published_time\" content=\"2017-08-26T02:29:25+00:00\" \/>\n<meta name=\"author\" content=\"admin\" \/>\n<meta name=\"twitter:card\" content=\"summary_large_image\" \/>\n<meta name=\"twitter:label1\" content=\"Escrito por\" \/>\n\t<meta name=\"twitter:data1\" content=\"admin\" \/>\n\t<meta name=\"twitter:label2\" content=\"Est. tempo de leitura\" \/>\n\t<meta name=\"twitter:data2\" content=\"3 minutos\" \/>\n<script type=\"application\/ld+json\" class=\"yoast-schema-graph\">{\"@context\":\"https:\/\/schema.org\",\"@graph\":[{\"@type\":\"Article\",\"@id\":\"https:\/\/www.travel3.com.br\/site\/sem-categoria\/entidades-se-unem-e-assinam-carta-aberta-em-defesa-do-turismo\/#article\",\"isPartOf\":{\"@id\":\"https:\/\/www.travel3.com.br\/site\/sem-categoria\/entidades-se-unem-e-assinam-carta-aberta-em-defesa-do-turismo\/\"},\"author\":{\"name\":\"admin\",\"@id\":\"https:\/\/www.travel3.com.br\/site\/#\/schema\/person\/a69d71e41a024999b6ab82369ac0bd1e\"},\"headline\":\"ENTIDADES SE UNEM E ASSINAM CARTA ABERTA EM DEFESA DO TURISMO\",\"datePublished\":\"2017-08-26T02:29:25+00:00\",\"mainEntityOfPage\":{\"@id\":\"https:\/\/www.travel3.com.br\/site\/sem-categoria\/entidades-se-unem-e-assinam-carta-aberta-em-defesa-do-turismo\/\"},\"wordCount\":614,\"commentCount\":0,\"publisher\":{\"@id\":\"https:\/\/www.travel3.com.br\/site\/#organization\"},\"inLanguage\":\"pt-BR\",\"potentialAction\":[{\"@type\":\"CommentAction\",\"name\":\"Comment\",\"target\":[\"https:\/\/www.travel3.com.br\/site\/sem-categoria\/entidades-se-unem-e-assinam-carta-aberta-em-defesa-do-turismo\/#respond\"]}]},{\"@type\":\"WebPage\",\"@id\":\"https:\/\/www.travel3.com.br\/site\/sem-categoria\/entidades-se-unem-e-assinam-carta-aberta-em-defesa-do-turismo\/\",\"url\":\"https:\/\/www.travel3.com.br\/site\/sem-categoria\/entidades-se-unem-e-assinam-carta-aberta-em-defesa-do-turismo\/\",\"name\":\"ENTIDADES SE UNEM E ASSINAM CARTA ABERTA EM DEFESA DO TURISMO - Travel3\",\"isPartOf\":{\"@id\":\"https:\/\/www.travel3.com.br\/site\/#website\"},\"datePublished\":\"2017-08-26T02:29:25+00:00\",\"description\":\"A TRAVEL3 \u00e9 um portal de conte\u00fado voltado para o turismo, encontre destinos, viagens, hospedagem, passagens, guias, not\u00edcias sobre o mercado do turismo, dicas de viagem, v\u00eddeos e podcast.\",\"breadcrumb\":{\"@id\":\"https:\/\/www.travel3.com.br\/site\/sem-categoria\/entidades-se-unem-e-assinam-carta-aberta-em-defesa-do-turismo\/#breadcrumb\"},\"inLanguage\":\"pt-BR\",\"potentialAction\":[{\"@type\":\"ReadAction\",\"target\":[\"https:\/\/www.travel3.com.br\/site\/sem-categoria\/entidades-se-unem-e-assinam-carta-aberta-em-defesa-do-turismo\/\"]}]},{\"@type\":\"BreadcrumbList\",\"@id\":\"https:\/\/www.travel3.com.br\/site\/sem-categoria\/entidades-se-unem-e-assinam-carta-aberta-em-defesa-do-turismo\/#breadcrumb\",\"itemListElement\":[{\"@type\":\"ListItem\",\"position\":1,\"name\":\"In\u00edcio\",\"item\":\"https:\/\/www.travel3.com.br\/site\/\"},{\"@type\":\"ListItem\",\"position\":2,\"name\":\"ENTIDADES SE UNEM E ASSINAM CARTA ABERTA EM DEFESA DO TURISMO\"}]},{\"@type\":\"WebSite\",\"@id\":\"https:\/\/www.travel3.com.br\/site\/#website\",\"url\":\"https:\/\/www.travel3.com.br\/site\/\",\"name\":\"Travel3\",\"description\":\"Lazer + Neg&oacute;cios + Aventura\",\"publisher\":{\"@id\":\"https:\/\/www.travel3.com.br\/site\/#organization\"},\"potentialAction\":[{\"@type\":\"SearchAction\",\"target\":{\"@type\":\"EntryPoint\",\"urlTemplate\":\"https:\/\/www.travel3.com.br\/site\/?s={search_term_string}\"},\"query-input\":{\"@type\":\"PropertyValueSpecification\",\"valueRequired\":true,\"valueName\":\"search_term_string\"}}],\"inLanguage\":\"pt-BR\"},{\"@type\":\"Organization\",\"@id\":\"https:\/\/www.travel3.com.br\/site\/#organization\",\"name\":\"Travel3\",\"url\":\"https:\/\/www.travel3.com.br\/site\/\",\"logo\":{\"@type\":\"ImageObject\",\"inLanguage\":\"pt-BR\",\"@id\":\"https:\/\/www.travel3.com.br\/site\/#\/schema\/logo\/image\/\",\"url\":\"https:\/\/www.travel3.com.br\/site\/wp-content\/uploads\/2020\/01\/logo-travel3-2020.png\",\"contentUrl\":\"https:\/\/www.travel3.com.br\/site\/wp-content\/uploads\/2020\/01\/logo-travel3-2020.png\",\"width\":232,\"height\":79,\"caption\":\"Travel3\"},\"image\":{\"@id\":\"https:\/\/www.travel3.com.br\/site\/#\/schema\/logo\/image\/\"},\"sameAs\":[\"https:\/\/www.facebook.com\/travel3media\/\",\"https:\/\/www.instagram.com\/revistatravel3\/\",\"https:\/\/www.youtube.com\/channel\/UCno7J4paGBR3VbZQzvoJ9Eg\"]},{\"@type\":\"Person\",\"@id\":\"https:\/\/www.travel3.com.br\/site\/#\/schema\/person\/a69d71e41a024999b6ab82369ac0bd1e\",\"name\":\"admin\",\"image\":{\"@type\":\"ImageObject\",\"inLanguage\":\"pt-BR\",\"@id\":\"https:\/\/www.travel3.com.br\/site\/#\/schema\/person\/image\/\",\"url\":\"https:\/\/secure.gravatar.com\/avatar\/732a67adfd764da2a47ba10ce731c4c0?s=96&d=mm&r=g\",\"contentUrl\":\"https:\/\/secure.gravatar.com\/avatar\/732a67adfd764da2a47ba10ce731c4c0?s=96&d=mm&r=g\",\"caption\":\"admin\"},\"url\":\"https:\/\/www.travel3.com.br\/site\/author\/admin\/\"}]}<\/script>\n<!-- \/ Yoast SEO plugin. -->","yoast_head_json":{"title":"ENTIDADES SE UNEM E ASSINAM CARTA ABERTA EM DEFESA DO TURISMO - Travel3","description":"A TRAVEL3 \u00e9 um portal de conte\u00fado voltado para o turismo, encontre destinos, viagens, hospedagem, passagens, guias, not\u00edcias sobre o mercado do turismo, dicas de viagem, v\u00eddeos e podcast.","robots":{"index":"index","follow":"follow","max-snippet":"max-snippet:-1","max-image-preview":"max-image-preview:large","max-video-preview":"max-video-preview:-1"},"canonical":"https:\/\/www.travel3.com.br\/site\/sem-categoria\/entidades-se-unem-e-assinam-carta-aberta-em-defesa-do-turismo\/","og_locale":"pt_BR","og_type":"article","og_title":"ENTIDADES SE UNEM E ASSINAM CARTA ABERTA EM DEFESA DO TURISMO - Travel3","og_description":"A TRAVEL3 \u00e9 um portal de conte\u00fado voltado para o turismo, encontre destinos, viagens, hospedagem, passagens, guias, not\u00edcias sobre o mercado do turismo, dicas de viagem, v\u00eddeos e podcast.","og_url":"https:\/\/www.travel3.com.br\/site\/sem-categoria\/entidades-se-unem-e-assinam-carta-aberta-em-defesa-do-turismo\/","og_site_name":"Travel3","article_publisher":"https:\/\/www.facebook.com\/travel3media\/","article_published_time":"2017-08-26T02:29:25+00:00","author":"admin","twitter_card":"summary_large_image","twitter_misc":{"Escrito por":"admin","Est. tempo de leitura":"3 minutos"},"schema":{"@context":"https:\/\/schema.org","@graph":[{"@type":"Article","@id":"https:\/\/www.travel3.com.br\/site\/sem-categoria\/entidades-se-unem-e-assinam-carta-aberta-em-defesa-do-turismo\/#article","isPartOf":{"@id":"https:\/\/www.travel3.com.br\/site\/sem-categoria\/entidades-se-unem-e-assinam-carta-aberta-em-defesa-do-turismo\/"},"author":{"name":"admin","@id":"https:\/\/www.travel3.com.br\/site\/#\/schema\/person\/a69d71e41a024999b6ab82369ac0bd1e"},"headline":"ENTIDADES SE UNEM E ASSINAM CARTA ABERTA EM DEFESA DO TURISMO","datePublished":"2017-08-26T02:29:25+00:00","mainEntityOfPage":{"@id":"https:\/\/www.travel3.com.br\/site\/sem-categoria\/entidades-se-unem-e-assinam-carta-aberta-em-defesa-do-turismo\/"},"wordCount":614,"commentCount":0,"publisher":{"@id":"https:\/\/www.travel3.com.br\/site\/#organization"},"inLanguage":"pt-BR","potentialAction":[{"@type":"CommentAction","name":"Comment","target":["https:\/\/www.travel3.com.br\/site\/sem-categoria\/entidades-se-unem-e-assinam-carta-aberta-em-defesa-do-turismo\/#respond"]}]},{"@type":"WebPage","@id":"https:\/\/www.travel3.com.br\/site\/sem-categoria\/entidades-se-unem-e-assinam-carta-aberta-em-defesa-do-turismo\/","url":"https:\/\/www.travel3.com.br\/site\/sem-categoria\/entidades-se-unem-e-assinam-carta-aberta-em-defesa-do-turismo\/","name":"ENTIDADES SE UNEM E ASSINAM CARTA ABERTA EM DEFESA DO TURISMO - Travel3","isPartOf":{"@id":"https:\/\/www.travel3.com.br\/site\/#website"},"datePublished":"2017-08-26T02:29:25+00:00","description":"A TRAVEL3 \u00e9 um portal de conte\u00fado voltado para o turismo, encontre destinos, viagens, hospedagem, passagens, guias, not\u00edcias sobre o mercado do turismo, dicas de viagem, v\u00eddeos e podcast.","breadcrumb":{"@id":"https:\/\/www.travel3.com.br\/site\/sem-categoria\/entidades-se-unem-e-assinam-carta-aberta-em-defesa-do-turismo\/#breadcrumb"},"inLanguage":"pt-BR","potentialAction":[{"@type":"ReadAction","target":["https:\/\/www.travel3.com.br\/site\/sem-categoria\/entidades-se-unem-e-assinam-carta-aberta-em-defesa-do-turismo\/"]}]},{"@type":"BreadcrumbList","@id":"https:\/\/www.travel3.com.br\/site\/sem-categoria\/entidades-se-unem-e-assinam-carta-aberta-em-defesa-do-turismo\/#breadcrumb","itemListElement":[{"@type":"ListItem","position":1,"name":"In\u00edcio","item":"https:\/\/www.travel3.com.br\/site\/"},{"@type":"ListItem","position":2,"name":"ENTIDADES SE UNEM E ASSINAM CARTA ABERTA EM DEFESA DO TURISMO"}]},{"@type":"WebSite","@id":"https:\/\/www.travel3.com.br\/site\/#website","url":"https:\/\/www.travel3.com.br\/site\/","name":"Travel3","description":"Lazer + Neg&oacute;cios + Aventura","publisher":{"@id":"https:\/\/www.travel3.com.br\/site\/#organization"},"potentialAction":[{"@type":"SearchAction","target":{"@type":"EntryPoint","urlTemplate":"https:\/\/www.travel3.com.br\/site\/?s={search_term_string}"},"query-input":{"@type":"PropertyValueSpecification","valueRequired":true,"valueName":"search_term_string"}}],"inLanguage":"pt-BR"},{"@type":"Organization","@id":"https:\/\/www.travel3.com.br\/site\/#organization","name":"Travel3","url":"https:\/\/www.travel3.com.br\/site\/","logo":{"@type":"ImageObject","inLanguage":"pt-BR","@id":"https:\/\/www.travel3.com.br\/site\/#\/schema\/logo\/image\/","url":"https:\/\/www.travel3.com.br\/site\/wp-content\/uploads\/2020\/01\/logo-travel3-2020.png","contentUrl":"https:\/\/www.travel3.com.br\/site\/wp-content\/uploads\/2020\/01\/logo-travel3-2020.png","width":232,"height":79,"caption":"Travel3"},"image":{"@id":"https:\/\/www.travel3.com.br\/site\/#\/schema\/logo\/image\/"},"sameAs":["https:\/\/www.facebook.com\/travel3media\/","https:\/\/www.instagram.com\/revistatravel3\/","https:\/\/www.youtube.com\/channel\/UCno7J4paGBR3VbZQzvoJ9Eg"]},{"@type":"Person","@id":"https:\/\/www.travel3.com.br\/site\/#\/schema\/person\/a69d71e41a024999b6ab82369ac0bd1e","name":"admin","image":{"@type":"ImageObject","inLanguage":"pt-BR","@id":"https:\/\/www.travel3.com.br\/site\/#\/schema\/person\/image\/","url":"https:\/\/secure.gravatar.com\/avatar\/732a67adfd764da2a47ba10ce731c4c0?s=96&d=mm&r=g","contentUrl":"https:\/\/secure.gravatar.com\/avatar\/732a67adfd764da2a47ba10ce731c4c0?s=96&d=mm&r=g","caption":"admin"},"url":"https:\/\/www.travel3.com.br\/site\/author\/admin\/"}]}},"_links":{"self":[{"href":"https:\/\/www.travel3.com.br\/site\/wp-json\/wp\/v2\/posts\/2779","targetHints":{"allow":["GET"]}}],"collection":[{"href":"https:\/\/www.travel3.com.br\/site\/wp-json\/wp\/v2\/posts"}],"about":[{"href":"https:\/\/www.travel3.com.br\/site\/wp-json\/wp\/v2\/types\/post"}],"author":[{"embeddable":true,"href":"https:\/\/www.travel3.com.br\/site\/wp-json\/wp\/v2\/users\/1"}],"replies":[{"embeddable":true,"href":"https:\/\/www.travel3.com.br\/site\/wp-json\/wp\/v2\/comments?post=2779"}],"version-history":[{"count":0,"href":"https:\/\/www.travel3.com.br\/site\/wp-json\/wp\/v2\/posts\/2779\/revisions"}],"wp:attachment":[{"href":"https:\/\/www.travel3.com.br\/site\/wp-json\/wp\/v2\/media?parent=2779"}],"wp:term":[{"taxonomy":"category","embeddable":true,"href":"https:\/\/www.travel3.com.br\/site\/wp-json\/wp\/v2\/categories?post=2779"},{"taxonomy":"post_tag","embeddable":true,"href":"https:\/\/www.travel3.com.br\/site\/wp-json\/wp\/v2\/tags?post=2779"}],"curies":[{"name":"wp","href":"https:\/\/api.w.org\/{rel}","templated":true}]}}