{"id":2756,"date":"2017-08-02T08:30:12","date_gmt":"2017-08-02T08:30:12","guid":{"rendered":"http:\/\/www.travel3.com.br\/site\/ir-e-vir\/ar\/turismo-efetivamente-junto-com-uma-sao-paulo-mais-linda\/"},"modified":"2017-08-02T08:30:12","modified_gmt":"2017-08-02T08:30:12","slug":"turismo-efetivamente-junto-com-uma-sao-paulo-mais-linda","status":"publish","type":"post","link":"https:\/\/www.travel3.com.br\/site\/sem-categoria\/turismo-efetivamente-junto-com-uma-sao-paulo-mais-linda\/","title":{"rendered":"TURISMO EFETIVAMENTE JUNTO COM UMA S\u00c3O PAULO MAIS LINDA"},"content":{"rendered":"<p><span style=\"color: #40acad; font-family: -apple-system, system-ui, 'Segoe UI', Roboto, Oxygen-Sans, Ubuntu, Cantarell, 'Helvetica Neue', sans-serif; font-size: 12px; font-weight: bold;\"><\/p>\n<p style=\"text-align:justify\">Considerando o car\u00e1ter essencial da limpeza, manuten\u00e7\u00e3o, conformidade funcional e harmonia est\u00e9tica do cen\u00e1rio urbano para a maximiza\u00e7\u00e3o da atratividade tur\u00edstica da cidade de S\u00e3o Paulo; ressaltando os valores hist\u00f3ricos e culturais presentes na arquitetura e urbanismo do chamado Centro Velho da capital paulista; levando em conta a presen\u00e7a significativa de empresas e entidades representativas do Turismo, \u00a0dirigentes das principais representa\u00e7\u00f5es do turismo endere\u00e7am esta a\u00e7\u00e3o conjunta para:<\/p>\n<p style=\"text-align:justify\">\u2013 Apoiar a iniciativa do prefeito Jo\u00e3o D\u00f3ria Jr., no programa <em>SP Cidade Linda<\/em>, de mobilizar a popula\u00e7\u00e3o paulistana pela conscientiza\u00e7\u00e3o sobre a necessidade de tornar a cidade mais limpa, melhor cuidada e mais agrad\u00e1vel aos olhos de moradores e visitantes:<\/p>\n<p style=\"text-align:justify\">\u2013 Mobilizar a participa\u00e7\u00e3o volunt\u00e1ria e organizada dos profissionais do setor, no <em>Mutir\u00e3o de Limpeza<\/em>, a se realizar dia 11\/02, no trecho referenciado pelas Avenidas S\u00e3o Lu\u00eds e Ipiranga.<\/p>\n<p style=\"text-align:justify\"><a class=\"fancybox-media\" href=\"..\/_uploads\/_noticia\/2017-02\/dscn7148.jpg\" rel=\"portfolio\"><img decoding=\"async\" alt=\"\" src=\"..\/_uploads\/_noticia\/2017-02\/dscn7148.jpg\" \/><\/a><\/p>\n<p style=\"text-align:justify\">\u2013 Arregimentar representantes das empresas e entidades do setor de Turismo, localizadas nas imedia\u00e7\u00f5es, para que engrossem a ades\u00e3o ao evento.<\/p>\n<p style=\"text-align:justify\"><a class=\"fancybox-media\" href=\"..\/_uploads\/_noticia\/2017-02\/dscn7124.jpg\" rel=\"portfolio\"><img decoding=\"async\" alt=\"\" src=\"..\/_uploads\/_noticia\/2017-02\/dscn7124.jpg\" \/><\/a><\/p>\n<p style=\"text-align:justify\">&#8211; Promover o envolvimento dos estabelecimentos comerciais situados na regi\u00e3o do evento do dia 11\/02, por meio da ado\u00e7\u00e3o de medidas que impe\u00e7am a presen\u00e7a de sujeira no interior e nas fachadas dos mesmos e nas cal\u00e7adas.<\/p>\n<p style=\"text-align:justify\">\u2013 Buscar, com o evento do dia 11\/02, sensibilizar a comunidade sobre a import\u00e2ncia de todos os cidad\u00e3os e visitantes contribu\u00edrem com a manuten\u00e7\u00e3o permanente do SP Cidade Linda.<\/p>\n<p style=\"text-align:justify\">&#8211; Apoiar o Conselho Gestor de Turismo da Cidade de S\u00e3o Paulo, na perspectiva de propor a\u00e7\u00f5es que tornem os pontos tur\u00edsticos paulistanos mais agrad\u00e1veis e amig\u00e1veis aos olhos de todos.<\/p>\n<p style=\"text-align:justify\">\u00a0&#8211; Por meio da \u2018pedagogia pelo exemplo\u2019, estimular outras regi\u00f5es da cidade de S\u00e3o Paulo e outros munic\u00edpios a tomar atitudes similares, com a participa\u00e7\u00e3o da iniciativa privada e das entidades representativas dos diferentes setores da economia.<\/p>\n<p style=\"text-align:justify\">O documento proposto \u00e9 assinado por :<\/p>\n<p style=\"text-align:justify\">Marcos Arbaitman, do Conselho de Gest\u00e3o do Turismo da Cidade de S\u00e3o Paulo;<\/p>\n<p style=\"text-align:justify\">Edmar Bull \u2013 ABAV Nacional Associa\u00e7\u00e3o Brasileira de Ag\u00eancias de Viagens; Marcos Balsam\u00e3o \u2013 ABAV-SP<br \/>\nSergio Pasqualin, e Ibrahim Thathou, pela Academia Brasileira de Eventos e Turismo;<br \/>\nBruno Omori \u2013 ABIH-SP Associa\u00e7\u00e3o Brasileira da Ind\u00fastria de Hot\u00e9is de S\u00e3o Paulo\u00a0;<\/p>\n<p style=\"text-align:justify\">Luigi Rotunno \u2013 ABR Resorts Brasil Associa\u00e7\u00e3o Brasileira de Resorts;<\/p>\n<p style=\"text-align:justify\">Rubens Schwartzmann \u2013 ABRACORP Associa\u00e7\u00e3o Brasileira de Ag\u00eancias de Viagens Corporativas<br \/>\nPatricia Thomas, da \u00a0\u2013 ALAGEV Associa\u00e7\u00e3o Latino Americana de Gestores de Eventos e Viagens Corporativas;<\/p>\n<p style=\"text-align:justify\">Wilson Ferreira \u2013 AMPRO Associa\u00e7\u00e3o de Marketing Promocional;<br \/>\nFernando Fiori de Godoy \u2013 APRECESP<br \/>\nAssocia\u00e7\u00e3o das Prefeituras das Cidades Est\u00e2ncia do Estado de S\u00e3o Paulo;<\/p>\n<p style=\"text-align:justify\">Magda Nassar \u2013 BRAZTOA<br \/>\nAssocia\u00e7\u00e3o Brasileira das Operadoras de Turismo;<br \/>\nMarco Ferraz \u2013 CLIA Abremar Brasil<br \/>\nAssocia\u00e7\u00e3o Brasileira dos Cruzeiros Mar\u00edtimos;<\/p>\n<p style=\"text-align:justify\">Virgilio N S Carvalho \u2013 CNTur; Confedera\u00e7\u00e3o Nacional do Turismo<br \/>\nMichel Tuma Ness \u2013 FENACTUR Federa\u00e7\u00e3o Nacional de Turismo<br \/>\nManuel Gama \u2013 FOHB F\u00f3rum de Operadores Hoteleiros do Brasil<br \/>\nElza Tsumori \u2013 ForEVENTOS F\u00f3rum do Setor de Eventos;<\/p>\n<p style=\"text-align:justify\">Toni Sando\u00a0 S\u00e3o Paulo Convention &#038; Visitors Bureau;<br \/>\nAdriana Gradim Perdiza e Vilton Giglio \u2013\u00a0SINDEGTUR SP<br \/>\nSindicato Estadual dos Guias de Turismo de S\u00e3o Paulo<br \/>\nNelson de Abreu Pinto \u2013 SINDHOTEIS SP; Sindicato de Hot\u00e9is de S\u00e3o Paulo<br \/>\nArmando Arruda Pereira Campos Mello \u2013 SINDIPROM e UBRAFE<br \/>\nSindicato das Empresas de Promo\u00e7\u00e3o, Organiza\u00e7\u00e3o e Montagem de Feiras, Congressos e Eventos do Estado de\u00a0S\u00e3o Paulo e Uni\u00e3o Brasileira dos Promotores de Feiras<br \/>\nWilson de Abreu Pinto \u2013\u00a0SINDRESBAR SP<br \/>\nSindicato de Restaurantes e Bares\u00a0de S\u00e3o Paulo; Aristides de La Plata Cury &#8211; Sk\u00e5l-SP<br \/>\nSk\u00e5l Internacional S\u00e3o Paulo<\/p>\n<p style=\"text-align:justify\">A mobiliza\u00e7\u00e3o completa cresce envolvendo todas as institui\u00e7\u00f5es envolvidas nesta a\u00e7\u00e3o. Amanh\u00e3 (sexta, 10), a distribui\u00e7\u00e3o das camisetas ser\u00e1 feita na Maring\u00e1 Turismo \/ Av. S\u00e3o Luis, 165, 14o. andar, no setor de expedi\u00e7\u00e3o da empresa, das 10 at\u00e9 17 horas.<\/p>\n<p style=\"text-align:justify\">A a\u00e7\u00e3o de limpeza ser\u00e1 feita no s\u00e1bado, a partir das 06.30 da manh\u00e3, com a presen\u00e7a do prefeito da cidade e secret\u00e1rios municipais, com toda a comunidade tur\u00edstica.<\/p>\n<p style=\"text-align:justify\">\u00a0<\/p>\n<p>\u00a0<\/p>\n<p>\u00a0<\/p>\n<p>\u00a0<\/p>\n<p>\u00a0<\/p>\n<p><\/span><\/p>\n","protected":false},"excerpt":{"rendered":"<p>Antecedendo a jornada pr\u00f3 limpeza do pr\u00f3ximo s\u00e1bado, na regi\u00e3o mais central do setor, associa\u00e7\u00f5es distribuem Carta Aberta \u00e0 Comunidade Paulista<\/p>\n","protected":false},"author":1,"featured_media":0,"comment_status":"open","ping_status":"open","sticky":false,"template":"","format":"standard","meta":{"footnotes":""},"categories":[],"tags":[],"class_list":["post-2756","post","type-post","status-publish","format-standard","hentry"],"yoast_head":"<!-- This site is optimized with the Yoast SEO plugin v26.2 - https:\/\/yoast.com\/wordpress\/plugins\/seo\/ -->\n<title>TURISMO EFETIVAMENTE JUNTO COM UMA S\u00c3O PAULO MAIS LINDA - Travel3<\/title>\n<meta name=\"description\" content=\"A TRAVEL3 \u00e9 um portal de conte\u00fado voltado para o turismo, encontre destinos, viagens, hospedagem, passagens, guias, not\u00edcias sobre o mercado do turismo, dicas de viagem, v\u00eddeos e podcast.\" \/>\n<meta name=\"robots\" content=\"index, follow, max-snippet:-1, max-image-preview:large, max-video-preview:-1\" \/>\n<link rel=\"canonical\" href=\"https:\/\/www.travel3.com.br\/site\/sem-categoria\/turismo-efetivamente-junto-com-uma-sao-paulo-mais-linda\/\" \/>\n<meta property=\"og:locale\" content=\"pt_BR\" \/>\n<meta property=\"og:type\" content=\"article\" \/>\n<meta property=\"og:title\" content=\"TURISMO EFETIVAMENTE JUNTO COM UMA S\u00c3O PAULO MAIS LINDA - Travel3\" \/>\n<meta property=\"og:description\" content=\"A TRAVEL3 \u00e9 um portal de conte\u00fado voltado para o turismo, encontre destinos, viagens, hospedagem, passagens, guias, not\u00edcias sobre o mercado do turismo, dicas de viagem, v\u00eddeos e podcast.\" \/>\n<meta property=\"og:url\" content=\"https:\/\/www.travel3.com.br\/site\/sem-categoria\/turismo-efetivamente-junto-com-uma-sao-paulo-mais-linda\/\" \/>\n<meta property=\"og:site_name\" content=\"Travel3\" \/>\n<meta property=\"article:publisher\" content=\"https:\/\/www.facebook.com\/travel3media\/\" \/>\n<meta property=\"article:published_time\" content=\"2017-08-02T08:30:12+00:00\" \/>\n<meta name=\"author\" content=\"admin\" \/>\n<meta name=\"twitter:card\" content=\"summary_large_image\" \/>\n<meta name=\"twitter:label1\" content=\"Escrito por\" \/>\n\t<meta name=\"twitter:data1\" content=\"admin\" \/>\n\t<meta name=\"twitter:label2\" content=\"Est. tempo de leitura\" \/>\n\t<meta name=\"twitter:data2\" content=\"3 minutos\" \/>\n<script type=\"application\/ld+json\" class=\"yoast-schema-graph\">{\"@context\":\"https:\/\/schema.org\",\"@graph\":[{\"@type\":\"Article\",\"@id\":\"https:\/\/www.travel3.com.br\/site\/sem-categoria\/turismo-efetivamente-junto-com-uma-sao-paulo-mais-linda\/#article\",\"isPartOf\":{\"@id\":\"https:\/\/www.travel3.com.br\/site\/sem-categoria\/turismo-efetivamente-junto-com-uma-sao-paulo-mais-linda\/\"},\"author\":{\"name\":\"admin\",\"@id\":\"https:\/\/www.travel3.com.br\/site\/#\/schema\/person\/a69d71e41a024999b6ab82369ac0bd1e\"},\"headline\":\"TURISMO EFETIVAMENTE JUNTO COM UMA S\u00c3O PAULO MAIS LINDA\",\"datePublished\":\"2017-08-02T08:30:12+00:00\",\"mainEntityOfPage\":{\"@id\":\"https:\/\/www.travel3.com.br\/site\/sem-categoria\/turismo-efetivamente-junto-com-uma-sao-paulo-mais-linda\/\"},\"wordCount\":707,\"commentCount\":0,\"publisher\":{\"@id\":\"https:\/\/www.travel3.com.br\/site\/#organization\"},\"inLanguage\":\"pt-BR\",\"potentialAction\":[{\"@type\":\"CommentAction\",\"name\":\"Comment\",\"target\":[\"https:\/\/www.travel3.com.br\/site\/sem-categoria\/turismo-efetivamente-junto-com-uma-sao-paulo-mais-linda\/#respond\"]}]},{\"@type\":\"WebPage\",\"@id\":\"https:\/\/www.travel3.com.br\/site\/sem-categoria\/turismo-efetivamente-junto-com-uma-sao-paulo-mais-linda\/\",\"url\":\"https:\/\/www.travel3.com.br\/site\/sem-categoria\/turismo-efetivamente-junto-com-uma-sao-paulo-mais-linda\/\",\"name\":\"TURISMO EFETIVAMENTE JUNTO COM UMA S\u00c3O PAULO MAIS LINDA - Travel3\",\"isPartOf\":{\"@id\":\"https:\/\/www.travel3.com.br\/site\/#website\"},\"datePublished\":\"2017-08-02T08:30:12+00:00\",\"description\":\"A TRAVEL3 \u00e9 um portal de conte\u00fado voltado para o turismo, encontre destinos, viagens, hospedagem, passagens, guias, not\u00edcias sobre o mercado do turismo, dicas de viagem, v\u00eddeos e podcast.\",\"breadcrumb\":{\"@id\":\"https:\/\/www.travel3.com.br\/site\/sem-categoria\/turismo-efetivamente-junto-com-uma-sao-paulo-mais-linda\/#breadcrumb\"},\"inLanguage\":\"pt-BR\",\"potentialAction\":[{\"@type\":\"ReadAction\",\"target\":[\"https:\/\/www.travel3.com.br\/site\/sem-categoria\/turismo-efetivamente-junto-com-uma-sao-paulo-mais-linda\/\"]}]},{\"@type\":\"BreadcrumbList\",\"@id\":\"https:\/\/www.travel3.com.br\/site\/sem-categoria\/turismo-efetivamente-junto-com-uma-sao-paulo-mais-linda\/#breadcrumb\",\"itemListElement\":[{\"@type\":\"ListItem\",\"position\":1,\"name\":\"In\u00edcio\",\"item\":\"https:\/\/www.travel3.com.br\/site\/\"},{\"@type\":\"ListItem\",\"position\":2,\"name\":\"TURISMO EFETIVAMENTE JUNTO COM UMA S\u00c3O PAULO MAIS LINDA\"}]},{\"@type\":\"WebSite\",\"@id\":\"https:\/\/www.travel3.com.br\/site\/#website\",\"url\":\"https:\/\/www.travel3.com.br\/site\/\",\"name\":\"Travel3\",\"description\":\"Lazer + Neg&oacute;cios + Aventura\",\"publisher\":{\"@id\":\"https:\/\/www.travel3.com.br\/site\/#organization\"},\"potentialAction\":[{\"@type\":\"SearchAction\",\"target\":{\"@type\":\"EntryPoint\",\"urlTemplate\":\"https:\/\/www.travel3.com.br\/site\/?s={search_term_string}\"},\"query-input\":{\"@type\":\"PropertyValueSpecification\",\"valueRequired\":true,\"valueName\":\"search_term_string\"}}],\"inLanguage\":\"pt-BR\"},{\"@type\":\"Organization\",\"@id\":\"https:\/\/www.travel3.com.br\/site\/#organization\",\"name\":\"Travel3\",\"url\":\"https:\/\/www.travel3.com.br\/site\/\",\"logo\":{\"@type\":\"ImageObject\",\"inLanguage\":\"pt-BR\",\"@id\":\"https:\/\/www.travel3.com.br\/site\/#\/schema\/logo\/image\/\",\"url\":\"https:\/\/www.travel3.com.br\/site\/wp-content\/uploads\/2020\/01\/logo-travel3-2020.png\",\"contentUrl\":\"https:\/\/www.travel3.com.br\/site\/wp-content\/uploads\/2020\/01\/logo-travel3-2020.png\",\"width\":232,\"height\":79,\"caption\":\"Travel3\"},\"image\":{\"@id\":\"https:\/\/www.travel3.com.br\/site\/#\/schema\/logo\/image\/\"},\"sameAs\":[\"https:\/\/www.facebook.com\/travel3media\/\",\"https:\/\/www.instagram.com\/revistatravel3\/\",\"https:\/\/www.youtube.com\/channel\/UCno7J4paGBR3VbZQzvoJ9Eg\"]},{\"@type\":\"Person\",\"@id\":\"https:\/\/www.travel3.com.br\/site\/#\/schema\/person\/a69d71e41a024999b6ab82369ac0bd1e\",\"name\":\"admin\",\"image\":{\"@type\":\"ImageObject\",\"inLanguage\":\"pt-BR\",\"@id\":\"https:\/\/www.travel3.com.br\/site\/#\/schema\/person\/image\/\",\"url\":\"https:\/\/secure.gravatar.com\/avatar\/732a67adfd764da2a47ba10ce731c4c0?s=96&d=mm&r=g\",\"contentUrl\":\"https:\/\/secure.gravatar.com\/avatar\/732a67adfd764da2a47ba10ce731c4c0?s=96&d=mm&r=g\",\"caption\":\"admin\"},\"url\":\"https:\/\/www.travel3.com.br\/site\/author\/admin\/\"}]}<\/script>\n<!-- \/ Yoast SEO plugin. -->","yoast_head_json":{"title":"TURISMO EFETIVAMENTE JUNTO COM UMA S\u00c3O PAULO MAIS LINDA - Travel3","description":"A TRAVEL3 \u00e9 um portal de conte\u00fado voltado para o turismo, encontre destinos, viagens, hospedagem, passagens, guias, not\u00edcias sobre o mercado do turismo, dicas de viagem, v\u00eddeos e podcast.","robots":{"index":"index","follow":"follow","max-snippet":"max-snippet:-1","max-image-preview":"max-image-preview:large","max-video-preview":"max-video-preview:-1"},"canonical":"https:\/\/www.travel3.com.br\/site\/sem-categoria\/turismo-efetivamente-junto-com-uma-sao-paulo-mais-linda\/","og_locale":"pt_BR","og_type":"article","og_title":"TURISMO EFETIVAMENTE JUNTO COM UMA S\u00c3O PAULO MAIS LINDA - Travel3","og_description":"A TRAVEL3 \u00e9 um portal de conte\u00fado voltado para o turismo, encontre destinos, viagens, hospedagem, passagens, guias, not\u00edcias sobre o mercado do turismo, dicas de viagem, v\u00eddeos e podcast.","og_url":"https:\/\/www.travel3.com.br\/site\/sem-categoria\/turismo-efetivamente-junto-com-uma-sao-paulo-mais-linda\/","og_site_name":"Travel3","article_publisher":"https:\/\/www.facebook.com\/travel3media\/","article_published_time":"2017-08-02T08:30:12+00:00","author":"admin","twitter_card":"summary_large_image","twitter_misc":{"Escrito por":"admin","Est. tempo de leitura":"3 minutos"},"schema":{"@context":"https:\/\/schema.org","@graph":[{"@type":"Article","@id":"https:\/\/www.travel3.com.br\/site\/sem-categoria\/turismo-efetivamente-junto-com-uma-sao-paulo-mais-linda\/#article","isPartOf":{"@id":"https:\/\/www.travel3.com.br\/site\/sem-categoria\/turismo-efetivamente-junto-com-uma-sao-paulo-mais-linda\/"},"author":{"name":"admin","@id":"https:\/\/www.travel3.com.br\/site\/#\/schema\/person\/a69d71e41a024999b6ab82369ac0bd1e"},"headline":"TURISMO EFETIVAMENTE JUNTO COM UMA S\u00c3O PAULO MAIS LINDA","datePublished":"2017-08-02T08:30:12+00:00","mainEntityOfPage":{"@id":"https:\/\/www.travel3.com.br\/site\/sem-categoria\/turismo-efetivamente-junto-com-uma-sao-paulo-mais-linda\/"},"wordCount":707,"commentCount":0,"publisher":{"@id":"https:\/\/www.travel3.com.br\/site\/#organization"},"inLanguage":"pt-BR","potentialAction":[{"@type":"CommentAction","name":"Comment","target":["https:\/\/www.travel3.com.br\/site\/sem-categoria\/turismo-efetivamente-junto-com-uma-sao-paulo-mais-linda\/#respond"]}]},{"@type":"WebPage","@id":"https:\/\/www.travel3.com.br\/site\/sem-categoria\/turismo-efetivamente-junto-com-uma-sao-paulo-mais-linda\/","url":"https:\/\/www.travel3.com.br\/site\/sem-categoria\/turismo-efetivamente-junto-com-uma-sao-paulo-mais-linda\/","name":"TURISMO EFETIVAMENTE JUNTO COM UMA S\u00c3O PAULO MAIS LINDA - Travel3","isPartOf":{"@id":"https:\/\/www.travel3.com.br\/site\/#website"},"datePublished":"2017-08-02T08:30:12+00:00","description":"A TRAVEL3 \u00e9 um portal de conte\u00fado voltado para o turismo, encontre destinos, viagens, hospedagem, passagens, guias, not\u00edcias sobre o mercado do turismo, dicas de viagem, v\u00eddeos e podcast.","breadcrumb":{"@id":"https:\/\/www.travel3.com.br\/site\/sem-categoria\/turismo-efetivamente-junto-com-uma-sao-paulo-mais-linda\/#breadcrumb"},"inLanguage":"pt-BR","potentialAction":[{"@type":"ReadAction","target":["https:\/\/www.travel3.com.br\/site\/sem-categoria\/turismo-efetivamente-junto-com-uma-sao-paulo-mais-linda\/"]}]},{"@type":"BreadcrumbList","@id":"https:\/\/www.travel3.com.br\/site\/sem-categoria\/turismo-efetivamente-junto-com-uma-sao-paulo-mais-linda\/#breadcrumb","itemListElement":[{"@type":"ListItem","position":1,"name":"In\u00edcio","item":"https:\/\/www.travel3.com.br\/site\/"},{"@type":"ListItem","position":2,"name":"TURISMO EFETIVAMENTE JUNTO COM UMA S\u00c3O PAULO MAIS LINDA"}]},{"@type":"WebSite","@id":"https:\/\/www.travel3.com.br\/site\/#website","url":"https:\/\/www.travel3.com.br\/site\/","name":"Travel3","description":"Lazer + Neg&oacute;cios + Aventura","publisher":{"@id":"https:\/\/www.travel3.com.br\/site\/#organization"},"potentialAction":[{"@type":"SearchAction","target":{"@type":"EntryPoint","urlTemplate":"https:\/\/www.travel3.com.br\/site\/?s={search_term_string}"},"query-input":{"@type":"PropertyValueSpecification","valueRequired":true,"valueName":"search_term_string"}}],"inLanguage":"pt-BR"},{"@type":"Organization","@id":"https:\/\/www.travel3.com.br\/site\/#organization","name":"Travel3","url":"https:\/\/www.travel3.com.br\/site\/","logo":{"@type":"ImageObject","inLanguage":"pt-BR","@id":"https:\/\/www.travel3.com.br\/site\/#\/schema\/logo\/image\/","url":"https:\/\/www.travel3.com.br\/site\/wp-content\/uploads\/2020\/01\/logo-travel3-2020.png","contentUrl":"https:\/\/www.travel3.com.br\/site\/wp-content\/uploads\/2020\/01\/logo-travel3-2020.png","width":232,"height":79,"caption":"Travel3"},"image":{"@id":"https:\/\/www.travel3.com.br\/site\/#\/schema\/logo\/image\/"},"sameAs":["https:\/\/www.facebook.com\/travel3media\/","https:\/\/www.instagram.com\/revistatravel3\/","https:\/\/www.youtube.com\/channel\/UCno7J4paGBR3VbZQzvoJ9Eg"]},{"@type":"Person","@id":"https:\/\/www.travel3.com.br\/site\/#\/schema\/person\/a69d71e41a024999b6ab82369ac0bd1e","name":"admin","image":{"@type":"ImageObject","inLanguage":"pt-BR","@id":"https:\/\/www.travel3.com.br\/site\/#\/schema\/person\/image\/","url":"https:\/\/secure.gravatar.com\/avatar\/732a67adfd764da2a47ba10ce731c4c0?s=96&d=mm&r=g","contentUrl":"https:\/\/secure.gravatar.com\/avatar\/732a67adfd764da2a47ba10ce731c4c0?s=96&d=mm&r=g","caption":"admin"},"url":"https:\/\/www.travel3.com.br\/site\/author\/admin\/"}]}},"_links":{"self":[{"href":"https:\/\/www.travel3.com.br\/site\/wp-json\/wp\/v2\/posts\/2756","targetHints":{"allow":["GET"]}}],"collection":[{"href":"https:\/\/www.travel3.com.br\/site\/wp-json\/wp\/v2\/posts"}],"about":[{"href":"https:\/\/www.travel3.com.br\/site\/wp-json\/wp\/v2\/types\/post"}],"author":[{"embeddable":true,"href":"https:\/\/www.travel3.com.br\/site\/wp-json\/wp\/v2\/users\/1"}],"replies":[{"embeddable":true,"href":"https:\/\/www.travel3.com.br\/site\/wp-json\/wp\/v2\/comments?post=2756"}],"version-history":[{"count":0,"href":"https:\/\/www.travel3.com.br\/site\/wp-json\/wp\/v2\/posts\/2756\/revisions"}],"wp:attachment":[{"href":"https:\/\/www.travel3.com.br\/site\/wp-json\/wp\/v2\/media?parent=2756"}],"wp:term":[{"taxonomy":"category","embeddable":true,"href":"https:\/\/www.travel3.com.br\/site\/wp-json\/wp\/v2\/categories?post=2756"},{"taxonomy":"post_tag","embeddable":true,"href":"https:\/\/www.travel3.com.br\/site\/wp-json\/wp\/v2\/tags?post=2756"}],"curies":[{"name":"wp","href":"https:\/\/api.w.org\/{rel}","templated":true}]}}