{"id":2747,"date":"2017-09-12T09:33:22","date_gmt":"2017-09-12T09:33:22","guid":{"rendered":"http:\/\/www.travel3.com.br\/site\/ir-e-vir\/ar\/confira-os-hoteis-da-accorhotels-que-fazem-day-use-no-rio-de-janeiro\/"},"modified":"2017-09-12T09:33:22","modified_gmt":"2017-09-12T09:33:22","slug":"confira-os-hoteis-da-accorhotels-que-fazem-day-use-no-rio-de-janeiro","status":"publish","type":"post","link":"https:\/\/www.travel3.com.br\/site\/sem-categoria\/confira-os-hoteis-da-accorhotels-que-fazem-day-use-no-rio-de-janeiro\/","title":{"rendered":"CONFIRA OS HOT\u00c9IS DA ACCORHOTELS QUE FAZEM DAY USE NO RIO DE JANEIRO"},"content":{"rendered":"<p><span style=\"color: #40acad; font-family: -apple-system, system-ui, 'Segoe UI', Roboto, Oxygen-Sans, Ubuntu, Cantarell, 'Helvetica Neue', sans-serif; font-size: 12px; font-weight: bold;\"><\/p>\n<p style=\"text-align:justify\"><a class=\"fancybox-media\" href=\"..\/_uploads\/_noticia\/2017-02\/viewimage--4-.jpg\" rel=\"portfolio\"><img decoding=\"async\" alt=\"\" src=\"..\/_uploads\/_noticia\/2017-02\/viewimage--4-.jpg\" \/><\/a><\/p>\n<p style=\"text-align:justify\">O Day Use permite o uso da estrutura do hotel por algumas horas, mesmo sem estar hospedado. Os frequentadores t\u00eam acesso a piscinas, saunas, jacuzzis, salas de gin\u00e1stica, restaurantes, roof tops e, em alguns casos, as acomoda\u00e7\u00f5es fazem parte do pacote. Os valores variam de acordo com a categoria do hotel e os servi\u00e7os inclusos. Portanto, \u00e9 poss\u00edvel encontrar op\u00e7\u00f5es para todos os bolsos e com excelente custo x benef\u00edcio, especialmente considerando a categoria do hotel.<\/p>\n<p style=\"text-align:justify\">A AccorHotels, l\u00edder em opera\u00e7\u00e3o hoteleira, montou pacotes bastante variados para atender uma crescente demanda de p\u00fablico que busca qualidade e experi\u00eancias. Oito hot\u00e9is no Rio de Janeiro abrem as suas portas para receber, nas \u00e1reas de lazer, amigos, fam\u00edlias e casais como se fossem seus h\u00f3spedes por um dia.<\/p>\n<p style=\"text-align:justify\">Confira abaixo todas as op\u00e7\u00f5es:<\/p>\n<p style=\"text-align:justify\"><u><strong>Sofitel Copacabana<\/strong><\/u><\/p>\n<p style=\"text-align:justify\"><strong>Endere\u00e7o = <\/strong>Av. Atl\u00e2ntica, 4240 \u2013 Copacabana.<\/p>\n<p style=\"text-align:justify\"><strong>Telefone = <\/strong>(21) 2525-1232.<\/p>\n<p style=\"text-align:justify\"><strong>Day Use = <\/strong>Todos os dias das 10h \u00e0s 18h (6 horas dentro desse per\u00edodo).<\/p>\n<p style=\"text-align:justify\"><strong>Pre\u00e7o para 02 pessoas = <\/strong>R$340 + taxas.<\/p>\n<p style=\"text-align:justify\"><strong>Inclui =<\/strong> Acesso \u00e0s piscinas + fitness Center + hospedagem (apartamento superior).<\/p>\n<p style=\"text-align:justify\"><u><strong>Caesar Park Ipanema by Sofitel<\/strong><\/u><\/p>\n<p style=\"text-align:justify\"><strong>Endere\u00e7o = <\/strong>Av. Vieira Souto, 460 \u2013 Ipanema.<\/p>\n<p style=\"text-align:justify\"><strong>Telefone = <\/strong>(21) 2525-2525.<\/p>\n<p style=\"text-align:justify\"><strong>Day Use = <\/strong>Todos os dias das 09h \u00e0s 18h (6 horas dentro desse per\u00edodo).<\/p>\n<p style=\"text-align:justify\"><strong>Pre\u00e7o para 02 pessoas = <\/strong>A\u00a0partir de R$370 + taxas.<\/p>\n<p style=\"text-align:justify\"><strong>Inclui = <\/strong>Acesso \u00e0s \u00e1reas comuns, piscina na cobertura, fitness center, servi\u00e7o de praia e hospedagem.<\/p>\n<p style=\"text-align:justify\"><u><strong>Hotel Santa Teresa Rio MGallery by Sofitel<\/strong><\/u><\/p>\n<p style=\"text-align:justify\"><strong>Endere\u00e7o = <\/strong>Rua Almirante Alexandrino, 660 &#8211; Santa Teresa.<\/p>\n<p style=\"text-align:justify\"><strong>Telefone = <\/strong>(21) 3380-0261<\/p>\n<p style=\"text-align:justify\"><strong>Day Use = <\/strong>Todos os dias.<\/p>\n<p style=\"text-align:justify\"><strong>Pre\u00e7os para 02 pessoas = <\/strong>A\u00a0partir de R$290 + taxas (segunda a quinta, no per\u00edodo de 3 horas) ou R$ 660 + taxas (sexta, s\u00e1bado, domingos e feriados no per\u00edodo de 6 horas).<\/p>\n<p style=\"text-align:justify\"><strong>Inclui = <\/strong>Quarto de apoio + uso da piscina.<\/p>\n<p style=\"text-align:justify\"><strong>Day Pass para usar a piscina =<\/strong>\u00a0Sob reserva.<\/p>\n<p style=\"text-align:justify\"><strong>Pre\u00e7o por pessoa = <\/strong>R$200 + taxas<\/p>\n<p style=\"text-align:justify\"><u><strong>Mercure Arpoador<\/strong><\/u><\/p>\n<p style=\"text-align:justify\"><strong>Endere\u00e7o = <\/strong>Rua Francisco Otaviano 61 \u2013 Copacabana.<\/p>\n<p style=\"text-align:justify\"><strong>Telefone = <\/strong>(21) 2113-8600.<\/p>\n<p style=\"text-align:justify\"><strong>Day Use = <\/strong>Todos os dias (exceto Carnaval, R\u00e9veillon, Rock in Rio e feriados).<\/p>\n<p style=\"text-align:justify\"><strong>Hor\u00e1rio = <\/strong>Das 12h \u00e0s 18h. Utiliza\u00e7\u00e3o da piscina, sauna e academia das 09h \u00e0s 18h. \u00a0\u00a0<br \/>\nOs pacotes incluem um voucher de R$50 por pessoa para ser gasto no Room service<br \/>\n<strong>Pacote 1 (single) = <\/strong>R$300,00<br \/>\n<strong>Pacote 2 (double) = <\/strong>R$370<br \/>\n<strong>Pacote 3 (triplo) = <\/strong>R$414<br \/>\n<strong>Cortesia = <\/strong>Crian\u00e7as at\u00e9 8 anos hospedadas no mesmo apartamento dos pais.<br \/>\n<strong>Estacionamento = <\/strong>Inclu\u00eddo<\/p>\n<p style=\"text-align:justify\"><u><strong>Mercure Botafogo Mourisco<\/strong><\/u><\/p>\n<p style=\"text-align:justify\"><strong>Endere\u00e7o = <\/strong>Rua Sorocaba, 305 \u2013 Botafogo.<\/p>\n<p style=\"text-align:justify\"><strong>Telefone = <\/strong>(21) 2266-9200.<\/p>\n<p style=\"text-align:justify\"><strong>Day Use = <\/strong>V\u00e1lido aos s\u00e1bados, domingos e feriados (exceto Carnaval) &#8211; de 28\/01\/17 a 01\/04\/17.<\/p>\n<p style=\"text-align:justify\"><strong>Hor\u00e1rio =<\/strong> Das 10h \u00e0s 18h e utiliza\u00e7\u00e3o da piscina no mesmo per\u00edodo.<\/p>\n<p style=\"text-align:justify\"><strong>Pre\u00e7o = <\/strong>R$149 + 5% por pessoa<\/p>\n<p style=\"text-align:justify\"><strong>Inclui =<\/strong> Acesso \u00e0 piscina e ao apartamento (single ou double) + uma bebida por pessoa (\u00e1gua, refrigerante, suco e cerveja nacional) + estacionamento.<br \/>\n<strong>Cortesia =<\/strong> At\u00e9 2 crian\u00e7as de at\u00e9 12 anos no mesmo apartamento.<\/p>\n<p style=\"text-align:justify\"><strong>Day Use Piscina = <\/strong>R$79 por pessoa<\/p>\n<p style=\"text-align:justify\"><strong>Hor\u00e1rio da utiliza\u00e7\u00e3o = <\/strong>Das 8h \u00e0s 18h<\/p>\n<p style=\"text-align:justify\"><strong>Inclui =<\/strong> Caf\u00e9 da manh\u00e3 at\u00e9 11h, uma bebida e estacionamento.<\/p>\n<p style=\"text-align:justify\"><strong>Cortesia =<\/strong> Crian\u00e7as at\u00e9 12 anos.<\/p>\n<p style=\"text-align:justify\"><u><strong>Hotel Grand Mercure Riocentro<\/strong><\/u><\/p>\n<p style=\"text-align:justify\"><strong>Endere\u00e7o = <\/strong>Av. Salvador Allende, 6555 \u2013 Barra da Tijuca.<\/p>\n<p style=\"text-align:justify\"><strong>Telefone = <\/strong>(21) 2153-1800<\/p>\n<p style=\"text-align:justify\"><strong>Day Use = <\/strong>Todos os dias, das 10h \u00e0s 18 h (almo\u00e7o: entre 12h e 15h).<\/p>\n<p style=\"text-align:justify\"><strong>Pacote 1 = <\/strong>02 pessoas, sem apartamento \u2013 R$99<br \/>\n<strong>Pacote 2 = <\/strong>02 pessoas em apartamento Superior \u2013 R$250<br \/>\n<strong>Pacote 3 = <\/strong>02 pessoas em apartamento Luxo \u2013 R$350<br \/>\n<strong>Pacote 4 = <\/strong>02 pessoas em apartamento Luxo Balcony \u2013 R$500<br \/>\n<strong>Pacote 5 = <\/strong>02 pessoas em su\u00edte \u2013 R$700<br \/>\n<strong>Pacote 6 = <\/strong>02 pessoas com almo\u00e7o no apartamento Superior \u2013 R$315<\/p>\n<p style=\"text-align:justify\">Todos os pacotes incluem acesso ao rooftop com piscina, club fitness e saunas.<\/p>\n<p style=\"text-align:justify\">Taxa de 5% de ISS a ser inclu\u00edda em todos os valores acima.<\/p>\n<p style=\"text-align:justify\">Crian\u00e7as at\u00e9 5 anos t\u00eam cortesia, entre 6 e 12 anos pagam a metade do valor e a partir dos 13 devem reservar outro pacote.<\/p>\n<p style=\"text-align:justify\">Estacionamento incluso para todos os clientes<\/p>\n<p style=\"text-align:justify\"><u><strong>Novotel Parque Ol\u00edmpico<\/strong><\/u><\/p>\n<p style=\"text-align:justify\"><strong>Endere\u00e7o = <\/strong>Av. Embaixador Abelardo Bueno, 1511 &#8211; Barra da Tijuca.<\/p>\n<p style=\"text-align:justify\"><strong>Telefone = <\/strong>(21) 3478-4900.<\/p>\n<p style=\"text-align:justify\"><strong>Day Use = <\/strong>S\u00e1bados, domingos e feriados, das 12h \u00e0s 17h.<\/p>\n<p style=\"text-align:justify\"><strong>Pacote 1 = <\/strong>(Apartamento single): R$140<br \/>\n<strong>Pacote 2 = <\/strong>(Apartamento double): R$180<\/p>\n<p style=\"text-align:justify\">Utiliza\u00e7\u00e3o da piscina, sauna e academia das 09h \u00e0s 18h.<\/p>\n<p style=\"text-align:justify\"><strong>Almo\u00e7o no Restaurante 365 = <\/strong>Voucher de R$65,00 por pessoa para ser gasto no restaurante ou bar.<br \/>\n<strong>Inclui = <\/strong>Transporte cortesia de Van para a praia.<br \/>\n<strong>Estacionamento = <\/strong>R$30 por dia.<\/p>\n<p style=\"text-align:justify\"><u><strong>Novotel RJ Porto Atlantico<\/strong><\/u><\/p>\n<p style=\"text-align:justify\"><strong>Endere\u00e7o = <\/strong>Av. Prof. Pereira Reis, 49 &#8211; Santo Cristo.<\/p>\n<p style=\"text-align:justify\"><strong>Telefone = <\/strong>(21) 3077-2500.<\/p>\n<p style=\"text-align:justify\"><strong>Day Use = <\/strong>De ter\u00e7a a domingo. Hor\u00e1rio de funcionamento da piscina: ter\u00e7a \u00e0 sexta \u2013 12h \u00e0s 20h; s\u00e1bado, domingo e feriado &#8211; das 10h \u00e0s 20h.<\/p>\n<p style=\"text-align:justify\"><strong>Inclui =<\/strong> Acesso \u00e0 piscina, jacuzzi, sauna seca e academia.<\/p>\n<p style=\"text-align:justify\"><strong>Pre\u00e7o por pessoa = <\/strong>R$80<br \/>\n<strong>Cortesia =<\/strong> Crian\u00e7as at\u00e9 5 anos<br \/>\n<strong>De 06 a 16 anos = <\/strong>R$40<br \/>\nOs valores podem ser revertidos em consumo no restaurante ou no bar.<br \/>\n<strong>Estacionamento = <\/strong>R$30 por dia.<\/p>\n<p><\/span><\/p>\n","protected":false},"excerpt":{"rendered":"<p>Os frequentadores t\u00eam acesso a piscinas, saunas, jacuzzis, salas de gin\u00e1stica, restaurantes, roof tops e, em alguns casos, \u00e0s acomoda\u00e7\u00f5es<\/p>\n","protected":false},"author":1,"featured_media":0,"comment_status":"open","ping_status":"open","sticky":false,"template":"","format":"standard","meta":{"footnotes":""},"categories":[],"tags":[],"class_list":["post-2747","post","type-post","status-publish","format-standard","hentry"],"yoast_head":"<!-- This site is optimized with the Yoast SEO plugin v26.2 - https:\/\/yoast.com\/wordpress\/plugins\/seo\/ -->\n<title>CONFIRA OS HOT\u00c9IS DA ACCORHOTELS QUE FAZEM DAY USE NO RIO DE JANEIRO - Travel3<\/title>\n<meta name=\"description\" content=\"A TRAVEL3 \u00e9 um portal de conte\u00fado voltado para o turismo, encontre destinos, viagens, hospedagem, passagens, guias, not\u00edcias sobre o mercado do turismo, dicas de viagem, v\u00eddeos e podcast.\" \/>\n<meta name=\"robots\" content=\"index, follow, max-snippet:-1, max-image-preview:large, max-video-preview:-1\" \/>\n<link rel=\"canonical\" href=\"https:\/\/www.travel3.com.br\/site\/sem-categoria\/confira-os-hoteis-da-accorhotels-que-fazem-day-use-no-rio-de-janeiro\/\" \/>\n<meta property=\"og:locale\" content=\"pt_BR\" \/>\n<meta property=\"og:type\" content=\"article\" \/>\n<meta property=\"og:title\" content=\"CONFIRA OS HOT\u00c9IS DA ACCORHOTELS QUE FAZEM DAY USE NO RIO DE JANEIRO - Travel3\" \/>\n<meta property=\"og:description\" content=\"A TRAVEL3 \u00e9 um portal de conte\u00fado voltado para o turismo, encontre destinos, viagens, hospedagem, passagens, guias, not\u00edcias sobre o mercado do turismo, dicas de viagem, v\u00eddeos e podcast.\" \/>\n<meta property=\"og:url\" content=\"https:\/\/www.travel3.com.br\/site\/sem-categoria\/confira-os-hoteis-da-accorhotels-que-fazem-day-use-no-rio-de-janeiro\/\" \/>\n<meta property=\"og:site_name\" content=\"Travel3\" \/>\n<meta property=\"article:publisher\" content=\"https:\/\/www.facebook.com\/travel3media\/\" \/>\n<meta property=\"article:published_time\" content=\"2017-09-12T09:33:22+00:00\" \/>\n<meta name=\"author\" content=\"admin\" \/>\n<meta name=\"twitter:card\" content=\"summary_large_image\" \/>\n<meta name=\"twitter:label1\" content=\"Escrito por\" \/>\n\t<meta name=\"twitter:data1\" content=\"admin\" \/>\n\t<meta name=\"twitter:label2\" content=\"Est. tempo de leitura\" \/>\n\t<meta name=\"twitter:data2\" content=\"4 minutos\" \/>\n<script type=\"application\/ld+json\" class=\"yoast-schema-graph\">{\"@context\":\"https:\/\/schema.org\",\"@graph\":[{\"@type\":\"Article\",\"@id\":\"https:\/\/www.travel3.com.br\/site\/sem-categoria\/confira-os-hoteis-da-accorhotels-que-fazem-day-use-no-rio-de-janeiro\/#article\",\"isPartOf\":{\"@id\":\"https:\/\/www.travel3.com.br\/site\/sem-categoria\/confira-os-hoteis-da-accorhotels-que-fazem-day-use-no-rio-de-janeiro\/\"},\"author\":{\"name\":\"admin\",\"@id\":\"https:\/\/www.travel3.com.br\/site\/#\/schema\/person\/a69d71e41a024999b6ab82369ac0bd1e\"},\"headline\":\"CONFIRA OS HOT\u00c9IS DA ACCORHOTELS QUE FAZEM DAY USE NO RIO DE JANEIRO\",\"datePublished\":\"2017-09-12T09:33:22+00:00\",\"mainEntityOfPage\":{\"@id\":\"https:\/\/www.travel3.com.br\/site\/sem-categoria\/confira-os-hoteis-da-accorhotels-que-fazem-day-use-no-rio-de-janeiro\/\"},\"wordCount\":787,\"commentCount\":0,\"publisher\":{\"@id\":\"https:\/\/www.travel3.com.br\/site\/#organization\"},\"inLanguage\":\"pt-BR\",\"potentialAction\":[{\"@type\":\"CommentAction\",\"name\":\"Comment\",\"target\":[\"https:\/\/www.travel3.com.br\/site\/sem-categoria\/confira-os-hoteis-da-accorhotels-que-fazem-day-use-no-rio-de-janeiro\/#respond\"]}]},{\"@type\":\"WebPage\",\"@id\":\"https:\/\/www.travel3.com.br\/site\/sem-categoria\/confira-os-hoteis-da-accorhotels-que-fazem-day-use-no-rio-de-janeiro\/\",\"url\":\"https:\/\/www.travel3.com.br\/site\/sem-categoria\/confira-os-hoteis-da-accorhotels-que-fazem-day-use-no-rio-de-janeiro\/\",\"name\":\"CONFIRA OS HOT\u00c9IS DA ACCORHOTELS QUE FAZEM DAY USE NO RIO DE JANEIRO - Travel3\",\"isPartOf\":{\"@id\":\"https:\/\/www.travel3.com.br\/site\/#website\"},\"datePublished\":\"2017-09-12T09:33:22+00:00\",\"description\":\"A TRAVEL3 \u00e9 um portal de conte\u00fado voltado para o turismo, encontre destinos, viagens, hospedagem, passagens, guias, not\u00edcias sobre o mercado do turismo, dicas de viagem, v\u00eddeos e podcast.\",\"breadcrumb\":{\"@id\":\"https:\/\/www.travel3.com.br\/site\/sem-categoria\/confira-os-hoteis-da-accorhotels-que-fazem-day-use-no-rio-de-janeiro\/#breadcrumb\"},\"inLanguage\":\"pt-BR\",\"potentialAction\":[{\"@type\":\"ReadAction\",\"target\":[\"https:\/\/www.travel3.com.br\/site\/sem-categoria\/confira-os-hoteis-da-accorhotels-que-fazem-day-use-no-rio-de-janeiro\/\"]}]},{\"@type\":\"BreadcrumbList\",\"@id\":\"https:\/\/www.travel3.com.br\/site\/sem-categoria\/confira-os-hoteis-da-accorhotels-que-fazem-day-use-no-rio-de-janeiro\/#breadcrumb\",\"itemListElement\":[{\"@type\":\"ListItem\",\"position\":1,\"name\":\"In\u00edcio\",\"item\":\"https:\/\/www.travel3.com.br\/site\/\"},{\"@type\":\"ListItem\",\"position\":2,\"name\":\"CONFIRA OS HOT\u00c9IS DA ACCORHOTELS QUE FAZEM DAY USE NO RIO DE JANEIRO\"}]},{\"@type\":\"WebSite\",\"@id\":\"https:\/\/www.travel3.com.br\/site\/#website\",\"url\":\"https:\/\/www.travel3.com.br\/site\/\",\"name\":\"Travel3\",\"description\":\"Lazer + Neg&oacute;cios + Aventura\",\"publisher\":{\"@id\":\"https:\/\/www.travel3.com.br\/site\/#organization\"},\"potentialAction\":[{\"@type\":\"SearchAction\",\"target\":{\"@type\":\"EntryPoint\",\"urlTemplate\":\"https:\/\/www.travel3.com.br\/site\/?s={search_term_string}\"},\"query-input\":{\"@type\":\"PropertyValueSpecification\",\"valueRequired\":true,\"valueName\":\"search_term_string\"}}],\"inLanguage\":\"pt-BR\"},{\"@type\":\"Organization\",\"@id\":\"https:\/\/www.travel3.com.br\/site\/#organization\",\"name\":\"Travel3\",\"url\":\"https:\/\/www.travel3.com.br\/site\/\",\"logo\":{\"@type\":\"ImageObject\",\"inLanguage\":\"pt-BR\",\"@id\":\"https:\/\/www.travel3.com.br\/site\/#\/schema\/logo\/image\/\",\"url\":\"https:\/\/www.travel3.com.br\/site\/wp-content\/uploads\/2020\/01\/logo-travel3-2020.png\",\"contentUrl\":\"https:\/\/www.travel3.com.br\/site\/wp-content\/uploads\/2020\/01\/logo-travel3-2020.png\",\"width\":232,\"height\":79,\"caption\":\"Travel3\"},\"image\":{\"@id\":\"https:\/\/www.travel3.com.br\/site\/#\/schema\/logo\/image\/\"},\"sameAs\":[\"https:\/\/www.facebook.com\/travel3media\/\",\"https:\/\/www.instagram.com\/revistatravel3\/\",\"https:\/\/www.youtube.com\/channel\/UCno7J4paGBR3VbZQzvoJ9Eg\"]},{\"@type\":\"Person\",\"@id\":\"https:\/\/www.travel3.com.br\/site\/#\/schema\/person\/a69d71e41a024999b6ab82369ac0bd1e\",\"name\":\"admin\",\"image\":{\"@type\":\"ImageObject\",\"inLanguage\":\"pt-BR\",\"@id\":\"https:\/\/www.travel3.com.br\/site\/#\/schema\/person\/image\/\",\"url\":\"https:\/\/secure.gravatar.com\/avatar\/732a67adfd764da2a47ba10ce731c4c0?s=96&d=mm&r=g\",\"contentUrl\":\"https:\/\/secure.gravatar.com\/avatar\/732a67adfd764da2a47ba10ce731c4c0?s=96&d=mm&r=g\",\"caption\":\"admin\"},\"url\":\"https:\/\/www.travel3.com.br\/site\/author\/admin\/\"}]}<\/script>\n<!-- \/ Yoast SEO plugin. -->","yoast_head_json":{"title":"CONFIRA OS HOT\u00c9IS DA ACCORHOTELS QUE FAZEM DAY USE NO RIO DE JANEIRO - Travel3","description":"A TRAVEL3 \u00e9 um portal de conte\u00fado voltado para o turismo, encontre destinos, viagens, hospedagem, passagens, guias, not\u00edcias sobre o mercado do turismo, dicas de viagem, v\u00eddeos e podcast.","robots":{"index":"index","follow":"follow","max-snippet":"max-snippet:-1","max-image-preview":"max-image-preview:large","max-video-preview":"max-video-preview:-1"},"canonical":"https:\/\/www.travel3.com.br\/site\/sem-categoria\/confira-os-hoteis-da-accorhotels-que-fazem-day-use-no-rio-de-janeiro\/","og_locale":"pt_BR","og_type":"article","og_title":"CONFIRA OS HOT\u00c9IS DA ACCORHOTELS QUE FAZEM DAY USE NO RIO DE JANEIRO - Travel3","og_description":"A TRAVEL3 \u00e9 um portal de conte\u00fado voltado para o turismo, encontre destinos, viagens, hospedagem, passagens, guias, not\u00edcias sobre o mercado do turismo, dicas de viagem, v\u00eddeos e podcast.","og_url":"https:\/\/www.travel3.com.br\/site\/sem-categoria\/confira-os-hoteis-da-accorhotels-que-fazem-day-use-no-rio-de-janeiro\/","og_site_name":"Travel3","article_publisher":"https:\/\/www.facebook.com\/travel3media\/","article_published_time":"2017-09-12T09:33:22+00:00","author":"admin","twitter_card":"summary_large_image","twitter_misc":{"Escrito por":"admin","Est. tempo de leitura":"4 minutos"},"schema":{"@context":"https:\/\/schema.org","@graph":[{"@type":"Article","@id":"https:\/\/www.travel3.com.br\/site\/sem-categoria\/confira-os-hoteis-da-accorhotels-que-fazem-day-use-no-rio-de-janeiro\/#article","isPartOf":{"@id":"https:\/\/www.travel3.com.br\/site\/sem-categoria\/confira-os-hoteis-da-accorhotels-que-fazem-day-use-no-rio-de-janeiro\/"},"author":{"name":"admin","@id":"https:\/\/www.travel3.com.br\/site\/#\/schema\/person\/a69d71e41a024999b6ab82369ac0bd1e"},"headline":"CONFIRA OS HOT\u00c9IS DA ACCORHOTELS QUE FAZEM DAY USE NO RIO DE JANEIRO","datePublished":"2017-09-12T09:33:22+00:00","mainEntityOfPage":{"@id":"https:\/\/www.travel3.com.br\/site\/sem-categoria\/confira-os-hoteis-da-accorhotels-que-fazem-day-use-no-rio-de-janeiro\/"},"wordCount":787,"commentCount":0,"publisher":{"@id":"https:\/\/www.travel3.com.br\/site\/#organization"},"inLanguage":"pt-BR","potentialAction":[{"@type":"CommentAction","name":"Comment","target":["https:\/\/www.travel3.com.br\/site\/sem-categoria\/confira-os-hoteis-da-accorhotels-que-fazem-day-use-no-rio-de-janeiro\/#respond"]}]},{"@type":"WebPage","@id":"https:\/\/www.travel3.com.br\/site\/sem-categoria\/confira-os-hoteis-da-accorhotels-que-fazem-day-use-no-rio-de-janeiro\/","url":"https:\/\/www.travel3.com.br\/site\/sem-categoria\/confira-os-hoteis-da-accorhotels-que-fazem-day-use-no-rio-de-janeiro\/","name":"CONFIRA OS HOT\u00c9IS DA ACCORHOTELS QUE FAZEM DAY USE NO RIO DE JANEIRO - Travel3","isPartOf":{"@id":"https:\/\/www.travel3.com.br\/site\/#website"},"datePublished":"2017-09-12T09:33:22+00:00","description":"A TRAVEL3 \u00e9 um portal de conte\u00fado voltado para o turismo, encontre destinos, viagens, hospedagem, passagens, guias, not\u00edcias sobre o mercado do turismo, dicas de viagem, v\u00eddeos e podcast.","breadcrumb":{"@id":"https:\/\/www.travel3.com.br\/site\/sem-categoria\/confira-os-hoteis-da-accorhotels-que-fazem-day-use-no-rio-de-janeiro\/#breadcrumb"},"inLanguage":"pt-BR","potentialAction":[{"@type":"ReadAction","target":["https:\/\/www.travel3.com.br\/site\/sem-categoria\/confira-os-hoteis-da-accorhotels-que-fazem-day-use-no-rio-de-janeiro\/"]}]},{"@type":"BreadcrumbList","@id":"https:\/\/www.travel3.com.br\/site\/sem-categoria\/confira-os-hoteis-da-accorhotels-que-fazem-day-use-no-rio-de-janeiro\/#breadcrumb","itemListElement":[{"@type":"ListItem","position":1,"name":"In\u00edcio","item":"https:\/\/www.travel3.com.br\/site\/"},{"@type":"ListItem","position":2,"name":"CONFIRA OS HOT\u00c9IS DA ACCORHOTELS QUE FAZEM DAY USE NO RIO DE JANEIRO"}]},{"@type":"WebSite","@id":"https:\/\/www.travel3.com.br\/site\/#website","url":"https:\/\/www.travel3.com.br\/site\/","name":"Travel3","description":"Lazer + Neg&oacute;cios + Aventura","publisher":{"@id":"https:\/\/www.travel3.com.br\/site\/#organization"},"potentialAction":[{"@type":"SearchAction","target":{"@type":"EntryPoint","urlTemplate":"https:\/\/www.travel3.com.br\/site\/?s={search_term_string}"},"query-input":{"@type":"PropertyValueSpecification","valueRequired":true,"valueName":"search_term_string"}}],"inLanguage":"pt-BR"},{"@type":"Organization","@id":"https:\/\/www.travel3.com.br\/site\/#organization","name":"Travel3","url":"https:\/\/www.travel3.com.br\/site\/","logo":{"@type":"ImageObject","inLanguage":"pt-BR","@id":"https:\/\/www.travel3.com.br\/site\/#\/schema\/logo\/image\/","url":"https:\/\/www.travel3.com.br\/site\/wp-content\/uploads\/2020\/01\/logo-travel3-2020.png","contentUrl":"https:\/\/www.travel3.com.br\/site\/wp-content\/uploads\/2020\/01\/logo-travel3-2020.png","width":232,"height":79,"caption":"Travel3"},"image":{"@id":"https:\/\/www.travel3.com.br\/site\/#\/schema\/logo\/image\/"},"sameAs":["https:\/\/www.facebook.com\/travel3media\/","https:\/\/www.instagram.com\/revistatravel3\/","https:\/\/www.youtube.com\/channel\/UCno7J4paGBR3VbZQzvoJ9Eg"]},{"@type":"Person","@id":"https:\/\/www.travel3.com.br\/site\/#\/schema\/person\/a69d71e41a024999b6ab82369ac0bd1e","name":"admin","image":{"@type":"ImageObject","inLanguage":"pt-BR","@id":"https:\/\/www.travel3.com.br\/site\/#\/schema\/person\/image\/","url":"https:\/\/secure.gravatar.com\/avatar\/732a67adfd764da2a47ba10ce731c4c0?s=96&d=mm&r=g","contentUrl":"https:\/\/secure.gravatar.com\/avatar\/732a67adfd764da2a47ba10ce731c4c0?s=96&d=mm&r=g","caption":"admin"},"url":"https:\/\/www.travel3.com.br\/site\/author\/admin\/"}]}},"_links":{"self":[{"href":"https:\/\/www.travel3.com.br\/site\/wp-json\/wp\/v2\/posts\/2747","targetHints":{"allow":["GET"]}}],"collection":[{"href":"https:\/\/www.travel3.com.br\/site\/wp-json\/wp\/v2\/posts"}],"about":[{"href":"https:\/\/www.travel3.com.br\/site\/wp-json\/wp\/v2\/types\/post"}],"author":[{"embeddable":true,"href":"https:\/\/www.travel3.com.br\/site\/wp-json\/wp\/v2\/users\/1"}],"replies":[{"embeddable":true,"href":"https:\/\/www.travel3.com.br\/site\/wp-json\/wp\/v2\/comments?post=2747"}],"version-history":[{"count":0,"href":"https:\/\/www.travel3.com.br\/site\/wp-json\/wp\/v2\/posts\/2747\/revisions"}],"wp:attachment":[{"href":"https:\/\/www.travel3.com.br\/site\/wp-json\/wp\/v2\/media?parent=2747"}],"wp:term":[{"taxonomy":"category","embeddable":true,"href":"https:\/\/www.travel3.com.br\/site\/wp-json\/wp\/v2\/categories?post=2747"},{"taxonomy":"post_tag","embeddable":true,"href":"https:\/\/www.travel3.com.br\/site\/wp-json\/wp\/v2\/tags?post=2747"}],"curies":[{"name":"wp","href":"https:\/\/api.w.org\/{rel}","templated":true}]}}